{"id":175872,"date":"2024-04-30T18:04:32","date_gmt":"2024-04-30T16:04:32","guid":{"rendered":"https:\/\/graziamagazine.com\/es\/?post_type=articles&#038;p=175872"},"modified":"2024-04-30T18:04:32","modified_gmt":"2024-04-30T16:04:32","slug":"tiffany-co-presenta-blue-book-2024-tiffany-celeste","status":"publish","type":"articles","link":"https:\/\/graziamagazine.com\/es\/articles\/tiffany-co-presenta-blue-book-2024-tiffany-celeste\/","title":{"rendered":"Tiffany &amp; Co. presenta Blue Book 2024: Tiffany C\u00e9leste"},"content":{"rendered":"<p>Tiffany &amp; Co., la ic\u00f3nica marca de joyer\u00eda, ha deslumbrado una vez m\u00e1s con el lanzamiento de su colecci\u00f3n <strong>Blue Book 2024: Tiffany C\u00e9leste. <\/strong><\/p>\n<p>La casa de joyer\u00eda organiz\u00f3 una celebraci\u00f3n exclusiva en el <strong>Beverly Estate de Beverly Hills, California<\/strong>, para presentar esta colecci\u00f3n de <strong>Alta Joyer\u00eda<\/strong> que rinde homenaje al legado creativo de <strong>Jean Schlumberger<\/strong> y su fascinaci\u00f3n por los misterios del universo.<\/p>\n<figure id=\"attachment_136564\" class=\"wp-caption alignnone\" style=\"width: 677px\" aria-describedby=\"caption-attachment-136564\"><img loading=\"lazy\" decoding=\"async\" class=\"size-large wp-image-136564\" src=\"https:\/\/graziamagazine.com\/mx\/wp-content\/uploads\/sites\/13\/2024\/04\/unnamed-3-677x1024.png\" alt=\"Tiffany &amp; Co. presenta Blue Book 2024: Tiffany C\u00e9leste\" width=\"677\" height=\"1024\" \/><figcaption id=\"caption-attachment-136564\" class=\"wp-caption-text\">Tiffany &amp; Co. presenta Blue Book 2024: Tiffany C\u00e9leste<\/figcaption><\/figure>\n<p>Entre los invitados de renombre se encontraron <strong>Anya Taylor-Joy, Gal Gadot, Reese Witherspoon, Rosie Huntington-Whiteley, Emily Blunt<\/strong> y m\u00e1s, se dieron cita para celebrar el lanzamiento de esta extraordinaria colecci\u00f3n.<\/p>\n<p>Blue Book 2024: Tiffany C\u00e9leste es una oda a la imaginaci\u00f3n sin l\u00edmites de Jean Schlumberger. Cada pieza est\u00e1 cuidadosamente elaborada para capturar la belleza y la majestuosidad del universo en forma de joyas exquisitas.<\/p>\n<p>La colecci\u00f3n presenta interpretaciones ic\u00f3nicas del <strong>sol, la luna, las estrellas<\/strong> y las galaxias distantes, as\u00ed como mundos de fantas\u00eda que evocan un sentido de asombro y admiraci\u00f3n.<\/p>\n<figure id=\"attachment_136562\" class=\"wp-caption alignnone\" style=\"width: 732px\" aria-describedby=\"caption-attachment-136562\"><img loading=\"lazy\" decoding=\"async\" class=\"size-large wp-image-136562\" src=\"https:\/\/graziamagazine.com\/mx\/wp-content\/uploads\/sites\/13\/2024\/04\/2150238637-732x1024.jpg\" alt=\"Tiffany &amp; Co. presenta Blue Book 2024: Tiffany C\u00e9leste\" width=\"732\" height=\"1024\" \/><figcaption id=\"caption-attachment-136562\" class=\"wp-caption-text\">Tiffany &amp; Co. presenta Blue Book 2024: Tiffany C\u00e9leste<\/figcaption><\/figure>\n<p>Durante la velada, los invitados tuvieron la oportunidad de admirar de cerca las deslumbrantes piezas de la colecci\u00f3n, que incluyen impresionantes collares, deslumbrantes <strong>brazaletes, exquisitos anillos y elegantes pendientes. <\/strong><\/p>\n<p>Las joyas, dise\u00f1adas con maestr\u00eda y atenci\u00f3n al detalle, reflejan el compromiso de Tiffany &amp; Co. con la excelencia artesanal y la belleza atemporal.<\/p>\n<p>Entre los invitados, se destacaron personalidades como Nancy Ajram, Ai Tominaga, Adria Arjona, Gabrielle Union, Usher, Olivia Wilde, Suki Waterhouse, Michelle Salas, Valentina Ferrer y Diego Boneta, quienes lucieron con gracia y estilo los dise\u00f1os de Tiffany &amp; Co.<\/p>\n<figure id=\"attachment_136563\" class=\"wp-caption alignnone\" style=\"width: 683px\" aria-describedby=\"caption-attachment-136563\"><img loading=\"lazy\" decoding=\"async\" class=\"size-large wp-image-136563\" src=\"https:\/\/graziamagazine.com\/mx\/wp-content\/uploads\/sites\/13\/2024\/04\/2150240654-683x1024.jpg\" alt=\"Tiffany &amp; Co. presenta Blue Book 2024: Tiffany C\u00e9leste\" width=\"683\" height=\"1024\" \/><figcaption id=\"caption-attachment-136563\" class=\"wp-caption-text\">Tiffany &amp; Co. presenta Blue Book 2024: Tiffany C\u00e9leste<\/figcaption><\/figure>\n<p>El evento no solo fue una celebraci\u00f3n del lanzamiento de una nueva colecci\u00f3n, sino tambi\u00e9n un tributo al legado de creatividad y excelencia de Tiffany &amp; Co. en el mundo de la joyer\u00eda de lujo.<\/p>\n<p>Blue Book 2024: Tiffany C\u00e9leste representa la culminaci\u00f3n de la visi\u00f3n art\u00edstica de Jean Schlumberger y la continua innovaci\u00f3n de la marca en el dise\u00f1o de joyas.<\/p>\n<p><em><strong>*IMAGEN: Cortes\u00eda Tiffany &amp; Co.<\/strong><\/em><\/p>\n","protected":false},"author":28953,"featured_media":175873,"template":"","format":"standard","categories":[1],"acf":[],"yoast_head":"<!-- This site is optimized with the Yoast SEO Premium plugin v18.5 (Yoast SEO v20.4) - https:\/\/yoast.com\/wordpress\/plugins\/seo\/ -->\n<title>Tiffany &amp; Co. presenta Blue Book 2024: Tiffany C\u00e9leste<\/title>\n<meta name=\"description\" content=\"Ad\u00e9ntrate en un viaje c\u00f3smico con la nueva colecci\u00f3n de alta joyer\u00eda de Tiffany &amp; Co., Blue Book 2024: Tiffany C\u00e9leste.\" \/>\n<meta name=\"robots\" content=\"index, follow, max-snippet:-1, max-image-preview:large, max-video-preview:-1\" \/>\n<link rel=\"canonical\" href=\"https:\/\/graziamagazine.com\/es\/articles\/tiffany-co-presenta-blue-book-2024-tiffany-celeste\/\" \/>\n<meta property=\"og:locale\" content=\"es_ES\" \/>\n<meta property=\"og:type\" content=\"article\" \/>\n<meta property=\"og:title\" content=\"Tiffany &amp; Co. presenta Blue Book 2024: Tiffany C\u00e9leste\" \/>\n<meta property=\"og:description\" content=\"Ad\u00e9ntrate en un viaje c\u00f3smico con la nueva colecci\u00f3n de alta joyer\u00eda de Tiffany &amp; Co., Blue Book 2024: Tiffany C\u00e9leste.\" \/>\n<meta property=\"og:url\" content=\"https:\/\/graziamagazine.com\/es\/articles\/tiffany-co-presenta-blue-book-2024-tiffany-celeste\/\" \/>\n<meta property=\"og:site_name\" content=\"Grazia\" \/>\n<meta property=\"og:image\" content=\"https:\/\/graziamagazine.com\/es\/wp-content\/uploads\/sites\/12\/2024\/04\/2150237749-scaled-1.jpg\" \/>\n\t<meta property=\"og:image:width\" content=\"2560\" \/>\n\t<meta property=\"og:image:height\" content=\"1706\" \/>\n\t<meta property=\"og:image:type\" content=\"image\/jpeg\" \/>\n<meta name=\"twitter:card\" content=\"summary_large_image\" \/>\n<meta name=\"twitter:label1\" content=\"Est. reading time\" \/>\n\t<meta name=\"twitter:data1\" content=\"3 minutos\" \/>\n<script type=\"application\/ld+json\" class=\"yoast-schema-graph\">{\"@context\":\"https:\/\/schema.org\",\"@graph\":[{\"@type\":\"WebPage\",\"@id\":\"https:\/\/graziamagazine.com\/es\/articles\/tiffany-co-presenta-blue-book-2024-tiffany-celeste\/\",\"url\":\"https:\/\/graziamagazine.com\/es\/articles\/tiffany-co-presenta-blue-book-2024-tiffany-celeste\/\",\"name\":\"Tiffany & Co. presenta Blue Book 2024: Tiffany C\u00e9leste\",\"isPartOf\":{\"@id\":\"https:\/\/graziamagazine.com\/es\/#website\"},\"datePublished\":\"2024-04-30T16:04:32+00:00\",\"dateModified\":\"2024-04-30T16:04:32+00:00\",\"description\":\"Ad\u00e9ntrate en un viaje c\u00f3smico con la nueva colecci\u00f3n de alta joyer\u00eda de Tiffany & Co., Blue Book 2024: Tiffany C\u00e9leste.\",\"breadcrumb\":{\"@id\":\"https:\/\/graziamagazine.com\/es\/articles\/tiffany-co-presenta-blue-book-2024-tiffany-celeste\/#breadcrumb\"},\"inLanguage\":\"es\",\"potentialAction\":[{\"@type\":\"ReadAction\",\"target\":[\"https:\/\/graziamagazine.com\/es\/articles\/tiffany-co-presenta-blue-book-2024-tiffany-celeste\/\"]}]},{\"@type\":\"BreadcrumbList\",\"@id\":\"https:\/\/graziamagazine.com\/es\/articles\/tiffany-co-presenta-blue-book-2024-tiffany-celeste\/#breadcrumb\",\"itemListElement\":[{\"@type\":\"ListItem\",\"position\":1,\"name\":\"Portada\",\"item\":\"https:\/\/graziamagazine.com\/es\/\"},{\"@type\":\"ListItem\",\"position\":2,\"name\":\"Tiffany &amp; Co. presenta Blue Book 2024: Tiffany C\u00e9leste\"}]},{\"@type\":\"WebSite\",\"@id\":\"https:\/\/graziamagazine.com\/es\/#website\",\"url\":\"https:\/\/graziamagazine.com\/es\/\",\"name\":\"Grazia\",\"description\":\"Moda, belleza, celebrities, estilo de vida...\",\"potentialAction\":[{\"@type\":\"SearchAction\",\"target\":{\"@type\":\"EntryPoint\",\"urlTemplate\":\"https:\/\/graziamagazine.com\/es\/?s={search_term_string}\"},\"query-input\":\"required name=search_term_string\"}],\"inLanguage\":\"es\"}]}<\/script>\n<!-- \/ Yoast SEO Premium plugin. -->","yoast_head_json":{"title":"Tiffany & Co. presenta Blue Book 2024: Tiffany C\u00e9leste","description":"Ad\u00e9ntrate en un viaje c\u00f3smico con la nueva colecci\u00f3n de alta joyer\u00eda de Tiffany & Co., Blue Book 2024: Tiffany C\u00e9leste.","robots":{"index":"index","follow":"follow","max-snippet":"max-snippet:-1","max-image-preview":"max-image-preview:large","max-video-preview":"max-video-preview:-1"},"canonical":"https:\/\/graziamagazine.com\/es\/articles\/tiffany-co-presenta-blue-book-2024-tiffany-celeste\/","og_locale":"es_ES","og_type":"article","og_title":"Tiffany &amp; Co. presenta Blue Book 2024: Tiffany C\u00e9leste","og_description":"Ad\u00e9ntrate en un viaje c\u00f3smico con la nueva colecci\u00f3n de alta joyer\u00eda de Tiffany & Co., Blue Book 2024: Tiffany C\u00e9leste.","og_url":"https:\/\/graziamagazine.com\/es\/articles\/tiffany-co-presenta-blue-book-2024-tiffany-celeste\/","og_site_name":"Grazia","og_image":[{"width":2560,"height":1706,"url":"https:\/\/graziamagazine.com\/es\/wp-content\/uploads\/sites\/12\/2024\/04\/2150237749-scaled-1.jpg","type":"image\/jpeg"}],"twitter_card":"summary_large_image","twitter_misc":{"Est. reading time":"3 minutos"},"schema":{"@context":"https:\/\/schema.org","@graph":[{"@type":"WebPage","@id":"https:\/\/graziamagazine.com\/es\/articles\/tiffany-co-presenta-blue-book-2024-tiffany-celeste\/","url":"https:\/\/graziamagazine.com\/es\/articles\/tiffany-co-presenta-blue-book-2024-tiffany-celeste\/","name":"Tiffany & Co. presenta Blue Book 2024: Tiffany C\u00e9leste","isPartOf":{"@id":"https:\/\/graziamagazine.com\/es\/#website"},"datePublished":"2024-04-30T16:04:32+00:00","dateModified":"2024-04-30T16:04:32+00:00","description":"Ad\u00e9ntrate en un viaje c\u00f3smico con la nueva colecci\u00f3n de alta joyer\u00eda de Tiffany & Co., Blue Book 2024: Tiffany C\u00e9leste.","breadcrumb":{"@id":"https:\/\/graziamagazine.com\/es\/articles\/tiffany-co-presenta-blue-book-2024-tiffany-celeste\/#breadcrumb"},"inLanguage":"es","potentialAction":[{"@type":"ReadAction","target":["https:\/\/graziamagazine.com\/es\/articles\/tiffany-co-presenta-blue-book-2024-tiffany-celeste\/"]}]},{"@type":"BreadcrumbList","@id":"https:\/\/graziamagazine.com\/es\/articles\/tiffany-co-presenta-blue-book-2024-tiffany-celeste\/#breadcrumb","itemListElement":[{"@type":"ListItem","position":1,"name":"Portada","item":"https:\/\/graziamagazine.com\/es\/"},{"@type":"ListItem","position":2,"name":"Tiffany &amp; Co. presenta Blue Book 2024: Tiffany C\u00e9leste"}]},{"@type":"WebSite","@id":"https:\/\/graziamagazine.com\/es\/#website","url":"https:\/\/graziamagazine.com\/es\/","name":"Grazia","description":"Moda, belleza, celebrities, estilo de vida...","potentialAction":[{"@type":"SearchAction","target":{"@type":"EntryPoint","urlTemplate":"https:\/\/graziamagazine.com\/es\/?s={search_term_string}"},"query-input":"required name=search_term_string"}],"inLanguage":"es"}]}},"jetpack_sharing_enabled":true,"distributor_meta":false,"distributor_terms":false,"distributor_media":false,"distributor_original_site_name":"Grazia","distributor_original_site_url":"https:\/\/graziamagazine.com\/es","push-errors":false,"_links":{"self":[{"href":"https:\/\/graziamagazine.com\/es\/wp-json\/wp\/v2\/articles\/175872"}],"collection":[{"href":"https:\/\/graziamagazine.com\/es\/wp-json\/wp\/v2\/articles"}],"about":[{"href":"https:\/\/graziamagazine.com\/es\/wp-json\/wp\/v2\/types\/articles"}],"author":[{"embeddable":true,"href":"https:\/\/graziamagazine.com\/es\/wp-json\/wp\/v2\/users\/28953"}],"wp:featuredmedia":[{"embeddable":true,"href":"https:\/\/graziamagazine.com\/es\/wp-json\/wp\/v2\/media\/175873"}],"wp:attachment":[{"href":"https:\/\/graziamagazine.com\/es\/wp-json\/wp\/v2\/media?parent=175872"}],"wp:term":[{"taxonomy":"category","embeddable":true,"href":"https:\/\/graziamagazine.com\/es\/wp-json\/wp\/v2\/categories?post=175872"}],"curies":[{"name":"wp","href":"https:\/\/api.w.org\/{rel}","templated":true}]}}