{"id":175735,"date":"2024-04-24T11:43:10","date_gmt":"2024-04-24T09:43:10","guid":{"rendered":"https:\/\/graziamagazine.com\/es\/?post_type=articles&#038;p=175735"},"modified":"2024-04-24T11:43:10","modified_gmt":"2024-04-24T09:43:10","slug":"6-estilos-de-sandalias-en-tendencia-para-esta-temporada","status":"publish","type":"articles","link":"https:\/\/graziamagazine.com\/es\/articles\/6-estilos-de-sandalias-en-tendencia-para-esta-temporada\/","title":{"rendered":"6 estilos de sandalias en tendencia para esta temporada"},"content":{"rendered":"<p>Las sandalias son m\u00e1s que un simple accesorio de moda; son una declaraci\u00f3n de estilo y una elecci\u00f3n importante para la salud de tus pies. Desde la antig\u00fcedad, estas vers\u00e1tiles piezas de calzado han sido un elemento b\u00e1sico en los guardarropas de hombres y mujeres de todo el mundo. Sin embargo, elegir la sandalia perfecta va m\u00e1s all\u00e1 de simplemente seleccionar un dise\u00f1o atractivo. Aqu\u00ed exploramos la importancia de tomar decisiones informadas al momento de adquirir este calzado tan esencial.<\/p>\n<h3>Estilo y Personalidad<\/h3>\n<p>Las sandalias son una expresi\u00f3n de tu estilo personal. Ya sea que prefieras un dise\u00f1o minimalista y elegante o te inclines hacia estilos m\u00e1s llamativos y adornados, tus sandalias pueden decir mucho acerca de qui\u00e9n eres. Desde las cl\u00e1sicas sandalias de tiras hasta las modernas sandalias de plataforma, hay una amplia gama de opciones para adaptarse a cada gusto y ocasi\u00f3n. Al elegir una sandalia, considera tu estilo personal y c\u00f3mo deseas proyectarte ante el mundo.<\/p>\n<h3>Comodidad para tus Pies<\/h3>\n<p>Uno de los aspectos m\u00e1s importantes al seleccionar sandalias es la comodidad. Tus pies merecen sentirse apoyados y c\u00f3modos, especialmente durante los c\u00e1lidos meses de verano cuando los usas con mayor frecuencia. Optar por sandalias con una buena amortiguaci\u00f3n, soporte para el arco y materiales transpirables es esencial para garantizar la comodidad durante todo el d\u00eda. Adem\u00e1s, aseg\u00farate de que la sandalia se ajuste correctamente a tu pie y no cause roces ni molestias.<\/p>\n<h3>Salud y Bienestar<\/h3>\n<p>Elegir la sandalia adecuada tambi\u00e9n es crucial para mantener la salud y el bienestar de tus pies. El uso prolongado de sandalias mal dise\u00f1adas o de mala calidad puede provocar problemas como ampollas, callosidades e incluso lesiones musculares y articulares. Busca sandalias con suelas que proporcionen un buen agarre y absorci\u00f3n de impactos, especialmente si planeas usarlas para caminar largas distancias o realizar actividades f\u00edsicas.<\/p>\n<h3>5 modelos para lucir esta temporada<\/h3>\n<p><strong>Sandalias<\/strong> <strong id=\"x_docs-internal-guid-fe60b8bd-7fff-32a4-c3a1-436daf091729\"><em>Slinky, <\/em><strong>planas con plataforma XXL<\/strong><\/strong><\/p>\n<p><img loading=\"lazy\" decoding=\"async\" class=\"aligncenter size-full wp-image-175736\" src=\"https:\/\/graziamagazine.com\/es\/wp-content\/uploads\/sites\/12\/2024\/04\/NdP_SILUETAS__-_2024-04-15T102920.600-e1713908519841.png\" alt=\"\" width=\"983\" height=\"561\" srcset=\"https:\/\/graziamagazine.com\/es\/wp-content\/uploads\/sites\/12\/2024\/04\/NdP_SILUETAS__-_2024-04-15T102920.600-e1713908519841.png 983w, https:\/\/graziamagazine.com\/es\/wp-content\/uploads\/sites\/12\/2024\/04\/NdP_SILUETAS__-_2024-04-15T102920.600-e1713908519841-300x171.png 300w, https:\/\/graziamagazine.com\/es\/wp-content\/uploads\/sites\/12\/2024\/04\/NdP_SILUETAS__-_2024-04-15T102920.600-e1713908519841-768x438.png 768w, https:\/\/graziamagazine.com\/es\/wp-content\/uploads\/sites\/12\/2024\/04\/NdP_SILUETAS__-_2024-04-15T102920.600-e1713908519841-400x228.png 400w, https:\/\/graziamagazine.com\/es\/wp-content\/uploads\/sites\/12\/2024\/04\/NdP_SILUETAS__-_2024-04-15T102920.600-e1713908519841-155x88.png 155w\" sizes=\"(max-width: 983px) 100vw, 983px\" \/><\/p>\n<p dir=\"ltr\"><a href=\"https:\/\/www.elcorteingles.es\/moda-mujer\/MP_0221424_16022121-sandalias-de-plataforma-de-mujer-con-doble-tira-cruzada\/?parentCategoryId=999.39072676013&amp;color=Crudo\" target=\"_blank\" rel=\"noopener noreferrer\" data-auth=\"NotApplicable\" data-linkindex=\"9\" target=\"_blank\">Sandalias Ava Velcross crudo, de Buffalo, <\/a><a href=\"https:\/\/www.elcorteingles.es\/moda-mujer\/MP_0221424_16022121-sandalias-de-plataforma-de-mujer-con-doble-tira-cruzada\/?parentCategoryId=999.39072676013&amp;color=Crudo\" target=\"_blank\" rel=\"noopener noreferrer\" data-auth=\"NotApplicable\" data-linkindex=\"10\" target=\"_blank\">(110\u20ac en El Corte Ingl\u00e9s)<\/a><\/p>\n<p dir=\"ltr\"><strong>Sandalias cangrejeras de piel<\/strong><\/p>\n<p dir=\"ltr\"><img loading=\"lazy\" decoding=\"async\" class=\"aligncenter size-full wp-image-175737\" src=\"https:\/\/graziamagazine.com\/es\/wp-content\/uploads\/sites\/12\/2024\/04\/dr-martens-archive-fisherman-426530-e1713908918854.jpg\" alt=\"\" width=\"733\" height=\"485\" srcset=\"https:\/\/graziamagazine.com\/es\/wp-content\/uploads\/sites\/12\/2024\/04\/dr-martens-archive-fisherman-426530-e1713908918854.jpg 733w, https:\/\/graziamagazine.com\/es\/wp-content\/uploads\/sites\/12\/2024\/04\/dr-martens-archive-fisherman-426530-e1713908918854-300x198.jpg 300w, https:\/\/graziamagazine.com\/es\/wp-content\/uploads\/sites\/12\/2024\/04\/dr-martens-archive-fisherman-426530-e1713908918854-400x265.jpg 400w, https:\/\/graziamagazine.com\/es\/wp-content\/uploads\/sites\/12\/2024\/04\/dr-martens-archive-fisherman-426530-e1713908918854-155x103.jpg 155w\" sizes=\"(max-width: 733px) 100vw, 733px\" \/><\/p>\n<p class=\"product-title-data\"><a href=\"https:\/\/www.krackonline.com\/es\/dr-martens-archive-fisherman-426530.html#\/224-talla-36\/394-color-negro\" target=\"_blank\">DR MARTENS Archive Fisherman, (179 euros en la web de KRACK)<\/a><\/p>\n<p><strong>Sandalia pala metalizada<\/strong><\/p>\n<p><img loading=\"lazy\" decoding=\"async\" class=\"aligncenter size-full wp-image-175738\" src=\"https:\/\/graziamagazine.com\/es\/wp-content\/uploads\/sites\/12\/2024\/04\/sandra-fontan-leilandi-431973-e1713909008456.jpg\" alt=\"\" width=\"707\" height=\"669\" srcset=\"https:\/\/graziamagazine.com\/es\/wp-content\/uploads\/sites\/12\/2024\/04\/sandra-fontan-leilandi-431973-e1713909008456.jpg 707w, https:\/\/graziamagazine.com\/es\/wp-content\/uploads\/sites\/12\/2024\/04\/sandra-fontan-leilandi-431973-e1713909008456-300x284.jpg 300w, https:\/\/graziamagazine.com\/es\/wp-content\/uploads\/sites\/12\/2024\/04\/sandra-fontan-leilandi-431973-e1713909008456-400x379.jpg 400w, https:\/\/graziamagazine.com\/es\/wp-content\/uploads\/sites\/12\/2024\/04\/sandra-fontan-leilandi-431973-e1713909008456-155x147.jpg 155w\" sizes=\"(max-width: 707px) 100vw, 707px\" \/><\/p>\n<p><a href=\"https:\/\/www.krackonline.com\/es\/sandra-fontan-leilandi-431973.html#\/224-talla-36\/401-color-azul\" target=\"_blank\">Sandalia Leilandi de Sandra Font\u00e1n, (59,95 euros en la web de KRACK)<\/a><\/p>\n<p><strong>Alpargata con cu\u00f1a<\/strong><\/p>\n<p><img loading=\"lazy\" decoding=\"async\" class=\"aligncenter size-full wp-image-175739\" src=\"https:\/\/graziamagazine.com\/es\/wp-content\/uploads\/sites\/12\/2024\/04\/4-1-1-e1713909217485.jpg\" alt=\"\" width=\"988\" height=\"650\" srcset=\"https:\/\/graziamagazine.com\/es\/wp-content\/uploads\/sites\/12\/2024\/04\/4-1-1-e1713909217485.jpg 988w, https:\/\/graziamagazine.com\/es\/wp-content\/uploads\/sites\/12\/2024\/04\/4-1-1-e1713909217485-300x197.jpg 300w, https:\/\/graziamagazine.com\/es\/wp-content\/uploads\/sites\/12\/2024\/04\/4-1-1-e1713909217485-768x505.jpg 768w, https:\/\/graziamagazine.com\/es\/wp-content\/uploads\/sites\/12\/2024\/04\/4-1-1-e1713909217485-400x263.jpg 400w, https:\/\/graziamagazine.com\/es\/wp-content\/uploads\/sites\/12\/2024\/04\/4-1-1-e1713909217485-155x102.jpg 155w\" sizes=\"(max-width: 988px) 100vw, 988px\" \/><\/p>\n<p><a href=\"https:\/\/www.vidorreta.com\/products\/sandalia-cintas-ganchillo-fluor-blanco\" target=\"_blank\" rel=\"noopener noreferrer\" data-auth=\"NotApplicable\" data-linkindex=\"4\" target=\"_blank\">Sandalia ganchillo de Vidorreta, PVP:155\u20ac<\/a><\/p>\n<p><strong>Sandalias planas con cord\u00f3n al tobillo<\/strong><\/p>\n<p><img loading=\"lazy\" decoding=\"async\" class=\"aligncenter size-full wp-image-175740\" src=\"https:\/\/graziamagazine.com\/es\/wp-content\/uploads\/sites\/12\/2024\/04\/wera-negro-copia-e1713909810627.jpg\" alt=\"\" width=\"1077\" height=\"577\" srcset=\"https:\/\/graziamagazine.com\/es\/wp-content\/uploads\/sites\/12\/2024\/04\/wera-negro-copia-e1713909810627.jpg 1077w, https:\/\/graziamagazine.com\/es\/wp-content\/uploads\/sites\/12\/2024\/04\/wera-negro-copia-e1713909810627-300x161.jpg 300w, https:\/\/graziamagazine.com\/es\/wp-content\/uploads\/sites\/12\/2024\/04\/wera-negro-copia-e1713909810627-1024x549.jpg 1024w, https:\/\/graziamagazine.com\/es\/wp-content\/uploads\/sites\/12\/2024\/04\/wera-negro-copia-e1713909810627-768x411.jpg 768w, https:\/\/graziamagazine.com\/es\/wp-content\/uploads\/sites\/12\/2024\/04\/wera-negro-copia-e1713909810627-400x214.jpg 400w, https:\/\/graziamagazine.com\/es\/wp-content\/uploads\/sites\/12\/2024\/04\/wera-negro-copia-e1713909810627-155x83.jpg 155w\" sizes=\"(max-width: 1077px) 100vw, 1077px\" \/><\/p>\n<p><a href=\"https:\/\/naguisa.com\/es\/sandalias-planas\/2970-wera-negro\" target=\"_blank\">Sandalia Wera negro de NAGUISA, (165 euros en su web)<\/a><\/p>\n<p><strong>Sandalias de goma<\/strong><\/p>\n<p><img loading=\"lazy\" decoding=\"async\" class=\"aligncenter size-full wp-image-175742\" src=\"https:\/\/graziamagazine.com\/es\/wp-content\/uploads\/sites\/12\/2024\/04\/birkenstock-madrid-eva-401032-e1713911206495.jpg\" alt=\"\" width=\"727\" height=\"458\" srcset=\"https:\/\/graziamagazine.com\/es\/wp-content\/uploads\/sites\/12\/2024\/04\/birkenstock-madrid-eva-401032-e1713911206495.jpg 727w, https:\/\/graziamagazine.com\/es\/wp-content\/uploads\/sites\/12\/2024\/04\/birkenstock-madrid-eva-401032-e1713911206495-300x189.jpg 300w, https:\/\/graziamagazine.com\/es\/wp-content\/uploads\/sites\/12\/2024\/04\/birkenstock-madrid-eva-401032-e1713911206495-400x252.jpg 400w, https:\/\/graziamagazine.com\/es\/wp-content\/uploads\/sites\/12\/2024\/04\/birkenstock-madrid-eva-401032-e1713911206495-155x98.jpg 155w\" sizes=\"(max-width: 727px) 100vw, 727px\" \/><\/p>\n<p><a href=\"https:\/\/www.krackonline.com\/es\/birkenstock-madrid-eva-401032.html#\/394-color-negro\/224-talla-36\" target=\"_blank\">Birkenstock Madrid Eva, (45 euros en la web de KRACK)<\/a><\/p>\n<p><em>*Im\u00e1genes: Getty Images y cortes\u00eda<\/em><\/p>\n","protected":false},"author":11653,"featured_media":175741,"template":"","format":"standard","categories":[1],"acf":[],"yoast_head":"<!-- This site is optimized with the Yoast SEO Premium plugin v18.5 (Yoast SEO v20.4) - https:\/\/yoast.com\/wordpress\/plugins\/seo\/ -->\n<title>6 estilos de sandalias en tendencia para esta temporada | Grazia<\/title>\n<meta name=\"description\" content=\"Son una pieza clave en los looks de primavera y aqu\u00ed seleccionamos cinco estilos para cinco tipos de combinaciones.\" \/>\n<meta name=\"robots\" content=\"index, follow, max-snippet:-1, max-image-preview:large, max-video-preview:-1\" \/>\n<link rel=\"canonical\" href=\"https:\/\/graziamagazine.com\/es\/articles\/6-estilos-de-sandalias-en-tendencia-para-esta-temporada\/\" \/>\n<meta property=\"og:locale\" content=\"es_ES\" \/>\n<meta property=\"og:type\" content=\"article\" \/>\n<meta property=\"og:title\" content=\"6 estilos de sandalias en tendencia para esta temporada\" \/>\n<meta property=\"og:description\" content=\"Son una pieza clave en los looks de primavera y aqu\u00ed seleccionamos cinco estilos para cinco tipos de combinaciones.\" \/>\n<meta property=\"og:url\" content=\"https:\/\/graziamagazine.com\/es\/articles\/6-estilos-de-sandalias-en-tendencia-para-esta-temporada\/\" \/>\n<meta property=\"og:site_name\" content=\"Grazia\" \/>\n<meta property=\"og:image\" content=\"https:\/\/graziamagazine.com\/es\/wp-content\/uploads\/sites\/12\/2024\/04\/1366_2000.jpeg\" \/>\n\t<meta property=\"og:image:width\" content=\"1200\" \/>\n\t<meta property=\"og:image:height\" content=\"800\" \/>\n\t<meta property=\"og:image:type\" content=\"image\/jpeg\" \/>\n<meta name=\"twitter:card\" content=\"summary_large_image\" \/>\n<meta name=\"twitter:label1\" content=\"Est. reading time\" \/>\n\t<meta name=\"twitter:data1\" content=\"4 minutos\" \/>\n<script type=\"application\/ld+json\" class=\"yoast-schema-graph\">{\"@context\":\"https:\/\/schema.org\",\"@graph\":[{\"@type\":\"WebPage\",\"@id\":\"https:\/\/graziamagazine.com\/es\/articles\/6-estilos-de-sandalias-en-tendencia-para-esta-temporada\/\",\"url\":\"https:\/\/graziamagazine.com\/es\/articles\/6-estilos-de-sandalias-en-tendencia-para-esta-temporada\/\",\"name\":\"6 estilos de sandalias en tendencia para esta temporada | Grazia\",\"isPartOf\":{\"@id\":\"https:\/\/graziamagazine.com\/es\/#website\"},\"datePublished\":\"2024-04-24T09:43:10+00:00\",\"dateModified\":\"2024-04-24T09:43:10+00:00\",\"description\":\"Son una pieza clave en los looks de primavera y aqu\u00ed seleccionamos cinco estilos para cinco tipos de combinaciones.\",\"breadcrumb\":{\"@id\":\"https:\/\/graziamagazine.com\/es\/articles\/6-estilos-de-sandalias-en-tendencia-para-esta-temporada\/#breadcrumb\"},\"inLanguage\":\"es\",\"potentialAction\":[{\"@type\":\"ReadAction\",\"target\":[\"https:\/\/graziamagazine.com\/es\/articles\/6-estilos-de-sandalias-en-tendencia-para-esta-temporada\/\"]}]},{\"@type\":\"BreadcrumbList\",\"@id\":\"https:\/\/graziamagazine.com\/es\/articles\/6-estilos-de-sandalias-en-tendencia-para-esta-temporada\/#breadcrumb\",\"itemListElement\":[{\"@type\":\"ListItem\",\"position\":1,\"name\":\"Portada\",\"item\":\"https:\/\/graziamagazine.com\/es\/\"},{\"@type\":\"ListItem\",\"position\":2,\"name\":\"6 estilos de sandalias en tendencia para esta temporada\"}]},{\"@type\":\"WebSite\",\"@id\":\"https:\/\/graziamagazine.com\/es\/#website\",\"url\":\"https:\/\/graziamagazine.com\/es\/\",\"name\":\"Grazia\",\"description\":\"Moda, belleza, celebrities, estilo de vida...\",\"potentialAction\":[{\"@type\":\"SearchAction\",\"target\":{\"@type\":\"EntryPoint\",\"urlTemplate\":\"https:\/\/graziamagazine.com\/es\/?s={search_term_string}\"},\"query-input\":\"required name=search_term_string\"}],\"inLanguage\":\"es\"}]}<\/script>\n<!-- \/ Yoast SEO Premium plugin. -->","yoast_head_json":{"title":"6 estilos de sandalias en tendencia para esta temporada | Grazia","description":"Son una pieza clave en los looks de primavera y aqu\u00ed seleccionamos cinco estilos para cinco tipos de combinaciones.","robots":{"index":"index","follow":"follow","max-snippet":"max-snippet:-1","max-image-preview":"max-image-preview:large","max-video-preview":"max-video-preview:-1"},"canonical":"https:\/\/graziamagazine.com\/es\/articles\/6-estilos-de-sandalias-en-tendencia-para-esta-temporada\/","og_locale":"es_ES","og_type":"article","og_title":"6 estilos de sandalias en tendencia para esta temporada","og_description":"Son una pieza clave en los looks de primavera y aqu\u00ed seleccionamos cinco estilos para cinco tipos de combinaciones.","og_url":"https:\/\/graziamagazine.com\/es\/articles\/6-estilos-de-sandalias-en-tendencia-para-esta-temporada\/","og_site_name":"Grazia","og_image":[{"width":1200,"height":800,"url":"https:\/\/graziamagazine.com\/es\/wp-content\/uploads\/sites\/12\/2024\/04\/1366_2000.jpeg","type":"image\/jpeg"}],"twitter_card":"summary_large_image","twitter_misc":{"Est. reading time":"4 minutos"},"schema":{"@context":"https:\/\/schema.org","@graph":[{"@type":"WebPage","@id":"https:\/\/graziamagazine.com\/es\/articles\/6-estilos-de-sandalias-en-tendencia-para-esta-temporada\/","url":"https:\/\/graziamagazine.com\/es\/articles\/6-estilos-de-sandalias-en-tendencia-para-esta-temporada\/","name":"6 estilos de sandalias en tendencia para esta temporada | Grazia","isPartOf":{"@id":"https:\/\/graziamagazine.com\/es\/#website"},"datePublished":"2024-04-24T09:43:10+00:00","dateModified":"2024-04-24T09:43:10+00:00","description":"Son una pieza clave en los looks de primavera y aqu\u00ed seleccionamos cinco estilos para cinco tipos de combinaciones.","breadcrumb":{"@id":"https:\/\/graziamagazine.com\/es\/articles\/6-estilos-de-sandalias-en-tendencia-para-esta-temporada\/#breadcrumb"},"inLanguage":"es","potentialAction":[{"@type":"ReadAction","target":["https:\/\/graziamagazine.com\/es\/articles\/6-estilos-de-sandalias-en-tendencia-para-esta-temporada\/"]}]},{"@type":"BreadcrumbList","@id":"https:\/\/graziamagazine.com\/es\/articles\/6-estilos-de-sandalias-en-tendencia-para-esta-temporada\/#breadcrumb","itemListElement":[{"@type":"ListItem","position":1,"name":"Portada","item":"https:\/\/graziamagazine.com\/es\/"},{"@type":"ListItem","position":2,"name":"6 estilos de sandalias en tendencia para esta temporada"}]},{"@type":"WebSite","@id":"https:\/\/graziamagazine.com\/es\/#website","url":"https:\/\/graziamagazine.com\/es\/","name":"Grazia","description":"Moda, belleza, celebrities, estilo de vida...","potentialAction":[{"@type":"SearchAction","target":{"@type":"EntryPoint","urlTemplate":"https:\/\/graziamagazine.com\/es\/?s={search_term_string}"},"query-input":"required name=search_term_string"}],"inLanguage":"es"}]}},"jetpack_sharing_enabled":true,"distributor_meta":false,"distributor_terms":false,"distributor_media":false,"distributor_original_site_name":"Grazia","distributor_original_site_url":"https:\/\/graziamagazine.com\/es","push-errors":false,"_links":{"self":[{"href":"https:\/\/graziamagazine.com\/es\/wp-json\/wp\/v2\/articles\/175735"}],"collection":[{"href":"https:\/\/graziamagazine.com\/es\/wp-json\/wp\/v2\/articles"}],"about":[{"href":"https:\/\/graziamagazine.com\/es\/wp-json\/wp\/v2\/types\/articles"}],"author":[{"embeddable":true,"href":"https:\/\/graziamagazine.com\/es\/wp-json\/wp\/v2\/users\/11653"}],"wp:featuredmedia":[{"embeddable":true,"href":"https:\/\/graziamagazine.com\/es\/wp-json\/wp\/v2\/media\/175741"}],"wp:attachment":[{"href":"https:\/\/graziamagazine.com\/es\/wp-json\/wp\/v2\/media?parent=175735"}],"wp:term":[{"taxonomy":"category","embeddable":true,"href":"https:\/\/graziamagazine.com\/es\/wp-json\/wp\/v2\/categories?post=175735"}],"curies":[{"name":"wp","href":"https:\/\/api.w.org\/{rel}","templated":true}]}}