{"id":175708,"date":"2024-04-23T13:11:59","date_gmt":"2024-04-23T11:11:59","guid":{"rendered":"https:\/\/graziamagazine.com\/es\/?post_type=articles&#038;p=175708"},"modified":"2024-04-23T13:11:59","modified_gmt":"2024-04-23T11:11:59","slug":"el-tandem-con-el-que-conseguiras-una-mirada-resplandenciente","status":"publish","type":"articles","link":"https:\/\/graziamagazine.com\/es\/articles\/el-tandem-con-el-que-conseguiras-una-mirada-resplandenciente\/","title":{"rendered":"El t\u00e1ndem con el que conseguir\u00e1s una mirada resplandenciente"},"content":{"rendered":"<p>El cuidado del contorno de ojos es clave en la rutina diaria de belleza ya que hay que tener en cuenta que la piel del contorno de ojos es\u00a0<strong>5 veces m\u00e1s fina que la del resto del rostro y hasta 10 m\u00e1s que la del resto del cuerpo<\/strong>. Tambi\u00e9n cuenta con menor n\u00famero de gl\u00e1ndulas seb\u00e1ceas y se renueva m\u00e1s lentamente. Por eso es necesario tratar esta zona tan delicada de la cara de forma espec\u00edfica y, en ocasiones, utilizar un producto\u00a0<em>flash<\/em>\u00a0que act\u00fae de forma instant\u00e1nea para lograr un efecto \u201cbuena cara inmediato\u201d y lucir una mirada descansada en cualquier situaci\u00f3n. Al mismo tiempo es muy importante aportar hidrataci\u00f3n diaria a esta zona tan delicada del rostro.<\/p>\n<p>Para ello,\u00a0<strong>Saluvital,<\/strong>\u00a0de laboratorios Unidex-Farma, propone\u00a0<strong>dos productos clave infalibles<\/strong>: el\u00a0<strong>Gel Instant Bolsas y Ojeras,\u00a0<\/strong>el complemento de belleza id\u00f3neo que\u00a0<strong>reduce las bolsas y ojeras al instante.<\/strong>\u00a0Se trata de un producto ideal para lucir una mirada descansada y luminosas en un\u00a0<strong>evento especial<\/strong>, como una boda, una entrevista de trabajo o una cita importante.<\/p>\n<p>Formulado con col\u00e1geno, una proteasa espec\u00edfica y activos descongestivos 100% naturales que mejoran el aspecto natural de la piel. Los ingredientes descongestivos, con propiedades calmantes, antiinflamatorias, vasoprotectoras e hidratantes, reducen de manera eficaz las bolsas y ojeras al instante,<\/p>\n<p><img loading=\"lazy\" decoding=\"async\" class=\"aligncenter size-full wp-image-175709\" src=\"https:\/\/graziamagazine.com\/es\/wp-content\/uploads\/sites\/12\/2024\/04\/2b7d1291-40f6-9751-232e-7a74191a5d82-e1713869553621.jpg\" alt=\"\" width=\"1939\" height=\"1667\" srcset=\"https:\/\/graziamagazine.com\/es\/wp-content\/uploads\/sites\/12\/2024\/04\/2b7d1291-40f6-9751-232e-7a74191a5d82-e1713869553621.jpg 1939w, https:\/\/graziamagazine.com\/es\/wp-content\/uploads\/sites\/12\/2024\/04\/2b7d1291-40f6-9751-232e-7a74191a5d82-e1713869553621-300x258.jpg 300w, https:\/\/graziamagazine.com\/es\/wp-content\/uploads\/sites\/12\/2024\/04\/2b7d1291-40f6-9751-232e-7a74191a5d82-e1713869553621-1024x880.jpg 1024w, https:\/\/graziamagazine.com\/es\/wp-content\/uploads\/sites\/12\/2024\/04\/2b7d1291-40f6-9751-232e-7a74191a5d82-e1713869553621-768x660.jpg 768w, https:\/\/graziamagazine.com\/es\/wp-content\/uploads\/sites\/12\/2024\/04\/2b7d1291-40f6-9751-232e-7a74191a5d82-e1713869553621-1536x1321.jpg 1536w, https:\/\/graziamagazine.com\/es\/wp-content\/uploads\/sites\/12\/2024\/04\/2b7d1291-40f6-9751-232e-7a74191a5d82-e1713869553621-400x344.jpg 400w, https:\/\/graziamagazine.com\/es\/wp-content\/uploads\/sites\/12\/2024\/04\/2b7d1291-40f6-9751-232e-7a74191a5d82-e1713869553621-155x133.jpg 155w\" sizes=\"(max-width: 1939px) 100vw, 1939px\" \/><\/p>\n<p>Gel Instant Bolsas y Ojeras 10ml (14,90 euros)<\/p>\n<p>Tambi\u00e9n es el complemento de belleza clave que te ayudar\u00e1 si has pasado una mala noche, luciendo as\u00ed una\u00a0<strong>piel m\u00e1s descansada<\/strong>. En segundo lugar, es imprescindible complementarlo a diario con el\u00a0<strong>Contorno de Ojos y Labios de Rosa de Mosqueta<\/strong>, para nutrir, hidratar la zona y prevenir la aparici\u00f3n de arrugas. Tambi\u00e9n contiene \u00e1cido hialur\u00f3nico que<strong>\u00a0<\/strong>proporciona un efecto relleno de las arrugas y calcio, que evita que las capas epicut\u00e1neas de la piel se deterioren, lo que provoca que se prolongue la nutrici\u00f3n.<\/p>\n<p><img loading=\"lazy\" decoding=\"async\" class=\"aligncenter size-full wp-image-175710\" src=\"https:\/\/graziamagazine.com\/es\/wp-content\/uploads\/sites\/12\/2024\/04\/9228c6e6-0b18-f64f-62af-142493ca7e75-scaled-e1713869890979.jpg\" alt=\"\" width=\"2380\" height=\"1715\" srcset=\"https:\/\/graziamagazine.com\/es\/wp-content\/uploads\/sites\/12\/2024\/04\/9228c6e6-0b18-f64f-62af-142493ca7e75-scaled-e1713869890979.jpg 2380w, https:\/\/graziamagazine.com\/es\/wp-content\/uploads\/sites\/12\/2024\/04\/9228c6e6-0b18-f64f-62af-142493ca7e75-scaled-e1713869890979-300x216.jpg 300w, https:\/\/graziamagazine.com\/es\/wp-content\/uploads\/sites\/12\/2024\/04\/9228c6e6-0b18-f64f-62af-142493ca7e75-scaled-e1713869890979-1024x738.jpg 1024w, https:\/\/graziamagazine.com\/es\/wp-content\/uploads\/sites\/12\/2024\/04\/9228c6e6-0b18-f64f-62af-142493ca7e75-scaled-e1713869890979-768x553.jpg 768w, https:\/\/graziamagazine.com\/es\/wp-content\/uploads\/sites\/12\/2024\/04\/9228c6e6-0b18-f64f-62af-142493ca7e75-scaled-e1713869890979-1536x1107.jpg 1536w, https:\/\/graziamagazine.com\/es\/wp-content\/uploads\/sites\/12\/2024\/04\/9228c6e6-0b18-f64f-62af-142493ca7e75-scaled-e1713869890979-2048x1476.jpg 2048w, https:\/\/graziamagazine.com\/es\/wp-content\/uploads\/sites\/12\/2024\/04\/9228c6e6-0b18-f64f-62af-142493ca7e75-scaled-e1713869890979-400x288.jpg 400w, https:\/\/graziamagazine.com\/es\/wp-content\/uploads\/sites\/12\/2024\/04\/9228c6e6-0b18-f64f-62af-142493ca7e75-scaled-e1713869890979-155x112.jpg 155w\" sizes=\"(max-width: 2380px) 100vw, 2380px\" \/><\/p>\n<p>Crema contorno de ojos y labios 10 ml (7,95 euros)<\/p>\n<p><em>*Im\u00e1genes: Getty Images y cortes\u00eda\u00a0<\/em><\/p>\n<p>&nbsp;<\/p>\n<p>&nbsp;<\/p>\n","protected":false},"author":11653,"featured_media":175711,"template":"","format":"standard","categories":[7],"acf":[],"yoast_head":"<!-- This site is optimized with the Yoast SEO Premium plugin v18.5 (Yoast SEO v20.4) - https:\/\/yoast.com\/wordpress\/plugins\/seo\/ -->\n<title>El t\u00e1ndem con el que conseguir\u00e1s una mirada resplandenciente<\/title>\n<meta name=\"description\" content=\"Esta soluci\u00f3n\u00a0flash act\u00faa de forma instant\u00e1nea para lograr un efecto \u201cbuena cara inmediato\u201d de cara a la temporada estival.\" \/>\n<meta name=\"robots\" content=\"index, follow, max-snippet:-1, max-image-preview:large, max-video-preview:-1\" \/>\n<link rel=\"canonical\" href=\"https:\/\/graziamagazine.com\/es\/articles\/el-tandem-con-el-que-conseguiras-una-mirada-resplandenciente\/\" \/>\n<meta property=\"og:locale\" content=\"es_ES\" \/>\n<meta property=\"og:type\" content=\"article\" \/>\n<meta property=\"og:title\" content=\"El t\u00e1ndem con el que conseguir\u00e1s una mirada resplandenciente\" \/>\n<meta property=\"og:description\" content=\"Esta soluci\u00f3n\u00a0flash act\u00faa de forma instant\u00e1nea para lograr un efecto \u201cbuena cara inmediato\u201d de cara a la temporada estival.\" \/>\n<meta property=\"og:url\" content=\"https:\/\/graziamagazine.com\/es\/articles\/el-tandem-con-el-que-conseguiras-una-mirada-resplandenciente\/\" \/>\n<meta property=\"og:site_name\" content=\"Grazia\" \/>\n<meta property=\"og:image\" content=\"https:\/\/graziamagazine.com\/es\/wp-content\/uploads\/sites\/12\/2024\/04\/16389959188006.jpg\" \/>\n\t<meta property=\"og:image:width\" content=\"2048\" \/>\n\t<meta property=\"og:image:height\" content=\"1146\" \/>\n\t<meta property=\"og:image:type\" content=\"image\/jpeg\" \/>\n<meta name=\"twitter:card\" content=\"summary_large_image\" \/>\n<meta name=\"twitter:label1\" content=\"Est. reading time\" \/>\n\t<meta name=\"twitter:data1\" content=\"2 minutos\" \/>\n<script type=\"application\/ld+json\" class=\"yoast-schema-graph\">{\"@context\":\"https:\/\/schema.org\",\"@graph\":[{\"@type\":\"WebPage\",\"@id\":\"https:\/\/graziamagazine.com\/es\/articles\/el-tandem-con-el-que-conseguiras-una-mirada-resplandenciente\/\",\"url\":\"https:\/\/graziamagazine.com\/es\/articles\/el-tandem-con-el-que-conseguiras-una-mirada-resplandenciente\/\",\"name\":\"El t\u00e1ndem con el que conseguir\u00e1s una mirada resplandenciente\",\"isPartOf\":{\"@id\":\"https:\/\/graziamagazine.com\/es\/#website\"},\"datePublished\":\"2024-04-23T11:11:59+00:00\",\"dateModified\":\"2024-04-23T11:11:59+00:00\",\"description\":\"Esta soluci\u00f3n\u00a0flash act\u00faa de forma instant\u00e1nea para lograr un efecto \u201cbuena cara inmediato\u201d de cara a la temporada estival.\",\"breadcrumb\":{\"@id\":\"https:\/\/graziamagazine.com\/es\/articles\/el-tandem-con-el-que-conseguiras-una-mirada-resplandenciente\/#breadcrumb\"},\"inLanguage\":\"es\",\"potentialAction\":[{\"@type\":\"ReadAction\",\"target\":[\"https:\/\/graziamagazine.com\/es\/articles\/el-tandem-con-el-que-conseguiras-una-mirada-resplandenciente\/\"]}]},{\"@type\":\"BreadcrumbList\",\"@id\":\"https:\/\/graziamagazine.com\/es\/articles\/el-tandem-con-el-que-conseguiras-una-mirada-resplandenciente\/#breadcrumb\",\"itemListElement\":[{\"@type\":\"ListItem\",\"position\":1,\"name\":\"Portada\",\"item\":\"https:\/\/graziamagazine.com\/es\/\"},{\"@type\":\"ListItem\",\"position\":2,\"name\":\"El t\u00e1ndem con el que conseguir\u00e1s una mirada resplandenciente\"}]},{\"@type\":\"WebSite\",\"@id\":\"https:\/\/graziamagazine.com\/es\/#website\",\"url\":\"https:\/\/graziamagazine.com\/es\/\",\"name\":\"Grazia\",\"description\":\"Moda, belleza, celebrities, estilo de vida...\",\"potentialAction\":[{\"@type\":\"SearchAction\",\"target\":{\"@type\":\"EntryPoint\",\"urlTemplate\":\"https:\/\/graziamagazine.com\/es\/?s={search_term_string}\"},\"query-input\":\"required name=search_term_string\"}],\"inLanguage\":\"es\"}]}<\/script>\n<!-- \/ Yoast SEO Premium plugin. -->","yoast_head_json":{"title":"El t\u00e1ndem con el que conseguir\u00e1s una mirada resplandenciente","description":"Esta soluci\u00f3n\u00a0flash act\u00faa de forma instant\u00e1nea para lograr un efecto \u201cbuena cara inmediato\u201d de cara a la temporada estival.","robots":{"index":"index","follow":"follow","max-snippet":"max-snippet:-1","max-image-preview":"max-image-preview:large","max-video-preview":"max-video-preview:-1"},"canonical":"https:\/\/graziamagazine.com\/es\/articles\/el-tandem-con-el-que-conseguiras-una-mirada-resplandenciente\/","og_locale":"es_ES","og_type":"article","og_title":"El t\u00e1ndem con el que conseguir\u00e1s una mirada resplandenciente","og_description":"Esta soluci\u00f3n\u00a0flash act\u00faa de forma instant\u00e1nea para lograr un efecto \u201cbuena cara inmediato\u201d de cara a la temporada estival.","og_url":"https:\/\/graziamagazine.com\/es\/articles\/el-tandem-con-el-que-conseguiras-una-mirada-resplandenciente\/","og_site_name":"Grazia","og_image":[{"width":2048,"height":1146,"url":"https:\/\/graziamagazine.com\/es\/wp-content\/uploads\/sites\/12\/2024\/04\/16389959188006.jpg","type":"image\/jpeg"}],"twitter_card":"summary_large_image","twitter_misc":{"Est. reading time":"2 minutos"},"schema":{"@context":"https:\/\/schema.org","@graph":[{"@type":"WebPage","@id":"https:\/\/graziamagazine.com\/es\/articles\/el-tandem-con-el-que-conseguiras-una-mirada-resplandenciente\/","url":"https:\/\/graziamagazine.com\/es\/articles\/el-tandem-con-el-que-conseguiras-una-mirada-resplandenciente\/","name":"El t\u00e1ndem con el que conseguir\u00e1s una mirada resplandenciente","isPartOf":{"@id":"https:\/\/graziamagazine.com\/es\/#website"},"datePublished":"2024-04-23T11:11:59+00:00","dateModified":"2024-04-23T11:11:59+00:00","description":"Esta soluci\u00f3n\u00a0flash act\u00faa de forma instant\u00e1nea para lograr un efecto \u201cbuena cara inmediato\u201d de cara a la temporada estival.","breadcrumb":{"@id":"https:\/\/graziamagazine.com\/es\/articles\/el-tandem-con-el-que-conseguiras-una-mirada-resplandenciente\/#breadcrumb"},"inLanguage":"es","potentialAction":[{"@type":"ReadAction","target":["https:\/\/graziamagazine.com\/es\/articles\/el-tandem-con-el-que-conseguiras-una-mirada-resplandenciente\/"]}]},{"@type":"BreadcrumbList","@id":"https:\/\/graziamagazine.com\/es\/articles\/el-tandem-con-el-que-conseguiras-una-mirada-resplandenciente\/#breadcrumb","itemListElement":[{"@type":"ListItem","position":1,"name":"Portada","item":"https:\/\/graziamagazine.com\/es\/"},{"@type":"ListItem","position":2,"name":"El t\u00e1ndem con el que conseguir\u00e1s una mirada resplandenciente"}]},{"@type":"WebSite","@id":"https:\/\/graziamagazine.com\/es\/#website","url":"https:\/\/graziamagazine.com\/es\/","name":"Grazia","description":"Moda, belleza, celebrities, estilo de vida...","potentialAction":[{"@type":"SearchAction","target":{"@type":"EntryPoint","urlTemplate":"https:\/\/graziamagazine.com\/es\/?s={search_term_string}"},"query-input":"required name=search_term_string"}],"inLanguage":"es"}]}},"jetpack_sharing_enabled":true,"distributor_meta":false,"distributor_terms":false,"distributor_media":false,"distributor_original_site_name":"Grazia","distributor_original_site_url":"https:\/\/graziamagazine.com\/es","push-errors":false,"_links":{"self":[{"href":"https:\/\/graziamagazine.com\/es\/wp-json\/wp\/v2\/articles\/175708"}],"collection":[{"href":"https:\/\/graziamagazine.com\/es\/wp-json\/wp\/v2\/articles"}],"about":[{"href":"https:\/\/graziamagazine.com\/es\/wp-json\/wp\/v2\/types\/articles"}],"author":[{"embeddable":true,"href":"https:\/\/graziamagazine.com\/es\/wp-json\/wp\/v2\/users\/11653"}],"wp:featuredmedia":[{"embeddable":true,"href":"https:\/\/graziamagazine.com\/es\/wp-json\/wp\/v2\/media\/175711"}],"wp:attachment":[{"href":"https:\/\/graziamagazine.com\/es\/wp-json\/wp\/v2\/media?parent=175708"}],"wp:term":[{"taxonomy":"category","embeddable":true,"href":"https:\/\/graziamagazine.com\/es\/wp-json\/wp\/v2\/categories?post=175708"}],"curies":[{"name":"wp","href":"https:\/\/api.w.org\/{rel}","templated":true}]}}