{"id":175674,"date":"2024-04-21T21:06:50","date_gmt":"2024-04-21T19:06:50","guid":{"rendered":"https:\/\/graziamagazine.com\/es\/articles\/netflix-lanza-primer-adelanto-serie-cien-anos-soledad\/"},"modified":"2024-04-22T11:51:41","modified_gmt":"2024-04-22T09:51:41","slug":"netflix-lanza-primer-adelanto-serie-cien-anos-soledad","status":"publish","type":"articles","link":"https:\/\/graziamagazine.com\/es\/articles\/netflix-lanza-primer-adelanto-serie-cien-anos-soledad\/","title":{"rendered":"Netflix lanza el primer adelanto de la serie &#8216;Cien A\u00f1os de Soledad&#8217;"},"content":{"rendered":"<p><strong>Netflix<\/strong> lanz\u00f3 el primer adelanto de la serie <em><strong>Cien A\u00f1os de Soledad<\/strong><\/em> que esta basado en la novela del <strong>premio Nobel de literatura<\/strong> (1982) <strong>Gabriel Garc\u00eda M\u00e1rquez<\/strong>. El autor, que falleci\u00f3 en 2024, fue un escritor y periodista colombiano reconocido mundialmente por inventar el estilo de escritura <em><strong>Realismo m\u00e1gico<\/strong><\/em>.<\/p>\n<p>La serie tendr\u00e1 16 episodios y contar\u00e1 la historia del coronel <strong>Aureliano Buend\u00eda<\/strong>, que est\u00e1 a punto se ser fusilado, y recuerda cuando su padre lo lleva a conocer el hielo en Macondo, donde se conocer\u00e1n las siete generaciones de la familia Buend\u00eda.<\/p>\n<p>\u201cLa obra maestra del ganador del Nobel de Literatura Gabriel Garc\u00eda M\u00e1rquez llega a Netflix. \u2018Cien a\u00f1os de soledad\u2019 es la historia de la familia Buend\u00eda, atormentada por la locura, los amores imposibles, la guerra y el miedo a una maldici\u00f3n que los condena a la soledad a lo largo de 100 a\u00f1os en el m\u00edtico pueblo de Macondo. Pr\u00f3ximamente en Netflix\u201d, se lee en la publicaci\u00f3n de <strong>YouTube<\/strong> de Netflix.<\/p>\n<p>La direcci\u00f3n corre a cargo de la colombiana <strong>Laura Mora<\/strong> y el argentino <strong>Alex Garc\u00eda L\u00f3pez<\/strong> y como parte del elenco figuran <strong>Claudio Cata\u00f1o<\/strong> (Coronel Aureliano Buend\u00eda adulto), <strong>Jer\u00f3nimo Bar\u00f3n<\/strong> (Aureliano Buend\u00eda ni\u00f1o), <strong>Marco Gonz\u00e1lez<\/strong> (Jos\u00e9 Arcadio Buend\u00eda), <strong>Leonardo Soto<\/strong> (Jos\u00e9 Arcadio hijo) y <strong>Susana Morales<\/strong> (\u00darsula Iguaran), entre otros.<\/p>\n<p>En la producci\u00f3n ejecutiva est\u00e1n los hijos del escritor Rodrigo Garc\u00eda y Gonzalo Garc\u00eda Barcha.<\/p>\n<p>El libro Cien A\u00f1os de Soledad ha sido traducido a m\u00e1s de cuarenta idiomas y vendiendo millones de copias en el mundo.<\/p>\n<p><img loading=\"lazy\" decoding=\"async\" class=\"aligncenter size-full wp-image-175691\" src=\"https:\/\/graziamagazine.com\/es\/wp-content\/uploads\/sites\/12\/2024\/04\/cien-anos-de-soledad-1666698168.jpg\" alt=\"\" width=\"1200\" height=\"900\" srcset=\"https:\/\/graziamagazine.com\/es\/wp-content\/uploads\/sites\/12\/2024\/04\/cien-anos-de-soledad-1666698168.jpg 1200w, https:\/\/graziamagazine.com\/es\/wp-content\/uploads\/sites\/12\/2024\/04\/cien-anos-de-soledad-1666698168-300x225.jpg 300w, https:\/\/graziamagazine.com\/es\/wp-content\/uploads\/sites\/12\/2024\/04\/cien-anos-de-soledad-1666698168-1024x768.jpg 1024w, https:\/\/graziamagazine.com\/es\/wp-content\/uploads\/sites\/12\/2024\/04\/cien-anos-de-soledad-1666698168-768x576.jpg 768w, https:\/\/graziamagazine.com\/es\/wp-content\/uploads\/sites\/12\/2024\/04\/cien-anos-de-soledad-1666698168-400x300.jpg 400w, https:\/\/graziamagazine.com\/es\/wp-content\/uploads\/sites\/12\/2024\/04\/cien-anos-de-soledad-1666698168-155x116.jpg 155w\" sizes=\"(max-width: 1200px) 100vw, 1200px\" \/><\/p>\n<p>La familia del escritor puso un principal condici\u00f3n para acceder al rodaje de la serie, que fuera rodada en Colombia, as\u00ed que las grabaciones se realizaron en los departamentos de La Guajira, Magdalena, Cesar, Cundinamarca y Tolima.<\/p>\n<p>Para la serie se construyeron cuatro versiones del pueblo Macondo y la Casa Buen D\u00eda, el hogar de la familia que protagoniza la historia, se construy\u00f3 el 12 semanas con antig\u00fcedades y utiler\u00eda artesanal colombiana, creando un ambiente m\u00edtico ideal lo m\u00e1s apegado posible a como Garc\u00eda M\u00e1rquez lo imagin\u00f3.<\/p>\n<p>Aqu\u00ed puedes ver el primer adelanto:<\/p>\n<p><iframe loading=\"lazy\" title=\"Cien a\u00f1os de soledad | Avance oficial | Netflix\" width=\"500\" height=\"281\" src=\"https:\/\/www.youtube.com\/embed\/mPCN1irKfkc?feature=oembed\" frameborder=\"0\" allow=\"accelerometer; autoplay; clipboard-write; encrypted-media; gyroscope; picture-in-picture; web-share\" referrerpolicy=\"strict-origin-when-cross-origin\" allowfullscreen><\/iframe><\/p>\n<p><em>*Im\u00e1genes: cortes\u00eda<\/em><\/p>\n","protected":false},"author":16349,"featured_media":175690,"template":"","format":"standard","categories":[2971],"acf":{"banner":null},"yoast_head":"<!-- This site is optimized with the Yoast SEO Premium plugin v18.5 (Yoast SEO v20.4) - https:\/\/yoast.com\/wordpress\/plugins\/seo\/ -->\n<title>Netflix lanza el primer adelanto de la serie &#039;Cien A\u00f1os de Soledad&#039;<\/title>\n<meta name=\"description\" content=\"Las primeras im\u00e1genes muestran momentos de la historia basada en la novela hom\u00f3nima de Gabriel Garc\u00eda M\u00e1rquez.\" \/>\n<meta name=\"robots\" content=\"index, follow, max-snippet:-1, max-image-preview:large, max-video-preview:-1\" \/>\n<link rel=\"canonical\" href=\"https:\/\/graziamagazine.com\/es\/articles\/netflix-lanza-primer-adelanto-serie-cien-anos-soledad\/\" \/>\n<meta property=\"og:locale\" content=\"es_ES\" \/>\n<meta property=\"og:type\" content=\"article\" \/>\n<meta property=\"og:title\" content=\"Netflix lanza el primer adelanto de la serie &#039;Cien A\u00f1os de Soledad&#039;\" \/>\n<meta property=\"og:description\" content=\"Las primeras im\u00e1genes muestran momentos de la historia basada en la novela hom\u00f3nima de Gabriel Garc\u00eda M\u00e1rquez.\" \/>\n<meta property=\"og:url\" content=\"https:\/\/graziamagazine.com\/es\/articles\/netflix-lanza-primer-adelanto-serie-cien-anos-soledad\/\" \/>\n<meta property=\"og:site_name\" content=\"Grazia\" \/>\n<meta property=\"article:modified_time\" content=\"2024-04-22T09:51:41+00:00\" \/>\n<meta property=\"og:image\" content=\"https:\/\/graziamagazine.com\/es\/wp-content\/uploads\/sites\/12\/2024\/04\/no-te-pierdas-el-primer-trailer-de-cien-anos-de-soledad-de-netflix.jpg\" \/>\n\t<meta property=\"og:image:width\" content=\"1200\" \/>\n\t<meta property=\"og:image:height\" content=\"795\" \/>\n\t<meta property=\"og:image:type\" content=\"image\/jpeg\" \/>\n<meta name=\"twitter:card\" content=\"summary_large_image\" \/>\n<meta name=\"twitter:label1\" content=\"Est. reading time\" \/>\n\t<meta name=\"twitter:data1\" content=\"2 minutos\" \/>\n<script type=\"application\/ld+json\" class=\"yoast-schema-graph\">{\"@context\":\"https:\/\/schema.org\",\"@graph\":[{\"@type\":\"WebPage\",\"@id\":\"https:\/\/graziamagazine.com\/es\/articles\/netflix-lanza-primer-adelanto-serie-cien-anos-soledad\/\",\"url\":\"https:\/\/graziamagazine.com\/es\/articles\/netflix-lanza-primer-adelanto-serie-cien-anos-soledad\/\",\"name\":\"Netflix lanza el primer adelanto de la serie 'Cien A\u00f1os de Soledad'\",\"isPartOf\":{\"@id\":\"https:\/\/graziamagazine.com\/es\/#website\"},\"datePublished\":\"2024-04-21T19:06:50+00:00\",\"dateModified\":\"2024-04-22T09:51:41+00:00\",\"description\":\"Las primeras im\u00e1genes muestran momentos de la historia basada en la novela hom\u00f3nima de Gabriel Garc\u00eda M\u00e1rquez.\",\"breadcrumb\":{\"@id\":\"https:\/\/graziamagazine.com\/es\/articles\/netflix-lanza-primer-adelanto-serie-cien-anos-soledad\/#breadcrumb\"},\"inLanguage\":\"es\",\"potentialAction\":[{\"@type\":\"ReadAction\",\"target\":[\"https:\/\/graziamagazine.com\/es\/articles\/netflix-lanza-primer-adelanto-serie-cien-anos-soledad\/\"]}]},{\"@type\":\"BreadcrumbList\",\"@id\":\"https:\/\/graziamagazine.com\/es\/articles\/netflix-lanza-primer-adelanto-serie-cien-anos-soledad\/#breadcrumb\",\"itemListElement\":[{\"@type\":\"ListItem\",\"position\":1,\"name\":\"Portada\",\"item\":\"https:\/\/graziamagazine.com\/es\/\"},{\"@type\":\"ListItem\",\"position\":2,\"name\":\"Netflix lanza el primer adelanto de la serie &#8216;Cien A\u00f1os de Soledad&#8217;\"}]},{\"@type\":\"WebSite\",\"@id\":\"https:\/\/graziamagazine.com\/es\/#website\",\"url\":\"https:\/\/graziamagazine.com\/es\/\",\"name\":\"Grazia\",\"description\":\"Moda, belleza, celebrities, estilo de vida...\",\"potentialAction\":[{\"@type\":\"SearchAction\",\"target\":{\"@type\":\"EntryPoint\",\"urlTemplate\":\"https:\/\/graziamagazine.com\/es\/?s={search_term_string}\"},\"query-input\":\"required name=search_term_string\"}],\"inLanguage\":\"es\"}]}<\/script>\n<!-- \/ Yoast SEO Premium plugin. -->","yoast_head_json":{"title":"Netflix lanza el primer adelanto de la serie 'Cien A\u00f1os de Soledad'","description":"Las primeras im\u00e1genes muestran momentos de la historia basada en la novela hom\u00f3nima de Gabriel Garc\u00eda M\u00e1rquez.","robots":{"index":"index","follow":"follow","max-snippet":"max-snippet:-1","max-image-preview":"max-image-preview:large","max-video-preview":"max-video-preview:-1"},"canonical":"https:\/\/graziamagazine.com\/es\/articles\/netflix-lanza-primer-adelanto-serie-cien-anos-soledad\/","og_locale":"es_ES","og_type":"article","og_title":"Netflix lanza el primer adelanto de la serie 'Cien A\u00f1os de Soledad'","og_description":"Las primeras im\u00e1genes muestran momentos de la historia basada en la novela hom\u00f3nima de Gabriel Garc\u00eda M\u00e1rquez.","og_url":"https:\/\/graziamagazine.com\/es\/articles\/netflix-lanza-primer-adelanto-serie-cien-anos-soledad\/","og_site_name":"Grazia","article_modified_time":"2024-04-22T09:51:41+00:00","og_image":[{"width":1200,"height":795,"url":"https:\/\/graziamagazine.com\/es\/wp-content\/uploads\/sites\/12\/2024\/04\/no-te-pierdas-el-primer-trailer-de-cien-anos-de-soledad-de-netflix.jpg","type":"image\/jpeg"}],"twitter_card":"summary_large_image","twitter_misc":{"Est. reading time":"2 minutos"},"schema":{"@context":"https:\/\/schema.org","@graph":[{"@type":"WebPage","@id":"https:\/\/graziamagazine.com\/es\/articles\/netflix-lanza-primer-adelanto-serie-cien-anos-soledad\/","url":"https:\/\/graziamagazine.com\/es\/articles\/netflix-lanza-primer-adelanto-serie-cien-anos-soledad\/","name":"Netflix lanza el primer adelanto de la serie 'Cien A\u00f1os de Soledad'","isPartOf":{"@id":"https:\/\/graziamagazine.com\/es\/#website"},"datePublished":"2024-04-21T19:06:50+00:00","dateModified":"2024-04-22T09:51:41+00:00","description":"Las primeras im\u00e1genes muestran momentos de la historia basada en la novela hom\u00f3nima de Gabriel Garc\u00eda M\u00e1rquez.","breadcrumb":{"@id":"https:\/\/graziamagazine.com\/es\/articles\/netflix-lanza-primer-adelanto-serie-cien-anos-soledad\/#breadcrumb"},"inLanguage":"es","potentialAction":[{"@type":"ReadAction","target":["https:\/\/graziamagazine.com\/es\/articles\/netflix-lanza-primer-adelanto-serie-cien-anos-soledad\/"]}]},{"@type":"BreadcrumbList","@id":"https:\/\/graziamagazine.com\/es\/articles\/netflix-lanza-primer-adelanto-serie-cien-anos-soledad\/#breadcrumb","itemListElement":[{"@type":"ListItem","position":1,"name":"Portada","item":"https:\/\/graziamagazine.com\/es\/"},{"@type":"ListItem","position":2,"name":"Netflix lanza el primer adelanto de la serie &#8216;Cien A\u00f1os de Soledad&#8217;"}]},{"@type":"WebSite","@id":"https:\/\/graziamagazine.com\/es\/#website","url":"https:\/\/graziamagazine.com\/es\/","name":"Grazia","description":"Moda, belleza, celebrities, estilo de vida...","potentialAction":[{"@type":"SearchAction","target":{"@type":"EntryPoint","urlTemplate":"https:\/\/graziamagazine.com\/es\/?s={search_term_string}"},"query-input":"required name=search_term_string"}],"inLanguage":"es"}]}},"jetpack_sharing_enabled":true,"distributor_meta":false,"distributor_terms":false,"distributor_media":false,"distributor_original_site_name":"Grazia","distributor_original_site_url":"https:\/\/graziamagazine.com\/es","push-errors":false,"_links":{"self":[{"href":"https:\/\/graziamagazine.com\/es\/wp-json\/wp\/v2\/articles\/175674"}],"collection":[{"href":"https:\/\/graziamagazine.com\/es\/wp-json\/wp\/v2\/articles"}],"about":[{"href":"https:\/\/graziamagazine.com\/es\/wp-json\/wp\/v2\/types\/articles"}],"author":[{"embeddable":true,"href":"https:\/\/graziamagazine.com\/es\/wp-json\/wp\/v2\/users\/16349"}],"wp:featuredmedia":[{"embeddable":true,"href":"https:\/\/graziamagazine.com\/es\/wp-json\/wp\/v2\/media\/175690"}],"wp:attachment":[{"href":"https:\/\/graziamagazine.com\/es\/wp-json\/wp\/v2\/media?parent=175674"}],"wp:term":[{"taxonomy":"category","embeddable":true,"href":"https:\/\/graziamagazine.com\/es\/wp-json\/wp\/v2\/categories?post=175674"}],"curies":[{"name":"wp","href":"https:\/\/api.w.org\/{rel}","templated":true}]}}