{"id":175663,"date":"2024-04-18T06:42:37","date_gmt":"2024-04-18T04:42:37","guid":{"rendered":"https:\/\/graziamagazine.com\/es\/articles\/taylor-swift-y-su-instalacion-en-la-biblioteca-de-los-angeles\/"},"modified":"2024-04-22T11:53:47","modified_gmt":"2024-04-22T09:53:47","slug":"taylor-swift-y-su-instalacion-en-la-biblioteca-de-los-angeles","status":"publish","type":"articles","link":"https:\/\/graziamagazine.com\/es\/articles\/taylor-swift-y-su-instalacion-en-la-biblioteca-de-los-angeles\/","title":{"rendered":"Taylor Swift y su instalaci\u00f3n en la biblioteca de Los \u00c1ngeles"},"content":{"rendered":"<p>Taylor Swift, la renombrada cantante y compositora, est\u00e1 a punto de sorprender a sus seguidores con una nueva y emocionante instalaci\u00f3n en la biblioteca del <strong>Departamento de Poetas Torturados<\/strong> en <strong>Los \u00c1ngeles<\/strong>.<\/p>\n<p>Esta colaboraci\u00f3n con <strong>Spotify<\/strong>, titulada<strong> \u201cTortured Poets\u201d<\/strong>, presenta una experiencia \u00fanica que combina poes\u00eda, libros y sorpresas visuales, todo ello como antesala al lanzamiento de su und\u00e9cimo \u00e1lbum de estudio.<\/p>\n<figure id=\"attachment_136261\" class=\"wp-caption alignnone\" style=\"width: 1000px\" aria-describedby=\"caption-attachment-136261\"><img loading=\"lazy\" decoding=\"async\" class=\"size-full wp-image-136261\" src=\"https:\/\/graziamagazine.com\/mx\/wp-content\/uploads\/sites\/13\/2024\/04\/ecc3fe76b745c350f383cd316e43725c.1000x1000x1.jpg\" alt=\"Taylor Swift y su instalaci\u00f3n en la biblioteca de Los \u00c1ngeles\" width=\"1000\" height=\"1000\" \/><figcaption id=\"caption-attachment-136261\" class=\"wp-caption-text\">Taylor Swift y su instalaci\u00f3n en la biblioteca de Los \u00c1ngeles<\/figcaption><\/figure>\n<p>La instalaci\u00f3n, ubicada en <strong>The Grove<\/strong>, ser\u00e1 abierta al p\u00fablico a partir del <strong>martes 16 de abril<\/strong> y continuar\u00e1 hasta el viernes <strong>19 de abril<\/strong>, d\u00eda del lanzamiento del \u00e1lbum. Cada d\u00eda, la instalaci\u00f3n ofrecer\u00e1 una experiencia diferente, con elementos nuevos y emocionantes que representan la nueva era musical de Swift.<\/p>\n<p>Los curadores planean agregar continuamente nuevos aspectos a la biblioteca a medida que se acerca la fecha de lanzamiento del \u00e1lbum.<\/p>\n<figure id=\"attachment_136259\" class=\"wp-caption alignnone\" style=\"width: 550px\" aria-describedby=\"caption-attachment-136259\"><img loading=\"lazy\" decoding=\"async\" class=\"size-full wp-image-136259\" src=\"https:\/\/graziamagazine.com\/mx\/wp-content\/uploads\/sites\/13\/2024\/04\/taylor-swift-pop-up-happymonday-taylorgrove-dsc02139-661ebcdc0801f.jpg\" alt=\"Taylor Swift y su instalaci\u00f3n en la biblioteca de Los \u00c1ngeles\" width=\"550\" height=\"550\" \/><figcaption id=\"caption-attachment-136259\" class=\"wp-caption-text\">Taylor Swift y su instalaci\u00f3n en la biblioteca de Los \u00c1ngeles<\/figcaption><\/figure>\n<p>Spotify documentar\u00e1 los cambios en las <strong>redes sociales<\/strong>, manteniendo a los fan\u00e1ticos informados sobre las actualizaciones y sorpresas que se pueden encontrar en el sitio.<\/p>\n<p>Esta colaboraci\u00f3n es parte de los esfuerzos de Spotify para apoyar a <strong>Taylor Swift<\/strong> y conectar con sus seguidores de una manera \u00fanica y emocionante.<\/p>\n<p><strong>Jackie Augustus<\/strong>, l\u00edder de <strong>Country &amp; Folk en Artist Partnerships<\/strong>, expres\u00f3 su emoci\u00f3n por esta campa\u00f1a, destacando la incre\u00edble conexi\u00f3n que tienen los fan\u00e1ticos de Taylor Swift con su m\u00fasica.<img loading=\"lazy\" decoding=\"async\" class=\"alignnone size-large wp-image-136257\" src=\"https:\/\/graziamagazine.com\/mx\/wp-content\/uploads\/sites\/13\/2024\/04\/Captura-de-Pantalla-2024-04-17-a-las-21.12.46-1024x994.png\" alt=\"\" width=\"1024\" height=\"994\" \/><\/p>\n<p>Augustus se\u00f1al\u00f3 que est\u00e1n emocionados de llevar esta activaci\u00f3n del \u00e1lbum a los Swifties en Los \u00c1ngeles y esperan que sea una experiencia inolvidable para todos los seguidores de la artista.<\/p>\n<p>La instalaci\u00f3n en la biblioteca de Los \u00c1ngeles es un evento imperdible para todos los fans de Taylor Swift. Con poes\u00eda, libros y sorpresas visuales, esta experiencia ofrece un vistazo \u00fanico a la nueva era musical de la artista y promete ser una <strong>experiencia emocionante<\/strong> para todos los que asistan.<\/p>\n<p><em><strong>*IMAGEN: Google Images<\/strong><\/em><\/p>\n","protected":false},"author":28953,"featured_media":175664,"template":"","format":"standard","categories":[13],"acf":[],"yoast_head":"<!-- This site is optimized with the Yoast SEO Premium plugin v18.5 (Yoast SEO v20.4) - https:\/\/yoast.com\/wordpress\/plugins\/seo\/ -->\n<title>Taylor Swift y su instalaci\u00f3n en la biblioteca de Los \u00c1ngeles<\/title>\n<meta name=\"description\" content=\"Spotify ha creado una biblioteca emergente para celebrar el lanzamiento del nuevo \u00e1lbum de Taylor Swift\" \/>\n<meta name=\"robots\" content=\"index, follow, max-snippet:-1, max-image-preview:large, max-video-preview:-1\" \/>\n<link rel=\"canonical\" href=\"https:\/\/graziamagazine.com\/es\/articles\/taylor-swift-y-su-instalacion-en-la-biblioteca-de-los-angeles\/\" \/>\n<meta property=\"og:locale\" content=\"es_ES\" \/>\n<meta property=\"og:type\" content=\"article\" \/>\n<meta property=\"og:title\" content=\"Taylor Swift y su instalaci\u00f3n en la biblioteca de Los \u00c1ngeles\" \/>\n<meta property=\"og:description\" content=\"Spotify ha creado una biblioteca emergente para celebrar el lanzamiento del nuevo \u00e1lbum de Taylor Swift\" \/>\n<meta property=\"og:url\" content=\"https:\/\/graziamagazine.com\/es\/articles\/taylor-swift-y-su-instalacion-en-la-biblioteca-de-los-angeles\/\" \/>\n<meta property=\"og:site_name\" content=\"Grazia\" \/>\n<meta property=\"article:modified_time\" content=\"2024-04-22T09:53:47+00:00\" \/>\n<meta property=\"og:image\" content=\"https:\/\/graziamagazine.com\/es\/wp-content\/uploads\/sites\/12\/2024\/04\/GettyImages-2148883334.jpg.jpg\" \/>\n\t<meta property=\"og:image:width\" content=\"640\" \/>\n\t<meta property=\"og:image:height\" content=\"403\" \/>\n\t<meta property=\"og:image:type\" content=\"image\/jpeg\" \/>\n<meta name=\"twitter:card\" content=\"summary_large_image\" \/>\n<meta name=\"twitter:label1\" content=\"Est. reading time\" \/>\n\t<meta name=\"twitter:data1\" content=\"3 minutos\" \/>\n<script type=\"application\/ld+json\" class=\"yoast-schema-graph\">{\"@context\":\"https:\/\/schema.org\",\"@graph\":[{\"@type\":\"WebPage\",\"@id\":\"https:\/\/graziamagazine.com\/es\/articles\/taylor-swift-y-su-instalacion-en-la-biblioteca-de-los-angeles\/\",\"url\":\"https:\/\/graziamagazine.com\/es\/articles\/taylor-swift-y-su-instalacion-en-la-biblioteca-de-los-angeles\/\",\"name\":\"Taylor Swift y su instalaci\u00f3n en la biblioteca de Los \u00c1ngeles\",\"isPartOf\":{\"@id\":\"https:\/\/graziamagazine.com\/es\/#website\"},\"datePublished\":\"2024-04-18T04:42:37+00:00\",\"dateModified\":\"2024-04-22T09:53:47+00:00\",\"description\":\"Spotify ha creado una biblioteca emergente para celebrar el lanzamiento del nuevo \u00e1lbum de Taylor Swift\",\"breadcrumb\":{\"@id\":\"https:\/\/graziamagazine.com\/es\/articles\/taylor-swift-y-su-instalacion-en-la-biblioteca-de-los-angeles\/#breadcrumb\"},\"inLanguage\":\"es\",\"potentialAction\":[{\"@type\":\"ReadAction\",\"target\":[\"https:\/\/graziamagazine.com\/es\/articles\/taylor-swift-y-su-instalacion-en-la-biblioteca-de-los-angeles\/\"]}]},{\"@type\":\"BreadcrumbList\",\"@id\":\"https:\/\/graziamagazine.com\/es\/articles\/taylor-swift-y-su-instalacion-en-la-biblioteca-de-los-angeles\/#breadcrumb\",\"itemListElement\":[{\"@type\":\"ListItem\",\"position\":1,\"name\":\"Portada\",\"item\":\"https:\/\/graziamagazine.com\/es\/\"},{\"@type\":\"ListItem\",\"position\":2,\"name\":\"Taylor Swift y su instalaci\u00f3n en la biblioteca de Los \u00c1ngeles\"}]},{\"@type\":\"WebSite\",\"@id\":\"https:\/\/graziamagazine.com\/es\/#website\",\"url\":\"https:\/\/graziamagazine.com\/es\/\",\"name\":\"Grazia\",\"description\":\"Moda, belleza, celebrities, estilo de vida...\",\"potentialAction\":[{\"@type\":\"SearchAction\",\"target\":{\"@type\":\"EntryPoint\",\"urlTemplate\":\"https:\/\/graziamagazine.com\/es\/?s={search_term_string}\"},\"query-input\":\"required name=search_term_string\"}],\"inLanguage\":\"es\"}]}<\/script>\n<!-- \/ Yoast SEO Premium plugin. -->","yoast_head_json":{"title":"Taylor Swift y su instalaci\u00f3n en la biblioteca de Los \u00c1ngeles","description":"Spotify ha creado una biblioteca emergente para celebrar el lanzamiento del nuevo \u00e1lbum de Taylor Swift","robots":{"index":"index","follow":"follow","max-snippet":"max-snippet:-1","max-image-preview":"max-image-preview:large","max-video-preview":"max-video-preview:-1"},"canonical":"https:\/\/graziamagazine.com\/es\/articles\/taylor-swift-y-su-instalacion-en-la-biblioteca-de-los-angeles\/","og_locale":"es_ES","og_type":"article","og_title":"Taylor Swift y su instalaci\u00f3n en la biblioteca de Los \u00c1ngeles","og_description":"Spotify ha creado una biblioteca emergente para celebrar el lanzamiento del nuevo \u00e1lbum de Taylor Swift","og_url":"https:\/\/graziamagazine.com\/es\/articles\/taylor-swift-y-su-instalacion-en-la-biblioteca-de-los-angeles\/","og_site_name":"Grazia","article_modified_time":"2024-04-22T09:53:47+00:00","og_image":[{"width":640,"height":403,"url":"https:\/\/graziamagazine.com\/es\/wp-content\/uploads\/sites\/12\/2024\/04\/GettyImages-2148883334.jpg.jpg","type":"image\/jpeg"}],"twitter_card":"summary_large_image","twitter_misc":{"Est. reading time":"3 minutos"},"schema":{"@context":"https:\/\/schema.org","@graph":[{"@type":"WebPage","@id":"https:\/\/graziamagazine.com\/es\/articles\/taylor-swift-y-su-instalacion-en-la-biblioteca-de-los-angeles\/","url":"https:\/\/graziamagazine.com\/es\/articles\/taylor-swift-y-su-instalacion-en-la-biblioteca-de-los-angeles\/","name":"Taylor Swift y su instalaci\u00f3n en la biblioteca de Los \u00c1ngeles","isPartOf":{"@id":"https:\/\/graziamagazine.com\/es\/#website"},"datePublished":"2024-04-18T04:42:37+00:00","dateModified":"2024-04-22T09:53:47+00:00","description":"Spotify ha creado una biblioteca emergente para celebrar el lanzamiento del nuevo \u00e1lbum de Taylor Swift","breadcrumb":{"@id":"https:\/\/graziamagazine.com\/es\/articles\/taylor-swift-y-su-instalacion-en-la-biblioteca-de-los-angeles\/#breadcrumb"},"inLanguage":"es","potentialAction":[{"@type":"ReadAction","target":["https:\/\/graziamagazine.com\/es\/articles\/taylor-swift-y-su-instalacion-en-la-biblioteca-de-los-angeles\/"]}]},{"@type":"BreadcrumbList","@id":"https:\/\/graziamagazine.com\/es\/articles\/taylor-swift-y-su-instalacion-en-la-biblioteca-de-los-angeles\/#breadcrumb","itemListElement":[{"@type":"ListItem","position":1,"name":"Portada","item":"https:\/\/graziamagazine.com\/es\/"},{"@type":"ListItem","position":2,"name":"Taylor Swift y su instalaci\u00f3n en la biblioteca de Los \u00c1ngeles"}]},{"@type":"WebSite","@id":"https:\/\/graziamagazine.com\/es\/#website","url":"https:\/\/graziamagazine.com\/es\/","name":"Grazia","description":"Moda, belleza, celebrities, estilo de vida...","potentialAction":[{"@type":"SearchAction","target":{"@type":"EntryPoint","urlTemplate":"https:\/\/graziamagazine.com\/es\/?s={search_term_string}"},"query-input":"required name=search_term_string"}],"inLanguage":"es"}]}},"jetpack_sharing_enabled":true,"distributor_meta":false,"distributor_terms":false,"distributor_media":false,"distributor_original_site_name":"Grazia","distributor_original_site_url":"https:\/\/graziamagazine.com\/es","push-errors":false,"_links":{"self":[{"href":"https:\/\/graziamagazine.com\/es\/wp-json\/wp\/v2\/articles\/175663"}],"collection":[{"href":"https:\/\/graziamagazine.com\/es\/wp-json\/wp\/v2\/articles"}],"about":[{"href":"https:\/\/graziamagazine.com\/es\/wp-json\/wp\/v2\/types\/articles"}],"author":[{"embeddable":true,"href":"https:\/\/graziamagazine.com\/es\/wp-json\/wp\/v2\/users\/28953"}],"wp:featuredmedia":[{"embeddable":true,"href":"https:\/\/graziamagazine.com\/es\/wp-json\/wp\/v2\/media\/175664"}],"wp:attachment":[{"href":"https:\/\/graziamagazine.com\/es\/wp-json\/wp\/v2\/media?parent=175663"}],"wp:term":[{"taxonomy":"category","embeddable":true,"href":"https:\/\/graziamagazine.com\/es\/wp-json\/wp\/v2\/categories?post=175663"}],"curies":[{"name":"wp","href":"https:\/\/api.w.org\/{rel}","templated":true}]}}