{"id":175657,"date":"2024-04-21T06:40:59","date_gmt":"2024-04-21T04:40:59","guid":{"rendered":"https:\/\/graziamagazine.com\/es\/articles\/el-sabor-y-el-estilo-se-unen-en-la-coleccion-pringles-x-crocs\/"},"modified":"2024-04-21T22:12:11","modified_gmt":"2024-04-21T20:12:11","slug":"llega-la-coleccion-mas-sabrosa-pringles-x-crocs","status":"publish","type":"articles","link":"https:\/\/graziamagazine.com\/es\/articles\/llega-la-coleccion-mas-sabrosa-pringles-x-crocs\/","title":{"rendered":"Llega la colecci\u00f3n m\u00e1s sabrosa: Pringles x Crocs"},"content":{"rendered":"<p>\u00bfAlguna vez has pensado en llevar tus snacks favoritos a todas partes? Ahora, gracias a la emocionante colaboraci\u00f3n entre <strong>Pringles y Crocs,<\/strong> \u00a1eso es posible!<\/p>\n<p>Por primera vez, los famosos maestros del sabor en Pringles est\u00e1n incursionando en el mundo del calzado junto al l\u00edder en zapatos casuales innovadores, Crocs, para ofrecer una colaboraci\u00f3n \u00fanica y deliciosa: la <em>Colecci\u00f3n Pringles x Crocs.<\/em><\/p>\n<figure id=\"attachment_136273\" class=\"wp-caption alignnone\" style=\"width: 1024px\" aria-describedby=\"caption-attachment-136273\"><img loading=\"lazy\" decoding=\"async\" class=\"size-full wp-image-136273\" src=\"https:\/\/graziamagazine.com\/mx\/wp-content\/uploads\/sites\/13\/2024\/04\/crocs-lanza-colaboracion-pringles-135207-1024x576-1.jpg\" alt=\" \u00a1El sabor y el estilo se unen en la colecci\u00f3n Pringles x Crocs!\" width=\"1024\" height=\"576\" \/><\/figure>\n<p>Esta colecci\u00f3n, que combina lo mejor del mundo de los<strong> snacks con el estilo c\u00f3modo y vers\u00e1til<\/strong> de Crocs, seguramente har\u00e1 las delicias de los fan\u00e1ticos de ambas marcas.<\/p>\n<blockquote><p><strong>Mauricio Jenkins<\/strong>, l\u00edder de marketing de Pringles, expres\u00f3 su entusiasmo por esta colaboraci\u00f3n: \u201cLa primera incursi\u00f3n de Pringles en el mundo del calzado es una celebraci\u00f3n de lo mejor que nuestras marcas tienen para ofrecer: sabor y estilo\u201d.<\/p>\n<figure id=\"attachment_136274\" class=\"wp-caption alignnone\" style=\"width: 1024px\" aria-describedby=\"caption-attachment-136274\"><img loading=\"lazy\" decoding=\"async\" class=\"size-large wp-image-136274\" src=\"https:\/\/graziamagazine.com\/mx\/wp-content\/uploads\/sites\/13\/2024\/04\/Pringles-Crocs-Classic-Clogs-1-1024x1019.jpg\" alt=\" \u00a1El sabor y el estilo se unen en la colecci\u00f3n Pringles x Crocs!\" width=\"1024\" height=\"1019\" \/><\/figure>\n<\/blockquote>\n<p>Por su parte, <strong>Matias Infante<\/strong>, Vicepresidente de Alianzas y Energ\u00eda de Crocs, destac\u00f3: \u201cEsta colaboraci\u00f3n combina perfectamente el mundo lleno de sabor de Pringles con el ic\u00f3nico ADN de comodidad de Crocs\u201d.<\/p>\n<p>Disponible en edici\u00f3n limitada, la Colecci\u00f3n Pringles x Crocs presenta <strong>tres dise\u00f1os de clogs exclusivos<\/strong>, cada uno inspirado en los ic\u00f3nicos<strong> looks del Sr. P,<\/strong> el rostro detr\u00e1s de Pringles, tanto en el pasado como en el presente.<\/p>\n<p>Desde <strong>coloridos clogs<\/strong>\u00a0con el bigote del Sr. P como correa hasta\u00a0un <strong>estilo m\u00e1s minimalista<\/strong>, las slides presentan un dise\u00f1o retro en <strong>blanco y negro<\/strong> del Sr. P con su elegante bigote, ofreciendo comodidad y estilo en cada paso.<\/p>\n<figure id=\"attachment_136275\" class=\"wp-caption alignnone\" style=\"width: 1024px\" aria-describedby=\"caption-attachment-136275\"><img loading=\"lazy\" decoding=\"async\" class=\"size-large wp-image-136275\" src=\"https:\/\/graziamagazine.com\/mx\/wp-content\/uploads\/sites\/13\/2024\/04\/Pringles-Crocs-Classic-Clogs-2-1024x764.png\" alt=\" \u00a1El sabor y el estilo se unen en la colecci\u00f3n Pringles x Crocs!\" width=\"1024\" height=\"764\" \/><\/figure>\n<p>Adem\u00e1s de los clogs y las slides, la colecci\u00f3n tambi\u00e9n incluye una variedad de charms Jibbitz tem\u00e1ticos de Pringles, que permiten a los fan\u00e1ticos personalizar sus Crocs y agregar un toque \u00fanico a su estilo.<\/p>\n<p>La Colecci\u00f3n Pringles x Crocs estar\u00e1 disponible en edici\u00f3n limitada en crocs.com.mx a partir del mi\u00e9rcoles 17 de abril. \u00a1No te pierdas la oportunidad de llevar el sabor a tus pies con esta emocionante colaboraci\u00f3n entre Pringles y Crocs!<\/p>\n<p><em>*Im\u00e1genes: cortes\u00eda<\/em><\/p>\n","protected":false},"author":16349,"featured_media":175658,"template":"","format":"standard","categories":[1],"acf":[],"yoast_head":"<!-- This site is optimized with the Yoast SEO Premium plugin v18.5 (Yoast SEO v20.4) - https:\/\/yoast.com\/wordpress\/plugins\/seo\/ -->\n<title>Llega la colecci\u00f3n m\u00e1s sabrosa: Pringles x Crocs<\/title>\n<meta name=\"description\" content=\"Dos marcas ic\u00f3nicas han unido sus fuerzas esta temporada. \u00a1Amantes de la moda y la comida, vayan prepar\u00e1ndose para lucir los nuevos modelos!\" \/>\n<meta name=\"robots\" content=\"index, follow, max-snippet:-1, max-image-preview:large, max-video-preview:-1\" \/>\n<link rel=\"canonical\" href=\"https:\/\/graziamagazine.com\/es\/articles\/llega-la-coleccion-mas-sabrosa-pringles-x-crocs\/\" \/>\n<meta property=\"og:locale\" content=\"es_ES\" \/>\n<meta property=\"og:type\" content=\"article\" \/>\n<meta property=\"og:title\" content=\"Llega la colecci\u00f3n m\u00e1s sabrosa: Pringles x Crocs\" \/>\n<meta property=\"og:description\" content=\"Dos marcas ic\u00f3nicas han unido sus fuerzas esta temporada. \u00a1Amantes de la moda y la comida, vayan prepar\u00e1ndose para lucir los nuevos modelos!\" \/>\n<meta property=\"og:url\" content=\"https:\/\/graziamagazine.com\/es\/articles\/llega-la-coleccion-mas-sabrosa-pringles-x-crocs\/\" \/>\n<meta property=\"og:site_name\" content=\"Grazia\" \/>\n<meta property=\"article:modified_time\" content=\"2024-04-21T20:12:11+00:00\" \/>\n<meta property=\"og:image\" content=\"https:\/\/graziamagazine.com\/es\/wp-content\/uploads\/sites\/12\/2024\/04\/zuecos-pringles-x-crocs-091801.jpg\" \/>\n\t<meta property=\"og:image:width\" content=\"800\" \/>\n\t<meta property=\"og:image:height\" content=\"515\" \/>\n\t<meta property=\"og:image:type\" content=\"image\/jpeg\" \/>\n<meta name=\"twitter:card\" content=\"summary_large_image\" \/>\n<meta name=\"twitter:label1\" content=\"Est. reading time\" \/>\n\t<meta name=\"twitter:data1\" content=\"3 minutos\" \/>\n<script type=\"application\/ld+json\" class=\"yoast-schema-graph\">{\"@context\":\"https:\/\/schema.org\",\"@graph\":[{\"@type\":\"WebPage\",\"@id\":\"https:\/\/graziamagazine.com\/es\/articles\/llega-la-coleccion-mas-sabrosa-pringles-x-crocs\/\",\"url\":\"https:\/\/graziamagazine.com\/es\/articles\/llega-la-coleccion-mas-sabrosa-pringles-x-crocs\/\",\"name\":\"Llega la colecci\u00f3n m\u00e1s sabrosa: Pringles x Crocs\",\"isPartOf\":{\"@id\":\"https:\/\/graziamagazine.com\/es\/#website\"},\"datePublished\":\"2024-04-21T04:40:59+00:00\",\"dateModified\":\"2024-04-21T20:12:11+00:00\",\"description\":\"Dos marcas ic\u00f3nicas han unido sus fuerzas esta temporada. \u00a1Amantes de la moda y la comida, vayan prepar\u00e1ndose para lucir los nuevos modelos!\",\"breadcrumb\":{\"@id\":\"https:\/\/graziamagazine.com\/es\/articles\/llega-la-coleccion-mas-sabrosa-pringles-x-crocs\/#breadcrumb\"},\"inLanguage\":\"es\",\"potentialAction\":[{\"@type\":\"ReadAction\",\"target\":[\"https:\/\/graziamagazine.com\/es\/articles\/llega-la-coleccion-mas-sabrosa-pringles-x-crocs\/\"]}]},{\"@type\":\"BreadcrumbList\",\"@id\":\"https:\/\/graziamagazine.com\/es\/articles\/llega-la-coleccion-mas-sabrosa-pringles-x-crocs\/#breadcrumb\",\"itemListElement\":[{\"@type\":\"ListItem\",\"position\":1,\"name\":\"Portada\",\"item\":\"https:\/\/graziamagazine.com\/es\/\"},{\"@type\":\"ListItem\",\"position\":2,\"name\":\"Llega la colecci\u00f3n m\u00e1s sabrosa: Pringles x Crocs\"}]},{\"@type\":\"WebSite\",\"@id\":\"https:\/\/graziamagazine.com\/es\/#website\",\"url\":\"https:\/\/graziamagazine.com\/es\/\",\"name\":\"Grazia\",\"description\":\"Moda, belleza, celebrities, estilo de vida...\",\"potentialAction\":[{\"@type\":\"SearchAction\",\"target\":{\"@type\":\"EntryPoint\",\"urlTemplate\":\"https:\/\/graziamagazine.com\/es\/?s={search_term_string}\"},\"query-input\":\"required name=search_term_string\"}],\"inLanguage\":\"es\"}]}<\/script>\n<!-- \/ Yoast SEO Premium plugin. -->","yoast_head_json":{"title":"Llega la colecci\u00f3n m\u00e1s sabrosa: Pringles x Crocs","description":"Dos marcas ic\u00f3nicas han unido sus fuerzas esta temporada. \u00a1Amantes de la moda y la comida, vayan prepar\u00e1ndose para lucir los nuevos modelos!","robots":{"index":"index","follow":"follow","max-snippet":"max-snippet:-1","max-image-preview":"max-image-preview:large","max-video-preview":"max-video-preview:-1"},"canonical":"https:\/\/graziamagazine.com\/es\/articles\/llega-la-coleccion-mas-sabrosa-pringles-x-crocs\/","og_locale":"es_ES","og_type":"article","og_title":"Llega la colecci\u00f3n m\u00e1s sabrosa: Pringles x Crocs","og_description":"Dos marcas ic\u00f3nicas han unido sus fuerzas esta temporada. \u00a1Amantes de la moda y la comida, vayan prepar\u00e1ndose para lucir los nuevos modelos!","og_url":"https:\/\/graziamagazine.com\/es\/articles\/llega-la-coleccion-mas-sabrosa-pringles-x-crocs\/","og_site_name":"Grazia","article_modified_time":"2024-04-21T20:12:11+00:00","og_image":[{"width":800,"height":515,"url":"https:\/\/graziamagazine.com\/es\/wp-content\/uploads\/sites\/12\/2024\/04\/zuecos-pringles-x-crocs-091801.jpg","type":"image\/jpeg"}],"twitter_card":"summary_large_image","twitter_misc":{"Est. reading time":"3 minutos"},"schema":{"@context":"https:\/\/schema.org","@graph":[{"@type":"WebPage","@id":"https:\/\/graziamagazine.com\/es\/articles\/llega-la-coleccion-mas-sabrosa-pringles-x-crocs\/","url":"https:\/\/graziamagazine.com\/es\/articles\/llega-la-coleccion-mas-sabrosa-pringles-x-crocs\/","name":"Llega la colecci\u00f3n m\u00e1s sabrosa: Pringles x Crocs","isPartOf":{"@id":"https:\/\/graziamagazine.com\/es\/#website"},"datePublished":"2024-04-21T04:40:59+00:00","dateModified":"2024-04-21T20:12:11+00:00","description":"Dos marcas ic\u00f3nicas han unido sus fuerzas esta temporada. \u00a1Amantes de la moda y la comida, vayan prepar\u00e1ndose para lucir los nuevos modelos!","breadcrumb":{"@id":"https:\/\/graziamagazine.com\/es\/articles\/llega-la-coleccion-mas-sabrosa-pringles-x-crocs\/#breadcrumb"},"inLanguage":"es","potentialAction":[{"@type":"ReadAction","target":["https:\/\/graziamagazine.com\/es\/articles\/llega-la-coleccion-mas-sabrosa-pringles-x-crocs\/"]}]},{"@type":"BreadcrumbList","@id":"https:\/\/graziamagazine.com\/es\/articles\/llega-la-coleccion-mas-sabrosa-pringles-x-crocs\/#breadcrumb","itemListElement":[{"@type":"ListItem","position":1,"name":"Portada","item":"https:\/\/graziamagazine.com\/es\/"},{"@type":"ListItem","position":2,"name":"Llega la colecci\u00f3n m\u00e1s sabrosa: Pringles x Crocs"}]},{"@type":"WebSite","@id":"https:\/\/graziamagazine.com\/es\/#website","url":"https:\/\/graziamagazine.com\/es\/","name":"Grazia","description":"Moda, belleza, celebrities, estilo de vida...","potentialAction":[{"@type":"SearchAction","target":{"@type":"EntryPoint","urlTemplate":"https:\/\/graziamagazine.com\/es\/?s={search_term_string}"},"query-input":"required name=search_term_string"}],"inLanguage":"es"}]}},"jetpack_sharing_enabled":true,"distributor_meta":false,"distributor_terms":false,"distributor_media":false,"distributor_original_site_name":"Grazia","distributor_original_site_url":"https:\/\/graziamagazine.com\/es","push-errors":false,"_links":{"self":[{"href":"https:\/\/graziamagazine.com\/es\/wp-json\/wp\/v2\/articles\/175657"}],"collection":[{"href":"https:\/\/graziamagazine.com\/es\/wp-json\/wp\/v2\/articles"}],"about":[{"href":"https:\/\/graziamagazine.com\/es\/wp-json\/wp\/v2\/types\/articles"}],"author":[{"embeddable":true,"href":"https:\/\/graziamagazine.com\/es\/wp-json\/wp\/v2\/users\/16349"}],"wp:featuredmedia":[{"embeddable":true,"href":"https:\/\/graziamagazine.com\/es\/wp-json\/wp\/v2\/media\/175658"}],"wp:attachment":[{"href":"https:\/\/graziamagazine.com\/es\/wp-json\/wp\/v2\/media?parent=175657"}],"wp:term":[{"taxonomy":"category","embeddable":true,"href":"https:\/\/graziamagazine.com\/es\/wp-json\/wp\/v2\/categories?post=175657"}],"curies":[{"name":"wp","href":"https:\/\/api.w.org\/{rel}","templated":true}]}}