{"id":175560,"date":"2024-04-12T13:45:55","date_gmt":"2024-04-12T11:45:55","guid":{"rendered":"https:\/\/graziamagazine.com\/es\/?post_type=articles&#038;p=175560"},"modified":"2024-04-12T13:45:55","modified_gmt":"2024-04-12T11:45:55","slug":"vestidos-con-falda-globo-el-must-de-la-temporada","status":"publish","type":"articles","link":"https:\/\/graziamagazine.com\/es\/articles\/vestidos-con-falda-globo-el-must-de-la-temporada\/","title":{"rendered":"Vestidos con falda globo, el must de la temporada"},"content":{"rendered":"<div class=\"flex-1 overflow-hidden\">\n<div class=\"react-scroll-to-bottom--css-mkwcu-79elbk h-full\">\n<div class=\"react-scroll-to-bottom--css-mkwcu-1n7m0yu\">\n<div class=\"flex flex-col text-sm pb-9\">\n<div class=\"w-full text-token-text-primary\" data-testid=\"conversation-turn-392\">\n<div class=\"px-4 py-2 justify-center text-base md:gap-6 m-auto\">\n<div class=\"flex flex-1 text-base mx-auto gap-3 md:px-5 lg:px-1 xl:px-5 md:max-w-3xl lg:max-w-[40rem] xl:max-w-[48rem] group final-completion\">\n<div class=\"relative flex w-full flex-col agent-turn\">\n<div class=\"flex-col gap-1 md:gap-3\">\n<div class=\"flex flex-grow flex-col max-w-full\">\n<div class=\"min-h-[20px] text-message flex flex-col items-start gap-3 whitespace-pre-wrap break-words [.text-message+&amp;]:mt-5 overflow-x-auto\" data-message-author-role=\"assistant\" data-message-id=\"e2592347-e5ab-42ac-b58b-20bfa9f781cd\">\n<div class=\"result-streaming markdown prose w-full break-words dark:prose-invert light\">\n<p>Cuando se trata de elegir el vestido perfecto para cualquier ocasi\u00f3n, las firmas de moda han llegado a un consenso: <strong>el vestido con falda globo<\/strong> es la elecci\u00f3n ideal para lucir con estilo y elegancia en cualquier evento.<\/p>\n<p>Esta temporada, esta <strong>prenda vers\u00e1til y favorecedora<\/strong> se ha convertido en un verdadero imprescindible en los armarios de las fashionistas m\u00e1s exigentes.<\/p>\n<figure id=\"attachment_135583\" class=\"wp-caption alignnone\" style=\"width: 683px\" aria-describedby=\"caption-attachment-135583\"><img loading=\"lazy\" decoding=\"async\" class=\"size-large wp-image-135583\" src=\"https:\/\/graziamagazine.com\/mx\/wp-content\/uploads\/sites\/13\/2024\/03\/vestido-globo-bonito-tendencia-verano-1-1658317050-683x1024.jpg\" alt=\"Los vestidos con falda globo se convierten en un must esta temporada\" width=\"683\" height=\"1024\" \/><figcaption id=\"caption-attachment-135583\" class=\"wp-caption-text\">Los vestidos con falda globo se convierten en un must esta temporada<\/figcaption><\/figure>\n<p>Si bien el dise\u00f1o de falda globo ha estado asociado tradicionalmente con eventos formales y cenas de gala, en el 2024 su versatilidad ha capturado la atenci\u00f3n de <strong>dise\u00f1adores y amantes de la moda<\/strong> por igual.<\/p>\n<p>Lo que antes era considerado exclusivo para ocasiones especiales, ahora se ha reinventado como una opci\u00f3n adecuada para <strong>looks casuales<\/strong> y de d\u00eda a d\u00eda.<\/p>\n<div class=\"content-gallery\">\n<div class=\"gallery-placeholder\">\n<div class=\"spinner\"><\/div>\n<\/div>\n<p>&nbsp;<\/p>\n<div id=\"gallery-1\" class=\"gallery galleryid- gallery-columns- gallery-size-\">\n<figure class=\"gallery-item\">\n<div class=\"gallery-icon landscape\"><img loading=\"lazy\" decoding=\"async\" class=\"lazy\" src=\"https:\/\/graziamagazine.com\/mx\/wp-content\/uploads\/sites\/13\/2024\/03\/1710331210-vestido-falda-globo-blanco-zara-65f1951b3e3ac.jpg\" alt=\"\" width=\"850\" height=\"1275\" \/><\/div><figcaption id=\"gallery-1-135585\" class=\"wp-caption-text gallery-caption\">Zara : Vestido mono corto con falda globo<\/figcaption><\/figure>\n<figure class=\"gallery-item\">\n<div class=\"gallery-icon landscape\"><img loading=\"lazy\" decoding=\"async\" class=\"lazy\" src=\"https:\/\/graziamagazine.com\/mx\/wp-content\/uploads\/sites\/13\/2024\/03\/1710331098-vestido-falda-globo-zara-65f1933a926a5.jpg\" alt=\"\" width=\"850\" height=\"1275\" \/><\/div><figcaption id=\"gallery-1-135584\" class=\"wp-caption-text gallery-caption\">Zara : Vestido mono corto con falda globo<\/figcaption><\/figure>\n<\/div>\n<\/div>\n<p>Una de las principales razones por las cuales los vestidos con falda globo est\u00e1n en la cima de la tendencia esta temporada es su capacidad para adaptarse a una amplia gama de estilos y ocasiones.<\/p>\n<p>Desde tonos neutros que ofrecen elegancia y sofisticaci\u00f3n hasta coloridos estampados que a\u00f1aden un toque de diversi\u00f3n y alegr\u00eda, estos vestidos son verdaderamente vers\u00e1tiles y pueden ser adaptados para adaptarse a cualquier <strong>personalidad y gusto.<\/strong><\/p>\n<p>Adem\u00e1s de su versatilidad estil\u00edstica, los vestidos con falda globo tambi\u00e9n ofrecen un alto nivel de comodidad. Gracias a su silueta amplia y fluida, permiten una<strong> total libertad de movimiento<\/strong> sin comprometer el estilo. Ya sea para un d\u00eda de compras con amigas o una cena rom\u00e1ntica, este tipo de vestido te mantendr\u00e1 c\u00f3moda y elegante en todo momento.<\/p>\n<div class=\"content-gallery\">\n<div class=\"gallery-placeholder\">\n<div class=\"spinner\"><\/div>\n<\/div>\n<p>&nbsp;<\/p>\n<div id=\"gallery-2\" class=\"gallery galleryid- gallery-columns- gallery-size-\">\n<figure class=\"gallery-item\">\n<div class=\"gallery-icon landscape\"><img loading=\"lazy\" decoding=\"async\" class=\"lazy\" src=\"https:\/\/graziamagazine.com\/mx\/wp-content\/uploads\/sites\/13\/2024\/03\/1710333448-vestido-falda-globo-ganni-65f19dc950fb9.jpg\" alt=\"\" width=\"980\" height=\"1131\" \/><\/div><figcaption id=\"gallery-2-135586\" class=\"wp-caption-text gallery-caption\">Ganni Vestido corto de tafet\u00e1n con falda globo<\/figcaption><\/figure>\n<figure class=\"gallery-item\">\n<div class=\"gallery-icon landscape\"><img loading=\"lazy\" decoding=\"async\" class=\"lazy\" src=\"https:\/\/graziamagazine.com\/mx\/wp-content\/uploads\/sites\/13\/2024\/03\/1710334861-vestido-falda-globo-mango-65f1a34b44d6e.jpg\" alt=\"\" width=\"924\" height=\"1240\" \/><\/div><figcaption id=\"gallery-2-135587\" class=\"wp-caption-text gallery-caption\">Mango : Vestido con falda globo<\/figcaption><\/figure>\n<\/div>\n<\/div>\n<p>Las pasarelas de moda de todo el mundo han sido testigos del resurgimiento de los vestidos con falda globo como una tendencia dominante para esta temporada.<\/p>\n<p>Una de las mejores cosas de los vestidos con falda globo es que son incre\u00edblemente <strong>f\u00e1ciles de combinar.<\/strong> Puedes optar por un <strong>estilo m\u00e1s casual<\/strong> con zapatillas blancas y una chaqueta de mezclilla, o <strong>elevarlo a un look m\u00e1s elegante<\/strong> con tacones y accesorios llamativos.<\/p>\n<p>La clave est\u00e1 en jugar con los contrastes y encontrar el equilibrio perfecto entre comodidad y estilo.<\/p>\n<p><em>*Im\u00e1genes: Getty Images<\/em><\/p>\n<\/div>\n<\/div>\n<\/div>\n<\/div>\n<\/div>\n<\/div>\n<\/div>\n<\/div>\n<\/div>\n<\/div>\n<\/div>\n<\/div>\n<div class=\"w-full pt-2 md:pt-0 dark:border-white\/20 md:border-transparent md:dark:border-transparent md:w-[calc(100%-.5rem)]\">\n<div class=\"relative flex h-full flex-1 flex-col\">\n<div class=\"flex w-full items-center\"><\/div>\n<\/div>\n<\/div>\n","protected":false},"author":16349,"featured_media":175564,"template":"","format":"standard","categories":[1],"acf":[],"yoast_head":"<!-- This site is optimized with the Yoast SEO Premium plugin v18.5 (Yoast SEO v20.4) - https:\/\/yoast.com\/wordpress\/plugins\/seo\/ -->\n<title>Vestidos con falda globo, el must de la temporada<\/title>\n<meta name=\"description\" content=\"La tendencia de la \u2018bubble skirt\u2019 est\u00e1 de regreso, por lo que esta temporada apuesta por esta prenda para darle un giro a tus looks.\" \/>\n<meta name=\"robots\" content=\"index, follow, max-snippet:-1, max-image-preview:large, max-video-preview:-1\" \/>\n<link rel=\"canonical\" href=\"https:\/\/graziamagazine.com\/es\/articles\/vestidos-con-falda-globo-el-must-de-la-temporada\/\" \/>\n<meta property=\"og:locale\" content=\"es_ES\" \/>\n<meta property=\"og:type\" content=\"article\" \/>\n<meta property=\"og:title\" content=\"Vestidos con falda globo, el must de la temporada\" \/>\n<meta property=\"og:description\" content=\"La tendencia de la \u2018bubble skirt\u2019 est\u00e1 de regreso, por lo que esta temporada apuesta por esta prenda para darle un giro a tus looks.\" \/>\n<meta property=\"og:url\" content=\"https:\/\/graziamagazine.com\/es\/articles\/vestidos-con-falda-globo-el-must-de-la-temporada\/\" \/>\n<meta property=\"og:site_name\" content=\"Grazia\" \/>\n<meta property=\"og:image\" content=\"https:\/\/graziamagazine.com\/es\/wp-content\/uploads\/sites\/12\/2024\/04\/GettyImages-1610173175-copia-2.jpg\" \/>\n\t<meta property=\"og:image:width\" content=\"2221\" \/>\n\t<meta property=\"og:image:height\" content=\"1817\" \/>\n\t<meta property=\"og:image:type\" content=\"image\/jpeg\" \/>\n<meta name=\"twitter:card\" content=\"summary_large_image\" \/>\n<meta name=\"twitter:label1\" content=\"Est. reading time\" \/>\n\t<meta name=\"twitter:data1\" content=\"3 minutos\" \/>\n<script type=\"application\/ld+json\" class=\"yoast-schema-graph\">{\"@context\":\"https:\/\/schema.org\",\"@graph\":[{\"@type\":\"WebPage\",\"@id\":\"https:\/\/graziamagazine.com\/es\/articles\/vestidos-con-falda-globo-el-must-de-la-temporada\/\",\"url\":\"https:\/\/graziamagazine.com\/es\/articles\/vestidos-con-falda-globo-el-must-de-la-temporada\/\",\"name\":\"Vestidos con falda globo, el must de la temporada\",\"isPartOf\":{\"@id\":\"https:\/\/graziamagazine.com\/es\/#website\"},\"datePublished\":\"2024-04-12T11:45:55+00:00\",\"dateModified\":\"2024-04-12T11:45:55+00:00\",\"description\":\"La tendencia de la \u2018bubble skirt\u2019 est\u00e1 de regreso, por lo que esta temporada apuesta por esta prenda para darle un giro a tus looks.\",\"breadcrumb\":{\"@id\":\"https:\/\/graziamagazine.com\/es\/articles\/vestidos-con-falda-globo-el-must-de-la-temporada\/#breadcrumb\"},\"inLanguage\":\"es\",\"potentialAction\":[{\"@type\":\"ReadAction\",\"target\":[\"https:\/\/graziamagazine.com\/es\/articles\/vestidos-con-falda-globo-el-must-de-la-temporada\/\"]}]},{\"@type\":\"BreadcrumbList\",\"@id\":\"https:\/\/graziamagazine.com\/es\/articles\/vestidos-con-falda-globo-el-must-de-la-temporada\/#breadcrumb\",\"itemListElement\":[{\"@type\":\"ListItem\",\"position\":1,\"name\":\"Portada\",\"item\":\"https:\/\/graziamagazine.com\/es\/\"},{\"@type\":\"ListItem\",\"position\":2,\"name\":\"Vestidos con falda globo, el must de la temporada\"}]},{\"@type\":\"WebSite\",\"@id\":\"https:\/\/graziamagazine.com\/es\/#website\",\"url\":\"https:\/\/graziamagazine.com\/es\/\",\"name\":\"Grazia\",\"description\":\"Moda, belleza, celebrities, estilo de vida...\",\"potentialAction\":[{\"@type\":\"SearchAction\",\"target\":{\"@type\":\"EntryPoint\",\"urlTemplate\":\"https:\/\/graziamagazine.com\/es\/?s={search_term_string}\"},\"query-input\":\"required name=search_term_string\"}],\"inLanguage\":\"es\"}]}<\/script>\n<!-- \/ Yoast SEO Premium plugin. -->","yoast_head_json":{"title":"Vestidos con falda globo, el must de la temporada","description":"La tendencia de la \u2018bubble skirt\u2019 est\u00e1 de regreso, por lo que esta temporada apuesta por esta prenda para darle un giro a tus looks.","robots":{"index":"index","follow":"follow","max-snippet":"max-snippet:-1","max-image-preview":"max-image-preview:large","max-video-preview":"max-video-preview:-1"},"canonical":"https:\/\/graziamagazine.com\/es\/articles\/vestidos-con-falda-globo-el-must-de-la-temporada\/","og_locale":"es_ES","og_type":"article","og_title":"Vestidos con falda globo, el must de la temporada","og_description":"La tendencia de la \u2018bubble skirt\u2019 est\u00e1 de regreso, por lo que esta temporada apuesta por esta prenda para darle un giro a tus looks.","og_url":"https:\/\/graziamagazine.com\/es\/articles\/vestidos-con-falda-globo-el-must-de-la-temporada\/","og_site_name":"Grazia","og_image":[{"width":2221,"height":1817,"url":"https:\/\/graziamagazine.com\/es\/wp-content\/uploads\/sites\/12\/2024\/04\/GettyImages-1610173175-copia-2.jpg","type":"image\/jpeg"}],"twitter_card":"summary_large_image","twitter_misc":{"Est. reading time":"3 minutos"},"schema":{"@context":"https:\/\/schema.org","@graph":[{"@type":"WebPage","@id":"https:\/\/graziamagazine.com\/es\/articles\/vestidos-con-falda-globo-el-must-de-la-temporada\/","url":"https:\/\/graziamagazine.com\/es\/articles\/vestidos-con-falda-globo-el-must-de-la-temporada\/","name":"Vestidos con falda globo, el must de la temporada","isPartOf":{"@id":"https:\/\/graziamagazine.com\/es\/#website"},"datePublished":"2024-04-12T11:45:55+00:00","dateModified":"2024-04-12T11:45:55+00:00","description":"La tendencia de la \u2018bubble skirt\u2019 est\u00e1 de regreso, por lo que esta temporada apuesta por esta prenda para darle un giro a tus looks.","breadcrumb":{"@id":"https:\/\/graziamagazine.com\/es\/articles\/vestidos-con-falda-globo-el-must-de-la-temporada\/#breadcrumb"},"inLanguage":"es","potentialAction":[{"@type":"ReadAction","target":["https:\/\/graziamagazine.com\/es\/articles\/vestidos-con-falda-globo-el-must-de-la-temporada\/"]}]},{"@type":"BreadcrumbList","@id":"https:\/\/graziamagazine.com\/es\/articles\/vestidos-con-falda-globo-el-must-de-la-temporada\/#breadcrumb","itemListElement":[{"@type":"ListItem","position":1,"name":"Portada","item":"https:\/\/graziamagazine.com\/es\/"},{"@type":"ListItem","position":2,"name":"Vestidos con falda globo, el must de la temporada"}]},{"@type":"WebSite","@id":"https:\/\/graziamagazine.com\/es\/#website","url":"https:\/\/graziamagazine.com\/es\/","name":"Grazia","description":"Moda, belleza, celebrities, estilo de vida...","potentialAction":[{"@type":"SearchAction","target":{"@type":"EntryPoint","urlTemplate":"https:\/\/graziamagazine.com\/es\/?s={search_term_string}"},"query-input":"required name=search_term_string"}],"inLanguage":"es"}]}},"jetpack_sharing_enabled":true,"distributor_meta":false,"distributor_terms":false,"distributor_media":false,"distributor_original_site_name":"Grazia","distributor_original_site_url":"https:\/\/graziamagazine.com\/es","push-errors":false,"_links":{"self":[{"href":"https:\/\/graziamagazine.com\/es\/wp-json\/wp\/v2\/articles\/175560"}],"collection":[{"href":"https:\/\/graziamagazine.com\/es\/wp-json\/wp\/v2\/articles"}],"about":[{"href":"https:\/\/graziamagazine.com\/es\/wp-json\/wp\/v2\/types\/articles"}],"author":[{"embeddable":true,"href":"https:\/\/graziamagazine.com\/es\/wp-json\/wp\/v2\/users\/16349"}],"wp:featuredmedia":[{"embeddable":true,"href":"https:\/\/graziamagazine.com\/es\/wp-json\/wp\/v2\/media\/175564"}],"wp:attachment":[{"href":"https:\/\/graziamagazine.com\/es\/wp-json\/wp\/v2\/media?parent=175560"}],"wp:term":[{"taxonomy":"category","embeddable":true,"href":"https:\/\/graziamagazine.com\/es\/wp-json\/wp\/v2\/categories?post=175560"}],"curies":[{"name":"wp","href":"https:\/\/api.w.org\/{rel}","templated":true}]}}