{"id":175504,"date":"2024-04-11T09:00:56","date_gmt":"2024-04-11T07:00:56","guid":{"rendered":"https:\/\/graziamagazine.com\/es\/?post_type=articles&#038;p=175504"},"modified":"2024-04-11T17:04:17","modified_gmt":"2024-04-11T15:04:17","slug":"el-producto-beauty-que-comparten-laura-escanes-eugenia-osborne-y-andre-duro-para-corregir-las-manchas-de-la-piel","status":"publish","type":"articles","link":"https:\/\/graziamagazine.com\/es\/articles\/el-producto-beauty-que-comparten-laura-escanes-eugenia-osborne-y-andre-duro-para-corregir-las-manchas-de-la-piel\/","title":{"rendered":"El producto beauty que comparten Laura Escanes, Eugenia Osborne y Andrea Duro para corregir las manchas de la piel"},"content":{"rendered":"<p>Una larga lista de productos son los que forman la rutina diaria de cuidado facial de miles de mujeres. Sin embargo, hay ciertos cosm\u00e9ticos clave que son los verdaderos imprescindibles a la hora de elegir, esos que ser\u00edan los esenciales por su eficacia y su importancia dentro de la rutina. Del limpiador facial a la protecci\u00f3n solar, sin olvidarse del s\u00e9rum, el producto cuyos activos s\u00faper concentrados son los que mejor penetran en la piel.<\/p>\n<p>Las i<em>nfluencers<\/em>, al igual que todas las mujeres, tienen muy en cuenta la experiencia y la calidad de un producto a la hora de a\u00f1adirlo a su rutina de cuidado de la piel, y m\u00e1s si es de la marca m\u00e1s recomendada por dermat\u00f3logos en todo el mundo, La Roche Posay. Siendo as\u00ed el caso de la influencer <span class=\"marka90xqe184\" data-markjs=\"true\" data-ogac=\"\" data-ogab=\"\" data-ogsc=\"\" data-ogsb=\"\">Laura<\/span> <span class=\"markuuiiz11gt\" data-markjs=\"true\" data-ogac=\"\" data-ogab=\"\" data-ogsc=\"\" data-ogsb=\"\">Escanes<\/span>, en quien no quitamos el ojo para fichar las \u00faltimas tendencias de belleza para el cuidado de la piel, que compart\u00eda ayer por stories su \u00faltima incorporaci\u00f3n para combatir las manchas, <strong>el s\u00e9rum Mela B3 de La Roche Posay<\/strong>.<\/p>\n<blockquote><p>Con una nueva mol\u00e9cula, este s\u00e9rum se presenta como la soluci\u00f3n perfecta para conseguir un tono uniforme en todo tipo de pieles (incluso las m\u00e1s sensibles)<\/p><\/blockquote>\n<p><img loading=\"lazy\" decoding=\"async\" class=\"aligncenter size-full wp-image-175509\" src=\"https:\/\/graziamagazine.com\/es\/wp-content\/uploads\/sites\/12\/2024\/04\/NdP_IMAGEN_INTERIOR_7.jpg\" alt=\"\" width=\"900\" height=\"1350\" srcset=\"https:\/\/graziamagazine.com\/es\/wp-content\/uploads\/sites\/12\/2024\/04\/NdP_IMAGEN_INTERIOR_7.jpg 900w, https:\/\/graziamagazine.com\/es\/wp-content\/uploads\/sites\/12\/2024\/04\/NdP_IMAGEN_INTERIOR_7-200x300.jpg 200w, https:\/\/graziamagazine.com\/es\/wp-content\/uploads\/sites\/12\/2024\/04\/NdP_IMAGEN_INTERIOR_7-683x1024.jpg 683w, https:\/\/graziamagazine.com\/es\/wp-content\/uploads\/sites\/12\/2024\/04\/NdP_IMAGEN_INTERIOR_7-768x1152.jpg 768w, https:\/\/graziamagazine.com\/es\/wp-content\/uploads\/sites\/12\/2024\/04\/NdP_IMAGEN_INTERIOR_7-400x600.jpg 400w, https:\/\/graziamagazine.com\/es\/wp-content\/uploads\/sites\/12\/2024\/04\/NdP_IMAGEN_INTERIOR_7-143x215.jpg 143w\" sizes=\"(max-width: 900px) 100vw, 900px\" \/><\/p>\n<h3>OTRAS CELEBS QUE han ca\u00eddo rendidas<\/h3>\n<p>Pero Laura Escanes no es la \u00fanica que ha sucumbido a esta novedad \u00fanica del mercado. Muchos rostros conocidos se dieron cita en Madrid en una fiesta que celebraba este lanzamiento por todo lo alto.<\/p>\n<p><span class=\"mark6jnkz2osr\" data-markjs=\"true\" data-ogac=\"\" data-ogab=\"\" data-ogsc=\"\" data-ogsb=\"\">La<\/span> celebraci\u00f3n tuvo lugar en un entorno \u00fanico en el centro de Madrid, Fitz Club, con m\u00e1s de 300 invitados entre los que destacaba <span class=\"mark6jnkz2osr\" data-markjs=\"true\" data-ogac=\"\" data-ogab=\"\" data-ogsc=\"\" data-ogsb=\"\">la<\/span> presencia de nombre s\u00faper conocidos como Eugenia Osborne, Maril\u00f3 Montero, Lydia Bosch, Mar\u00eda G. de Jaime, Tom\u00e1s P\u00e1ramo, Marta D\u00edaz, Pablo Castellano y Andrea Duro, entre otros. Adem\u00e1s, nos dejaron un buen n\u00famero de estilismos para inspirarnos esta primavera, con el color violeta como protagonista, el mismo del nuevo Mela B3.<\/p>\n<div class=\"content-gallery\"><div class=\"gallery-placeholder\"><div class=\"spinner\"><\/div><\/div><span class=\"gallery-pagination\"><\/span><div id=\"gallery-1\" class=\"gallery galleryid-175504 gallery-columns- gallery-size-\"><figure class=\"gallery-item\"><div class=\"gallery-icon landscape\"><img loading=\"lazy\" decoding=\"async\" width=\"1220\" height=\"1627\" src=\"https:\/\/graziamagazine.com\/es\/wp-content\/uploads\/sites\/12\/2024\/04\/f.elconfidencial.com_original_d7b_144_4b4_d7b1444b4a2de35346b8a40dd47cca8c-1.jpg\" class=\"lazy\" alt=\"\" srcset=\"https:\/\/graziamagazine.com\/es\/wp-content\/uploads\/sites\/12\/2024\/04\/f.elconfidencial.com_original_d7b_144_4b4_d7b1444b4a2de35346b8a40dd47cca8c-1.jpg 1220w, https:\/\/graziamagazine.com\/es\/wp-content\/uploads\/sites\/12\/2024\/04\/f.elconfidencial.com_original_d7b_144_4b4_d7b1444b4a2de35346b8a40dd47cca8c-1-225x300.jpg 225w, https:\/\/graziamagazine.com\/es\/wp-content\/uploads\/sites\/12\/2024\/04\/f.elconfidencial.com_original_d7b_144_4b4_d7b1444b4a2de35346b8a40dd47cca8c-1-768x1024.jpg 768w, https:\/\/graziamagazine.com\/es\/wp-content\/uploads\/sites\/12\/2024\/04\/f.elconfidencial.com_original_d7b_144_4b4_d7b1444b4a2de35346b8a40dd47cca8c-1-1152x1536.jpg 1152w, https:\/\/graziamagazine.com\/es\/wp-content\/uploads\/sites\/12\/2024\/04\/f.elconfidencial.com_original_d7b_144_4b4_d7b1444b4a2de35346b8a40dd47cca8c-1-400x533.jpg 400w, https:\/\/graziamagazine.com\/es\/wp-content\/uploads\/sites\/12\/2024\/04\/f.elconfidencial.com_original_d7b_144_4b4_d7b1444b4a2de35346b8a40dd47cca8c-1-155x207.jpg 155w\" sizes=\"(max-width: 1220px) 100vw, 1220px\" \/><\/div><figcaption class=\"wp-caption-text gallery-caption\" id=\"gallery-1-175547\">Eugenia Osborne en la 'Mela Party'<\/figcaption><\/figure><figure class=\"gallery-item\"><div class=\"gallery-icon landscape\"><img loading=\"lazy\" decoding=\"async\" width=\"1220\" height=\"1627\" src=\"https:\/\/graziamagazine.com\/es\/wp-content\/uploads\/sites\/12\/2024\/04\/f.elconfidencial.com_original_3dd_548_faa_3dd548faa695e95eeb0f96c3e47d5360.jpg\" class=\"lazy\" alt=\"\" srcset=\"https:\/\/graziamagazine.com\/es\/wp-content\/uploads\/sites\/12\/2024\/04\/f.elconfidencial.com_original_3dd_548_faa_3dd548faa695e95eeb0f96c3e47d5360.jpg 1220w, https:\/\/graziamagazine.com\/es\/wp-content\/uploads\/sites\/12\/2024\/04\/f.elconfidencial.com_original_3dd_548_faa_3dd548faa695e95eeb0f96c3e47d5360-225x300.jpg 225w, https:\/\/graziamagazine.com\/es\/wp-content\/uploads\/sites\/12\/2024\/04\/f.elconfidencial.com_original_3dd_548_faa_3dd548faa695e95eeb0f96c3e47d5360-768x1024.jpg 768w, https:\/\/graziamagazine.com\/es\/wp-content\/uploads\/sites\/12\/2024\/04\/f.elconfidencial.com_original_3dd_548_faa_3dd548faa695e95eeb0f96c3e47d5360-1152x1536.jpg 1152w, https:\/\/graziamagazine.com\/es\/wp-content\/uploads\/sites\/12\/2024\/04\/f.elconfidencial.com_original_3dd_548_faa_3dd548faa695e95eeb0f96c3e47d5360-400x533.jpg 400w, https:\/\/graziamagazine.com\/es\/wp-content\/uploads\/sites\/12\/2024\/04\/f.elconfidencial.com_original_3dd_548_faa_3dd548faa695e95eeb0f96c3e47d5360-155x207.jpg 155w\" sizes=\"(max-width: 1220px) 100vw, 1220px\" \/><\/div><figcaption class=\"wp-caption-text gallery-caption\" id=\"gallery-1-175543\">Andrea Duro en la 'Mela Party'<\/figcaption><\/figure><figure class=\"gallery-item\"><div class=\"gallery-icon landscape\"><img loading=\"lazy\" decoding=\"async\" width=\"1220\" height=\"1627\" src=\"https:\/\/graziamagazine.com\/es\/wp-content\/uploads\/sites\/12\/2024\/04\/f.elconfidencial.com_original_0fa_997_1a9_0fa9971a9e1e4cdfadca833b1ca64df5.jpg\" class=\"lazy\" alt=\"\" srcset=\"https:\/\/graziamagazine.com\/es\/wp-content\/uploads\/sites\/12\/2024\/04\/f.elconfidencial.com_original_0fa_997_1a9_0fa9971a9e1e4cdfadca833b1ca64df5.jpg 1220w, https:\/\/graziamagazine.com\/es\/wp-content\/uploads\/sites\/12\/2024\/04\/f.elconfidencial.com_original_0fa_997_1a9_0fa9971a9e1e4cdfadca833b1ca64df5-225x300.jpg 225w, https:\/\/graziamagazine.com\/es\/wp-content\/uploads\/sites\/12\/2024\/04\/f.elconfidencial.com_original_0fa_997_1a9_0fa9971a9e1e4cdfadca833b1ca64df5-768x1024.jpg 768w, https:\/\/graziamagazine.com\/es\/wp-content\/uploads\/sites\/12\/2024\/04\/f.elconfidencial.com_original_0fa_997_1a9_0fa9971a9e1e4cdfadca833b1ca64df5-1152x1536.jpg 1152w, https:\/\/graziamagazine.com\/es\/wp-content\/uploads\/sites\/12\/2024\/04\/f.elconfidencial.com_original_0fa_997_1a9_0fa9971a9e1e4cdfadca833b1ca64df5-400x533.jpg 400w, https:\/\/graziamagazine.com\/es\/wp-content\/uploads\/sites\/12\/2024\/04\/f.elconfidencial.com_original_0fa_997_1a9_0fa9971a9e1e4cdfadca833b1ca64df5-155x207.jpg 155w\" sizes=\"(max-width: 1220px) 100vw, 1220px\" \/><\/div><figcaption class=\"wp-caption-text gallery-caption\" id=\"gallery-1-175544\">Lydia Bosch en la 'Mela Party'<\/figcaption><\/figure><figure class=\"gallery-item\"><div class=\"gallery-icon landscape\"><img loading=\"lazy\" decoding=\"async\" width=\"1220\" height=\"1627\" src=\"https:\/\/graziamagazine.com\/es\/wp-content\/uploads\/sites\/12\/2024\/04\/f.elconfidencial.com_original_80f_a7c_632_80fa7c63237cd1c471834a2f3f7e8cd9.jpg\" class=\"lazy\" alt=\"\" srcset=\"https:\/\/graziamagazine.com\/es\/wp-content\/uploads\/sites\/12\/2024\/04\/f.elconfidencial.com_original_80f_a7c_632_80fa7c63237cd1c471834a2f3f7e8cd9.jpg 1220w, https:\/\/graziamagazine.com\/es\/wp-content\/uploads\/sites\/12\/2024\/04\/f.elconfidencial.com_original_80f_a7c_632_80fa7c63237cd1c471834a2f3f7e8cd9-225x300.jpg 225w, https:\/\/graziamagazine.com\/es\/wp-content\/uploads\/sites\/12\/2024\/04\/f.elconfidencial.com_original_80f_a7c_632_80fa7c63237cd1c471834a2f3f7e8cd9-768x1024.jpg 768w, https:\/\/graziamagazine.com\/es\/wp-content\/uploads\/sites\/12\/2024\/04\/f.elconfidencial.com_original_80f_a7c_632_80fa7c63237cd1c471834a2f3f7e8cd9-1152x1536.jpg 1152w, https:\/\/graziamagazine.com\/es\/wp-content\/uploads\/sites\/12\/2024\/04\/f.elconfidencial.com_original_80f_a7c_632_80fa7c63237cd1c471834a2f3f7e8cd9-400x533.jpg 400w, https:\/\/graziamagazine.com\/es\/wp-content\/uploads\/sites\/12\/2024\/04\/f.elconfidencial.com_original_80f_a7c_632_80fa7c63237cd1c471834a2f3f7e8cd9-155x207.jpg 155w\" sizes=\"(max-width: 1220px) 100vw, 1220px\" \/><\/div><figcaption class=\"wp-caption-text gallery-caption\" id=\"gallery-1-175545\">Maril\u00f3 Montero en la 'Mela Party'<\/figcaption><\/figure><figure class=\"gallery-item\"><div class=\"gallery-icon landscape\"><img loading=\"lazy\" decoding=\"async\" width=\"1220\" height=\"1627\" src=\"https:\/\/graziamagazine.com\/es\/wp-content\/uploads\/sites\/12\/2024\/04\/f.elconfidencial.com_original_2ab_584_0da_2ab5840da5b2fd7120edc87898684bde-1.jpg\" class=\"lazy\" alt=\"\" srcset=\"https:\/\/graziamagazine.com\/es\/wp-content\/uploads\/sites\/12\/2024\/04\/f.elconfidencial.com_original_2ab_584_0da_2ab5840da5b2fd7120edc87898684bde-1.jpg 1220w, https:\/\/graziamagazine.com\/es\/wp-content\/uploads\/sites\/12\/2024\/04\/f.elconfidencial.com_original_2ab_584_0da_2ab5840da5b2fd7120edc87898684bde-1-225x300.jpg 225w, https:\/\/graziamagazine.com\/es\/wp-content\/uploads\/sites\/12\/2024\/04\/f.elconfidencial.com_original_2ab_584_0da_2ab5840da5b2fd7120edc87898684bde-1-768x1024.jpg 768w, https:\/\/graziamagazine.com\/es\/wp-content\/uploads\/sites\/12\/2024\/04\/f.elconfidencial.com_original_2ab_584_0da_2ab5840da5b2fd7120edc87898684bde-1-1152x1536.jpg 1152w, https:\/\/graziamagazine.com\/es\/wp-content\/uploads\/sites\/12\/2024\/04\/f.elconfidencial.com_original_2ab_584_0da_2ab5840da5b2fd7120edc87898684bde-1-400x533.jpg 400w, https:\/\/graziamagazine.com\/es\/wp-content\/uploads\/sites\/12\/2024\/04\/f.elconfidencial.com_original_2ab_584_0da_2ab5840da5b2fd7120edc87898684bde-1-155x207.jpg 155w\" sizes=\"(max-width: 1220px) 100vw, 1220px\" \/><\/div><figcaption class=\"wp-caption-text gallery-caption\" id=\"gallery-1-175546\">Bel\u00e9n Cuesta en la 'Mela Party'<\/figcaption><\/figure><figure class=\"gallery-item\"><div class=\"gallery-icon landscape\"><img loading=\"lazy\" decoding=\"async\" width=\"1220\" height=\"1627\" src=\"https:\/\/graziamagazine.com\/es\/wp-content\/uploads\/sites\/12\/2024\/04\/f.elconfidencial.com_original_70f_7b4_956_70f7b495680b8c2bcf3ec59f40ae693e.jpg\" class=\"lazy\" alt=\"\" srcset=\"https:\/\/graziamagazine.com\/es\/wp-content\/uploads\/sites\/12\/2024\/04\/f.elconfidencial.com_original_70f_7b4_956_70f7b495680b8c2bcf3ec59f40ae693e.jpg 1220w, https:\/\/graziamagazine.com\/es\/wp-content\/uploads\/sites\/12\/2024\/04\/f.elconfidencial.com_original_70f_7b4_956_70f7b495680b8c2bcf3ec59f40ae693e-225x300.jpg 225w, https:\/\/graziamagazine.com\/es\/wp-content\/uploads\/sites\/12\/2024\/04\/f.elconfidencial.com_original_70f_7b4_956_70f7b495680b8c2bcf3ec59f40ae693e-768x1024.jpg 768w, https:\/\/graziamagazine.com\/es\/wp-content\/uploads\/sites\/12\/2024\/04\/f.elconfidencial.com_original_70f_7b4_956_70f7b495680b8c2bcf3ec59f40ae693e-1152x1536.jpg 1152w, https:\/\/graziamagazine.com\/es\/wp-content\/uploads\/sites\/12\/2024\/04\/f.elconfidencial.com_original_70f_7b4_956_70f7b495680b8c2bcf3ec59f40ae693e-400x533.jpg 400w, https:\/\/graziamagazine.com\/es\/wp-content\/uploads\/sites\/12\/2024\/04\/f.elconfidencial.com_original_70f_7b4_956_70f7b495680b8c2bcf3ec59f40ae693e-155x207.jpg 155w\" sizes=\"(max-width: 1220px) 100vw, 1220px\" \/><\/div><figcaption class=\"wp-caption-text gallery-caption\" id=\"gallery-1-175548\">Tom\u00e1s P\u00e1ramo y Mar\u00eda G. de Jaime en la 'Mela Party'<\/figcaption><\/figure><figure class=\"gallery-item\"><div class=\"gallery-icon landscape\"><img loading=\"lazy\" decoding=\"async\" width=\"1220\" height=\"1627\" src=\"https:\/\/graziamagazine.com\/es\/wp-content\/uploads\/sites\/12\/2024\/04\/f.elconfidencial.com_original_0bc_60f_aa7_0bc60faa7bc214d64785fe5789d32427.jpg\" class=\"lazy\" alt=\"\" srcset=\"https:\/\/graziamagazine.com\/es\/wp-content\/uploads\/sites\/12\/2024\/04\/f.elconfidencial.com_original_0bc_60f_aa7_0bc60faa7bc214d64785fe5789d32427.jpg 1220w, https:\/\/graziamagazine.com\/es\/wp-content\/uploads\/sites\/12\/2024\/04\/f.elconfidencial.com_original_0bc_60f_aa7_0bc60faa7bc214d64785fe5789d32427-225x300.jpg 225w, https:\/\/graziamagazine.com\/es\/wp-content\/uploads\/sites\/12\/2024\/04\/f.elconfidencial.com_original_0bc_60f_aa7_0bc60faa7bc214d64785fe5789d32427-768x1024.jpg 768w, https:\/\/graziamagazine.com\/es\/wp-content\/uploads\/sites\/12\/2024\/04\/f.elconfidencial.com_original_0bc_60f_aa7_0bc60faa7bc214d64785fe5789d32427-1152x1536.jpg 1152w, https:\/\/graziamagazine.com\/es\/wp-content\/uploads\/sites\/12\/2024\/04\/f.elconfidencial.com_original_0bc_60f_aa7_0bc60faa7bc214d64785fe5789d32427-400x533.jpg 400w, https:\/\/graziamagazine.com\/es\/wp-content\/uploads\/sites\/12\/2024\/04\/f.elconfidencial.com_original_0bc_60f_aa7_0bc60faa7bc214d64785fe5789d32427-155x207.jpg 155w\" sizes=\"(max-width: 1220px) 100vw, 1220px\" \/><\/div><figcaption class=\"wp-caption-text gallery-caption\" id=\"gallery-1-175549\">Marta D\u00edaz en la 'Mela Party'<\/figcaption><\/figure><\/div><\/div>\n<h3>As\u00ed es el s\u00e9rum Mela B3<\/h3>\n<p>Ahora que las manchas representan una preocupaci\u00f3n muy com\u00fan para aproximadamente la mitad de la poblaci\u00f3n, la b\u00fasqueda de soluciones efectivas y seguras se ha convertido en una prioridad. La Roche Posay, la marca m\u00e1s recomendada por dermat\u00f3logos en todo el mundo, lanza su \u00faltima innovaci\u00f3n que se convertir\u00e1 en el nuevo <em>must<\/em> de la rutina diaria: el s\u00e9rum Mela B3.<\/p>\n<p>Un s\u00e9rum revolucionario, fruto de 18 a\u00f1os de investigaci\u00f3n, que aborda de manera integral el proceso de formaci\u00f3n de manchas cut\u00e1neas, marcando un hito en la dermatolog\u00eda y la cosm\u00e9tica. Tal y como explica Deborah Garc\u00eda Bello, una de las voces expertas de La Roche Posay para el lanzamiento de <strong>Mela B3, se trata de una f\u00f3rmula \u00fanica con la mol\u00e9cula multi patentada Melasyl\u2122 que ofrece una soluci\u00f3n completa para combatir las hiperpigmentaciones de la piel.<\/strong> Melasyl\u2122 act\u00faa qu\u00edmicamente bloqueando la ruta de formaci\u00f3n de melanina, evitando as\u00ed la aparici\u00f3n de nuevas manchas y promoviendo una piel m\u00e1s luminosa y uniforme.<\/p>\n<div class=\"x_ed-block x_ed-block-c065ffd1-d58c-472d-8cd1-d745e3834fa2\"><img loading=\"lazy\" decoding=\"async\" class=\"aligncenter size-full wp-image-175510\" src=\"https:\/\/graziamagazine.com\/es\/wp-content\/uploads\/sites\/12\/2024\/04\/LaRochePosay_SerumMelaB3_53E-e1712785572901.jpg\" alt=\"\" width=\"1900\" height=\"1384\" srcset=\"https:\/\/graziamagazine.com\/es\/wp-content\/uploads\/sites\/12\/2024\/04\/LaRochePosay_SerumMelaB3_53E-e1712785572901.jpg 1900w, https:\/\/graziamagazine.com\/es\/wp-content\/uploads\/sites\/12\/2024\/04\/LaRochePosay_SerumMelaB3_53E-e1712785572901-300x219.jpg 300w, https:\/\/graziamagazine.com\/es\/wp-content\/uploads\/sites\/12\/2024\/04\/LaRochePosay_SerumMelaB3_53E-e1712785572901-1024x746.jpg 1024w, https:\/\/graziamagazine.com\/es\/wp-content\/uploads\/sites\/12\/2024\/04\/LaRochePosay_SerumMelaB3_53E-e1712785572901-768x559.jpg 768w, https:\/\/graziamagazine.com\/es\/wp-content\/uploads\/sites\/12\/2024\/04\/LaRochePosay_SerumMelaB3_53E-e1712785572901-1536x1119.jpg 1536w, https:\/\/graziamagazine.com\/es\/wp-content\/uploads\/sites\/12\/2024\/04\/LaRochePosay_SerumMelaB3_53E-e1712785572901-400x291.jpg 400w, https:\/\/graziamagazine.com\/es\/wp-content\/uploads\/sites\/12\/2024\/04\/LaRochePosay_SerumMelaB3_53E-e1712785572901-155x113.jpg 155w\" sizes=\"(max-width: 1900px) 100vw, 1900px\" \/><\/div>\n<p>Adem\u00e1s de Melasyl\u2122, el s\u00e9rum Mela B3 <strong>contiene niacinamida al 10%, retinol y otros activos despigmentantes y antiedad,<\/strong> ofreciendo una potente combinaci\u00f3n para combatir las manchas y mejorar la textura y calidad de la piel. Su precio es de 53,30 euros.<\/p>\n<p><em>*Im\u00e1genes: Instagram, Gtres y cortes\u00eda de la marca<\/em><\/p>\n","protected":false},"author":11653,"featured_media":175511,"template":"","format":"standard","categories":[7],"acf":[],"yoast_head":"<!-- This site is optimized with the Yoast SEO Premium plugin v18.5 (Yoast SEO v20.4) - https:\/\/yoast.com\/wordpress\/plugins\/seo\/ -->\n<title>El producto favorito de Laura Escanes, Eugenia Osborne y Andrea Duro<\/title>\n<meta name=\"description\" content=\"Una larga lista de productos son los que forman la rutina diaria de cuidado facial de miles de mujeres. Sin embargo, hay ciertos cosm\u00e9ticos clave que son\" \/>\n<meta name=\"robots\" content=\"index, follow, max-snippet:-1, max-image-preview:large, max-video-preview:-1\" \/>\n<link rel=\"canonical\" href=\"https:\/\/graziamagazine.com\/es\/articles\/el-producto-beauty-que-comparten-laura-escanes-eugenia-osborne-y-andre-duro-para-corregir-las-manchas-de-la-piel\/\" \/>\n<meta property=\"og:locale\" content=\"es_ES\" \/>\n<meta property=\"og:type\" content=\"article\" \/>\n<meta property=\"og:title\" content=\"El producto beauty que comparten Laura Escanes, Eugenia Osborne y Andrea Duro para corregir las manchas de la piel\" \/>\n<meta property=\"og:description\" content=\"Una larga lista de productos son los que forman la rutina diaria de cuidado facial de miles de mujeres. Sin embargo, hay ciertos cosm\u00e9ticos clave que son\" \/>\n<meta property=\"og:url\" content=\"https:\/\/graziamagazine.com\/es\/articles\/el-producto-beauty-que-comparten-laura-escanes-eugenia-osborne-y-andre-duro-para-corregir-las-manchas-de-la-piel\/\" \/>\n<meta property=\"og:site_name\" content=\"Grazia\" \/>\n<meta property=\"article:modified_time\" content=\"2024-04-11T15:04:17+00:00\" \/>\n<meta property=\"og:image\" content=\"https:\/\/graziamagazine.com\/es\/wp-content\/uploads\/sites\/12\/2024\/04\/boss-e1712785764518.jpg\" \/>\n\t<meta property=\"og:image:width\" content=\"1401\" \/>\n\t<meta property=\"og:image:height\" content=\"1071\" \/>\n\t<meta property=\"og:image:type\" content=\"image\/jpeg\" \/>\n<meta name=\"twitter:card\" content=\"summary_large_image\" \/>\n<meta name=\"twitter:label1\" content=\"Est. reading time\" \/>\n\t<meta name=\"twitter:data1\" content=\"3 minutos\" \/>\n<script type=\"application\/ld+json\" class=\"yoast-schema-graph\">{\"@context\":\"https:\/\/schema.org\",\"@graph\":[{\"@type\":\"WebPage\",\"@id\":\"https:\/\/graziamagazine.com\/es\/articles\/el-producto-beauty-que-comparten-laura-escanes-eugenia-osborne-y-andre-duro-para-corregir-las-manchas-de-la-piel\/\",\"url\":\"https:\/\/graziamagazine.com\/es\/articles\/el-producto-beauty-que-comparten-laura-escanes-eugenia-osborne-y-andre-duro-para-corregir-las-manchas-de-la-piel\/\",\"name\":\"El producto favorito de Laura Escanes, Eugenia Osborne y Andrea Duro\",\"isPartOf\":{\"@id\":\"https:\/\/graziamagazine.com\/es\/#website\"},\"datePublished\":\"2024-04-11T07:00:56+00:00\",\"dateModified\":\"2024-04-11T15:04:17+00:00\",\"description\":\"Una larga lista de productos son los que forman la rutina diaria de cuidado facial de miles de mujeres. Sin embargo, hay ciertos cosm\u00e9ticos clave que son\",\"breadcrumb\":{\"@id\":\"https:\/\/graziamagazine.com\/es\/articles\/el-producto-beauty-que-comparten-laura-escanes-eugenia-osborne-y-andre-duro-para-corregir-las-manchas-de-la-piel\/#breadcrumb\"},\"inLanguage\":\"es\",\"potentialAction\":[{\"@type\":\"ReadAction\",\"target\":[\"https:\/\/graziamagazine.com\/es\/articles\/el-producto-beauty-que-comparten-laura-escanes-eugenia-osborne-y-andre-duro-para-corregir-las-manchas-de-la-piel\/\"]}]},{\"@type\":\"BreadcrumbList\",\"@id\":\"https:\/\/graziamagazine.com\/es\/articles\/el-producto-beauty-que-comparten-laura-escanes-eugenia-osborne-y-andre-duro-para-corregir-las-manchas-de-la-piel\/#breadcrumb\",\"itemListElement\":[{\"@type\":\"ListItem\",\"position\":1,\"name\":\"Portada\",\"item\":\"https:\/\/graziamagazine.com\/es\/\"},{\"@type\":\"ListItem\",\"position\":2,\"name\":\"El producto beauty que comparten Laura Escanes, Eugenia Osborne y Andrea Duro para corregir las manchas de la piel\"}]},{\"@type\":\"WebSite\",\"@id\":\"https:\/\/graziamagazine.com\/es\/#website\",\"url\":\"https:\/\/graziamagazine.com\/es\/\",\"name\":\"Grazia\",\"description\":\"Moda, belleza, celebrities, estilo de vida...\",\"potentialAction\":[{\"@type\":\"SearchAction\",\"target\":{\"@type\":\"EntryPoint\",\"urlTemplate\":\"https:\/\/graziamagazine.com\/es\/?s={search_term_string}\"},\"query-input\":\"required name=search_term_string\"}],\"inLanguage\":\"es\"}]}<\/script>\n<!-- \/ Yoast SEO Premium plugin. -->","yoast_head_json":{"title":"El producto favorito de Laura Escanes, Eugenia Osborne y Andrea Duro","description":"Una larga lista de productos son los que forman la rutina diaria de cuidado facial de miles de mujeres. Sin embargo, hay ciertos cosm\u00e9ticos clave que son","robots":{"index":"index","follow":"follow","max-snippet":"max-snippet:-1","max-image-preview":"max-image-preview:large","max-video-preview":"max-video-preview:-1"},"canonical":"https:\/\/graziamagazine.com\/es\/articles\/el-producto-beauty-que-comparten-laura-escanes-eugenia-osborne-y-andre-duro-para-corregir-las-manchas-de-la-piel\/","og_locale":"es_ES","og_type":"article","og_title":"El producto beauty que comparten Laura Escanes, Eugenia Osborne y Andrea Duro para corregir las manchas de la piel","og_description":"Una larga lista de productos son los que forman la rutina diaria de cuidado facial de miles de mujeres. Sin embargo, hay ciertos cosm\u00e9ticos clave que son","og_url":"https:\/\/graziamagazine.com\/es\/articles\/el-producto-beauty-que-comparten-laura-escanes-eugenia-osborne-y-andre-duro-para-corregir-las-manchas-de-la-piel\/","og_site_name":"Grazia","article_modified_time":"2024-04-11T15:04:17+00:00","og_image":[{"width":1401,"height":1071,"url":"https:\/\/graziamagazine.com\/es\/wp-content\/uploads\/sites\/12\/2024\/04\/boss-e1712785764518.jpg","type":"image\/jpeg"}],"twitter_card":"summary_large_image","twitter_misc":{"Est. reading time":"3 minutos"},"schema":{"@context":"https:\/\/schema.org","@graph":[{"@type":"WebPage","@id":"https:\/\/graziamagazine.com\/es\/articles\/el-producto-beauty-que-comparten-laura-escanes-eugenia-osborne-y-andre-duro-para-corregir-las-manchas-de-la-piel\/","url":"https:\/\/graziamagazine.com\/es\/articles\/el-producto-beauty-que-comparten-laura-escanes-eugenia-osborne-y-andre-duro-para-corregir-las-manchas-de-la-piel\/","name":"El producto favorito de Laura Escanes, Eugenia Osborne y Andrea Duro","isPartOf":{"@id":"https:\/\/graziamagazine.com\/es\/#website"},"datePublished":"2024-04-11T07:00:56+00:00","dateModified":"2024-04-11T15:04:17+00:00","description":"Una larga lista de productos son los que forman la rutina diaria de cuidado facial de miles de mujeres. Sin embargo, hay ciertos cosm\u00e9ticos clave que son","breadcrumb":{"@id":"https:\/\/graziamagazine.com\/es\/articles\/el-producto-beauty-que-comparten-laura-escanes-eugenia-osborne-y-andre-duro-para-corregir-las-manchas-de-la-piel\/#breadcrumb"},"inLanguage":"es","potentialAction":[{"@type":"ReadAction","target":["https:\/\/graziamagazine.com\/es\/articles\/el-producto-beauty-que-comparten-laura-escanes-eugenia-osborne-y-andre-duro-para-corregir-las-manchas-de-la-piel\/"]}]},{"@type":"BreadcrumbList","@id":"https:\/\/graziamagazine.com\/es\/articles\/el-producto-beauty-que-comparten-laura-escanes-eugenia-osborne-y-andre-duro-para-corregir-las-manchas-de-la-piel\/#breadcrumb","itemListElement":[{"@type":"ListItem","position":1,"name":"Portada","item":"https:\/\/graziamagazine.com\/es\/"},{"@type":"ListItem","position":2,"name":"El producto beauty que comparten Laura Escanes, Eugenia Osborne y Andrea Duro para corregir las manchas de la piel"}]},{"@type":"WebSite","@id":"https:\/\/graziamagazine.com\/es\/#website","url":"https:\/\/graziamagazine.com\/es\/","name":"Grazia","description":"Moda, belleza, celebrities, estilo de vida...","potentialAction":[{"@type":"SearchAction","target":{"@type":"EntryPoint","urlTemplate":"https:\/\/graziamagazine.com\/es\/?s={search_term_string}"},"query-input":"required name=search_term_string"}],"inLanguage":"es"}]}},"jetpack_sharing_enabled":true,"distributor_meta":false,"distributor_terms":false,"distributor_media":false,"distributor_original_site_name":"Grazia","distributor_original_site_url":"https:\/\/graziamagazine.com\/es","push-errors":false,"_links":{"self":[{"href":"https:\/\/graziamagazine.com\/es\/wp-json\/wp\/v2\/articles\/175504"}],"collection":[{"href":"https:\/\/graziamagazine.com\/es\/wp-json\/wp\/v2\/articles"}],"about":[{"href":"https:\/\/graziamagazine.com\/es\/wp-json\/wp\/v2\/types\/articles"}],"author":[{"embeddable":true,"href":"https:\/\/graziamagazine.com\/es\/wp-json\/wp\/v2\/users\/11653"}],"wp:featuredmedia":[{"embeddable":true,"href":"https:\/\/graziamagazine.com\/es\/wp-json\/wp\/v2\/media\/175511"}],"wp:attachment":[{"href":"https:\/\/graziamagazine.com\/es\/wp-json\/wp\/v2\/media?parent=175504"}],"wp:term":[{"taxonomy":"category","embeddable":true,"href":"https:\/\/graziamagazine.com\/es\/wp-json\/wp\/v2\/categories?post=175504"}],"curies":[{"name":"wp","href":"https:\/\/api.w.org\/{rel}","templated":true}]}}