{"id":175444,"date":"2024-04-08T09:00:20","date_gmt":"2024-04-08T07:00:20","guid":{"rendered":"https:\/\/graziamagazine.com\/es\/?post_type=articles&#038;p=175444"},"modified":"2024-04-08T13:42:45","modified_gmt":"2024-04-08T11:42:45","slug":"de-morena-a-rubia-descubre-como-conseguirlo-sin-morir-en-el-intento","status":"publish","type":"articles","link":"https:\/\/graziamagazine.com\/es\/articles\/de-morena-a-rubia-descubre-como-conseguirlo-sin-morir-en-el-intento\/","title":{"rendered":"De morena a rubia: descubre c\u00f3mo conseguirlo sin morir en el intento"},"content":{"rendered":"<div class=\"HeaderRenderer_renderer__dpgga\">\n<section class=\"prezly-slate-document\" data-version=\"0.50\">\n<p class=\"Subtitle_subtitle__fvSfR\">Los rubios nos enamoran y a veces es casi imposible resistirse a ellos por su luz y frescura. No todos los rubios son iguales y no todos nos van a favorecer de igual manera. Por eso, el asesoramiento es fundamental para encontrar el rubio que mejor nos haga brillar. Tambi\u00e9n, en ocasiones debemos ser pacientes, sobre todo, si nuestra elecci\u00f3n es una tonalidad muy clara.<\/p>\n<p>Beyonc\u00e9, Tini Stoessel, Camila Cabello, Ariana Grande y Nicole Kidman son algunas de las famosas que ya se han pasado al rubio.<\/p>\n<h3 class=\"styles_headingTwo__ZQS6u\">Ases\u00f3rate y descubre qu\u00e9 rubio es para ti<\/h3>\n<p class=\"styles_paragraph__GiKq6\">Hay un rubio para ti, pero no todos te sientan igual de bien. Por eso, un profesional puede indicarte cu\u00e1l es la tonalidad que har\u00e1 resaltar mejor tu imagen:\u00a0<em>\u00abPara escoger adecuadamente el tono hay que observar la tonalidad de la piel, as\u00ed como si hay matices fr\u00edos o c\u00e1lidos.\u00a0<\/em><em><strong>Tambi\u00e9n el color de los ojos, de hecho algunos profesionales solo tienen en cuenta este aspecto, ya que es un color que no var\u00eda.\u00a0<\/strong><\/em><em>Sin embargo, la piel puede cambiar seg\u00fan la estaci\u00f3n. Tambi\u00e9n es preciso tener en cuenta otros aspectos que hacen que la tonalidad escogida sea factible como el color de base, el estado de salud del cabello, la textura, etc.\u00bb<\/em>, explica\u00a0<a href=\"https:\/\/www.instagram.com\/llatacarrerapeluqueria\/?hl=es\"class=\"styles_link__gwrpq\"  target=\"_self\" rel=\"noopener noreferrer\" target=\"_blank\"><strong>M\u00aa Jos\u00e9 Llata<\/strong><\/a>\u00a0de\u00a0<a href=\"https:\/\/www.llatacarrera.com\/\"class=\"styles_link__gwrpq\"  target=\"_self\" rel=\"noopener noreferrer\" target=\"_blank\"><strong>Peluquer\u00eda Llata Carrera<\/strong><\/a>, en Santa Cruz de Bezana (Cantabria).<\/p>\n<p><img loading=\"lazy\" decoding=\"async\" class=\"aligncenter size-full wp-image-175445\" src=\"https:\/\/graziamagazine.com\/es\/wp-content\/uploads\/sites\/12\/2024\/04\/rahulb91.jpg\" alt=\"\" width=\"1440\" height=\"1800\" srcset=\"https:\/\/graziamagazine.com\/es\/wp-content\/uploads\/sites\/12\/2024\/04\/rahulb91.jpg 1440w, https:\/\/graziamagazine.com\/es\/wp-content\/uploads\/sites\/12\/2024\/04\/rahulb91-240x300.jpg 240w, https:\/\/graziamagazine.com\/es\/wp-content\/uploads\/sites\/12\/2024\/04\/rahulb91-819x1024.jpg 819w, https:\/\/graziamagazine.com\/es\/wp-content\/uploads\/sites\/12\/2024\/04\/rahulb91-768x960.jpg 768w, https:\/\/graziamagazine.com\/es\/wp-content\/uploads\/sites\/12\/2024\/04\/rahulb91-1229x1536.jpg 1229w, https:\/\/graziamagazine.com\/es\/wp-content\/uploads\/sites\/12\/2024\/04\/rahulb91-400x500.jpg 400w, https:\/\/graziamagazine.com\/es\/wp-content\/uploads\/sites\/12\/2024\/04\/rahulb91-155x194.jpg 155w\" sizes=\"(max-width: 1440px) 100vw, 1440px\" \/><\/p>\n<div id=\"embed-85cb197c-5725-45f7-ab42-53e8c6cafeb3\" class=\"prezly-slate-embed prezly-slate-embed--contained\" title=\"Peluqueri\u0301a Llata Carrera on Instagram: &quot;Los tonos dorados comparten la calidez en com\u00fan. \u00a1As\u00ed que tenemos una gran noticia! Son tendencia 2024. . \u00a1D\u00e9jate seducir por estos tonos c\u00e1lidos y resplandecientes que. te har\u00e1n lucir radiante! . #llatacarrera #llatacarreraunlugarqueembellece #revlonprofesional_es #intercoiffure #rubios #rubiosperfectos #haircare #revlonprofesional # #dorados #calidos #rubiosdorados&quot;\">\n<div class=\"prezly-slate-iframely-embed\">\n<div>\n<h3 class=\"styles_headingTwo__ZQS6u\">El punto de partida determina el de llegada<\/h3>\n<p class=\"styles_paragraph__GiKq6\">No siempre podremos conseguir nuestro rubio so\u00f1ado en una sola sesi\u00f3n. El color de base que tengamos, el estado de nuestra melena y el tono que deseamos puede obligarnos a hacerlo en varias sesiones:\u00a0<em>\u00abEl rubio es un color muy demandado, porque siempre rejuvenece, m\u00e1s a\u00fan cuando est\u00e1 bien trabajado y con un aspecto uniforme.<\/em><em><strong>\u00a0Pero debemos tener claro que este tipo de trabajos requieren muchas horas de sal\u00f3n y en ning\u00fan caso podemos realizarlos en casa.\u00a0<\/strong><\/em><em>Si tu base es muy oscura y\/o deseas un rubio muy claro, necesitar\u00e1s varios procesos de decoloraci\u00f3n para no castigar tanto la melena. Adem\u00e1s, la salud de tu melena marcar\u00e1 hasta qu\u00e9 punto se puede aclarar, y puede que sea m\u00e1s oscuro que el rubio que ten\u00edas pensado\u00bb<\/em>, afirma\u00a0<a href=\"https:\/\/www.instagram.com\/miguelbling\/?hl=es\"class=\"styles_link__gwrpq\"  target=\"_self\" rel=\"noopener noreferrer\" target=\"_blank\"><strong>Miguel Bling<\/strong><\/a><strong>,\u00a0<\/strong>peluquero, maquillador y director de\u00a0<a href=\"https:\/\/www.youglowsalon.com\/\"class=\"styles_link__gwrpq\"  target=\"_self\" rel=\"noopener noreferrer\" target=\"_blank\"><strong>You Glow Salon<\/strong><\/a>, en Madrid.<\/p>\n<p><img loading=\"lazy\" decoding=\"async\" class=\"aligncenter size-full wp-image-175447\" src=\"https:\/\/graziamagazine.com\/es\/wp-content\/uploads\/sites\/12\/2024\/04\/beyonce.jpg\" alt=\"\" width=\"1440\" height=\"1800\" srcset=\"https:\/\/graziamagazine.com\/es\/wp-content\/uploads\/sites\/12\/2024\/04\/beyonce.jpg 1440w, https:\/\/graziamagazine.com\/es\/wp-content\/uploads\/sites\/12\/2024\/04\/beyonce-240x300.jpg 240w, https:\/\/graziamagazine.com\/es\/wp-content\/uploads\/sites\/12\/2024\/04\/beyonce-819x1024.jpg 819w, https:\/\/graziamagazine.com\/es\/wp-content\/uploads\/sites\/12\/2024\/04\/beyonce-768x960.jpg 768w, https:\/\/graziamagazine.com\/es\/wp-content\/uploads\/sites\/12\/2024\/04\/beyonce-1229x1536.jpg 1229w, https:\/\/graziamagazine.com\/es\/wp-content\/uploads\/sites\/12\/2024\/04\/beyonce-400x500.jpg 400w, https:\/\/graziamagazine.com\/es\/wp-content\/uploads\/sites\/12\/2024\/04\/beyonce-155x194.jpg 155w\" sizes=\"(max-width: 1440px) 100vw, 1440px\" \/><\/p>\n<h3 class=\"styles_headingTwo__ZQS6u\">Ponte en manos expertas para asegurar el resultado<\/h3>\n<p class=\"styles_paragraph__GiKq6\">Realizar un buen trabajo de decoloraci\u00f3n determinar\u00e1, no solo el resultado inmediato, sino tambi\u00e9n c\u00f3mo se va a mantener ese color y esa melena en el tiempo.\u00a0<em>\u00abPara que la textura del cabello no cambie,\u00a0<\/em><em><strong>la decoloraci\u00f3n debe realizarse a bajos vol\u00famenes y dejarla actuar el tiempo adecuado para evitar sensibilizar en exceso la estructura interna.<\/strong><\/em><em>\u00a0Lo ideal es usar decoloraciones con sistemas bonding para fortalecer los puentes capilares. Si no es posible, tras la decoloraci\u00f3n aplicaremos un\u00a0tratamiento que contenga fitoqueratina, prote\u00edna hidrolizada o amino\u00e1cidos para reforzar el cabello internamente. Tambi\u00e9n hay que hacer un buen diagn\u00f3stico previo para determinar la altura de color actual y la altura deseada, y cuantos procesos de decoloraci\u00f3n ser\u00e1n necesarios para conseguirla, teniendo en cuenta que lo haremos a bajos vol\u00famenes\u00bb<\/em>, se\u00f1ala\u00a0<a href=\"https:\/\/www.instagram.com\/camposcurlyhair\/?hl=es\"class=\"styles_link__gwrpq\"  target=\"_self\" rel=\"noopener noreferrer\" target=\"_blank\"><strong>Conchi Arias<\/strong><\/a>, fundadora de\u00a0<a href=\"https:\/\/www.camposcurlyhair.com\/\"class=\"styles_link__gwrpq\"  target=\"_self\" rel=\"noopener noreferrer\" target=\"_blank\"><strong>Campos Curlyhair<\/strong><\/a>, en Granada.<\/p>\n<p><img loading=\"lazy\" decoding=\"async\" class=\"aligncenter size-full wp-image-175448\" src=\"https:\/\/graziamagazine.com\/es\/wp-content\/uploads\/sites\/12\/2024\/04\/mimicuttrell.jpg\" alt=\"\" width=\"1381\" height=\"1726\" srcset=\"https:\/\/graziamagazine.com\/es\/wp-content\/uploads\/sites\/12\/2024\/04\/mimicuttrell.jpg 1381w, https:\/\/graziamagazine.com\/es\/wp-content\/uploads\/sites\/12\/2024\/04\/mimicuttrell-240x300.jpg 240w, https:\/\/graziamagazine.com\/es\/wp-content\/uploads\/sites\/12\/2024\/04\/mimicuttrell-819x1024.jpg 819w, https:\/\/graziamagazine.com\/es\/wp-content\/uploads\/sites\/12\/2024\/04\/mimicuttrell-768x960.jpg 768w, https:\/\/graziamagazine.com\/es\/wp-content\/uploads\/sites\/12\/2024\/04\/mimicuttrell-1229x1536.jpg 1229w, https:\/\/graziamagazine.com\/es\/wp-content\/uploads\/sites\/12\/2024\/04\/mimicuttrell-400x500.jpg 400w, https:\/\/graziamagazine.com\/es\/wp-content\/uploads\/sites\/12\/2024\/04\/mimicuttrell-155x194.jpg 155w\" sizes=\"(max-width: 1381px) 100vw, 1381px\" \/><\/p>\n<h3 class=\"styles_headingTwo__ZQS6u\">Mejor haz el cambio de forma progresiva<\/h3>\n<p class=\"styles_paragraph__GiKq6\">Pasar de morena a rubia puede es un cambio bastante dr\u00e1stico. No solo afecta a tu imagen, sino que tambi\u00e9n implica adaptar tus rutinas de cuidado capilar. Para evitar un cambio demasiado brusco y facilitar la adaptaci\u00f3n, es recomendable hacerlo de forma progresiva.\u00a0<em>\u00ab<\/em><em><strong>Una buena opci\u00f3n es comenzar por unas mechas, como balayage, babylights o money-piece, para que el cambio sea m\u00e1s gradual.\u00a0<\/strong><\/em><em>Esto reduce el riesgo de da\u00f1o en el cabello y nos permite ir personalizando el color, ya que a veces, nos imaginamos un resultado que no coincide con la realidad y no nos acabamos de gustar. Adem\u00e1s, el cabello rubio, y m\u00e1s a\u00fan si no es natural, exige bastante mantenimiento, algo a lo que tambi\u00e9n tendremos que acostumbrarnos: cuidados en casa y tambi\u00e9n visitas regulares al sal\u00f3n para matizar y evitar el efecto ra\u00edz. Hay que tenerlo todo en cuenta\u00bb<\/em>, comparte\u00a0<a href=\"https:\/\/www.instagram.com\/ilitiabeautyandscience\/?hl=es\"class=\"styles_link__gwrpq\"  target=\"_self\" rel=\"noopener noreferrer\" target=\"_blank\"><strong>Charo Garc\u00eda<\/strong><\/a>, directora de\u00a0<a href=\"https:\/\/www.ilitiabeautyscience.com\/\"class=\"styles_link__gwrpq\"  target=\"_self\" rel=\"noopener noreferrer\" target=\"_blank\"><strong>Ilitia Beauty &amp; Science<\/strong><\/a>\u00a0en Balsameda (Vizcaya).<\/p>\n<\/div>\n<\/div>\n<\/div>\n<\/section>\n<\/div>\n","protected":false},"author":11653,"featured_media":175446,"template":"","format":"standard","categories":[7],"acf":[],"yoast_head":"<!-- This site is optimized with the Yoast SEO Premium plugin v18.5 (Yoast SEO v20.4) - https:\/\/yoast.com\/wordpress\/plugins\/seo\/ -->\n<title>De morena a rubia: descubre c\u00f3mo conseguirlo<\/title>\n<meta name=\"description\" content=\"Los rubios nos enamoran y a veces es casi imposible resistirse a ellos por su luz y frescura. No todos los rubios son iguales y no todos nos van a\" \/>\n<meta name=\"robots\" content=\"index, follow, max-snippet:-1, max-image-preview:large, max-video-preview:-1\" \/>\n<link rel=\"canonical\" href=\"https:\/\/graziamagazine.com\/es\/articles\/de-morena-a-rubia-descubre-como-conseguirlo-sin-morir-en-el-intento\/\" \/>\n<meta property=\"og:locale\" content=\"es_ES\" \/>\n<meta property=\"og:type\" content=\"article\" \/>\n<meta property=\"og:title\" content=\"De morena a rubia: descubre c\u00f3mo conseguirlo sin morir en el intento\" \/>\n<meta property=\"og:description\" content=\"Los rubios nos enamoran y a veces es casi imposible resistirse a ellos por su luz y frescura. No todos los rubios son iguales y no todos nos van a\" \/>\n<meta property=\"og:url\" content=\"https:\/\/graziamagazine.com\/es\/articles\/de-morena-a-rubia-descubre-como-conseguirlo-sin-morir-en-el-intento\/\" \/>\n<meta property=\"og:site_name\" content=\"Grazia\" \/>\n<meta property=\"article:modified_time\" content=\"2024-04-08T11:42:45+00:00\" \/>\n<meta property=\"og:image\" content=\"https:\/\/graziamagazine.com\/es\/wp-content\/uploads\/sites\/12\/2024\/04\/img_download-12-e1712268764530.jpg\" \/>\n\t<meta property=\"og:image:width\" content=\"1407\" \/>\n\t<meta property=\"og:image:height\" content=\"1119\" \/>\n\t<meta property=\"og:image:type\" content=\"image\/jpeg\" \/>\n<meta name=\"twitter:card\" content=\"summary_large_image\" \/>\n<meta name=\"twitter:label1\" content=\"Est. reading time\" \/>\n\t<meta name=\"twitter:data1\" content=\"4 minutos\" \/>\n<script type=\"application\/ld+json\" class=\"yoast-schema-graph\">{\"@context\":\"https:\/\/schema.org\",\"@graph\":[{\"@type\":\"WebPage\",\"@id\":\"https:\/\/graziamagazine.com\/es\/articles\/de-morena-a-rubia-descubre-como-conseguirlo-sin-morir-en-el-intento\/\",\"url\":\"https:\/\/graziamagazine.com\/es\/articles\/de-morena-a-rubia-descubre-como-conseguirlo-sin-morir-en-el-intento\/\",\"name\":\"De morena a rubia: descubre c\u00f3mo conseguirlo\",\"isPartOf\":{\"@id\":\"https:\/\/graziamagazine.com\/es\/#website\"},\"datePublished\":\"2024-04-08T07:00:20+00:00\",\"dateModified\":\"2024-04-08T11:42:45+00:00\",\"description\":\"Los rubios nos enamoran y a veces es casi imposible resistirse a ellos por su luz y frescura. No todos los rubios son iguales y no todos nos van a\",\"breadcrumb\":{\"@id\":\"https:\/\/graziamagazine.com\/es\/articles\/de-morena-a-rubia-descubre-como-conseguirlo-sin-morir-en-el-intento\/#breadcrumb\"},\"inLanguage\":\"es\",\"potentialAction\":[{\"@type\":\"ReadAction\",\"target\":[\"https:\/\/graziamagazine.com\/es\/articles\/de-morena-a-rubia-descubre-como-conseguirlo-sin-morir-en-el-intento\/\"]}]},{\"@type\":\"BreadcrumbList\",\"@id\":\"https:\/\/graziamagazine.com\/es\/articles\/de-morena-a-rubia-descubre-como-conseguirlo-sin-morir-en-el-intento\/#breadcrumb\",\"itemListElement\":[{\"@type\":\"ListItem\",\"position\":1,\"name\":\"Portada\",\"item\":\"https:\/\/graziamagazine.com\/es\/\"},{\"@type\":\"ListItem\",\"position\":2,\"name\":\"De morena a rubia: descubre c\u00f3mo conseguirlo sin morir en el intento\"}]},{\"@type\":\"WebSite\",\"@id\":\"https:\/\/graziamagazine.com\/es\/#website\",\"url\":\"https:\/\/graziamagazine.com\/es\/\",\"name\":\"Grazia\",\"description\":\"Moda, belleza, celebrities, estilo de vida...\",\"potentialAction\":[{\"@type\":\"SearchAction\",\"target\":{\"@type\":\"EntryPoint\",\"urlTemplate\":\"https:\/\/graziamagazine.com\/es\/?s={search_term_string}\"},\"query-input\":\"required name=search_term_string\"}],\"inLanguage\":\"es\"}]}<\/script>\n<!-- \/ Yoast SEO Premium plugin. -->","yoast_head_json":{"title":"De morena a rubia: descubre c\u00f3mo conseguirlo","description":"Los rubios nos enamoran y a veces es casi imposible resistirse a ellos por su luz y frescura. No todos los rubios son iguales y no todos nos van a","robots":{"index":"index","follow":"follow","max-snippet":"max-snippet:-1","max-image-preview":"max-image-preview:large","max-video-preview":"max-video-preview:-1"},"canonical":"https:\/\/graziamagazine.com\/es\/articles\/de-morena-a-rubia-descubre-como-conseguirlo-sin-morir-en-el-intento\/","og_locale":"es_ES","og_type":"article","og_title":"De morena a rubia: descubre c\u00f3mo conseguirlo sin morir en el intento","og_description":"Los rubios nos enamoran y a veces es casi imposible resistirse a ellos por su luz y frescura. No todos los rubios son iguales y no todos nos van a","og_url":"https:\/\/graziamagazine.com\/es\/articles\/de-morena-a-rubia-descubre-como-conseguirlo-sin-morir-en-el-intento\/","og_site_name":"Grazia","article_modified_time":"2024-04-08T11:42:45+00:00","og_image":[{"width":1407,"height":1119,"url":"https:\/\/graziamagazine.com\/es\/wp-content\/uploads\/sites\/12\/2024\/04\/img_download-12-e1712268764530.jpg","type":"image\/jpeg"}],"twitter_card":"summary_large_image","twitter_misc":{"Est. reading time":"4 minutos"},"schema":{"@context":"https:\/\/schema.org","@graph":[{"@type":"WebPage","@id":"https:\/\/graziamagazine.com\/es\/articles\/de-morena-a-rubia-descubre-como-conseguirlo-sin-morir-en-el-intento\/","url":"https:\/\/graziamagazine.com\/es\/articles\/de-morena-a-rubia-descubre-como-conseguirlo-sin-morir-en-el-intento\/","name":"De morena a rubia: descubre c\u00f3mo conseguirlo","isPartOf":{"@id":"https:\/\/graziamagazine.com\/es\/#website"},"datePublished":"2024-04-08T07:00:20+00:00","dateModified":"2024-04-08T11:42:45+00:00","description":"Los rubios nos enamoran y a veces es casi imposible resistirse a ellos por su luz y frescura. No todos los rubios son iguales y no todos nos van a","breadcrumb":{"@id":"https:\/\/graziamagazine.com\/es\/articles\/de-morena-a-rubia-descubre-como-conseguirlo-sin-morir-en-el-intento\/#breadcrumb"},"inLanguage":"es","potentialAction":[{"@type":"ReadAction","target":["https:\/\/graziamagazine.com\/es\/articles\/de-morena-a-rubia-descubre-como-conseguirlo-sin-morir-en-el-intento\/"]}]},{"@type":"BreadcrumbList","@id":"https:\/\/graziamagazine.com\/es\/articles\/de-morena-a-rubia-descubre-como-conseguirlo-sin-morir-en-el-intento\/#breadcrumb","itemListElement":[{"@type":"ListItem","position":1,"name":"Portada","item":"https:\/\/graziamagazine.com\/es\/"},{"@type":"ListItem","position":2,"name":"De morena a rubia: descubre c\u00f3mo conseguirlo sin morir en el intento"}]},{"@type":"WebSite","@id":"https:\/\/graziamagazine.com\/es\/#website","url":"https:\/\/graziamagazine.com\/es\/","name":"Grazia","description":"Moda, belleza, celebrities, estilo de vida...","potentialAction":[{"@type":"SearchAction","target":{"@type":"EntryPoint","urlTemplate":"https:\/\/graziamagazine.com\/es\/?s={search_term_string}"},"query-input":"required name=search_term_string"}],"inLanguage":"es"}]}},"jetpack_sharing_enabled":true,"distributor_meta":false,"distributor_terms":false,"distributor_media":false,"distributor_original_site_name":"Grazia","distributor_original_site_url":"https:\/\/graziamagazine.com\/es","push-errors":false,"_links":{"self":[{"href":"https:\/\/graziamagazine.com\/es\/wp-json\/wp\/v2\/articles\/175444"}],"collection":[{"href":"https:\/\/graziamagazine.com\/es\/wp-json\/wp\/v2\/articles"}],"about":[{"href":"https:\/\/graziamagazine.com\/es\/wp-json\/wp\/v2\/types\/articles"}],"author":[{"embeddable":true,"href":"https:\/\/graziamagazine.com\/es\/wp-json\/wp\/v2\/users\/11653"}],"wp:featuredmedia":[{"embeddable":true,"href":"https:\/\/graziamagazine.com\/es\/wp-json\/wp\/v2\/media\/175446"}],"wp:attachment":[{"href":"https:\/\/graziamagazine.com\/es\/wp-json\/wp\/v2\/media?parent=175444"}],"wp:term":[{"taxonomy":"category","embeddable":true,"href":"https:\/\/graziamagazine.com\/es\/wp-json\/wp\/v2\/categories?post=175444"}],"curies":[{"name":"wp","href":"https:\/\/api.w.org\/{rel}","templated":true}]}}