{"id":175400,"date":"2024-04-03T08:00:26","date_gmt":"2024-04-03T06:00:26","guid":{"rendered":"https:\/\/graziamagazine.com\/es\/?post_type=articles&#038;p=175400"},"modified":"2024-04-03T00:04:10","modified_gmt":"2024-04-02T22:04:10","slug":"el-mitico-book-tote-de-dior-se-actualiza-esta-primavera","status":"publish","type":"articles","link":"https:\/\/graziamagazine.com\/es\/articles\/el-mitico-book-tote-de-dior-se-actualiza-esta-primavera\/","title":{"rendered":"El m\u00edtico Book Tote de Dior se actualiza esta primavera"},"content":{"rendered":"<p>Est\u00e1 claro que la llegada de una nueva estaci\u00f3n trae consigo novedades para que el cambio de armario sea menos duro. Los bolsos siempre son una de las grandes apuestas y las marcas de moda no dudan en crearnos nuevas y atractivas necesidades. Una de las \u00faltimas tentaciones en las que no hemos podido resistirnos est\u00e1 firmada por Dior y es uno de sus bolsos ic\u00f3nicos: el Book Tote.<\/p>\n<p><span style=\"font-weight: 400\">Celebrando la temporada Summer 24<strong> surge una nueva versi\u00f3n del ic\u00f3nico bolso Dior 4 Saisons,<\/strong> idea de la colaboraci\u00f3n entre Maria Grazia Chiuri y Pietro Ruffo. El resultado es un estampado excepcional con motivos florales de todo tipo de colores que surgen bajo un sol radiante, rindiendo as\u00ed homenaje a la pasi\u00f3n de Monsieur Dior por la bot\u00e1nica y la belleza de la naturaleza.<\/span><\/p>\n<p><img loading=\"lazy\" decoding=\"async\" class=\"alignnone wp-image-135723 size-full\" src=\"https:\/\/graziamagazine.com\/mx\/wp-content\/uploads\/sites\/13\/2024\/03\/Captura-de-Pantalla-2024-03-28-a-las-17.16.14.png\" alt=\"\" width=\"626\" height=\"630\" \/><\/p>\n<blockquote><p><span style=\"font-weight: 400\">Una nueva versi\u00f3n \u00fanica del bolso Dior 4 Saisons<strong>,<\/strong> fruto de la colaboraci\u00f3n entre Maria Grazia Chiuri y Pietro Ruffo, ha ocurrido, y ya est\u00e1 disponible en las boutiques f\u00edsicas de todo el mundo.<\/span><\/p><\/blockquote>\n<p><span style=\"font-weight: 400\">Una aut\u00e9ntica obra de arte formada por detallados acabados en forma de bordados tridimensionales y una atractiva paleta de colores que se entremezclan entre s\u00ed arm\u00f3nicamente para retratar las cuatro estaciones del a\u00f1o. Cada una de las versiones revela un mensaje po\u00e9tico.<\/span><\/p>\n<p><img loading=\"lazy\" decoding=\"async\" class=\"aligncenter size-full wp-image-175401\" src=\"https:\/\/graziamagazine.com\/es\/wp-content\/uploads\/sites\/12\/2024\/04\/Captura-de-Pantalla-2024-03-28-a-las-17.16.05.png\" alt=\"\" width=\"629\" height=\"628\" srcset=\"https:\/\/graziamagazine.com\/es\/wp-content\/uploads\/sites\/12\/2024\/04\/Captura-de-Pantalla-2024-03-28-a-las-17.16.05.png 629w, https:\/\/graziamagazine.com\/es\/wp-content\/uploads\/sites\/12\/2024\/04\/Captura-de-Pantalla-2024-03-28-a-las-17.16.05-300x300.png 300w, https:\/\/graziamagazine.com\/es\/wp-content\/uploads\/sites\/12\/2024\/04\/Captura-de-Pantalla-2024-03-28-a-las-17.16.05-150x150.png 150w, https:\/\/graziamagazine.com\/es\/wp-content\/uploads\/sites\/12\/2024\/04\/Captura-de-Pantalla-2024-03-28-a-las-17.16.05-400x399.png 400w, https:\/\/graziamagazine.com\/es\/wp-content\/uploads\/sites\/12\/2024\/04\/Captura-de-Pantalla-2024-03-28-a-las-17.16.05-155x155.png 155w\" sizes=\"(max-width: 629px) 100vw, 629px\" \/><\/p>\n<p><span style=\"font-weight: 400\">\u00bfLo queremos y necesitamos ahora mismo? Sin duda es un S\u00cd.\u00a0<\/span><\/p>\n<p><em>*Im\u00e1genes: cortes\u00eda Dior<\/em><\/p>\n","protected":false},"author":16349,"featured_media":175403,"template":"","format":"standard","categories":[1],"acf":[],"yoast_head":"<!-- This site is optimized with the Yoast SEO Premium plugin v18.5 (Yoast SEO v20.4) - https:\/\/yoast.com\/wordpress\/plugins\/seo\/ -->\n<title>El m\u00edtico Book Tote de Dior se actualiza esta primavera | Grazia<\/title>\n<meta name=\"description\" content=\"Uno de los iconos It Bags de la Maison ya est\u00e1 disponible en las boutiques f\u00edsicas de todo el mundo listo para lucir esta temporada.\" \/>\n<meta name=\"robots\" content=\"index, follow, max-snippet:-1, max-image-preview:large, max-video-preview:-1\" \/>\n<link rel=\"canonical\" href=\"https:\/\/graziamagazine.com\/es\/articles\/el-mitico-book-tote-de-dior-se-actualiza-esta-primavera\/\" \/>\n<meta property=\"og:locale\" content=\"es_ES\" \/>\n<meta property=\"og:type\" content=\"article\" \/>\n<meta property=\"og:title\" content=\"El m\u00edtico Book Tote de Dior se actualiza esta primavera\" \/>\n<meta property=\"og:description\" content=\"Uno de los iconos It Bags de la Maison ya est\u00e1 disponible en las boutiques f\u00edsicas de todo el mundo listo para lucir esta temporada.\" \/>\n<meta property=\"og:url\" content=\"https:\/\/graziamagazine.com\/es\/articles\/el-mitico-book-tote-de-dior-se-actualiza-esta-primavera\/\" \/>\n<meta property=\"og:site_name\" content=\"Grazia\" \/>\n<meta property=\"article:modified_time\" content=\"2024-04-02T22:04:10+00:00\" \/>\n<meta property=\"og:image\" content=\"https:\/\/graziamagazine.com\/es\/wp-content\/uploads\/sites\/12\/2024\/04\/thumb-dior-book-tote-summer-2024-1440x1080.jpg-copia.jpg\" \/>\n\t<meta property=\"og:image:width\" content=\"1440\" \/>\n\t<meta property=\"og:image:height\" content=\"1080\" \/>\n\t<meta property=\"og:image:type\" content=\"image\/jpeg\" \/>\n<meta name=\"twitter:card\" content=\"summary_large_image\" \/>\n<meta name=\"twitter:label1\" content=\"Est. reading time\" \/>\n\t<meta name=\"twitter:data1\" content=\"2 minutos\" \/>\n<script type=\"application\/ld+json\" class=\"yoast-schema-graph\">{\"@context\":\"https:\/\/schema.org\",\"@graph\":[{\"@type\":\"WebPage\",\"@id\":\"https:\/\/graziamagazine.com\/es\/articles\/el-mitico-book-tote-de-dior-se-actualiza-esta-primavera\/\",\"url\":\"https:\/\/graziamagazine.com\/es\/articles\/el-mitico-book-tote-de-dior-se-actualiza-esta-primavera\/\",\"name\":\"El m\u00edtico Book Tote de Dior se actualiza esta primavera | Grazia\",\"isPartOf\":{\"@id\":\"https:\/\/graziamagazine.com\/es\/#website\"},\"datePublished\":\"2024-04-03T06:00:26+00:00\",\"dateModified\":\"2024-04-02T22:04:10+00:00\",\"description\":\"Uno de los iconos It Bags de la Maison ya est\u00e1 disponible en las boutiques f\u00edsicas de todo el mundo listo para lucir esta temporada.\",\"breadcrumb\":{\"@id\":\"https:\/\/graziamagazine.com\/es\/articles\/el-mitico-book-tote-de-dior-se-actualiza-esta-primavera\/#breadcrumb\"},\"inLanguage\":\"es\",\"potentialAction\":[{\"@type\":\"ReadAction\",\"target\":[\"https:\/\/graziamagazine.com\/es\/articles\/el-mitico-book-tote-de-dior-se-actualiza-esta-primavera\/\"]}]},{\"@type\":\"BreadcrumbList\",\"@id\":\"https:\/\/graziamagazine.com\/es\/articles\/el-mitico-book-tote-de-dior-se-actualiza-esta-primavera\/#breadcrumb\",\"itemListElement\":[{\"@type\":\"ListItem\",\"position\":1,\"name\":\"Portada\",\"item\":\"https:\/\/graziamagazine.com\/es\/\"},{\"@type\":\"ListItem\",\"position\":2,\"name\":\"El m\u00edtico Book Tote de Dior se actualiza esta primavera\"}]},{\"@type\":\"WebSite\",\"@id\":\"https:\/\/graziamagazine.com\/es\/#website\",\"url\":\"https:\/\/graziamagazine.com\/es\/\",\"name\":\"Grazia\",\"description\":\"Moda, belleza, celebrities, estilo de vida...\",\"potentialAction\":[{\"@type\":\"SearchAction\",\"target\":{\"@type\":\"EntryPoint\",\"urlTemplate\":\"https:\/\/graziamagazine.com\/es\/?s={search_term_string}\"},\"query-input\":\"required name=search_term_string\"}],\"inLanguage\":\"es\"}]}<\/script>\n<!-- \/ Yoast SEO Premium plugin. -->","yoast_head_json":{"title":"El m\u00edtico Book Tote de Dior se actualiza esta primavera | Grazia","description":"Uno de los iconos It Bags de la Maison ya est\u00e1 disponible en las boutiques f\u00edsicas de todo el mundo listo para lucir esta temporada.","robots":{"index":"index","follow":"follow","max-snippet":"max-snippet:-1","max-image-preview":"max-image-preview:large","max-video-preview":"max-video-preview:-1"},"canonical":"https:\/\/graziamagazine.com\/es\/articles\/el-mitico-book-tote-de-dior-se-actualiza-esta-primavera\/","og_locale":"es_ES","og_type":"article","og_title":"El m\u00edtico Book Tote de Dior se actualiza esta primavera","og_description":"Uno de los iconos It Bags de la Maison ya est\u00e1 disponible en las boutiques f\u00edsicas de todo el mundo listo para lucir esta temporada.","og_url":"https:\/\/graziamagazine.com\/es\/articles\/el-mitico-book-tote-de-dior-se-actualiza-esta-primavera\/","og_site_name":"Grazia","article_modified_time":"2024-04-02T22:04:10+00:00","og_image":[{"width":1440,"height":1080,"url":"https:\/\/graziamagazine.com\/es\/wp-content\/uploads\/sites\/12\/2024\/04\/thumb-dior-book-tote-summer-2024-1440x1080.jpg-copia.jpg","type":"image\/jpeg"}],"twitter_card":"summary_large_image","twitter_misc":{"Est. reading time":"2 minutos"},"schema":{"@context":"https:\/\/schema.org","@graph":[{"@type":"WebPage","@id":"https:\/\/graziamagazine.com\/es\/articles\/el-mitico-book-tote-de-dior-se-actualiza-esta-primavera\/","url":"https:\/\/graziamagazine.com\/es\/articles\/el-mitico-book-tote-de-dior-se-actualiza-esta-primavera\/","name":"El m\u00edtico Book Tote de Dior se actualiza esta primavera | Grazia","isPartOf":{"@id":"https:\/\/graziamagazine.com\/es\/#website"},"datePublished":"2024-04-03T06:00:26+00:00","dateModified":"2024-04-02T22:04:10+00:00","description":"Uno de los iconos It Bags de la Maison ya est\u00e1 disponible en las boutiques f\u00edsicas de todo el mundo listo para lucir esta temporada.","breadcrumb":{"@id":"https:\/\/graziamagazine.com\/es\/articles\/el-mitico-book-tote-de-dior-se-actualiza-esta-primavera\/#breadcrumb"},"inLanguage":"es","potentialAction":[{"@type":"ReadAction","target":["https:\/\/graziamagazine.com\/es\/articles\/el-mitico-book-tote-de-dior-se-actualiza-esta-primavera\/"]}]},{"@type":"BreadcrumbList","@id":"https:\/\/graziamagazine.com\/es\/articles\/el-mitico-book-tote-de-dior-se-actualiza-esta-primavera\/#breadcrumb","itemListElement":[{"@type":"ListItem","position":1,"name":"Portada","item":"https:\/\/graziamagazine.com\/es\/"},{"@type":"ListItem","position":2,"name":"El m\u00edtico Book Tote de Dior se actualiza esta primavera"}]},{"@type":"WebSite","@id":"https:\/\/graziamagazine.com\/es\/#website","url":"https:\/\/graziamagazine.com\/es\/","name":"Grazia","description":"Moda, belleza, celebrities, estilo de vida...","potentialAction":[{"@type":"SearchAction","target":{"@type":"EntryPoint","urlTemplate":"https:\/\/graziamagazine.com\/es\/?s={search_term_string}"},"query-input":"required name=search_term_string"}],"inLanguage":"es"}]}},"jetpack_sharing_enabled":true,"distributor_meta":false,"distributor_terms":false,"distributor_media":false,"distributor_original_site_name":"Grazia","distributor_original_site_url":"https:\/\/graziamagazine.com\/es","push-errors":false,"_links":{"self":[{"href":"https:\/\/graziamagazine.com\/es\/wp-json\/wp\/v2\/articles\/175400"}],"collection":[{"href":"https:\/\/graziamagazine.com\/es\/wp-json\/wp\/v2\/articles"}],"about":[{"href":"https:\/\/graziamagazine.com\/es\/wp-json\/wp\/v2\/types\/articles"}],"author":[{"embeddable":true,"href":"https:\/\/graziamagazine.com\/es\/wp-json\/wp\/v2\/users\/16349"}],"wp:featuredmedia":[{"embeddable":true,"href":"https:\/\/graziamagazine.com\/es\/wp-json\/wp\/v2\/media\/175403"}],"wp:attachment":[{"href":"https:\/\/graziamagazine.com\/es\/wp-json\/wp\/v2\/media?parent=175400"}],"wp:term":[{"taxonomy":"category","embeddable":true,"href":"https:\/\/graziamagazine.com\/es\/wp-json\/wp\/v2\/categories?post=175400"}],"curies":[{"name":"wp","href":"https:\/\/api.w.org\/{rel}","templated":true}]}}