{"id":175354,"date":"2024-04-01T09:00:40","date_gmt":"2024-04-01T07:00:40","guid":{"rendered":"https:\/\/graziamagazine.com\/es\/?post_type=articles&#038;p=175354"},"modified":"2024-03-31T23:08:58","modified_gmt":"2024-03-31T21:08:58","slug":"5-chaquetas-romanticas-la-tendencia-coquette-de-primavera","status":"publish","type":"articles","link":"https:\/\/graziamagazine.com\/es\/articles\/5-chaquetas-romanticas-la-tendencia-coquette-de-primavera\/","title":{"rendered":"5 chaquetas rom\u00e1nticas, la tendencia coquette de primavera"},"content":{"rendered":"<p>Aunque esta primavera ha venido, de momento, con m\u00e1s fr\u00edo y lluvia de la que quisi\u00e9ramos, el buen tiempo est\u00e1 a la vuelta de la esquina y con \u00e9l esa situaci\u00f3n constante de pensar qu\u00e9 ponerse, porque a veces en un mismo d\u00eda podemos tener todos los climas.<\/p>\n<p>Para esos d\u00edas en los que ya no quieres llevar abrigo, pero tampoco salir a cuerpo o en manga corta, existe una prenda que nunca falla y que esta temporada podemos encontrar en m\u00faltiples versiones. La cl\u00e1sica chaqueta de punto, si quieres llamarla tambi\u00e9n rebeca como han hecho siempre nuestras madres, esta temporada adopta dise\u00f1os m\u00e1s rom\u00e1nticos con cuellos beb\u00e9, pedrer\u00eda, apliques y se convierte en la prenda perfecta para combinar con vaqueros, faldas midi de sat\u00e9n que tanto de moda est\u00e1n y muchas otras combinaciones.<\/p>\n<p>Te dejamos aqu\u00ed 5 modelos diferentes para que los sumes a tu fondo de armario estival esta temporada.<\/p>\n<h3>Con lazos, en Zara<\/h3>\n<p><img decoding=\"async\" src=\"https:\/\/static.zara.net\/assets\/public\/2cfb\/94ba\/4cde473784d5\/ffa0d24a72d8\/05755009676-e1\/05755009676-e1.jpg?ts=1707930549056&amp;w=706\" alt=\"CHAQUETA PUNTO LAZOS - Rosa empolvado de Zara - Imagen 2\" \/><\/p>\n<p>Chaqueta confeccionada con lana y alpaca, con cuello redondo, manga larga y cierre frontal con lazos. <a href=\"https:\/\/www.zara.com\/es\/es\/chaqueta-punto-lazos-p05755009.html?v1=323746052\" target=\"_blank\">Su precio es de 29,95 euros.\u00a0<\/a><\/p>\n<h3>Con textura, en H&amp;M<\/h3>\n<p><img decoding=\"async\" src=\"https:\/\/lp2.hm.com\/hmgoepprod?set=format%5Bwebp%5D%2Cquality%5B79%5D%2Csource%5B%2F3c%2F2f%2F3c2faadf6911c9d31b98a6f0da90564afd42d5d1.jpg%5D%2Corigin%5Bdam%5D%2Ccategory%5B%5D%2Ctype%5BLOOKBOOK%5D%2Cres%5Bm%5D%2Chmver%5B1%5D&amp;call=url%5Bfile%3A%2Fproduct%2Fmain%5D\" alt=\"C\u00e1rdigan con textura - Azul claro - MUJER | H&amp;M ES 2\" \/><\/p>\n<p class=\"d1cd7b b475fe e2b79d\">C\u00e1rdigan corto en punto con textura con cuello redondo, botones delante y bolsillos superiores decorativos con bot\u00f3n dorado. <a href=\"https:\/\/www2.hm.com\/es_es\/productpage.1177837008.html\" target=\"_blank\">Su precio es de 19,99 euros.\u00a0<\/a><\/p>\n<h3>En punto con juego de color, de Parfois<\/h3>\n<p><img decoding=\"async\" src=\"https:\/\/www.parfois.com\/on\/demandware.static\/-\/Sites-parfois-master-catalog\/default\/dwf0dd781b\/images\/hi-res\/241\/64\/217478_PK_6yf.jpg\" \/><\/p>\n<p>C\u00e1rdigan de punto con cuello de solapa y abertura con botones en contraste. <a href=\"https:\/\/www.parfois.com\/es\/es\/ropa\/punto\/cardigan\/cardigan-de-punto\/217478.html?dwvar_217478_color=_BL_size%3DXS-S&amp;srsltid=AfmBOorphjxeONfLdtQfNK1KbeuYyyi6v-aKjk0VoKR5LimauXX6QITptXk\" target=\"_blank\">Su precio es de 32,99 euros.<\/a><\/p>\n<h3>Cardigan con volantes, de Mango<\/h3>\n<p><img decoding=\"async\" src=\"https:\/\/st.mngbcn.com\/rcs\/pics\/static\/T6\/fotos\/S20\/67060481_05.jpg?ts=1699949008925&amp;imwidth=445&amp;imdensity=2\" alt=\"C\u00e1rdigan nudo volantes - Plano medio\" \/><\/p>\n<p>Con punto medio y dise\u00f1o recto, est\u00e1 dise\u00f1ado con cuello pico, manga larga, escote con cierre de lazo y detalles de volantes en el frontal. <a href=\"https:\/\/shop.mango.com\/es\/mujer\/jerseis-y-cardigans-cardigans\/cardigan-nudo-volantes_67060481.html?c=05&amp;talla=20&amp;srsltid=AfmBOoqTe4MTP_x_hahYAf6CQ5pbH4W0jV1keUCGIbGTlryUREENqK5sBRY\" target=\"_blank\">Su precio ahora es de 29,99 euros.<\/a><\/p>\n<h3>Con corazones de strass, en zara<\/h3>\n<p><img decoding=\"async\" src=\"https:\/\/static.zara.net\/assets\/public\/9c03\/a9e0\/cd0243f78414\/663563dc92dc\/04331003802-p\/04331003802-p.jpg?ts=1707296584281&amp;w=1060\" alt=\"CHAQUETA PUNTO ABALORIOS CORAZONES - Gris de Zara - Imagen 0\" \/><\/p>\n<p>Chaqueta de escote pico y manga corta con detalle de aplicaci\u00f3n de abalorios y cierre frontal con botones a tono. <a href=\"https:\/\/www.zara.com\/es\/es\/chaqueta-punto-abalorios-corazones-p04331003.html?v1=324243750\" target=\"_blank\">Su precio es de 29,95 euros.\u00a0<\/a><\/p>\n<p><em>*Im\u00e1genes: Getty Images y cortes\u00eda<\/em><\/p>\n<p>&nbsp;<\/p>\n","protected":false},"author":11653,"featured_media":175356,"template":"","format":"standard","categories":[1],"acf":[],"yoast_head":"<!-- This site is optimized with the Yoast SEO Premium plugin v18.5 (Yoast SEO v20.4) - https:\/\/yoast.com\/wordpress\/plugins\/seo\/ -->\n<title>5 chaquetas rom\u00e1nticas, la tendencia coquette de primavera<\/title>\n<meta name=\"description\" content=\"Esta temporada las chaquetas de punto se convierten en la prenda estrella para darle a tus looks un toque m\u00e1s sofisticado.\" \/>\n<meta name=\"robots\" content=\"index, follow, max-snippet:-1, max-image-preview:large, max-video-preview:-1\" \/>\n<link rel=\"canonical\" href=\"https:\/\/graziamagazine.com\/es\/articles\/5-chaquetas-romanticas-la-tendencia-coquette-de-primavera\/\" \/>\n<meta property=\"og:locale\" content=\"es_ES\" \/>\n<meta property=\"og:type\" content=\"article\" \/>\n<meta property=\"og:title\" content=\"5 chaquetas rom\u00e1nticas, la tendencia coquette de primavera\" \/>\n<meta property=\"og:description\" content=\"Esta temporada las chaquetas de punto se convierten en la prenda estrella para darle a tus looks un toque m\u00e1s sofisticado.\" \/>\n<meta property=\"og:url\" content=\"https:\/\/graziamagazine.com\/es\/articles\/5-chaquetas-romanticas-la-tendencia-coquette-de-primavera\/\" \/>\n<meta property=\"og:site_name\" content=\"Grazia\" \/>\n<meta property=\"article:modified_time\" content=\"2024-03-31T21:08:58+00:00\" \/>\n<meta property=\"og:image\" content=\"https:\/\/graziamagazine.com\/es\/wp-content\/uploads\/sites\/12\/2024\/03\/Captura-de-pantalla-2024-03-31-a-las-21.54.11-copia.jpg\" \/>\n\t<meta property=\"og:image:width\" content=\"1948\" \/>\n\t<meta property=\"og:image:height\" content=\"1450\" \/>\n\t<meta property=\"og:image:type\" content=\"image\/jpeg\" \/>\n<meta name=\"twitter:card\" content=\"summary_large_image\" \/>\n<meta name=\"twitter:label1\" content=\"Est. reading time\" \/>\n\t<meta name=\"twitter:data1\" content=\"3 minutos\" \/>\n<script type=\"application\/ld+json\" class=\"yoast-schema-graph\">{\"@context\":\"https:\/\/schema.org\",\"@graph\":[{\"@type\":\"WebPage\",\"@id\":\"https:\/\/graziamagazine.com\/es\/articles\/5-chaquetas-romanticas-la-tendencia-coquette-de-primavera\/\",\"url\":\"https:\/\/graziamagazine.com\/es\/articles\/5-chaquetas-romanticas-la-tendencia-coquette-de-primavera\/\",\"name\":\"5 chaquetas rom\u00e1nticas, la tendencia coquette de primavera\",\"isPartOf\":{\"@id\":\"https:\/\/graziamagazine.com\/es\/#website\"},\"datePublished\":\"2024-04-01T07:00:40+00:00\",\"dateModified\":\"2024-03-31T21:08:58+00:00\",\"description\":\"Esta temporada las chaquetas de punto se convierten en la prenda estrella para darle a tus looks un toque m\u00e1s sofisticado.\",\"breadcrumb\":{\"@id\":\"https:\/\/graziamagazine.com\/es\/articles\/5-chaquetas-romanticas-la-tendencia-coquette-de-primavera\/#breadcrumb\"},\"inLanguage\":\"es\",\"potentialAction\":[{\"@type\":\"ReadAction\",\"target\":[\"https:\/\/graziamagazine.com\/es\/articles\/5-chaquetas-romanticas-la-tendencia-coquette-de-primavera\/\"]}]},{\"@type\":\"BreadcrumbList\",\"@id\":\"https:\/\/graziamagazine.com\/es\/articles\/5-chaquetas-romanticas-la-tendencia-coquette-de-primavera\/#breadcrumb\",\"itemListElement\":[{\"@type\":\"ListItem\",\"position\":1,\"name\":\"Portada\",\"item\":\"https:\/\/graziamagazine.com\/es\/\"},{\"@type\":\"ListItem\",\"position\":2,\"name\":\"5 chaquetas rom\u00e1nticas, la tendencia coquette de primavera\"}]},{\"@type\":\"WebSite\",\"@id\":\"https:\/\/graziamagazine.com\/es\/#website\",\"url\":\"https:\/\/graziamagazine.com\/es\/\",\"name\":\"Grazia\",\"description\":\"Moda, belleza, celebrities, estilo de vida...\",\"potentialAction\":[{\"@type\":\"SearchAction\",\"target\":{\"@type\":\"EntryPoint\",\"urlTemplate\":\"https:\/\/graziamagazine.com\/es\/?s={search_term_string}\"},\"query-input\":\"required name=search_term_string\"}],\"inLanguage\":\"es\"}]}<\/script>\n<!-- \/ Yoast SEO Premium plugin. -->","yoast_head_json":{"title":"5 chaquetas rom\u00e1nticas, la tendencia coquette de primavera","description":"Esta temporada las chaquetas de punto se convierten en la prenda estrella para darle a tus looks un toque m\u00e1s sofisticado.","robots":{"index":"index","follow":"follow","max-snippet":"max-snippet:-1","max-image-preview":"max-image-preview:large","max-video-preview":"max-video-preview:-1"},"canonical":"https:\/\/graziamagazine.com\/es\/articles\/5-chaquetas-romanticas-la-tendencia-coquette-de-primavera\/","og_locale":"es_ES","og_type":"article","og_title":"5 chaquetas rom\u00e1nticas, la tendencia coquette de primavera","og_description":"Esta temporada las chaquetas de punto se convierten en la prenda estrella para darle a tus looks un toque m\u00e1s sofisticado.","og_url":"https:\/\/graziamagazine.com\/es\/articles\/5-chaquetas-romanticas-la-tendencia-coquette-de-primavera\/","og_site_name":"Grazia","article_modified_time":"2024-03-31T21:08:58+00:00","og_image":[{"width":1948,"height":1450,"url":"https:\/\/graziamagazine.com\/es\/wp-content\/uploads\/sites\/12\/2024\/03\/Captura-de-pantalla-2024-03-31-a-las-21.54.11-copia.jpg","type":"image\/jpeg"}],"twitter_card":"summary_large_image","twitter_misc":{"Est. reading time":"3 minutos"},"schema":{"@context":"https:\/\/schema.org","@graph":[{"@type":"WebPage","@id":"https:\/\/graziamagazine.com\/es\/articles\/5-chaquetas-romanticas-la-tendencia-coquette-de-primavera\/","url":"https:\/\/graziamagazine.com\/es\/articles\/5-chaquetas-romanticas-la-tendencia-coquette-de-primavera\/","name":"5 chaquetas rom\u00e1nticas, la tendencia coquette de primavera","isPartOf":{"@id":"https:\/\/graziamagazine.com\/es\/#website"},"datePublished":"2024-04-01T07:00:40+00:00","dateModified":"2024-03-31T21:08:58+00:00","description":"Esta temporada las chaquetas de punto se convierten en la prenda estrella para darle a tus looks un toque m\u00e1s sofisticado.","breadcrumb":{"@id":"https:\/\/graziamagazine.com\/es\/articles\/5-chaquetas-romanticas-la-tendencia-coquette-de-primavera\/#breadcrumb"},"inLanguage":"es","potentialAction":[{"@type":"ReadAction","target":["https:\/\/graziamagazine.com\/es\/articles\/5-chaquetas-romanticas-la-tendencia-coquette-de-primavera\/"]}]},{"@type":"BreadcrumbList","@id":"https:\/\/graziamagazine.com\/es\/articles\/5-chaquetas-romanticas-la-tendencia-coquette-de-primavera\/#breadcrumb","itemListElement":[{"@type":"ListItem","position":1,"name":"Portada","item":"https:\/\/graziamagazine.com\/es\/"},{"@type":"ListItem","position":2,"name":"5 chaquetas rom\u00e1nticas, la tendencia coquette de primavera"}]},{"@type":"WebSite","@id":"https:\/\/graziamagazine.com\/es\/#website","url":"https:\/\/graziamagazine.com\/es\/","name":"Grazia","description":"Moda, belleza, celebrities, estilo de vida...","potentialAction":[{"@type":"SearchAction","target":{"@type":"EntryPoint","urlTemplate":"https:\/\/graziamagazine.com\/es\/?s={search_term_string}"},"query-input":"required name=search_term_string"}],"inLanguage":"es"}]}},"jetpack_sharing_enabled":true,"distributor_meta":false,"distributor_terms":false,"distributor_media":false,"distributor_original_site_name":"Grazia","distributor_original_site_url":"https:\/\/graziamagazine.com\/es","push-errors":false,"_links":{"self":[{"href":"https:\/\/graziamagazine.com\/es\/wp-json\/wp\/v2\/articles\/175354"}],"collection":[{"href":"https:\/\/graziamagazine.com\/es\/wp-json\/wp\/v2\/articles"}],"about":[{"href":"https:\/\/graziamagazine.com\/es\/wp-json\/wp\/v2\/types\/articles"}],"author":[{"embeddable":true,"href":"https:\/\/graziamagazine.com\/es\/wp-json\/wp\/v2\/users\/11653"}],"wp:featuredmedia":[{"embeddable":true,"href":"https:\/\/graziamagazine.com\/es\/wp-json\/wp\/v2\/media\/175356"}],"wp:attachment":[{"href":"https:\/\/graziamagazine.com\/es\/wp-json\/wp\/v2\/media?parent=175354"}],"wp:term":[{"taxonomy":"category","embeddable":true,"href":"https:\/\/graziamagazine.com\/es\/wp-json\/wp\/v2\/categories?post=175354"}],"curies":[{"name":"wp","href":"https:\/\/api.w.org\/{rel}","templated":true}]}}