{"id":175224,"date":"2024-03-19T14:03:43","date_gmt":"2024-03-19T13:03:43","guid":{"rendered":"https:\/\/graziamagazine.com\/es\/?post_type=articles&#038;p=175224"},"modified":"2024-03-19T14:04:08","modified_gmt":"2024-03-19T13:04:08","slug":"dries-van-noten-deja-su-marca-despues-de-40-anos-en-la-moda","status":"publish","type":"articles","link":"https:\/\/graziamagazine.com\/es\/articles\/dries-van-noten-deja-su-marca-despues-de-40-anos-en-la-moda\/","title":{"rendered":"Dries Van Noten deja su marca despu\u00e9s de 40 a\u00f1os en la moda"},"content":{"rendered":"<p>\u00ab<em>Me he estado preparando para este momento durante un tiempo y siento que es hora de dejar espacio para que una nueva generaci\u00f3n de talentos aporte su visi\u00f3n a la marca<\/em>\u00ab. As\u00ed ha anunciado, a trav\u00e9s de WWD, el dise\u00f1ador belga Dries Van Noten que se retira de su propia marca despu\u00e9s de casi 40 a\u00f1os de estar al frente. <strong>El fin de esta historia llegar\u00e1 en el mes de junio cuando presente su \u00faltimo desfile<\/strong>, la colecci\u00f3n masculina para la pr\u00f3xima primavera-verano 2025 durante la Semana de la Moda de Par\u00eds.<\/p>\n<p>Tambi\u00e9n a trav\u00e9s de su cuenta de Instagram el dise\u00f1ador tambi\u00e9n se ha despedido y se ha mostrado agradecido por todos estos a\u00f1os de carrera y todas las personas que le han acompa\u00f1ado durante estas d\u00e9cadas.<\/p>\n<blockquote><p>\u00abA su debido tiempo, anunciaremos el dise\u00f1ador que continuar\u00e1 la historia\u00bb, ha afirmado sin dar m\u00e1s detalles.<\/p><\/blockquote>\n<p>Lo que s\u00ed se sabe es que el dise\u00f1ador no se desligar\u00e1 por completo de su propia marca, ya que seguir\u00e1 ligado a ella, una marca \u00abque tanto aprecia\u00bb. Puede que siga vinculado a su actual equipo de dise\u00f1o, mientras se conoce el nombre de su sucesor, ya que este equipo con el que lleva a\u00f1os trabajando ser\u00e1 el encargado de hacerse cargo de la pr\u00f3xima colecci\u00f3n femenina.<\/p>\n<p>\u00ab<em>Respetamos el deseo de Dries de abandonar su puesto, despu\u00e9s de una carrera excepcional de 38 a\u00f1os en la moda<\/em>\u00ab, ha afirmado Marc Puig, presidente y director ejecutivo de Puig, el grupo espa\u00f1ol que desde el 2018 posee una participaci\u00f3n mayoritaria en la firma y que tambi\u00e9n es due\u00f1o de otras firmas de reconocido prestigio como Carolina Herrera, Nina Ricci, Rabanne y\u00a0 Jean Paul Gaultier.<\/p>\n<p data-embed=\"body-image\"><img decoding=\"async\" src=\"https:\/\/graziamagazine.com\/mx\/wp-content\/uploads\/sites\/13\/2020\/02\/dries-van-noten-te-ensena-a-combinar-estampados-para-otono-invierno-2020-destacada.jpg\" alt=\"Dries Van Noten te ense\u00f1a a combinar estampados para oto\u00f1o-invierno 2020 | Grazia M\u00e9xico y Latinoam\u00e9rica\" \/><\/p>\n<h3 class=\"align-center size-medium embed css-1736von e1xqj1sx4\" data-embed=\"body-image\">La historia del dise\u00f1ador belga m\u00e1s aclamado<\/h3>\n<p>Desde su infancia en una familia de modistas en Amberes, B\u00e9lgica, Dries Van Noten demostr\u00f3 una afinidad innata por el arte y la creatividad. Este joven visionario r\u00e1pidamente se destac\u00f3 en el mundo de la moda con su enfoque \u00fanico y su capacidad para fusionar la sofisticaci\u00f3n europea con un toque vanguardista. <strong>Fund\u00f3 su casa de moda hom\u00f3nima en 1986<\/strong>, y desde entonces ha cautivado al mundo con sus colecciones que desaf\u00edan las convenciones y celebran la individualidad.<\/p>\n<p><img decoding=\"async\" src=\"https:\/\/media.fashionnetwork.com\/cdn-cgi\/image\/fit=contain,width=1000,height=1000\/m\/2a83\/25f3\/b74b\/3664\/3e0f\/1623\/51be\/5aad\/d6b0\/34ba\/34ba.jpg\" alt=\"El himno de la alegr\u00eda de Dries Van Noten, Anrealage y Rochas en Par\u00eds\" \/><\/p>\n<p>La firma de Van Noten es sin\u00f3nimo de prendas exquisitamente confeccionadas, estampados audaces y una atenci\u00f3n meticulosa a los detalles. <strong>Lo que distingue a este maestro de la moda contempor\u00e1nea<\/strong> es su habilidad para mezclar influencias culturales, textiles lujosos y siluetas innovadoras para crear piezas que trascienden las tendencias ef\u00edmeras.<\/p>\n<p><strong>Sus colecciones est\u00e1n impregnadas de una sensibilidad art\u00edstica \u00fanica, donde cada prenda cuenta una historia y refleja la riqueza de su imaginaci\u00f3n.<\/strong> A lo largo de las d\u00e9cadas, Van Noten ha mantenido una independencia creativa notable en un mundo dominado por conglomerados de moda. Esta libertad le ha permitido mantenerse fiel a su visi\u00f3n, mientras sigue siendo uno de los dise\u00f1adores m\u00e1s influyentes de la escena internacional.Sus desfiles de moda son eventos esperados con ansas, donde la pasarela se convierte en un lienzo para sus expresiones art\u00edsticas.<\/p>\n<p><img decoding=\"async\" src=\"https:\/\/theimpression.com\/wp-content\/uploads\/2022\/06\/van-noten-m-s23-056.jpeg\" alt=\"La elegancia inusual y la mezcla de referencias de subculturas ft. Dries Van Noten \u2013 NEOMEN\" \/><\/p>\n<p>Adem\u00e1s, su compromiso con la sostenibilidad y la \u00e9tica en la moda lo ha consolidado como un l\u00edder en la industria en la b\u00fasqueda de pr\u00e1cticas m\u00e1s responsables. <strong>Dries Van Noten no solo es un dise\u00f1ador de moda, es un narrador de historias a trav\u00e9s de la tela y el color.<\/strong> Su legado perdurar\u00e1 mucho m\u00e1s all\u00e1 de las pasarelas, dejando una marca indeleble en el mundo de la moda contempor\u00e1nea.<\/p>\n<p><em>*Im\u00e1genes: Getty Images y cortes\u00eda<\/em><\/p>\n<p data-embed=\"body-image\">\n","protected":false},"author":11653,"featured_media":175225,"template":"","format":"standard","categories":[2971],"acf":{"banner":null},"yoast_head":"<!-- This site is optimized with the Yoast SEO Premium plugin v18.5 (Yoast SEO v20.4) - https:\/\/yoast.com\/wordpress\/plugins\/seo\/ -->\n<title>Dries Van Noten deja su marca despu\u00e9s de 40 a\u00f1os en la moda | Grazia<\/title>\n<meta name=\"description\" content=\"El dise\u00f1ador anuncia que dejar\u00e1 su puesto en junio despu\u00e9s de casi cuatro d\u00e9cadas al frente y todav\u00eda no se sabe qui\u00e9n ser\u00e1 su sucesor.\" \/>\n<meta name=\"robots\" content=\"index, follow, max-snippet:-1, max-image-preview:large, max-video-preview:-1\" \/>\n<link rel=\"canonical\" href=\"https:\/\/graziamagazine.com\/es\/articles\/dries-van-noten-deja-su-marca-despues-de-40-anos-en-la-moda\/\" \/>\n<meta property=\"og:locale\" content=\"es_ES\" \/>\n<meta property=\"og:type\" content=\"article\" \/>\n<meta property=\"og:title\" content=\"Dries Van Noten deja su marca despu\u00e9s de 40 a\u00f1os en la moda\" \/>\n<meta property=\"og:description\" content=\"El dise\u00f1ador anuncia que dejar\u00e1 su puesto en junio despu\u00e9s de casi cuatro d\u00e9cadas al frente y todav\u00eda no se sabe qui\u00e9n ser\u00e1 su sucesor.\" \/>\n<meta property=\"og:url\" content=\"https:\/\/graziamagazine.com\/es\/articles\/dries-van-noten-deja-su-marca-despues-de-40-anos-en-la-moda\/\" \/>\n<meta property=\"og:site_name\" content=\"Grazia\" \/>\n<meta property=\"article:modified_time\" content=\"2024-03-19T13:04:08+00:00\" \/>\n<meta property=\"og:image\" content=\"https:\/\/graziamagazine.com\/es\/wp-content\/uploads\/sites\/12\/2024\/03\/labels-on-fire-dries-van-noten-gq-style-18-01-copia.jpg\" \/>\n\t<meta property=\"og:image:width\" content=\"2472\" \/>\n\t<meta property=\"og:image:height\" content=\"1854\" \/>\n\t<meta property=\"og:image:type\" content=\"image\/jpeg\" \/>\n<meta name=\"twitter:card\" content=\"summary_large_image\" \/>\n<meta name=\"twitter:label1\" content=\"Est. reading time\" \/>\n\t<meta name=\"twitter:data1\" content=\"4 minutos\" \/>\n<script type=\"application\/ld+json\" class=\"yoast-schema-graph\">{\"@context\":\"https:\/\/schema.org\",\"@graph\":[{\"@type\":\"WebPage\",\"@id\":\"https:\/\/graziamagazine.com\/es\/articles\/dries-van-noten-deja-su-marca-despues-de-40-anos-en-la-moda\/\",\"url\":\"https:\/\/graziamagazine.com\/es\/articles\/dries-van-noten-deja-su-marca-despues-de-40-anos-en-la-moda\/\",\"name\":\"Dries Van Noten deja su marca despu\u00e9s de 40 a\u00f1os en la moda | Grazia\",\"isPartOf\":{\"@id\":\"https:\/\/graziamagazine.com\/es\/#website\"},\"datePublished\":\"2024-03-19T13:03:43+00:00\",\"dateModified\":\"2024-03-19T13:04:08+00:00\",\"description\":\"El dise\u00f1ador anuncia que dejar\u00e1 su puesto en junio despu\u00e9s de casi cuatro d\u00e9cadas al frente y todav\u00eda no se sabe qui\u00e9n ser\u00e1 su sucesor.\",\"breadcrumb\":{\"@id\":\"https:\/\/graziamagazine.com\/es\/articles\/dries-van-noten-deja-su-marca-despues-de-40-anos-en-la-moda\/#breadcrumb\"},\"inLanguage\":\"es\",\"potentialAction\":[{\"@type\":\"ReadAction\",\"target\":[\"https:\/\/graziamagazine.com\/es\/articles\/dries-van-noten-deja-su-marca-despues-de-40-anos-en-la-moda\/\"]}]},{\"@type\":\"BreadcrumbList\",\"@id\":\"https:\/\/graziamagazine.com\/es\/articles\/dries-van-noten-deja-su-marca-despues-de-40-anos-en-la-moda\/#breadcrumb\",\"itemListElement\":[{\"@type\":\"ListItem\",\"position\":1,\"name\":\"Portada\",\"item\":\"https:\/\/graziamagazine.com\/es\/\"},{\"@type\":\"ListItem\",\"position\":2,\"name\":\"Dries Van Noten deja su marca despu\u00e9s de 40 a\u00f1os en la moda\"}]},{\"@type\":\"WebSite\",\"@id\":\"https:\/\/graziamagazine.com\/es\/#website\",\"url\":\"https:\/\/graziamagazine.com\/es\/\",\"name\":\"Grazia\",\"description\":\"Moda, belleza, celebrities, estilo de vida...\",\"potentialAction\":[{\"@type\":\"SearchAction\",\"target\":{\"@type\":\"EntryPoint\",\"urlTemplate\":\"https:\/\/graziamagazine.com\/es\/?s={search_term_string}\"},\"query-input\":\"required name=search_term_string\"}],\"inLanguage\":\"es\"}]}<\/script>\n<!-- \/ Yoast SEO Premium plugin. -->","yoast_head_json":{"title":"Dries Van Noten deja su marca despu\u00e9s de 40 a\u00f1os en la moda | Grazia","description":"El dise\u00f1ador anuncia que dejar\u00e1 su puesto en junio despu\u00e9s de casi cuatro d\u00e9cadas al frente y todav\u00eda no se sabe qui\u00e9n ser\u00e1 su sucesor.","robots":{"index":"index","follow":"follow","max-snippet":"max-snippet:-1","max-image-preview":"max-image-preview:large","max-video-preview":"max-video-preview:-1"},"canonical":"https:\/\/graziamagazine.com\/es\/articles\/dries-van-noten-deja-su-marca-despues-de-40-anos-en-la-moda\/","og_locale":"es_ES","og_type":"article","og_title":"Dries Van Noten deja su marca despu\u00e9s de 40 a\u00f1os en la moda","og_description":"El dise\u00f1ador anuncia que dejar\u00e1 su puesto en junio despu\u00e9s de casi cuatro d\u00e9cadas al frente y todav\u00eda no se sabe qui\u00e9n ser\u00e1 su sucesor.","og_url":"https:\/\/graziamagazine.com\/es\/articles\/dries-van-noten-deja-su-marca-despues-de-40-anos-en-la-moda\/","og_site_name":"Grazia","article_modified_time":"2024-03-19T13:04:08+00:00","og_image":[{"width":2472,"height":1854,"url":"https:\/\/graziamagazine.com\/es\/wp-content\/uploads\/sites\/12\/2024\/03\/labels-on-fire-dries-van-noten-gq-style-18-01-copia.jpg","type":"image\/jpeg"}],"twitter_card":"summary_large_image","twitter_misc":{"Est. reading time":"4 minutos"},"schema":{"@context":"https:\/\/schema.org","@graph":[{"@type":"WebPage","@id":"https:\/\/graziamagazine.com\/es\/articles\/dries-van-noten-deja-su-marca-despues-de-40-anos-en-la-moda\/","url":"https:\/\/graziamagazine.com\/es\/articles\/dries-van-noten-deja-su-marca-despues-de-40-anos-en-la-moda\/","name":"Dries Van Noten deja su marca despu\u00e9s de 40 a\u00f1os en la moda | Grazia","isPartOf":{"@id":"https:\/\/graziamagazine.com\/es\/#website"},"datePublished":"2024-03-19T13:03:43+00:00","dateModified":"2024-03-19T13:04:08+00:00","description":"El dise\u00f1ador anuncia que dejar\u00e1 su puesto en junio despu\u00e9s de casi cuatro d\u00e9cadas al frente y todav\u00eda no se sabe qui\u00e9n ser\u00e1 su sucesor.","breadcrumb":{"@id":"https:\/\/graziamagazine.com\/es\/articles\/dries-van-noten-deja-su-marca-despues-de-40-anos-en-la-moda\/#breadcrumb"},"inLanguage":"es","potentialAction":[{"@type":"ReadAction","target":["https:\/\/graziamagazine.com\/es\/articles\/dries-van-noten-deja-su-marca-despues-de-40-anos-en-la-moda\/"]}]},{"@type":"BreadcrumbList","@id":"https:\/\/graziamagazine.com\/es\/articles\/dries-van-noten-deja-su-marca-despues-de-40-anos-en-la-moda\/#breadcrumb","itemListElement":[{"@type":"ListItem","position":1,"name":"Portada","item":"https:\/\/graziamagazine.com\/es\/"},{"@type":"ListItem","position":2,"name":"Dries Van Noten deja su marca despu\u00e9s de 40 a\u00f1os en la moda"}]},{"@type":"WebSite","@id":"https:\/\/graziamagazine.com\/es\/#website","url":"https:\/\/graziamagazine.com\/es\/","name":"Grazia","description":"Moda, belleza, celebrities, estilo de vida...","potentialAction":[{"@type":"SearchAction","target":{"@type":"EntryPoint","urlTemplate":"https:\/\/graziamagazine.com\/es\/?s={search_term_string}"},"query-input":"required name=search_term_string"}],"inLanguage":"es"}]}},"jetpack_sharing_enabled":true,"distributor_meta":false,"distributor_terms":false,"distributor_media":false,"distributor_original_site_name":"Grazia","distributor_original_site_url":"https:\/\/graziamagazine.com\/es","push-errors":false,"_links":{"self":[{"href":"https:\/\/graziamagazine.com\/es\/wp-json\/wp\/v2\/articles\/175224"}],"collection":[{"href":"https:\/\/graziamagazine.com\/es\/wp-json\/wp\/v2\/articles"}],"about":[{"href":"https:\/\/graziamagazine.com\/es\/wp-json\/wp\/v2\/types\/articles"}],"author":[{"embeddable":true,"href":"https:\/\/graziamagazine.com\/es\/wp-json\/wp\/v2\/users\/11653"}],"wp:featuredmedia":[{"embeddable":true,"href":"https:\/\/graziamagazine.com\/es\/wp-json\/wp\/v2\/media\/175225"}],"wp:attachment":[{"href":"https:\/\/graziamagazine.com\/es\/wp-json\/wp\/v2\/media?parent=175224"}],"wp:term":[{"taxonomy":"category","embeddable":true,"href":"https:\/\/graziamagazine.com\/es\/wp-json\/wp\/v2\/categories?post=175224"}],"curies":[{"name":"wp","href":"https:\/\/api.w.org\/{rel}","templated":true}]}}