{"id":175187,"date":"2024-03-18T09:28:27","date_gmt":"2024-03-18T08:28:27","guid":{"rendered":"https:\/\/graziamagazine.com\/es\/?post_type=articles&#038;p=175187"},"modified":"2024-03-19T12:20:44","modified_gmt":"2024-03-19T11:20:44","slug":"dia-del-padre-2024-restaurantes-para-celebrar-con-papa","status":"publish","type":"articles","link":"https:\/\/graziamagazine.com\/es\/articles\/dia-del-padre-2024-restaurantes-para-celebrar-con-papa\/","title":{"rendered":"D\u00eda del padre 2024: restaurantes para celebrar con pap\u00e1"},"content":{"rendered":"<p>Las figuras paternales son algo muy importante en nuestra vida y, para muchos, son toda una referencia. Celebrar a los\u00a0<span class=\"marku9orpvgxd\" data-markjs=\"true\" data-ogac=\"\" data-ogab=\"\" data-ogsc=\"\" data-ogsb=\"\">padre<\/span>s es uno de los grandes hitos\u00a0<span class=\"mark4i48s7zld\" data-markjs=\"true\" data-ogac=\"\" data-ogab=\"\" data-ogsc=\"\" data-ogsb=\"\">del<\/span>\u00a0a\u00f1o y se merecen los mejores regalos, adem\u00e1s de la mejor gastronom\u00eda, asi que hay que buscar una buena opci\u00f3n. Sorprender es el objetivo principal y hacerlo en espacios con un tipo de cocina diferente y caracter\u00edstico, es una gran opci\u00f3n. Estas son las propuestas que te hacemos para celebrar el D\u00eda\u00a0<span class=\"mark4i48s7zld\" data-markjs=\"true\" data-ogac=\"\" data-ogab=\"\" data-ogsc=\"\" data-ogsb=\"\">del<\/span>\u00a0<span class=\"marku9orpvgxd\" data-markjs=\"true\" data-ogac=\"\" data-ogab=\"\" data-ogsc=\"\" data-ogsb=\"\">Padre<\/span>\u00a0y, cr\u00e9eme, que son muy variadas.<\/p>\n<h3>V Modern Italian, un viaje a italia<\/h3>\n<p>Celebrar el D\u00eda\u00a0<span class=\"mark4i48s7zld\" data-markjs=\"true\" data-ogac=\"\" data-ogab=\"\" data-ogsc=\"\" data-ogsb=\"\">del<\/span>\u00a0<span class=\"marku9orpvgxd\" data-markjs=\"true\" data-ogac=\"\" data-ogab=\"\" data-ogsc=\"\" data-ogsb=\"\">Padre<\/span>\u00a0supone poner de acuerdo a toda la familia y, seamos honestos, con la comida italiana es una de las formas m\u00e1s f\u00e1ciles de hacerlo. Un ambiente familiar y relajado que se combina con m\u00e1rmoles y terciopelos.\u00a0<strong>Para pedir, hazlo directamente, escanea el QR y t\u00f3mate tu tiempo.<\/strong>\u00a0\u00bfLo bueno? T\u00fa puedes y controlas tu gasto. Pide un carpaccio y una burrata, mientras te decides entre pizza o pasta.<\/p>\n<p><img decoding=\"async\" src=\"https:\/\/mcusercontent.com\/bdf59ab10b9713b05a97e399f\/images\/6e32bb43-025d-e769-421a-5809d8f1b7a3.png\" \/><\/p>\n<p>\u00bfD\u00f3nde? Calle de General D\u00edaz Porlier, 57 (Madrid)<\/p>\n<h3>BDP, un lugar (diferente) de hamburguesas<\/h3>\n<p>Su concepto gastron\u00f3mico es diferente y\u00a0<strong>se encuentra entre hamburgueser\u00eda y restaurante<\/strong>, un espacio id\u00f3neo para ir en familia, puesto que le gusta a los m\u00e1s peque\u00f1os, a los j\u00f3venes, a los\u00a0<span class=\"marku9orpvgxd\" data-markjs=\"true\" data-ogac=\"\" data-ogab=\"\" data-ogsc=\"\" data-ogsb=\"\">padre<\/span>s y a las abuelas. Su concepto es&#8217;muerde el origen&#8217;,\u00a0es decir, ellos cuentan con su propia ganader\u00eda y saben perfectamente la carne que sirven. Su carta es una locura y los sabores de las mismas, est\u00e1n a otro nivel.<\/p>\n<p><img decoding=\"async\" src=\"https:\/\/mcusercontent.com\/bdf59ab10b9713b05a97e399f\/images\/6a7b9df1-b8fd-8529-bf24-90bc77ec7493.png\" \/><\/p>\n<p>\u00bfD\u00f3nde? Calle Alberto Alcocer, 43 \/ Calle\u00a0<span class=\"mark4i48s7zld\" data-markjs=\"true\" data-ogac=\"\" data-ogab=\"\" data-ogsc=\"\" data-ogsb=\"\">del<\/span> Norte, 1, Coslada \/ Calle Francisco de Ayala, 2, Rivas \/ Calle de la Magdalena, 11, local 1, Getafe \/ Calle de Mar Caribe, 4, Coslada \/ Calle de las infantas, 32<\/p>\n<h3>deat\u00fan, para los amantes del sur<\/h3>\n<p>Es una de las formas de rememorar los veranos en el sur y \u00bfa qui\u00e9n no le gusta el\u00a0<strong>at\u00fan de Almadraba<\/strong>? En este restaurante de Ponzano puede ser crudo o cocinado y que, adem\u00e1s, lo combinan con sabores de otros alimentos que hacen que su concepto de\u00a0<strong>Cocina de Mercado Gaditana,<\/strong>\u00a0cobre vida en el coraz\u00f3n de Madrid. Pan Bao o\u00a0Tataki de at\u00fan y huevo de codorniz o incluso Morrillo, una de las partes m\u00e1s nobles\u00a0<span class=\"mark4i48s7zld\" data-markjs=\"true\" data-ogac=\"\" data-ogab=\"\" data-ogsc=\"\" data-ogsb=\"\">del<\/span> at\u00fan.<\/p>\n<p><img loading=\"lazy\" decoding=\"async\" class=\"aligncenter size-full wp-image-175188\" src=\"https:\/\/graziamagazine.com\/es\/wp-content\/uploads\/sites\/12\/2024\/03\/restaurantedeatun-3.jpg\" alt=\"\" width=\"1440\" height=\"1007\" srcset=\"https:\/\/graziamagazine.com\/es\/wp-content\/uploads\/sites\/12\/2024\/03\/restaurantedeatun-3.jpg 1440w, https:\/\/graziamagazine.com\/es\/wp-content\/uploads\/sites\/12\/2024\/03\/restaurantedeatun-3-300x210.jpg 300w, https:\/\/graziamagazine.com\/es\/wp-content\/uploads\/sites\/12\/2024\/03\/restaurantedeatun-3-1024x716.jpg 1024w, https:\/\/graziamagazine.com\/es\/wp-content\/uploads\/sites\/12\/2024\/03\/restaurantedeatun-3-768x537.jpg 768w, https:\/\/graziamagazine.com\/es\/wp-content\/uploads\/sites\/12\/2024\/03\/restaurantedeatun-3-400x280.jpg 400w, https:\/\/graziamagazine.com\/es\/wp-content\/uploads\/sites\/12\/2024\/03\/restaurantedeatun-3-155x108.jpg 155w\" sizes=\"(max-width: 1440px) 100vw, 1440px\" \/><\/p>\n<p>\u00bfD\u00f3nde? Calle de Ponzano 59<\/p>\n<h3>CHULENGO, para los pap\u00e1s carn\u00edvoros<\/h3>\n<p>Para los amantes de la carne con ganas de salir de Madrid, Chulengo ofrece el plan perfecto en Boadilla del Monte. Ah\u00ed puedes disfrutar de sus diferentes cortes de carne adem\u00e1s de su selecci\u00f3n de vinos internacionales, tanto en su interior como en su terraza.<\/p>\n<p><img loading=\"lazy\" decoding=\"async\" class=\"aligncenter size-full wp-image-175189\" src=\"https:\/\/graziamagazine.com\/es\/wp-content\/uploads\/sites\/12\/2024\/03\/chulengo.boadilla-3.jpg\" alt=\"\" width=\"1440\" height=\"959\" srcset=\"https:\/\/graziamagazine.com\/es\/wp-content\/uploads\/sites\/12\/2024\/03\/chulengo.boadilla-3.jpg 1440w, https:\/\/graziamagazine.com\/es\/wp-content\/uploads\/sites\/12\/2024\/03\/chulengo.boadilla-3-300x200.jpg 300w, https:\/\/graziamagazine.com\/es\/wp-content\/uploads\/sites\/12\/2024\/03\/chulengo.boadilla-3-1024x682.jpg 1024w, https:\/\/graziamagazine.com\/es\/wp-content\/uploads\/sites\/12\/2024\/03\/chulengo.boadilla-3-768x511.jpg 768w, https:\/\/graziamagazine.com\/es\/wp-content\/uploads\/sites\/12\/2024\/03\/chulengo.boadilla-3-400x266.jpg 400w, https:\/\/graziamagazine.com\/es\/wp-content\/uploads\/sites\/12\/2024\/03\/chulengo.boadilla-3-155x103.jpg 155w\" sizes=\"(max-width: 1440px) 100vw, 1440px\" \/><\/p>\n<p>\u00bfD\u00f3nde? Calle de Playa de la Concha, 2, Boadilla\u00a0<span class=\"mark4i48s7zld\" data-markjs=\"true\" data-ogac=\"\" data-ogab=\"\" data-ogsc=\"\" data-ogsb=\"\">del<\/span>\u00a0Monte<\/p>\n<h3><strong>L&#8217;Albufera, si su pasi\u00f3n son los arroces<\/strong><\/h3>\n<p>Para los <span class=\"markju6sxsaxs\" data-markjs=\"true\" data-ogac=\"\" data-ogab=\"\" data-ogsc=\"\" data-ogsb=\"\">padre<\/span>s que no pueden resistirse a un buen arroz L\u2019Albufera ser\u00e1 la mejor opci\u00f3n. La preparaci\u00f3n de arroces conlleva una destreza culinaria que muy pocos dominan a la perfecci\u00f3n, y entre ellos destaca sin duda el restaurante L&#8217;Albufera. Fundado en 1983 dentro <span class=\"markmgmeqnchu\" data-markjs=\"true\" data-ogac=\"\" data-ogab=\"\" data-ogsc=\"\" data-ogsb=\"\">del<\/span> Hotel Meli\u00e1 Castilla, este establecimiento cuenta con una larga trayectoria en la que el chef Enrique Pa\u00f1os siempre ha estado al frente de los fogones. Desde su inicio, L&#8217;Albufera, ha sido la referencia indiscutible para aquellos que buscan la excelencia en la elaboraci\u00f3n de arroces, sin importar cu\u00e1l sea su variedad preferida.<\/p>\n<p><img decoding=\"async\" src=\"https:\/\/mcusercontent.com\/f4ed9550b81e529e3866e00bb\/images\/175cc98c-d394-11ca-5fa6-f51c236ffb42.png\" \/><\/p>\n<p>\u00bfD\u00f3nde? Calle Poeta Joan Maragall, 43 Madrid<\/p>\n<h3><strong>Club Financiero G\u00e9nova, para celebrarlo con las mejores vistas de Madrid<\/strong><\/h3>\n<p>Para los <span class=\"markju6sxsaxs\" data-markjs=\"true\" data-ogac=\"\" data-ogab=\"\" data-ogsc=\"\" data-ogsb=\"\">padre<\/span>s m\u00e1s exclusivos, el Club Financiero G\u00e9nova es una versi\u00f3n renovada <span class=\"markmgmeqnchu\" data-markjs=\"true\" data-ogac=\"\" data-ogab=\"\" data-ogsc=\"\" data-ogsb=\"\">del<\/span> m\u00edtico club social y empresarial madrile\u00f1o ubicado en el Centro Col\u00f3n, que fue inaugurado en 1973 y que \u00e1gora gestiona Azotea Grupo y Familia La Ancha. La propuesta gastron\u00f3mica <span class=\"markmgmeqnchu\" data-markjs=\"true\" data-ogac=\"\" data-ogab=\"\" data-ogsc=\"\" data-ogsb=\"\">del<\/span> Club Financiero G\u00e9nova lleva la firma de Nino Redruello. Su carta amplia y din\u00e1mica tiene su inspiraci\u00f3n en los m\u00e1s de 100 a\u00f1os de tradici\u00f3n de Familia La Ancha y en su filosof\u00eda de respeto al producto, en dos antiguos recetarios (de 1499 y 1920, respectivamente) y en algunas de las casas de comidas que han marcado un antes y un despu\u00e9s en la historia culinaria de Madrid. Aut\u00e9nticos tesoros para disfrutar de la cocina de toda la vida en una cita especial con tu pareja, acompa\u00f1\u00e1ndolos de su bodega exclusiva y terminando con alguno de sus c\u00f3cteles de lujo desde las alturas de Madrid.<\/p>\n<p><img decoding=\"async\" src=\"https:\/\/mcusercontent.com\/f4ed9550b81e529e3866e00bb\/images\/404096c3-0bb6-40ed-81bc-ea800488b76c.png\" \/><\/p>\n<p>\u00bfD\u00f3nde? Calle <span class=\"markmgmeqnchu\" data-markjs=\"true\" data-ogac=\"\" data-ogab=\"\" data-ogsc=\"\" data-ogsb=\"\">del<\/span> Marqu\u00e9s de la Ensenada, 14, Madrid<\/p>\n<h3><strong>La M\u00e1quina Caleido, para los <span class=\"markju6sxsaxs\" data-markjs=\"true\" data-ogac=\"\" data-ogab=\"\" data-ogsc=\"\" data-ogsb=\"\">padre<\/span>s m\u00e1s cl\u00e1sicos<br aria-hidden=\"true\" \/><\/strong><\/h3>\n<p>La M\u00e1quina Caleido es un destino gastron\u00f3mico de primera elecci\u00f3n paracualquier ocasi\u00f3n especial. Este nuevo espacio <span class=\"markmgmeqnchu\" data-markjs=\"true\" data-ogac=\"\" data-ogab=\"\" data-ogsc=\"\" data-ogsb=\"\">del<\/span> Grupo La M\u00e1quina, mantienela esencia y la inconfundible experiencia que brinda a sus clientes en el restode los espacios hom\u00f3nimos, sustent\u00e1ndose en sus pilares claves: la excelencia en las materias primas, su abastecimiento directamente en origen, a trav\u00e9s deproductores, lonjas y mercados; las elaboracionestradicionales y sencillas que presentan el producto sinenmascararlo; y un excelente servicio, c\u00e1lido y cercano,a la vez que profesional. La carta de La M\u00e1quina Caleido sigue la l\u00ednea <span class=\"markmgmeqnchu\" data-markjs=\"true\" data-ogac=\"\" data-ogab=\"\" data-ogsc=\"\" data-ogsb=\"\">del<\/span>as otras localizaciones que la firma tiene repartidas por Madrid, peroincorporando algunas novedades como nuevos arroces, que ser\u00e1n exclusivosde este espacio.<\/p>\n<p><img decoding=\"async\" src=\"https:\/\/mcusercontent.com\/f4ed9550b81e529e3866e00bb\/images\/18c54893-9919-059b-4cf8-c81f0ebe725b.png\" \/><\/p>\n<p>\u00bfD\u00f3nde? Espacio Comercial Caleido, Paseo de la Castellana, 259, Madrid, Cuatro Torres Business Area<\/p>\n<h3><strong>Nunuka, para aquellos <span class=\"markju6sxsaxs\" data-markjs=\"true\" data-ogac=\"\" data-ogab=\"\" data-ogsc=\"\" data-ogsb=\"\">padre<\/span>s que disfruten descubriendo nuevos sabores<\/strong><\/h3>\n<p>Para los <span class=\"markju6sxsaxs\" data-markjs=\"true\" data-ogac=\"\" data-ogab=\"\" data-ogsc=\"\" data-ogsb=\"\">padre<\/span>s m\u00e1s valientes que se atrevan a probar nuevos sabores, Nunuka les sorprender\u00e1 con su incre\u00edble cocina. La gastronom\u00eda de Georgia est\u00e1 m\u00e1s de moda que nunca en Madrid y es, en parte, gracias a la labor de difusi\u00f3n de esta cultura que ha realizado el restaurante Nunuka, fundado por Nino Kiltava. Tanto es as\u00ed que Nunuka ha sido invitado a participar en la \u00faltima edici\u00f3n de Madrid Fusi\u00f3n. Ubicado en la emblem\u00e1tica calle Libertad, en el barrio de Chueca, este sorprendente restaurante pretende dar a conocer lo mejor de la gastronom\u00eda de Georgia. \u00a0Su cocina ofrece un recorrido por algunos de los platos tradicionales m\u00e1s interesantes de esta sabros\u00edsima gastronom\u00eda, una cocina que fusiona los gustos mediterr\u00e1neos con los de Oriente Medio y en la que priman los platos picantes, el uso de especias y cuya base son los panes, las verduras, las nueces o los platos de carne.<\/p>\n<p><img loading=\"lazy\" decoding=\"async\" class=\"aligncenter size-full wp-image-175214\" src=\"https:\/\/graziamagazine.com\/es\/wp-content\/uploads\/sites\/12\/2024\/03\/nunukamadrid.jpg\" alt=\"\" width=\"1440\" height=\"1686\" srcset=\"https:\/\/graziamagazine.com\/es\/wp-content\/uploads\/sites\/12\/2024\/03\/nunukamadrid.jpg 1440w, https:\/\/graziamagazine.com\/es\/wp-content\/uploads\/sites\/12\/2024\/03\/nunukamadrid-256x300.jpg 256w, https:\/\/graziamagazine.com\/es\/wp-content\/uploads\/sites\/12\/2024\/03\/nunukamadrid-875x1024.jpg 875w, https:\/\/graziamagazine.com\/es\/wp-content\/uploads\/sites\/12\/2024\/03\/nunukamadrid-768x899.jpg 768w, https:\/\/graziamagazine.com\/es\/wp-content\/uploads\/sites\/12\/2024\/03\/nunukamadrid-1312x1536.jpg 1312w, https:\/\/graziamagazine.com\/es\/wp-content\/uploads\/sites\/12\/2024\/03\/nunukamadrid-400x468.jpg 400w, https:\/\/graziamagazine.com\/es\/wp-content\/uploads\/sites\/12\/2024\/03\/nunukamadrid-155x181.jpg 155w\" sizes=\"(max-width: 1440px) 100vw, 1440px\" \/><\/p>\n<p>\u00bfD\u00f3nde? Calle Libertad, 13, Madrid<\/p>\n<h3><strong>A&#8217;Kangas by Urrechu, para los <span class=\"markju6sxsaxs\" data-markjs=\"true\" data-ogac=\"\" data-ogab=\"\" data-ogsc=\"\" data-ogsb=\"\">padre<\/span>s amantes de la carne<\/strong><\/h3>\n<p>Compartir una mesa en A\u2019Kangas by Urrechu para celebrar el D\u00eda <span class=\"markmgmeqnchu\" data-markjs=\"true\" data-ogac=\"\" data-ogab=\"\" data-ogsc=\"\" data-ogsb=\"\">del<\/span> <span class=\"markju6sxsaxs\" data-markjs=\"true\" data-ogac=\"\" data-ogab=\"\" data-ogsc=\"\" data-ogsb=\"\">Padre<\/span> puede convertirse en el mejor plan para aquellos <span class=\"markju6sxsaxs\" data-markjs=\"true\" data-ogac=\"\" data-ogab=\"\" data-ogsc=\"\" data-ogsb=\"\">padre<\/span>s e hijos amantes de la carne. La carne a la parrilla es la protagonista de este restaurante situado en La Moraleja. En su carta se ofrecen carnes con diferentes maduraciones, texturas y cortes que dan como resultado multitud de sabores y aromas distintos en cada bocado. Las carnes que se sirven cada d\u00eda en su sala atesoran la calidad y el proceso de elaboraci\u00f3n de tradiciones heredadas a lo largo de generaciones de ganaderos de distintos puntos de la geograf\u00eda nacional e internacional.<\/p>\n<p><img decoding=\"async\" src=\"https:\/\/mcusercontent.com\/f4ed9550b81e529e3866e00bb\/images\/2fc99600-e8dd-aedb-d4e3-c4449803bd96.png\" \/><\/p>\n<p>\u00bfD\u00f3nde? Calle Estafeta, 4 Plaza de la Moraleja, Madrid<\/p>\n<h3>Pucar\u00e1, pura cocina peruana<\/h3>\n<p>Ubicado en el barrio de Chamart\u00edn, donde la esencia de la comida peruana cobra vida a trav\u00e9s de platos con ricos matices, repletos de sabores y aromas. Pap\u00e1 podr\u00e1 disfrutar\u00a0del cl\u00e1sico\u00a0<i>chupe de camarones<\/i>, una sopa reconfortante y llena de sabor, as\u00ed como de la delicada\u00a0<i>causa de pulpo<\/i>, una explosi\u00f3n de sabores marinos en cada bocado. Para los platos principales, la propuesta incluye dos irresistibles opciones para compartir en pareja. El\u00a0<i>ceviche de mariscos thai<\/i>, una reinterpretaci\u00f3n ex\u00f3tica y vibrante del cl\u00e1sico ceviche peruano, promete deleitar con su frescura y complejidad de sabores. Acompa\u00f1ando al ceviche, el\u00a0<i>tiradito de parmesano de corvina<\/i>\u00a0ofrece una combinaci\u00f3n \u00fanica, equilibrada y sorprendente de pescado fresco y queso parmesano. Y, como todo gran amor merece un dulce final, el men\u00fa culmina con el emblem\u00e1tico\u00a0<i>suspiro lime\u00f1o<\/i>,<\/p>\n<p><img loading=\"lazy\" decoding=\"async\" class=\"aligncenter size-full wp-image-175190\" src=\"https:\/\/graziamagazine.com\/es\/wp-content\/uploads\/sites\/12\/2024\/03\/pucara_madrid-1.jpg\" alt=\"\" width=\"1080\" height=\"1080\" srcset=\"https:\/\/graziamagazine.com\/es\/wp-content\/uploads\/sites\/12\/2024\/03\/pucara_madrid-1.jpg 1080w, https:\/\/graziamagazine.com\/es\/wp-content\/uploads\/sites\/12\/2024\/03\/pucara_madrid-1-300x300.jpg 300w, https:\/\/graziamagazine.com\/es\/wp-content\/uploads\/sites\/12\/2024\/03\/pucara_madrid-1-1024x1024.jpg 1024w, https:\/\/graziamagazine.com\/es\/wp-content\/uploads\/sites\/12\/2024\/03\/pucara_madrid-1-150x150.jpg 150w, https:\/\/graziamagazine.com\/es\/wp-content\/uploads\/sites\/12\/2024\/03\/pucara_madrid-1-768x768.jpg 768w, https:\/\/graziamagazine.com\/es\/wp-content\/uploads\/sites\/12\/2024\/03\/pucara_madrid-1-400x400.jpg 400w, https:\/\/graziamagazine.com\/es\/wp-content\/uploads\/sites\/12\/2024\/03\/pucara_madrid-1-155x155.jpg 155w\" sizes=\"(max-width: 1080px) 100vw, 1080px\" \/><\/p>\n<p>\u00bfD\u00f3nde?\u00a0Pr\u00edncipe de Vergara, 200 | Madrid<\/p>\n<p><em>*Im\u00e1genes: Pexels y cortes\u00eda<\/em><\/p>\n<p>&nbsp;<\/p>\n<p>&nbsp;<\/p>\n","protected":false},"author":11653,"featured_media":175191,"template":"","format":"standard","categories":[18],"acf":[],"yoast_head":"<!-- This site is optimized with the Yoast SEO Premium plugin v18.5 (Yoast SEO v20.4) - https:\/\/yoast.com\/wordpress\/plugins\/seo\/ -->\n<title>D\u00eda del padre 2024: restaurantes para celebrar con pap\u00e1 | Grazia<\/title>\n<meta name=\"description\" content=\"Las figuras paternales son algo muy importante en nuestra vida y, para muchos, son toda una referencia. Celebrar a los\u00a0padres es uno de los grandes\" \/>\n<meta name=\"robots\" content=\"index, follow, max-snippet:-1, max-image-preview:large, max-video-preview:-1\" \/>\n<link rel=\"canonical\" href=\"https:\/\/graziamagazine.com\/es\/articles\/dia-del-padre-2024-restaurantes-para-celebrar-con-papa\/\" \/>\n<meta property=\"og:locale\" content=\"es_ES\" \/>\n<meta property=\"og:type\" content=\"article\" \/>\n<meta property=\"og:title\" content=\"D\u00eda del padre 2024: restaurantes para celebrar con pap\u00e1\" \/>\n<meta property=\"og:description\" content=\"Las figuras paternales son algo muy importante en nuestra vida y, para muchos, son toda una referencia. Celebrar a los\u00a0padres es uno de los grandes\" \/>\n<meta property=\"og:url\" content=\"https:\/\/graziamagazine.com\/es\/articles\/dia-del-padre-2024-restaurantes-para-celebrar-con-papa\/\" \/>\n<meta property=\"og:site_name\" content=\"Grazia\" \/>\n<meta property=\"article:modified_time\" content=\"2024-03-19T11:20:44+00:00\" \/>\n<meta property=\"og:image\" content=\"https:\/\/graziamagazine.com\/es\/wp-content\/uploads\/sites\/12\/2024\/03\/pexels-andrea-piacquadio-3756623.jpg\" \/>\n\t<meta property=\"og:image:width\" content=\"1280\" \/>\n\t<meta property=\"og:image:height\" content=\"853\" \/>\n\t<meta property=\"og:image:type\" content=\"image\/jpeg\" \/>\n<meta name=\"twitter:card\" content=\"summary_large_image\" \/>\n<meta name=\"twitter:label1\" content=\"Est. reading time\" \/>\n\t<meta name=\"twitter:data1\" content=\"8 minutos\" \/>\n<script type=\"application\/ld+json\" class=\"yoast-schema-graph\">{\"@context\":\"https:\/\/schema.org\",\"@graph\":[{\"@type\":\"WebPage\",\"@id\":\"https:\/\/graziamagazine.com\/es\/articles\/dia-del-padre-2024-restaurantes-para-celebrar-con-papa\/\",\"url\":\"https:\/\/graziamagazine.com\/es\/articles\/dia-del-padre-2024-restaurantes-para-celebrar-con-papa\/\",\"name\":\"D\u00eda del padre 2024: restaurantes para celebrar con pap\u00e1 | Grazia\",\"isPartOf\":{\"@id\":\"https:\/\/graziamagazine.com\/es\/#website\"},\"datePublished\":\"2024-03-18T08:28:27+00:00\",\"dateModified\":\"2024-03-19T11:20:44+00:00\",\"description\":\"Las figuras paternales son algo muy importante en nuestra vida y, para muchos, son toda una referencia. Celebrar a los\u00a0padres es uno de los grandes\",\"breadcrumb\":{\"@id\":\"https:\/\/graziamagazine.com\/es\/articles\/dia-del-padre-2024-restaurantes-para-celebrar-con-papa\/#breadcrumb\"},\"inLanguage\":\"es\",\"potentialAction\":[{\"@type\":\"ReadAction\",\"target\":[\"https:\/\/graziamagazine.com\/es\/articles\/dia-del-padre-2024-restaurantes-para-celebrar-con-papa\/\"]}]},{\"@type\":\"BreadcrumbList\",\"@id\":\"https:\/\/graziamagazine.com\/es\/articles\/dia-del-padre-2024-restaurantes-para-celebrar-con-papa\/#breadcrumb\",\"itemListElement\":[{\"@type\":\"ListItem\",\"position\":1,\"name\":\"Portada\",\"item\":\"https:\/\/graziamagazine.com\/es\/\"},{\"@type\":\"ListItem\",\"position\":2,\"name\":\"D\u00eda del padre 2024: restaurantes para celebrar con pap\u00e1\"}]},{\"@type\":\"WebSite\",\"@id\":\"https:\/\/graziamagazine.com\/es\/#website\",\"url\":\"https:\/\/graziamagazine.com\/es\/\",\"name\":\"Grazia\",\"description\":\"Moda, belleza, celebrities, estilo de vida...\",\"potentialAction\":[{\"@type\":\"SearchAction\",\"target\":{\"@type\":\"EntryPoint\",\"urlTemplate\":\"https:\/\/graziamagazine.com\/es\/?s={search_term_string}\"},\"query-input\":\"required name=search_term_string\"}],\"inLanguage\":\"es\"}]}<\/script>\n<!-- \/ Yoast SEO Premium plugin. -->","yoast_head_json":{"title":"D\u00eda del padre 2024: restaurantes para celebrar con pap\u00e1 | Grazia","description":"Las figuras paternales son algo muy importante en nuestra vida y, para muchos, son toda una referencia. Celebrar a los\u00a0padres es uno de los grandes","robots":{"index":"index","follow":"follow","max-snippet":"max-snippet:-1","max-image-preview":"max-image-preview:large","max-video-preview":"max-video-preview:-1"},"canonical":"https:\/\/graziamagazine.com\/es\/articles\/dia-del-padre-2024-restaurantes-para-celebrar-con-papa\/","og_locale":"es_ES","og_type":"article","og_title":"D\u00eda del padre 2024: restaurantes para celebrar con pap\u00e1","og_description":"Las figuras paternales son algo muy importante en nuestra vida y, para muchos, son toda una referencia. Celebrar a los\u00a0padres es uno de los grandes","og_url":"https:\/\/graziamagazine.com\/es\/articles\/dia-del-padre-2024-restaurantes-para-celebrar-con-papa\/","og_site_name":"Grazia","article_modified_time":"2024-03-19T11:20:44+00:00","og_image":[{"width":1280,"height":853,"url":"https:\/\/graziamagazine.com\/es\/wp-content\/uploads\/sites\/12\/2024\/03\/pexels-andrea-piacquadio-3756623.jpg","type":"image\/jpeg"}],"twitter_card":"summary_large_image","twitter_misc":{"Est. reading time":"8 minutos"},"schema":{"@context":"https:\/\/schema.org","@graph":[{"@type":"WebPage","@id":"https:\/\/graziamagazine.com\/es\/articles\/dia-del-padre-2024-restaurantes-para-celebrar-con-papa\/","url":"https:\/\/graziamagazine.com\/es\/articles\/dia-del-padre-2024-restaurantes-para-celebrar-con-papa\/","name":"D\u00eda del padre 2024: restaurantes para celebrar con pap\u00e1 | Grazia","isPartOf":{"@id":"https:\/\/graziamagazine.com\/es\/#website"},"datePublished":"2024-03-18T08:28:27+00:00","dateModified":"2024-03-19T11:20:44+00:00","description":"Las figuras paternales son algo muy importante en nuestra vida y, para muchos, son toda una referencia. Celebrar a los\u00a0padres es uno de los grandes","breadcrumb":{"@id":"https:\/\/graziamagazine.com\/es\/articles\/dia-del-padre-2024-restaurantes-para-celebrar-con-papa\/#breadcrumb"},"inLanguage":"es","potentialAction":[{"@type":"ReadAction","target":["https:\/\/graziamagazine.com\/es\/articles\/dia-del-padre-2024-restaurantes-para-celebrar-con-papa\/"]}]},{"@type":"BreadcrumbList","@id":"https:\/\/graziamagazine.com\/es\/articles\/dia-del-padre-2024-restaurantes-para-celebrar-con-papa\/#breadcrumb","itemListElement":[{"@type":"ListItem","position":1,"name":"Portada","item":"https:\/\/graziamagazine.com\/es\/"},{"@type":"ListItem","position":2,"name":"D\u00eda del padre 2024: restaurantes para celebrar con pap\u00e1"}]},{"@type":"WebSite","@id":"https:\/\/graziamagazine.com\/es\/#website","url":"https:\/\/graziamagazine.com\/es\/","name":"Grazia","description":"Moda, belleza, celebrities, estilo de vida...","potentialAction":[{"@type":"SearchAction","target":{"@type":"EntryPoint","urlTemplate":"https:\/\/graziamagazine.com\/es\/?s={search_term_string}"},"query-input":"required name=search_term_string"}],"inLanguage":"es"}]}},"jetpack_sharing_enabled":true,"distributor_meta":false,"distributor_terms":false,"distributor_media":false,"distributor_original_site_name":"Grazia","distributor_original_site_url":"https:\/\/graziamagazine.com\/es","push-errors":false,"_links":{"self":[{"href":"https:\/\/graziamagazine.com\/es\/wp-json\/wp\/v2\/articles\/175187"}],"collection":[{"href":"https:\/\/graziamagazine.com\/es\/wp-json\/wp\/v2\/articles"}],"about":[{"href":"https:\/\/graziamagazine.com\/es\/wp-json\/wp\/v2\/types\/articles"}],"author":[{"embeddable":true,"href":"https:\/\/graziamagazine.com\/es\/wp-json\/wp\/v2\/users\/11653"}],"wp:featuredmedia":[{"embeddable":true,"href":"https:\/\/graziamagazine.com\/es\/wp-json\/wp\/v2\/media\/175191"}],"wp:attachment":[{"href":"https:\/\/graziamagazine.com\/es\/wp-json\/wp\/v2\/media?parent=175187"}],"wp:term":[{"taxonomy":"category","embeddable":true,"href":"https:\/\/graziamagazine.com\/es\/wp-json\/wp\/v2\/categories?post=175187"}],"curies":[{"name":"wp","href":"https:\/\/api.w.org\/{rel}","templated":true}]}}