{"id":175108,"date":"2024-03-15T12:54:32","date_gmt":"2024-03-15T11:54:32","guid":{"rendered":"https:\/\/graziamagazine.com\/es\/?post_type=articles&#038;p=175108"},"modified":"2024-03-15T12:54:32","modified_gmt":"2024-03-15T11:54:32","slug":"asi-es-la-nueva-coleccion-zara-studio-para-la-temporada","status":"publish","type":"articles","link":"https:\/\/graziamagazine.com\/es\/articles\/asi-es-la-nueva-coleccion-zara-studio-para-la-temporada\/","title":{"rendered":"As\u00ed es la nueva colecci\u00f3n ZARA STUDIO para la temporada"},"content":{"rendered":"<p>Para esta temporada, el director creativo Karl Templer y el equipo de dise\u00f1o de\u00a0<span class=\"mark4ak50iwbz\" data-markjs=\"true\" data-ogac=\"\" data-ogab=\"\" data-ogsc=\"\" data-ogsb=\"\">Zara<\/span>\u00a0han ideado tres colecciones distintas que se complementan. Comparten la aspiraci\u00f3n de catalizar el placer y amplificarlo a trav\u00e9s de prendas que representan la destreza del\u00a0<i>knowhow\u00a0<\/i>en el dise\u00f1o.<\/p>\n<p>Prendas que intensifican cada experiencia proporcionando sensualidad y energ\u00eda al d\u00eda a d\u00eda. Este es el car\u00e1cter de la nueva colecci\u00f3n de Zara Studio, creada para mujer, hombre y ni\u00f1os, una propuesta para sumergirse en lo bello.<\/p>\n<p>Con el estilismo a cargo de Karl Templer y la direcci\u00f3n creativa de la mano de Baron &amp; Baron, esta colecci\u00f3n de Zara Studio SS24 estar\u00e1 disponible online y en tiendas seleccionadas el pr\u00f3ximo 14 de marzo.<\/p>\n<h3>Colecci\u00f3n Woman<\/h3>\n<p><img loading=\"lazy\" decoding=\"async\" class=\"aligncenter size-full wp-image-175111\" src=\"https:\/\/graziamagazine.com\/es\/wp-content\/uploads\/sites\/12\/2024\/03\/SME_23027_0010_111_08-scaled.jpg\" alt=\"\" width=\"2560\" height=\"1707\" srcset=\"https:\/\/graziamagazine.com\/es\/wp-content\/uploads\/sites\/12\/2024\/03\/SME_23027_0010_111_08-scaled.jpg 2560w, https:\/\/graziamagazine.com\/es\/wp-content\/uploads\/sites\/12\/2024\/03\/SME_23027_0010_111_08-300x200.jpg 300w, https:\/\/graziamagazine.com\/es\/wp-content\/uploads\/sites\/12\/2024\/03\/SME_23027_0010_111_08-1024x683.jpg 1024w, https:\/\/graziamagazine.com\/es\/wp-content\/uploads\/sites\/12\/2024\/03\/SME_23027_0010_111_08-768x512.jpg 768w, https:\/\/graziamagazine.com\/es\/wp-content\/uploads\/sites\/12\/2024\/03\/SME_23027_0010_111_08-1536x1024.jpg 1536w, https:\/\/graziamagazine.com\/es\/wp-content\/uploads\/sites\/12\/2024\/03\/SME_23027_0010_111_08-2048x1365.jpg 2048w, https:\/\/graziamagazine.com\/es\/wp-content\/uploads\/sites\/12\/2024\/03\/SME_23027_0010_111_08-400x267.jpg 400w, https:\/\/graziamagazine.com\/es\/wp-content\/uploads\/sites\/12\/2024\/03\/SME_23027_0010_111_08-155x103.jpg 155w\" sizes=\"(max-width: 2560px) 100vw, 2560px\" \/><\/p>\n<p>Un matiz sensual se entrelaza a la perfecci\u00f3n con la sutileza de esta colecci\u00f3n que explora con desenfado las m\u00faltiples facetas de la feminidad contempor\u00e1nea. Con unas siluetas que parecen situarse en el clasicismo cinematogr\u00e1fico de mediados de siglo, se parte de una premisa s\u00f3lida y precisa que se enriquece con matices y acabados sugerentes.<\/p>\n<p>Las transparencias se combinan con toques de color en jers\u00e9is, pantalones y lencer\u00eda. Los cuadros, los estampados florales, las lentejuelas y el patchwork profundizan la dimensi\u00f3n de las texturas visuales. Los tacones esculturales y la joyer\u00eda proporcionan un acento de elegancia luminosa, en una colecci\u00f3n que mezcla ingenio y sensualidad en una alianza primaveral h\u00e1bilmente subversiva.<\/p>\n<p><img loading=\"lazy\" decoding=\"async\" class=\"aligncenter size-full wp-image-175112\" src=\"https:\/\/graziamagazine.com\/es\/wp-content\/uploads\/sites\/12\/2024\/03\/SME_23027_0020_082_04_QC-scaled.jpg\" alt=\"\" width=\"2560\" height=\"1707\" srcset=\"https:\/\/graziamagazine.com\/es\/wp-content\/uploads\/sites\/12\/2024\/03\/SME_23027_0020_082_04_QC-scaled.jpg 2560w, https:\/\/graziamagazine.com\/es\/wp-content\/uploads\/sites\/12\/2024\/03\/SME_23027_0020_082_04_QC-300x200.jpg 300w, https:\/\/graziamagazine.com\/es\/wp-content\/uploads\/sites\/12\/2024\/03\/SME_23027_0020_082_04_QC-1024x683.jpg 1024w, https:\/\/graziamagazine.com\/es\/wp-content\/uploads\/sites\/12\/2024\/03\/SME_23027_0020_082_04_QC-768x512.jpg 768w, https:\/\/graziamagazine.com\/es\/wp-content\/uploads\/sites\/12\/2024\/03\/SME_23027_0020_082_04_QC-1536x1024.jpg 1536w, https:\/\/graziamagazine.com\/es\/wp-content\/uploads\/sites\/12\/2024\/03\/SME_23027_0020_082_04_QC-2048x1365.jpg 2048w, https:\/\/graziamagazine.com\/es\/wp-content\/uploads\/sites\/12\/2024\/03\/SME_23027_0020_082_04_QC-400x267.jpg 400w, https:\/\/graziamagazine.com\/es\/wp-content\/uploads\/sites\/12\/2024\/03\/SME_23027_0020_082_04_QC-155x103.jpg 155w\" sizes=\"(max-width: 2560px) 100vw, 2560px\" \/><\/p>\n<p>La campa\u00f1a Zara Studio SS24 para mujer, fotografiada por Steven Meisel, est\u00e1 protagonizada por Fei Fei Sun, Rosalieke Fuchs, Nyawurch Chuol y Vivienne Rohner.<\/p>\n<h3>colecci\u00f3n man<\/h3>\n<p>Como si de un baile al son de la m\u00fasica del tiempo se tratase, la colecci\u00f3n Zara Studio SS24 para hombre evoca dinamismo y profundidad. Las camisas bowling ilustradas a mano, las chaquetas estilo artist con costuras decorativas, los pantalones de sastre con pliegues y los chinos con una cinturilla deconstruida, se coreograf\u00edan contra el cuerpo con soltura.<\/p>\n<p><img loading=\"lazy\" decoding=\"async\" class=\"aligncenter size-full wp-image-175113\" src=\"https:\/\/graziamagazine.com\/es\/wp-content\/uploads\/sites\/12\/2024\/03\/S03_AvD_ZARA_MAN_SS24_053_06_EXT_QC-scaled.jpg\" alt=\"\" width=\"2560\" height=\"1708\" srcset=\"https:\/\/graziamagazine.com\/es\/wp-content\/uploads\/sites\/12\/2024\/03\/S03_AvD_ZARA_MAN_SS24_053_06_EXT_QC-scaled.jpg 2560w, https:\/\/graziamagazine.com\/es\/wp-content\/uploads\/sites\/12\/2024\/03\/S03_AvD_ZARA_MAN_SS24_053_06_EXT_QC-300x200.jpg 300w, https:\/\/graziamagazine.com\/es\/wp-content\/uploads\/sites\/12\/2024\/03\/S03_AvD_ZARA_MAN_SS24_053_06_EXT_QC-1024x683.jpg 1024w, https:\/\/graziamagazine.com\/es\/wp-content\/uploads\/sites\/12\/2024\/03\/S03_AvD_ZARA_MAN_SS24_053_06_EXT_QC-768x512.jpg 768w, https:\/\/graziamagazine.com\/es\/wp-content\/uploads\/sites\/12\/2024\/03\/S03_AvD_ZARA_MAN_SS24_053_06_EXT_QC-1536x1025.jpg 1536w, https:\/\/graziamagazine.com\/es\/wp-content\/uploads\/sites\/12\/2024\/03\/S03_AvD_ZARA_MAN_SS24_053_06_EXT_QC-2048x1366.jpg 2048w, https:\/\/graziamagazine.com\/es\/wp-content\/uploads\/sites\/12\/2024\/03\/S03_AvD_ZARA_MAN_SS24_053_06_EXT_QC-400x267.jpg 400w, https:\/\/graziamagazine.com\/es\/wp-content\/uploads\/sites\/12\/2024\/03\/S03_AvD_ZARA_MAN_SS24_053_06_EXT_QC-155x103.jpg 155w\" sizes=\"(max-width: 2560px) 100vw, 2560px\" \/><\/p>\n<p>Los satenes con estampados bot\u00e1nicos y los tejidos de algod\u00f3n desgastado contrastan sobre las sandalias de pescador, los oxfords de ante estilo chukka y la joyer\u00eda de estilo talism\u00e1n, evocando un esp\u00edritu de aventura y romance.<\/p>\n<p>La campa\u00f1a Zara Studio SS24 para hombre, fotografiada por Annemarieke van Drimmelen, est\u00e1 protagonizada por Toon Lobach.<\/p>\n<h3>colecci\u00f3n ni\u00f1o<\/h3>\n<p><img loading=\"lazy\" decoding=\"async\" class=\"aligncenter size-full wp-image-175109\" src=\"https:\/\/graziamagazine.com\/es\/wp-content\/uploads\/sites\/12\/2024\/03\/SHOT_13_1488_120-scaled.jpg\" alt=\"\" width=\"2560\" height=\"1746\" srcset=\"https:\/\/graziamagazine.com\/es\/wp-content\/uploads\/sites\/12\/2024\/03\/SHOT_13_1488_120-scaled.jpg 2560w, https:\/\/graziamagazine.com\/es\/wp-content\/uploads\/sites\/12\/2024\/03\/SHOT_13_1488_120-300x205.jpg 300w, https:\/\/graziamagazine.com\/es\/wp-content\/uploads\/sites\/12\/2024\/03\/SHOT_13_1488_120-1024x698.jpg 1024w, https:\/\/graziamagazine.com\/es\/wp-content\/uploads\/sites\/12\/2024\/03\/SHOT_13_1488_120-768x524.jpg 768w, https:\/\/graziamagazine.com\/es\/wp-content\/uploads\/sites\/12\/2024\/03\/SHOT_13_1488_120-1536x1048.jpg 1536w, https:\/\/graziamagazine.com\/es\/wp-content\/uploads\/sites\/12\/2024\/03\/SHOT_13_1488_120-2048x1397.jpg 2048w, https:\/\/graziamagazine.com\/es\/wp-content\/uploads\/sites\/12\/2024\/03\/SHOT_13_1488_120-400x273.jpg 400w, https:\/\/graziamagazine.com\/es\/wp-content\/uploads\/sites\/12\/2024\/03\/SHOT_13_1488_120-155x106.jpg 155w\" sizes=\"(max-width: 2560px) 100vw, 2560px\" \/><\/p>\n<p>La colecci\u00f3n Zara Studio para ni\u00f1os es tan utilitaria como est\u00e9tica, y est\u00e1 pensada para los veranos interminables. Una propuesta que incluye sandalias y bolsos con detalles florales que complementan los vestidos y los conjuntos de algod\u00f3n suave con estampados vegetales folcl\u00f3ricos y detalles bordados. Por otro lado las sudaderas sin capucha, los jers\u00e9is de punto estampados, las camisetas gr\u00e1ficas veraniegas, los conjuntos de rayas en lino claro, las chaquetas de algod\u00f3n suave y los sombreros bucket se combinan para crear un vestuario de vacaciones sencillo pero elegante.<\/p>\n<p>La colecci\u00f3n SS24 Zara Studio para ni\u00f1os ha sido fotografiada por Josh Olins.<\/p>\n","protected":false},"author":11653,"featured_media":175110,"template":"","format":"standard","categories":[1],"acf":[],"yoast_head":"<!-- This site is optimized with the Yoast SEO Premium plugin v18.5 (Yoast SEO v20.4) - https:\/\/yoast.com\/wordpress\/plugins\/seo\/ -->\n<title>As\u00ed es la nueva colecci\u00f3n ZARA STUDIO para la temporada | Grazia<\/title>\n<meta name=\"description\" content=\"Para esta temporada, el director creativo Karl Templer y el equipo de dise\u00f1o de\u00a0Zara\u00a0han ideado tres colecciones distintas que se complementan. Comparten\" \/>\n<meta name=\"robots\" content=\"index, follow, max-snippet:-1, max-image-preview:large, max-video-preview:-1\" \/>\n<link rel=\"canonical\" href=\"https:\/\/graziamagazine.com\/es\/articles\/asi-es-la-nueva-coleccion-zara-studio-para-la-temporada\/\" \/>\n<meta property=\"og:locale\" content=\"es_ES\" \/>\n<meta property=\"og:type\" content=\"article\" \/>\n<meta property=\"og:title\" content=\"As\u00ed es la nueva colecci\u00f3n ZARA STUDIO para la temporada\" \/>\n<meta property=\"og:description\" content=\"Para esta temporada, el director creativo Karl Templer y el equipo de dise\u00f1o de\u00a0Zara\u00a0han ideado tres colecciones distintas que se complementan. Comparten\" \/>\n<meta property=\"og:url\" content=\"https:\/\/graziamagazine.com\/es\/articles\/asi-es-la-nueva-coleccion-zara-studio-para-la-temporada\/\" \/>\n<meta property=\"og:site_name\" content=\"Grazia\" \/>\n<meta property=\"og:image\" content=\"https:\/\/graziamagazine.com\/es\/wp-content\/uploads\/sites\/12\/2024\/03\/SME_23027_0100_051_07-scaled.jpg\" \/>\n\t<meta property=\"og:image:width\" content=\"2560\" \/>\n\t<meta property=\"og:image:height\" content=\"1707\" \/>\n\t<meta property=\"og:image:type\" content=\"image\/jpeg\" \/>\n<meta name=\"twitter:card\" content=\"summary_large_image\" \/>\n<meta name=\"twitter:label1\" content=\"Est. reading time\" \/>\n\t<meta name=\"twitter:data1\" content=\"3 minutos\" \/>\n<script type=\"application\/ld+json\" class=\"yoast-schema-graph\">{\"@context\":\"https:\/\/schema.org\",\"@graph\":[{\"@type\":\"WebPage\",\"@id\":\"https:\/\/graziamagazine.com\/es\/articles\/asi-es-la-nueva-coleccion-zara-studio-para-la-temporada\/\",\"url\":\"https:\/\/graziamagazine.com\/es\/articles\/asi-es-la-nueva-coleccion-zara-studio-para-la-temporada\/\",\"name\":\"As\u00ed es la nueva colecci\u00f3n ZARA STUDIO para la temporada | Grazia\",\"isPartOf\":{\"@id\":\"https:\/\/graziamagazine.com\/es\/#website\"},\"datePublished\":\"2024-03-15T11:54:32+00:00\",\"dateModified\":\"2024-03-15T11:54:32+00:00\",\"description\":\"Para esta temporada, el director creativo Karl Templer y el equipo de dise\u00f1o de\u00a0Zara\u00a0han ideado tres colecciones distintas que se complementan. Comparten\",\"breadcrumb\":{\"@id\":\"https:\/\/graziamagazine.com\/es\/articles\/asi-es-la-nueva-coleccion-zara-studio-para-la-temporada\/#breadcrumb\"},\"inLanguage\":\"es\",\"potentialAction\":[{\"@type\":\"ReadAction\",\"target\":[\"https:\/\/graziamagazine.com\/es\/articles\/asi-es-la-nueva-coleccion-zara-studio-para-la-temporada\/\"]}]},{\"@type\":\"BreadcrumbList\",\"@id\":\"https:\/\/graziamagazine.com\/es\/articles\/asi-es-la-nueva-coleccion-zara-studio-para-la-temporada\/#breadcrumb\",\"itemListElement\":[{\"@type\":\"ListItem\",\"position\":1,\"name\":\"Portada\",\"item\":\"https:\/\/graziamagazine.com\/es\/\"},{\"@type\":\"ListItem\",\"position\":2,\"name\":\"As\u00ed es la nueva colecci\u00f3n ZARA STUDIO para la temporada\"}]},{\"@type\":\"WebSite\",\"@id\":\"https:\/\/graziamagazine.com\/es\/#website\",\"url\":\"https:\/\/graziamagazine.com\/es\/\",\"name\":\"Grazia\",\"description\":\"Moda, belleza, celebrities, estilo de vida...\",\"potentialAction\":[{\"@type\":\"SearchAction\",\"target\":{\"@type\":\"EntryPoint\",\"urlTemplate\":\"https:\/\/graziamagazine.com\/es\/?s={search_term_string}\"},\"query-input\":\"required name=search_term_string\"}],\"inLanguage\":\"es\"}]}<\/script>\n<!-- \/ Yoast SEO Premium plugin. -->","yoast_head_json":{"title":"As\u00ed es la nueva colecci\u00f3n ZARA STUDIO para la temporada | Grazia","description":"Para esta temporada, el director creativo Karl Templer y el equipo de dise\u00f1o de\u00a0Zara\u00a0han ideado tres colecciones distintas que se complementan. Comparten","robots":{"index":"index","follow":"follow","max-snippet":"max-snippet:-1","max-image-preview":"max-image-preview:large","max-video-preview":"max-video-preview:-1"},"canonical":"https:\/\/graziamagazine.com\/es\/articles\/asi-es-la-nueva-coleccion-zara-studio-para-la-temporada\/","og_locale":"es_ES","og_type":"article","og_title":"As\u00ed es la nueva colecci\u00f3n ZARA STUDIO para la temporada","og_description":"Para esta temporada, el director creativo Karl Templer y el equipo de dise\u00f1o de\u00a0Zara\u00a0han ideado tres colecciones distintas que se complementan. Comparten","og_url":"https:\/\/graziamagazine.com\/es\/articles\/asi-es-la-nueva-coleccion-zara-studio-para-la-temporada\/","og_site_name":"Grazia","og_image":[{"width":2560,"height":1707,"url":"https:\/\/graziamagazine.com\/es\/wp-content\/uploads\/sites\/12\/2024\/03\/SME_23027_0100_051_07-scaled.jpg","type":"image\/jpeg"}],"twitter_card":"summary_large_image","twitter_misc":{"Est. reading time":"3 minutos"},"schema":{"@context":"https:\/\/schema.org","@graph":[{"@type":"WebPage","@id":"https:\/\/graziamagazine.com\/es\/articles\/asi-es-la-nueva-coleccion-zara-studio-para-la-temporada\/","url":"https:\/\/graziamagazine.com\/es\/articles\/asi-es-la-nueva-coleccion-zara-studio-para-la-temporada\/","name":"As\u00ed es la nueva colecci\u00f3n ZARA STUDIO para la temporada | Grazia","isPartOf":{"@id":"https:\/\/graziamagazine.com\/es\/#website"},"datePublished":"2024-03-15T11:54:32+00:00","dateModified":"2024-03-15T11:54:32+00:00","description":"Para esta temporada, el director creativo Karl Templer y el equipo de dise\u00f1o de\u00a0Zara\u00a0han ideado tres colecciones distintas que se complementan. Comparten","breadcrumb":{"@id":"https:\/\/graziamagazine.com\/es\/articles\/asi-es-la-nueva-coleccion-zara-studio-para-la-temporada\/#breadcrumb"},"inLanguage":"es","potentialAction":[{"@type":"ReadAction","target":["https:\/\/graziamagazine.com\/es\/articles\/asi-es-la-nueva-coleccion-zara-studio-para-la-temporada\/"]}]},{"@type":"BreadcrumbList","@id":"https:\/\/graziamagazine.com\/es\/articles\/asi-es-la-nueva-coleccion-zara-studio-para-la-temporada\/#breadcrumb","itemListElement":[{"@type":"ListItem","position":1,"name":"Portada","item":"https:\/\/graziamagazine.com\/es\/"},{"@type":"ListItem","position":2,"name":"As\u00ed es la nueva colecci\u00f3n ZARA STUDIO para la temporada"}]},{"@type":"WebSite","@id":"https:\/\/graziamagazine.com\/es\/#website","url":"https:\/\/graziamagazine.com\/es\/","name":"Grazia","description":"Moda, belleza, celebrities, estilo de vida...","potentialAction":[{"@type":"SearchAction","target":{"@type":"EntryPoint","urlTemplate":"https:\/\/graziamagazine.com\/es\/?s={search_term_string}"},"query-input":"required name=search_term_string"}],"inLanguage":"es"}]}},"jetpack_sharing_enabled":true,"distributor_meta":false,"distributor_terms":false,"distributor_media":false,"distributor_original_site_name":"Grazia","distributor_original_site_url":"https:\/\/graziamagazine.com\/es","push-errors":false,"_links":{"self":[{"href":"https:\/\/graziamagazine.com\/es\/wp-json\/wp\/v2\/articles\/175108"}],"collection":[{"href":"https:\/\/graziamagazine.com\/es\/wp-json\/wp\/v2\/articles"}],"about":[{"href":"https:\/\/graziamagazine.com\/es\/wp-json\/wp\/v2\/types\/articles"}],"author":[{"embeddable":true,"href":"https:\/\/graziamagazine.com\/es\/wp-json\/wp\/v2\/users\/11653"}],"wp:featuredmedia":[{"embeddable":true,"href":"https:\/\/graziamagazine.com\/es\/wp-json\/wp\/v2\/media\/175110"}],"wp:attachment":[{"href":"https:\/\/graziamagazine.com\/es\/wp-json\/wp\/v2\/media?parent=175108"}],"wp:term":[{"taxonomy":"category","embeddable":true,"href":"https:\/\/graziamagazine.com\/es\/wp-json\/wp\/v2\/categories?post=175108"}],"curies":[{"name":"wp","href":"https:\/\/api.w.org\/{rel}","templated":true}]}}