{"id":175013,"date":"2024-03-11T09:00:03","date_gmt":"2024-03-11T08:00:03","guid":{"rendered":"https:\/\/graziamagazine.com\/es\/?post_type=articles&#038;p=175013"},"modified":"2024-03-10T21:18:11","modified_gmt":"2024-03-10T20:18:11","slug":"tiffany-co-apuesta-por-el-arte-en-su-tienda-de-nueva-york","status":"publish","type":"articles","link":"https:\/\/graziamagazine.com\/es\/articles\/tiffany-co-apuesta-por-el-arte-en-su-tienda-de-nueva-york\/","title":{"rendered":"Tiffany &amp; Co. apuesta por el arte en su tienda de Nueva York"},"content":{"rendered":"<p>El pasado 4 de marzo se inaugur\u00f3 la exposici\u00f3n de arte, <strong>Culture of Creativity<\/strong>, de <strong>Peter Marino<\/strong>, en la ic\u00f3nica tienda de <strong>Tiffany &amp; Co. The Landmark<\/strong> de la Quinta Avenida de la ciudad de <strong>Nueva York<\/strong>.<\/p>\n<p>La exposici\u00f3n tendr\u00e1 dos niveles y es parte de la colecci\u00f3n privada de Peter Marino, quien se encarg\u00f3 de la renovaci\u00f3n de Tiffany &amp; Co. The Landmark, la cual se anunci\u00f3 por primera vez en <strong>mayo del 2023<\/strong>.<\/p>\n<p>\u201cNos sentimos <strong>incre\u00edblemente honrados<\/strong> de tener la oportunidad de volver a colaborar con Peter Marino en una asociaci\u00f3n creativa para la primera gran exposici\u00f3n de The Landmark\u201d, dijo Anthony Ledru, director ejecutivo de Tiffany &amp; Co<\/p>\n<figure id=\"attachment_135250\" class=\"wp-caption alignnone\" style=\"width: 600px\" aria-describedby=\"caption-attachment-135250\"><img loading=\"lazy\" decoding=\"async\" class=\"wp-image-135250 size-full\" src=\"https:\/\/graziamagazine.com\/mx\/wp-content\/uploads\/sites\/13\/2024\/03\/WhatsApp-Image-2024-03-08-at-9.18.03-PM.jpeg\" alt=\"\" width=\"600\" height=\"400\" \/><\/figure>\n<p>La colecci\u00f3n tiene alrededor de <strong>70 obras de arte<\/strong> contempor\u00e1neo de 26 artistas, as\u00ed como la colecci\u00f3n de Peter Marino de obras maestras de <strong>plata esterlina<\/strong> de Tiffany &amp; Co. de la d\u00e9cada de 1880.<\/p>\n<p>Entre los artistas que participar\u00e1n se encuentran Jean-Michel Basquiat, McArthur Binion, <strong>Sarah Charlesworth<\/strong>, Francesco Clemente, Johan Creten, Andre Dubreuil, Roe Ethridge, Urs Fischer, Hans Hartung, Molly Hatch, Gregor Hildebrandt, Damien Hirst, entre otros.<\/p>\n<figure id=\"attachment_135249\" class=\"wp-caption alignnone\" style=\"width: 600px\" aria-describedby=\"caption-attachment-135249\"><img loading=\"lazy\" decoding=\"async\" class=\"wp-image-135249 size-full\" src=\"https:\/\/graziamagazine.com\/mx\/wp-content\/uploads\/sites\/13\/2024\/03\/WhatsApp-Image-2024-03-08-at-9.18.07-PM.jpeg\" alt=\"\" width=\"600\" height=\"400\" \/><\/figure>\n<p>\u201cPeter reinvent\u00f3 el Landmark como un mundo de maravillas y un centro cultural. No hay mejor lugar para mostrar su colecci\u00f3n\u201d, concluy\u00f3 Ledru.<\/p>\n<p>Y aunque la entrada para disfrutar del arte en Tiffany &amp; Co. The Landmark es gratuita, para poder entrar <strong>se requerir\u00e1n boletos<\/strong> que podr\u00e1s reservar en l\u00ednea a partir del <strong>1 de marzo<\/strong>. La colecci\u00f3n Culture of Creativity estar\u00e1 abierta para el p\u00fablico hasta el <strong>20 de mayo<\/strong>.<\/p>\n<p><em>*Im\u00e1genes: cortes\u00eda<\/em><\/p>\n","protected":false},"author":16349,"featured_media":175014,"template":"","format":"standard","categories":[18],"acf":[],"yoast_head":"<!-- This site is optimized with the Yoast SEO Premium plugin v18.5 (Yoast SEO v20.4) - https:\/\/yoast.com\/wordpress\/plugins\/seo\/ -->\n<title>Tiffany &amp; Co. apuesta por el arte en su tienda de Nueva York<\/title>\n<meta name=\"description\" content=\"La exposici\u00f3n junto a la Peter Marino Art Foundation, forma parte de la tienda insignia de Tiffany &amp; Co., The Landmark, en la Quinta Avenida.\" \/>\n<meta name=\"robots\" content=\"index, follow, max-snippet:-1, max-image-preview:large, max-video-preview:-1\" \/>\n<link rel=\"canonical\" href=\"https:\/\/graziamagazine.com\/es\/articles\/tiffany-co-apuesta-por-el-arte-en-su-tienda-de-nueva-york\/\" \/>\n<meta property=\"og:locale\" content=\"es_ES\" \/>\n<meta property=\"og:type\" content=\"article\" \/>\n<meta property=\"og:title\" content=\"Tiffany &amp; Co. apuesta por el arte en su tienda de Nueva York\" \/>\n<meta property=\"og:description\" content=\"La exposici\u00f3n junto a la Peter Marino Art Foundation, forma parte de la tienda insignia de Tiffany &amp; Co., The Landmark, en la Quinta Avenida.\" \/>\n<meta property=\"og:url\" content=\"https:\/\/graziamagazine.com\/es\/articles\/tiffany-co-apuesta-por-el-arte-en-su-tienda-de-nueva-york\/\" \/>\n<meta property=\"og:site_name\" content=\"Grazia\" \/>\n<meta property=\"article:modified_time\" content=\"2024-03-10T20:18:11+00:00\" \/>\n<meta property=\"og:image\" content=\"https:\/\/graziamagazine.com\/es\/wp-content\/uploads\/sites\/12\/2024\/03\/WhatsApp-Image-2024-03-08-at-9.18.00-PM.jpeg\" \/>\n\t<meta property=\"og:image:width\" content=\"600\" \/>\n\t<meta property=\"og:image:height\" content=\"400\" \/>\n\t<meta property=\"og:image:type\" content=\"image\/jpeg\" \/>\n<meta name=\"twitter:card\" content=\"summary_large_image\" \/>\n<meta name=\"twitter:label1\" content=\"Est. reading time\" \/>\n\t<meta name=\"twitter:data1\" content=\"2 minutos\" \/>\n<script type=\"application\/ld+json\" class=\"yoast-schema-graph\">{\"@context\":\"https:\/\/schema.org\",\"@graph\":[{\"@type\":\"WebPage\",\"@id\":\"https:\/\/graziamagazine.com\/es\/articles\/tiffany-co-apuesta-por-el-arte-en-su-tienda-de-nueva-york\/\",\"url\":\"https:\/\/graziamagazine.com\/es\/articles\/tiffany-co-apuesta-por-el-arte-en-su-tienda-de-nueva-york\/\",\"name\":\"Tiffany & Co. apuesta por el arte en su tienda de Nueva York\",\"isPartOf\":{\"@id\":\"https:\/\/graziamagazine.com\/es\/#website\"},\"datePublished\":\"2024-03-11T08:00:03+00:00\",\"dateModified\":\"2024-03-10T20:18:11+00:00\",\"description\":\"La exposici\u00f3n junto a la Peter Marino Art Foundation, forma parte de la tienda insignia de Tiffany & Co., The Landmark, en la Quinta Avenida.\",\"breadcrumb\":{\"@id\":\"https:\/\/graziamagazine.com\/es\/articles\/tiffany-co-apuesta-por-el-arte-en-su-tienda-de-nueva-york\/#breadcrumb\"},\"inLanguage\":\"es\",\"potentialAction\":[{\"@type\":\"ReadAction\",\"target\":[\"https:\/\/graziamagazine.com\/es\/articles\/tiffany-co-apuesta-por-el-arte-en-su-tienda-de-nueva-york\/\"]}]},{\"@type\":\"BreadcrumbList\",\"@id\":\"https:\/\/graziamagazine.com\/es\/articles\/tiffany-co-apuesta-por-el-arte-en-su-tienda-de-nueva-york\/#breadcrumb\",\"itemListElement\":[{\"@type\":\"ListItem\",\"position\":1,\"name\":\"Portada\",\"item\":\"https:\/\/graziamagazine.com\/es\/\"},{\"@type\":\"ListItem\",\"position\":2,\"name\":\"Tiffany &amp; Co. apuesta por el arte en su tienda de Nueva York\"}]},{\"@type\":\"WebSite\",\"@id\":\"https:\/\/graziamagazine.com\/es\/#website\",\"url\":\"https:\/\/graziamagazine.com\/es\/\",\"name\":\"Grazia\",\"description\":\"Moda, belleza, celebrities, estilo de vida...\",\"potentialAction\":[{\"@type\":\"SearchAction\",\"target\":{\"@type\":\"EntryPoint\",\"urlTemplate\":\"https:\/\/graziamagazine.com\/es\/?s={search_term_string}\"},\"query-input\":\"required name=search_term_string\"}],\"inLanguage\":\"es\"}]}<\/script>\n<!-- \/ Yoast SEO Premium plugin. -->","yoast_head_json":{"title":"Tiffany & Co. apuesta por el arte en su tienda de Nueva York","description":"La exposici\u00f3n junto a la Peter Marino Art Foundation, forma parte de la tienda insignia de Tiffany & Co., The Landmark, en la Quinta Avenida.","robots":{"index":"index","follow":"follow","max-snippet":"max-snippet:-1","max-image-preview":"max-image-preview:large","max-video-preview":"max-video-preview:-1"},"canonical":"https:\/\/graziamagazine.com\/es\/articles\/tiffany-co-apuesta-por-el-arte-en-su-tienda-de-nueva-york\/","og_locale":"es_ES","og_type":"article","og_title":"Tiffany &amp; Co. apuesta por el arte en su tienda de Nueva York","og_description":"La exposici\u00f3n junto a la Peter Marino Art Foundation, forma parte de la tienda insignia de Tiffany & Co., The Landmark, en la Quinta Avenida.","og_url":"https:\/\/graziamagazine.com\/es\/articles\/tiffany-co-apuesta-por-el-arte-en-su-tienda-de-nueva-york\/","og_site_name":"Grazia","article_modified_time":"2024-03-10T20:18:11+00:00","og_image":[{"width":600,"height":400,"url":"https:\/\/graziamagazine.com\/es\/wp-content\/uploads\/sites\/12\/2024\/03\/WhatsApp-Image-2024-03-08-at-9.18.00-PM.jpeg","type":"image\/jpeg"}],"twitter_card":"summary_large_image","twitter_misc":{"Est. reading time":"2 minutos"},"schema":{"@context":"https:\/\/schema.org","@graph":[{"@type":"WebPage","@id":"https:\/\/graziamagazine.com\/es\/articles\/tiffany-co-apuesta-por-el-arte-en-su-tienda-de-nueva-york\/","url":"https:\/\/graziamagazine.com\/es\/articles\/tiffany-co-apuesta-por-el-arte-en-su-tienda-de-nueva-york\/","name":"Tiffany & Co. apuesta por el arte en su tienda de Nueva York","isPartOf":{"@id":"https:\/\/graziamagazine.com\/es\/#website"},"datePublished":"2024-03-11T08:00:03+00:00","dateModified":"2024-03-10T20:18:11+00:00","description":"La exposici\u00f3n junto a la Peter Marino Art Foundation, forma parte de la tienda insignia de Tiffany & Co., The Landmark, en la Quinta Avenida.","breadcrumb":{"@id":"https:\/\/graziamagazine.com\/es\/articles\/tiffany-co-apuesta-por-el-arte-en-su-tienda-de-nueva-york\/#breadcrumb"},"inLanguage":"es","potentialAction":[{"@type":"ReadAction","target":["https:\/\/graziamagazine.com\/es\/articles\/tiffany-co-apuesta-por-el-arte-en-su-tienda-de-nueva-york\/"]}]},{"@type":"BreadcrumbList","@id":"https:\/\/graziamagazine.com\/es\/articles\/tiffany-co-apuesta-por-el-arte-en-su-tienda-de-nueva-york\/#breadcrumb","itemListElement":[{"@type":"ListItem","position":1,"name":"Portada","item":"https:\/\/graziamagazine.com\/es\/"},{"@type":"ListItem","position":2,"name":"Tiffany &amp; Co. apuesta por el arte en su tienda de Nueva York"}]},{"@type":"WebSite","@id":"https:\/\/graziamagazine.com\/es\/#website","url":"https:\/\/graziamagazine.com\/es\/","name":"Grazia","description":"Moda, belleza, celebrities, estilo de vida...","potentialAction":[{"@type":"SearchAction","target":{"@type":"EntryPoint","urlTemplate":"https:\/\/graziamagazine.com\/es\/?s={search_term_string}"},"query-input":"required name=search_term_string"}],"inLanguage":"es"}]}},"jetpack_sharing_enabled":true,"distributor_meta":false,"distributor_terms":false,"distributor_media":false,"distributor_original_site_name":"Grazia","distributor_original_site_url":"https:\/\/graziamagazine.com\/es","push-errors":false,"_links":{"self":[{"href":"https:\/\/graziamagazine.com\/es\/wp-json\/wp\/v2\/articles\/175013"}],"collection":[{"href":"https:\/\/graziamagazine.com\/es\/wp-json\/wp\/v2\/articles"}],"about":[{"href":"https:\/\/graziamagazine.com\/es\/wp-json\/wp\/v2\/types\/articles"}],"author":[{"embeddable":true,"href":"https:\/\/graziamagazine.com\/es\/wp-json\/wp\/v2\/users\/16349"}],"wp:featuredmedia":[{"embeddable":true,"href":"https:\/\/graziamagazine.com\/es\/wp-json\/wp\/v2\/media\/175014"}],"wp:attachment":[{"href":"https:\/\/graziamagazine.com\/es\/wp-json\/wp\/v2\/media?parent=175013"}],"wp:term":[{"taxonomy":"category","embeddable":true,"href":"https:\/\/graziamagazine.com\/es\/wp-json\/wp\/v2\/categories?post=175013"}],"curies":[{"name":"wp","href":"https:\/\/api.w.org\/{rel}","templated":true}]}}