{"id":174953,"date":"2024-03-05T18:58:12","date_gmt":"2024-03-05T17:58:12","guid":{"rendered":"https:\/\/graziamagazine.com\/es\/?post_type=articles&#038;p=174953"},"modified":"2024-03-05T18:58:12","modified_gmt":"2024-03-05T17:58:12","slug":"chanel-otono-invierno-2024-25-una-carta-de-amor-a-deauville","status":"publish","type":"articles","link":"https:\/\/graziamagazine.com\/es\/articles\/chanel-otono-invierno-2024-25-una-carta-de-amor-a-deauville\/","title":{"rendered":"Chanel Oto\u00f1o-Invierno 2024\/25: Una carta de amor a Deauville"},"content":{"rendered":"<p>En el mundo de la moda, la inspiraci\u00f3n puede provenir de lugares lejanos o, en el caso de <strong>Chanel<\/strong>, de un encantador rinc\u00f3n de la costa francesa.<\/p>\n<p>La ic\u00f3nica casa de moda present\u00f3 recientemente su <strong>colecci\u00f3n pr\u00eat-\u00e0-porter Oto\u00f1o-Invierno 2024\/25<\/strong>, inspirada en la atm\u00f3sfera rom\u00e1ntica y cinematogr\u00e1fica de<strong> Deauville<\/strong>, un lugar profundamente querido por Chanel.<\/p>\n<div class=\"content-gallery\">\n<div class=\"gallery-placeholder\">\n<div class=\"spinner\"><\/div>\n<\/div>\n<p>&nbsp;<\/p>\n<div id=\"gallery-1\" class=\"gallery galleryid- gallery-columns- gallery-size-\">\n<figure class=\"gallery-item\">\n<div class=\"gallery-icon landscape\"><img loading=\"lazy\" decoding=\"async\" class=\"lazy\" src=\"https:\/\/graziamagazine.com\/mx\/wp-content\/uploads\/sites\/13\/2024\/03\/Captura-de-Pantalla-2024-03-05-a-las-13.53.37.png\" alt=\"\" width=\"752\" height=\"1156\" \/><\/div>\n<\/figure>\n<figure class=\"gallery-item\">\n<div class=\"gallery-icon landscape\"><img loading=\"lazy\" decoding=\"async\" class=\"lazy\" src=\"https:\/\/graziamagazine.com\/mx\/wp-content\/uploads\/sites\/13\/2024\/03\/Captura-de-Pantalla-2024-03-05-a-las-13.54.00.png\" alt=\"\" width=\"722\" height=\"1082\" \/><\/div>\n<\/figure>\n<figure class=\"gallery-item\">\n<div class=\"gallery-icon landscape\"><img loading=\"lazy\" decoding=\"async\" class=\"lazy\" src=\"https:\/\/graziamagazine.com\/mx\/wp-content\/uploads\/sites\/13\/2024\/03\/Captura-de-Pantalla-2024-03-05-a-las-13.54.02.png\" alt=\"\" width=\"722\" height=\"1082\" \/><\/div>\n<\/figure>\n<figure class=\"gallery-item\">\n<div class=\"gallery-icon landscape\"><img loading=\"lazy\" decoding=\"async\" class=\"lazy\" src=\"https:\/\/graziamagazine.com\/mx\/wp-content\/uploads\/sites\/13\/2024\/03\/Captura-de-Pantalla-2024-03-05-a-las-13.54.04.png\" alt=\"\" width=\"722\" height=\"1082\" \/><\/div>\n<\/figure>\n<figure class=\"gallery-item\">\n<div class=\"gallery-icon landscape\"><img loading=\"lazy\" decoding=\"async\" class=\"lazy\" src=\"https:\/\/graziamagazine.com\/mx\/wp-content\/uploads\/sites\/13\/2024\/03\/Captura-de-Pantalla-2024-03-05-a-las-13.54.06.png\" alt=\"\" width=\"722\" height=\"1082\" \/><\/div>\n<\/figure>\n<\/div>\n<\/div>\n<p>Ubicada en la costa de Normand\u00eda, Deauville ha sido durante mucho tiempo un destino elegante y lleno de encanto, conocido por sus impresionantes paisajes marinos y su atm\u00f3sfera nost\u00e1lgica. Para su \u00faltima colecci\u00f3n, Chanel se sumergi\u00f3 en el esp\u00edritu de este pintoresco pueblo costero, capturando su<strong> elegancia atemporal y su sofisticaci\u00f3n relajada.<\/strong><\/p>\n<p>La colecci\u00f3n Oto\u00f1o-Invierno 2024\/25 de Chanel presenta una paleta de <strong>colores suaves y tonos tierra<\/strong>, evocando los paisajes costeros de Deauville en oto\u00f1o.<\/p>\n<p>Los <strong>tejidos ligeros y las siluetas fluidas<\/strong> recuerdan la brisa marina, mientras que los <strong>detalles n\u00e1uticos<\/strong> y los estampados inspirados en la <strong>naturaleza<\/strong> a\u00f1aden un toque de <strong>encanto marinero a las prendas.<\/strong><\/p>\n<div class=\"content-gallery\">\n<div class=\"gallery-placeholder\">\n<div class=\"spinner\"><\/div>\n<\/div>\n<p>&nbsp;<\/p>\n<div id=\"gallery-2\" class=\"gallery galleryid- gallery-columns- gallery-size-\">\n<figure class=\"gallery-item\">\n<div class=\"gallery-icon landscape\"><img loading=\"lazy\" decoding=\"async\" class=\"lazy\" src=\"https:\/\/graziamagazine.com\/mx\/wp-content\/uploads\/sites\/13\/2024\/03\/Captura-de-Pantalla-2024-03-05-a-las-13.54.18.png\" alt=\"\" width=\"722\" height=\"1082\" \/><\/div>\n<\/figure>\n<figure class=\"gallery-item\">\n<div class=\"gallery-icon landscape\"><img loading=\"lazy\" decoding=\"async\" class=\"lazy\" src=\"https:\/\/graziamagazine.com\/mx\/wp-content\/uploads\/sites\/13\/2024\/03\/Captura-de-Pantalla-2024-03-05-a-las-13.54.21.png\" alt=\"\" width=\"722\" height=\"1082\" \/><\/div>\n<\/figure>\n<figure class=\"gallery-item\">\n<div class=\"gallery-icon landscape\"><img loading=\"lazy\" decoding=\"async\" class=\"lazy\" src=\"https:\/\/graziamagazine.com\/mx\/wp-content\/uploads\/sites\/13\/2024\/03\/Captura-de-Pantalla-2024-03-05-a-las-13.54.47.png\" alt=\"\" width=\"722\" height=\"1082\" \/><\/div>\n<\/figure>\n<figure class=\"gallery-item\">\n<div class=\"gallery-icon landscape\"><img loading=\"lazy\" decoding=\"async\" class=\"lazy\" src=\"https:\/\/graziamagazine.com\/mx\/wp-content\/uploads\/sites\/13\/2024\/03\/Captura-de-Pantalla-2024-03-05-a-las-13.55.29.png\" alt=\"\" width=\"722\" height=\"1082\" \/><\/div>\n<\/figure>\n<figure class=\"gallery-item\">\n<div class=\"gallery-icon landscape\"><img loading=\"lazy\" decoding=\"async\" class=\"lazy\" src=\"https:\/\/graziamagazine.com\/mx\/wp-content\/uploads\/sites\/13\/2024\/03\/Captura-de-Pantalla-2024-03-05-a-las-13.55.35.png\" alt=\"\" width=\"722\" height=\"1082\" \/><\/div>\n<\/figure>\n<figure class=\"gallery-item\">\n<div class=\"gallery-icon landscape\"><img loading=\"lazy\" decoding=\"async\" class=\"lazy\" src=\"https:\/\/graziamagazine.com\/mx\/wp-content\/uploads\/sites\/13\/2024\/03\/Captura-de-Pantalla-2024-03-05-a-las-13.56.22.png\" alt=\"\" width=\"722\" height=\"1082\" \/><\/div>\n<\/figure>\n<\/div>\n<\/div>\n<p>Como es caracter\u00edstico de Chanel, la colecci\u00f3n combina elegancia cl\u00e1sica con un toque moderno. Los trajes de tweed, una firma de la casa de moda, se reinventan con detalles contempor\u00e1neos, mientras que los vestidos de noche deslumbran con bordados delicados y apliques de encaje.<\/p>\n<p>Los accesorios, desde sombreros hasta bolsos, complementan perfectamente cada conjunto, a\u00f1adiendo un toque de lujo discreto.<\/p>\n<p>Deauville tiene un significado especial en la historia de Chanel, ya que fue aqu\u00ed donde <strong>Coco Chanel<\/strong> abri\u00f3 su primera boutique en 1913. La influencia de Deauville en el legado de Chanel se refleja en cada detalle de la colecci\u00f3n, desde los motivos n\u00e1uticos hasta los cortes elegantes y los <strong>materiales de alta calidad.<\/strong><\/p>\n<div class=\"content-gallery\">\n<div class=\"gallery-placeholder\">\n<div class=\"spinner\"><\/div>\n<\/div>\n<p>&nbsp;<\/p>\n<div id=\"gallery-3\" class=\"gallery galleryid- gallery-columns- gallery-size-\">\n<figure class=\"gallery-item\">\n<div class=\"gallery-icon landscape\"><img loading=\"lazy\" decoding=\"async\" class=\"lazy\" src=\"https:\/\/graziamagazine.com\/mx\/wp-content\/uploads\/sites\/13\/2024\/03\/Captura-de-Pantalla-2024-03-05-a-las-13.55.42.png\" alt=\"\" width=\"722\" height=\"1082\" \/><\/div>\n<\/figure>\n<figure class=\"gallery-item\">\n<div class=\"gallery-icon landscape\"><img loading=\"lazy\" decoding=\"async\" class=\"lazy\" src=\"https:\/\/graziamagazine.com\/mx\/wp-content\/uploads\/sites\/13\/2024\/03\/Captura-de-Pantalla-2024-03-05-a-las-13.55.45.png\" alt=\"\" width=\"722\" height=\"1082\" \/><\/div>\n<\/figure>\n<figure class=\"gallery-item\">\n<div class=\"gallery-icon landscape\"><img loading=\"lazy\" decoding=\"async\" class=\"lazy\" src=\"https:\/\/graziamagazine.com\/mx\/wp-content\/uploads\/sites\/13\/2024\/03\/Captura-de-Pantalla-2024-03-05-a-las-13.55.50.png\" alt=\"\" width=\"722\" height=\"1082\" \/><\/div>\n<\/figure>\n<figure class=\"gallery-item\">\n<div class=\"gallery-icon landscape\"><img loading=\"lazy\" decoding=\"async\" class=\"lazy\" src=\"https:\/\/graziamagazine.com\/mx\/wp-content\/uploads\/sites\/13\/2024\/03\/Captura-de-Pantalla-2024-03-05-a-las-13.55.53.png\" alt=\"\" width=\"722\" height=\"1082\" \/><\/div>\n<\/figure>\n<figure class=\"gallery-item\">\n<div class=\"gallery-icon landscape\"><img loading=\"lazy\" decoding=\"async\" class=\"lazy\" src=\"https:\/\/graziamagazine.com\/mx\/wp-content\/uploads\/sites\/13\/2024\/03\/Captura-de-Pantalla-2024-03-05-a-las-13.56.16.png\" alt=\"\" width=\"722\" height=\"1082\" \/><\/div>\n<\/figure>\n<figure class=\"gallery-item\">\n<div class=\"gallery-icon landscape\"><img loading=\"lazy\" decoding=\"async\" class=\"lazy\" src=\"https:\/\/graziamagazine.com\/mx\/wp-content\/uploads\/sites\/13\/2024\/03\/Captura-de-Pantalla-2024-03-05-a-las-13.56.19.png\" alt=\"\" width=\"722\" height=\"1082\" \/><\/div>\n<\/figure>\n<figure class=\"gallery-item\">\n<div class=\"gallery-icon landscape\"><img loading=\"lazy\" decoding=\"async\" class=\"lazy\" src=\"https:\/\/graziamagazine.com\/mx\/wp-content\/uploads\/sites\/13\/2024\/03\/Captura-de-Pantalla-2024-03-05-a-las-13.56.24.png\" alt=\"\" width=\"722\" height=\"1082\" \/><\/div>\n<\/figure>\n<\/div>\n<\/div>\n<p>El desfile de Chanel no fue solo una presentaci\u00f3n de moda, sino una experiencia cinematogr\u00e1fica que transport\u00f3 a los espectadores a las pintorescas calles de Deauville.<\/p>\n<p>La pasarela se transform\u00f3 en un escenario evocador, con una decoraci\u00f3n que recreaba los elementos distintivos de la costa francesa, desde las sombrillas hasta las tabernas frente al mar.<\/p>\n<p>Con su elegancia atemporal y su sofisticaci\u00f3n relajada, esta colecci\u00f3n captura la esencia de este querido destino costero franc\u00e9s y lo transforma en moda. Chanel ha logrado una vez m\u00e1s llevar la magia de Deauville a la pasarela, creando una experiencia \u00fanica y memorable para todos los amantes de la moda.<\/p>\n<p><em>*Im\u00e1genes: cortes\u00eda<\/em><\/p>\n<p>&nbsp;<\/p>\n","protected":false},"author":28953,"featured_media":174954,"template":"","format":"standard","categories":[1],"acf":[],"yoast_head":"<!-- This site is optimized with the Yoast SEO Premium plugin v18.5 (Yoast SEO v20.4) - https:\/\/yoast.com\/wordpress\/plugins\/seo\/ -->\n<title>Chanel Oto\u00f1o-Invierno 2024\/25: Una carta de amor a Deauville<\/title>\n<meta name=\"description\" content=\"La ic\u00f3nica casa de moda Chanel ha vuelto a sorprender al mundo con una colecci\u00f3n que rinde homenaje al encanto atemporal de Deauville\" \/>\n<meta name=\"robots\" content=\"index, follow, max-snippet:-1, max-image-preview:large, max-video-preview:-1\" \/>\n<link rel=\"canonical\" href=\"https:\/\/graziamagazine.com\/es\/articles\/chanel-otono-invierno-2024-25-una-carta-de-amor-a-deauville\/\" \/>\n<meta property=\"og:locale\" content=\"es_ES\" \/>\n<meta property=\"og:type\" content=\"article\" \/>\n<meta property=\"og:title\" content=\"Chanel Oto\u00f1o-Invierno 2024\/25: Una carta de amor a Deauville\" \/>\n<meta property=\"og:description\" content=\"La ic\u00f3nica casa de moda Chanel ha vuelto a sorprender al mundo con una colecci\u00f3n que rinde homenaje al encanto atemporal de Deauville\" \/>\n<meta property=\"og:url\" content=\"https:\/\/graziamagazine.com\/es\/articles\/chanel-otono-invierno-2024-25-una-carta-de-amor-a-deauville\/\" \/>\n<meta property=\"og:site_name\" content=\"Grazia\" \/>\n<meta property=\"og:image\" content=\"https:\/\/graziamagazine.com\/es\/wp-content\/uploads\/sites\/12\/2024\/03\/Captura-de-Pantalla-2024-03-05-a-las-13.55.27-e1709644170273.png\" \/>\n\t<meta property=\"og:image:width\" content=\"721\" \/>\n\t<meta property=\"og:image:height\" content=\"495\" \/>\n\t<meta property=\"og:image:type\" content=\"image\/png\" \/>\n<meta name=\"twitter:card\" content=\"summary_large_image\" \/>\n<meta name=\"twitter:label1\" content=\"Est. reading time\" \/>\n\t<meta name=\"twitter:data1\" content=\"6 minutos\" \/>\n<script type=\"application\/ld+json\" class=\"yoast-schema-graph\">{\"@context\":\"https:\/\/schema.org\",\"@graph\":[{\"@type\":\"WebPage\",\"@id\":\"https:\/\/graziamagazine.com\/es\/articles\/chanel-otono-invierno-2024-25-una-carta-de-amor-a-deauville\/\",\"url\":\"https:\/\/graziamagazine.com\/es\/articles\/chanel-otono-invierno-2024-25-una-carta-de-amor-a-deauville\/\",\"name\":\"Chanel Oto\u00f1o-Invierno 2024\/25: Una carta de amor a Deauville\",\"isPartOf\":{\"@id\":\"https:\/\/graziamagazine.com\/es\/#website\"},\"datePublished\":\"2024-03-05T17:58:12+00:00\",\"dateModified\":\"2024-03-05T17:58:12+00:00\",\"description\":\"La ic\u00f3nica casa de moda Chanel ha vuelto a sorprender al mundo con una colecci\u00f3n que rinde homenaje al encanto atemporal de Deauville\",\"breadcrumb\":{\"@id\":\"https:\/\/graziamagazine.com\/es\/articles\/chanel-otono-invierno-2024-25-una-carta-de-amor-a-deauville\/#breadcrumb\"},\"inLanguage\":\"es\",\"potentialAction\":[{\"@type\":\"ReadAction\",\"target\":[\"https:\/\/graziamagazine.com\/es\/articles\/chanel-otono-invierno-2024-25-una-carta-de-amor-a-deauville\/\"]}]},{\"@type\":\"BreadcrumbList\",\"@id\":\"https:\/\/graziamagazine.com\/es\/articles\/chanel-otono-invierno-2024-25-una-carta-de-amor-a-deauville\/#breadcrumb\",\"itemListElement\":[{\"@type\":\"ListItem\",\"position\":1,\"name\":\"Portada\",\"item\":\"https:\/\/graziamagazine.com\/es\/\"},{\"@type\":\"ListItem\",\"position\":2,\"name\":\"Chanel Oto\u00f1o-Invierno 2024\/25: Una carta de amor a Deauville\"}]},{\"@type\":\"WebSite\",\"@id\":\"https:\/\/graziamagazine.com\/es\/#website\",\"url\":\"https:\/\/graziamagazine.com\/es\/\",\"name\":\"Grazia\",\"description\":\"Moda, belleza, celebrities, estilo de vida...\",\"potentialAction\":[{\"@type\":\"SearchAction\",\"target\":{\"@type\":\"EntryPoint\",\"urlTemplate\":\"https:\/\/graziamagazine.com\/es\/?s={search_term_string}\"},\"query-input\":\"required name=search_term_string\"}],\"inLanguage\":\"es\"}]}<\/script>\n<!-- \/ Yoast SEO Premium plugin. -->","yoast_head_json":{"title":"Chanel Oto\u00f1o-Invierno 2024\/25: Una carta de amor a Deauville","description":"La ic\u00f3nica casa de moda Chanel ha vuelto a sorprender al mundo con una colecci\u00f3n que rinde homenaje al encanto atemporal de Deauville","robots":{"index":"index","follow":"follow","max-snippet":"max-snippet:-1","max-image-preview":"max-image-preview:large","max-video-preview":"max-video-preview:-1"},"canonical":"https:\/\/graziamagazine.com\/es\/articles\/chanel-otono-invierno-2024-25-una-carta-de-amor-a-deauville\/","og_locale":"es_ES","og_type":"article","og_title":"Chanel Oto\u00f1o-Invierno 2024\/25: Una carta de amor a Deauville","og_description":"La ic\u00f3nica casa de moda Chanel ha vuelto a sorprender al mundo con una colecci\u00f3n que rinde homenaje al encanto atemporal de Deauville","og_url":"https:\/\/graziamagazine.com\/es\/articles\/chanel-otono-invierno-2024-25-una-carta-de-amor-a-deauville\/","og_site_name":"Grazia","og_image":[{"width":721,"height":495,"url":"https:\/\/graziamagazine.com\/es\/wp-content\/uploads\/sites\/12\/2024\/03\/Captura-de-Pantalla-2024-03-05-a-las-13.55.27-e1709644170273.png","type":"image\/png"}],"twitter_card":"summary_large_image","twitter_misc":{"Est. reading time":"6 minutos"},"schema":{"@context":"https:\/\/schema.org","@graph":[{"@type":"WebPage","@id":"https:\/\/graziamagazine.com\/es\/articles\/chanel-otono-invierno-2024-25-una-carta-de-amor-a-deauville\/","url":"https:\/\/graziamagazine.com\/es\/articles\/chanel-otono-invierno-2024-25-una-carta-de-amor-a-deauville\/","name":"Chanel Oto\u00f1o-Invierno 2024\/25: Una carta de amor a Deauville","isPartOf":{"@id":"https:\/\/graziamagazine.com\/es\/#website"},"datePublished":"2024-03-05T17:58:12+00:00","dateModified":"2024-03-05T17:58:12+00:00","description":"La ic\u00f3nica casa de moda Chanel ha vuelto a sorprender al mundo con una colecci\u00f3n que rinde homenaje al encanto atemporal de Deauville","breadcrumb":{"@id":"https:\/\/graziamagazine.com\/es\/articles\/chanel-otono-invierno-2024-25-una-carta-de-amor-a-deauville\/#breadcrumb"},"inLanguage":"es","potentialAction":[{"@type":"ReadAction","target":["https:\/\/graziamagazine.com\/es\/articles\/chanel-otono-invierno-2024-25-una-carta-de-amor-a-deauville\/"]}]},{"@type":"BreadcrumbList","@id":"https:\/\/graziamagazine.com\/es\/articles\/chanel-otono-invierno-2024-25-una-carta-de-amor-a-deauville\/#breadcrumb","itemListElement":[{"@type":"ListItem","position":1,"name":"Portada","item":"https:\/\/graziamagazine.com\/es\/"},{"@type":"ListItem","position":2,"name":"Chanel Oto\u00f1o-Invierno 2024\/25: Una carta de amor a Deauville"}]},{"@type":"WebSite","@id":"https:\/\/graziamagazine.com\/es\/#website","url":"https:\/\/graziamagazine.com\/es\/","name":"Grazia","description":"Moda, belleza, celebrities, estilo de vida...","potentialAction":[{"@type":"SearchAction","target":{"@type":"EntryPoint","urlTemplate":"https:\/\/graziamagazine.com\/es\/?s={search_term_string}"},"query-input":"required name=search_term_string"}],"inLanguage":"es"}]}},"jetpack_sharing_enabled":true,"distributor_meta":false,"distributor_terms":false,"distributor_media":false,"distributor_original_site_name":"Grazia","distributor_original_site_url":"https:\/\/graziamagazine.com\/es","push-errors":false,"_links":{"self":[{"href":"https:\/\/graziamagazine.com\/es\/wp-json\/wp\/v2\/articles\/174953"}],"collection":[{"href":"https:\/\/graziamagazine.com\/es\/wp-json\/wp\/v2\/articles"}],"about":[{"href":"https:\/\/graziamagazine.com\/es\/wp-json\/wp\/v2\/types\/articles"}],"author":[{"embeddable":true,"href":"https:\/\/graziamagazine.com\/es\/wp-json\/wp\/v2\/users\/28953"}],"wp:featuredmedia":[{"embeddable":true,"href":"https:\/\/graziamagazine.com\/es\/wp-json\/wp\/v2\/media\/174954"}],"wp:attachment":[{"href":"https:\/\/graziamagazine.com\/es\/wp-json\/wp\/v2\/media?parent=174953"}],"wp:term":[{"taxonomy":"category","embeddable":true,"href":"https:\/\/graziamagazine.com\/es\/wp-json\/wp\/v2\/categories?post=174953"}],"curies":[{"name":"wp","href":"https:\/\/api.w.org\/{rel}","templated":true}]}}