{"id":174939,"date":"2024-03-05T09:00:58","date_gmt":"2024-03-05T08:00:58","guid":{"rendered":"https:\/\/graziamagazine.com\/es\/?post_type=articles&#038;p=174939"},"modified":"2024-03-04T21:22:45","modified_gmt":"2024-03-04T20:22:45","slug":"stella-mccartney-otono-invierno-2024-25-la-coleccion-organica-en-pfw","status":"publish","type":"articles","link":"https:\/\/graziamagazine.com\/es\/articles\/stella-mccartney-otono-invierno-2024-25-la-coleccion-organica-en-pfw\/","title":{"rendered":"Stella McCartney Oto\u00f1o-Invierno 2024\/25: la colecci\u00f3n org\u00e1nica en PFW"},"content":{"rendered":"<p>En el mundo de la moda, el compromiso con la sostenibilidad y la conciencia ambiental est\u00e1 en aumento. <strong>Stella McCartney<\/strong>, una dise\u00f1adora que ha sido pionera en este \u00e1mbito, llev\u00f3 este compromiso un paso m\u00e1s all\u00e1 al escenificar su desfile de oto\u00f1o en un invernadero, agregando un mensaje subliminal sobre la <strong>urgencia de la crisis clim\u00e1tica.<\/strong><\/p>\n<p>McCartney es conocida por su<strong> enfoque \u00e9tico y sostenible<\/strong> en el dise\u00f1o de moda, utilizando<strong> materiales org\u00e1nicos y alternativas sostenibles<\/strong> al cuero y otros productos de origen animal.<\/p>\n<blockquote class=\"instagram-media\" style=\"background: #FFF;border: 0;border-radius: 3px;margin: 1px;max-width: 500px;min-width: 326px;padding: 0;width: calc(100% - 2px)\" data-instgrm-captioned=\"\" data-instgrm-permalink=\"https:\/\/www.instagram.com\/reel\/C4EFm8Ms3VS\/?utm_source=ig_embed&amp;utm_campaign=loading\" data-instgrm-version=\"14\">\n<div style=\"padding: 16px\">\n<p>&nbsp;<\/p>\n<div style=\"flex-direction: row;align-items: center\">\n<div style=\"background-color: #f4f4f4;border-radius: 50%;flex-grow: 0;height: 40px;margin-right: 14px;width: 40px\"><\/div>\n<div style=\"flex-direction: column;flex-grow: 1;justify-content: center\">\n<div style=\"background-color: #f4f4f4;border-radius: 4px;flex-grow: 0;height: 14px;margin-bottom: 6px;width: 100px\"><\/div>\n<div style=\"background-color: #f4f4f4;border-radius: 4px;flex-grow: 0;height: 14px;width: 60px\"><\/div>\n<\/div>\n<\/div>\n<div style=\"padding: 19% 0\"><\/div>\n<div style=\"height: 50px;margin: 0 auto 12px;width: 50px\"><\/div>\n<div style=\"padding-top: 8px\">\n<div style=\"color: #3897f0;font-family: Arial,sans-serif;font-size: 14px;font-style: normal;font-weight: 550;line-height: 18px\">View this post on Instagram<\/div>\n<\/div>\n<div style=\"padding: 12.5% 0\"><\/div>\n<div style=\"flex-direction: row;margin-bottom: 14px;align-items: center\">\n<div>\n<div style=\"background-color: #f4f4f4;border-radius: 50%;height: 12.5px;width: 12.5px\"><\/div>\n<div style=\"background-color: #f4f4f4;height: 12.5px;width: 12.5px;flex-grow: 0;margin-right: 14px;margin-left: 2px\"><\/div>\n<div style=\"background-color: #f4f4f4;border-radius: 50%;height: 12.5px;width: 12.5px\"><\/div>\n<\/div>\n<div style=\"margin-left: 8px\">\n<div style=\"background-color: #f4f4f4;border-radius: 50%;flex-grow: 0;height: 20px;width: 20px\"><\/div>\n<div style=\"width: 0;height: 0;border-top: 2px solid transparent;border-left: 6px solid #f4f4f4;border-bottom: 2px solid transparent\"><\/div>\n<\/div>\n<div style=\"margin-left: auto\">\n<div style=\"width: 0px;border-top: 8px solid #F4F4F4;border-right: 8px solid transparent\"><\/div>\n<div style=\"background-color: #f4f4f4;flex-grow: 0;height: 12px;width: 16px\"><\/div>\n<div style=\"width: 0;height: 0;border-top: 8px solid #F4F4F4;border-left: 8px solid transparent\"><\/div>\n<\/div>\n<\/div>\n<div style=\"flex-direction: column;flex-grow: 1;justify-content: center;margin-bottom: 24px\">\n<div style=\"background-color: #f4f4f4;border-radius: 4px;flex-grow: 0;height: 14px;margin-bottom: 6px;width: 224px\"><\/div>\n<div style=\"background-color: #f4f4f4;border-radius: 4px;flex-grow: 0;height: 14px;width: 144px\"><\/div>\n<\/div>\n<p>&nbsp;<\/p>\n<p style=\"color: #c9c8cd;font-family: Arial,sans-serif;font-size: 14px;line-height: 17px;margin-bottom: 0;margin-top: 8px;overflow: hidden;padding: 8px 0 7px;text-align: center\"><a href=\"https:\/\/www.instagram.com\/reel\/C4EFm8Ms3VS\/?utm_source=ig_embed&amp;utm_campaign=loading\"style=\"color: #c9c8cd;font-family: Arial,sans-serif;font-size: 14px;font-style: normal;font-weight: normal;line-height: 17px;text-decoration: none\"  target=\"_blank\" rel=\"noopener\" target=\"_blank\">A post shared by Stella McCartney (@stellamccartney)<\/a><\/p>\n<\/div>\n<\/blockquote>\n<p>En su desfile de oto\u00f1o, no solo mostr\u00f3 su \u00faltima colecci\u00f3n, sino que tambi\u00e9n destac\u00f3 la importancia de proteger nuestro planeta.<\/p>\n<p>El desfile comenz\u00f3 con una <strong>proyecci\u00f3n de icebergs<\/strong> desplom\u00e1ndose en monitores de v\u00eddeo, una imagen impactante que sirvi\u00f3 como recordatorio del impacto del cambio clim\u00e1tico en nuestro entorno. Luego, las aclamadas actrices <strong>Olivia Colman y Helen Mirren<\/strong> leyeron una conmovedora carta de la <strong>Madre Tierra<\/strong>, cuestionando si la humanidad a\u00fan la ama.<\/p>\n<div class=\"content-gallery\">\n<div class=\"gallery-placeholder\">\n<div class=\"spinner\"><\/div>\n<\/div>\n<p>&nbsp;<\/p>\n<div id=\"gallery-1\" class=\"gallery galleryid-135084 gallery-columns- gallery-size-\">\n<figure class=\"gallery-item\">\n<div class=\"gallery-icon landscape\"><img loading=\"lazy\" decoding=\"async\" class=\"lazy\" src=\"https:\/\/graziamagazine.com\/mx\/wp-content\/uploads\/sites\/13\/2024\/03\/Captura-de-Pantalla-2024-03-04-a-las-16.47.50.png\" alt=\"\" width=\"752\" height=\"1156\" \/><\/div>\n<\/figure>\n<figure class=\"gallery-item\">\n<div class=\"gallery-icon landscape\"><img loading=\"lazy\" decoding=\"async\" class=\"lazy\" src=\"https:\/\/graziamagazine.com\/mx\/wp-content\/uploads\/sites\/13\/2024\/03\/Captura-de-Pantalla-2024-03-04-a-las-16.47.55.png\" alt=\"\" width=\"752\" height=\"1156\" \/><\/div>\n<\/figure>\n<figure class=\"gallery-item\">\n<div class=\"gallery-icon landscape\"><img loading=\"lazy\" decoding=\"async\" class=\"lazy\" src=\"https:\/\/graziamagazine.com\/mx\/wp-content\/uploads\/sites\/13\/2024\/03\/Captura-de-Pantalla-2024-03-04-a-las-16.47.59.png\" alt=\"\" width=\"752\" height=\"1156\" \/><\/div>\n<\/figure>\n<figure class=\"gallery-item\">\n<div class=\"gallery-icon landscape\"><img loading=\"lazy\" decoding=\"async\" class=\"lazy\" src=\"https:\/\/graziamagazine.com\/mx\/wp-content\/uploads\/sites\/13\/2024\/03\/Captura-de-Pantalla-2024-03-04-a-las-16.48.03.png\" alt=\"\" width=\"752\" height=\"1156\" \/><\/div>\n<\/figure>\n<figure class=\"gallery-item\">\n<div class=\"gallery-icon landscape\"><img loading=\"lazy\" decoding=\"async\" class=\"lazy\" src=\"https:\/\/graziamagazine.com\/mx\/wp-content\/uploads\/sites\/13\/2024\/03\/Captura-de-Pantalla-2024-03-04-a-las-16.49.52.png\" alt=\"\" width=\"752\" height=\"1156\" \/><\/div>\n<\/figure>\n<figure class=\"gallery-item\">\n<div class=\"gallery-icon landscape\"><img loading=\"lazy\" decoding=\"async\" class=\"lazy\" src=\"https:\/\/graziamagazine.com\/mx\/wp-content\/uploads\/sites\/13\/2024\/03\/Captura-de-Pantalla-2024-03-04-a-las-16.49.57.png\" alt=\"\" width=\"752\" height=\"1156\" \/><\/div>\n<\/figure>\n<\/div>\n<\/div>\n<p>El manifiesto ecologista que prolog\u00f3 el desfile de McCartney reforz\u00f3 su compromiso con la sostenibilidad y su llamado a la acci\u00f3n para abordar la crisis clim\u00e1tica.<\/p>\n<p>Sus dise\u00f1os, elaborados con materiales sostenibles y \u00e9ticamente producidos, son un ejemplo de c\u00f3mo la moda puede ser bella y consciente al mismo tiempo.<\/p>\n<p>Las prendas de la colecci\u00f3n de oto\u00f1o de McCartney reflejaban su est\u00e9tica caracter\u00edstica de l\u00edneas limpias y siluetas fluidas, pero tambi\u00e9n transmit\u00edan un mensaje m\u00e1s profundo sobre la necesidad de proteger nuestro planeta.<\/p>\n<div class=\"content-gallery\">\n<div class=\"gallery-placeholder\">\n<div class=\"spinner\"><\/div>\n<\/div>\n<p>&nbsp;<\/p>\n<div id=\"gallery-2\" class=\"gallery galleryid-135084 gallery-columns- gallery-size-\">\n<figure class=\"gallery-item\">\n<div class=\"gallery-icon landscape\"><img loading=\"lazy\" decoding=\"async\" class=\"lazy\" src=\"https:\/\/graziamagazine.com\/mx\/wp-content\/uploads\/sites\/13\/2024\/03\/Captura-de-Pantalla-2024-03-04-a-las-16.50.23.png\" alt=\"\" width=\"752\" height=\"1156\" \/><\/div>\n<\/figure>\n<figure class=\"gallery-item\">\n<div class=\"gallery-icon landscape\"><img loading=\"lazy\" decoding=\"async\" class=\"lazy\" src=\"https:\/\/graziamagazine.com\/mx\/wp-content\/uploads\/sites\/13\/2024\/03\/Captura-de-Pantalla-2024-03-04-a-las-16.50.32.png\" alt=\"\" width=\"752\" height=\"1156\" \/><\/div>\n<\/figure>\n<figure class=\"gallery-item\">\n<div class=\"gallery-icon landscape\"><img loading=\"lazy\" decoding=\"async\" class=\"lazy\" src=\"https:\/\/graziamagazine.com\/mx\/wp-content\/uploads\/sites\/13\/2024\/03\/Captura-de-Pantalla-2024-03-04-a-las-16.50.41.png\" alt=\"\" width=\"752\" height=\"1156\" \/><\/div>\n<\/figure>\n<figure class=\"gallery-item\">\n<div class=\"gallery-icon landscape\"><img loading=\"lazy\" decoding=\"async\" class=\"lazy\" src=\"https:\/\/graziamagazine.com\/mx\/wp-content\/uploads\/sites\/13\/2024\/03\/Captura-de-Pantalla-2024-03-04-a-las-16.50.51.png\" alt=\"\" width=\"752\" height=\"1156\" \/><\/div>\n<\/figure>\n<figure class=\"gallery-item\">\n<div class=\"gallery-icon landscape\"><img loading=\"lazy\" decoding=\"async\" class=\"lazy\" src=\"https:\/\/graziamagazine.com\/mx\/wp-content\/uploads\/sites\/13\/2024\/03\/Captura-de-Pantalla-2024-03-04-a-las-16.51.02.png\" alt=\"\" width=\"752\" height=\"1156\" \/><\/div>\n<\/figure>\n<figure class=\"gallery-item\">\n<div class=\"gallery-icon landscape\"><img loading=\"lazy\" decoding=\"async\" class=\"lazy\" src=\"https:\/\/graziamagazine.com\/mx\/wp-content\/uploads\/sites\/13\/2024\/03\/Captura-de-Pantalla-2024-03-04-a-las-16.51.09.png\" alt=\"\" width=\"752\" height=\"1156\" \/><\/div>\n<\/figure>\n<\/div>\n<\/div>\n<p>Los tonos terrosos y los materiales naturales se combinaron con cortes contempor\u00e1neos y detalles innovadores, creando una colecci\u00f3n que es tanto elegante como sostenible.<\/p>\n<p>El uso del invernadero como escenario para el desfile no solo agreg\u00f3 un toque de dramatismo y belleza natural, sino que tambi\u00e9n subray\u00f3 la conexi\u00f3n \u00edntima entre la moda y el medio ambiente. McCartney demostr\u00f3 que es posible crear moda de alta calidad mientras se respeta y protege nuestro entorno.<\/p>\n<p>Al destacar la urgencia de la crisis clim\u00e1tica a trav\u00e9s de su desfile de oto\u00f1o, Stella McCartney nos recuerda que todos tenemos un papel que desempe\u00f1ar en la lucha por un futuro m\u00e1s sostenible.<\/p>\n<div class=\"content-gallery\">\n<div class=\"gallery-placeholder\">\n<div class=\"spinner\"><\/div>\n<\/div>\n<p>&nbsp;<\/p>\n<div id=\"gallery-3\" class=\"gallery galleryid-135084 gallery-columns- gallery-size-\">\n<figure class=\"gallery-item\">\n<div class=\"gallery-icon landscape\"><img loading=\"lazy\" decoding=\"async\" class=\"lazy\" src=\"https:\/\/graziamagazine.com\/mx\/wp-content\/uploads\/sites\/13\/2024\/03\/Captura-de-Pantalla-2024-03-04-a-las-16.51.46.png\" alt=\"\" width=\"752\" height=\"1156\" \/><\/div>\n<\/figure>\n<figure class=\"gallery-item\">\n<div class=\"gallery-icon landscape\"><img loading=\"lazy\" decoding=\"async\" class=\"lazy\" src=\"https:\/\/graziamagazine.com\/mx\/wp-content\/uploads\/sites\/13\/2024\/03\/Captura-de-Pantalla-2024-03-04-a-las-16.51.16.png\" alt=\"\" width=\"752\" height=\"1156\" \/><\/div>\n<\/figure>\n<figure class=\"gallery-item\">\n<div class=\"gallery-icon landscape\"><img loading=\"lazy\" decoding=\"async\" class=\"lazy\" src=\"https:\/\/graziamagazine.com\/mx\/wp-content\/uploads\/sites\/13\/2024\/03\/Captura-de-Pantalla-2024-03-04-a-las-16.51.23.png\" alt=\"\" width=\"752\" height=\"1156\" \/><\/div>\n<\/figure>\n<figure class=\"gallery-item\">\n<div class=\"gallery-icon landscape\"><img loading=\"lazy\" decoding=\"async\" class=\"lazy\" src=\"https:\/\/graziamagazine.com\/mx\/wp-content\/uploads\/sites\/13\/2024\/03\/Captura-de-Pantalla-2024-03-04-a-las-16.51.30.png\" alt=\"\" width=\"752\" height=\"1156\" \/><\/div>\n<\/figure>\n<figure class=\"gallery-item\">\n<div class=\"gallery-icon landscape\"><img loading=\"lazy\" decoding=\"async\" class=\"lazy\" src=\"https:\/\/graziamagazine.com\/mx\/wp-content\/uploads\/sites\/13\/2024\/03\/Captura-de-Pantalla-2024-03-04-a-las-16.51.41.png\" alt=\"\" width=\"752\" height=\"1156\" \/><\/div>\n<\/figure>\n<figure class=\"gallery-item\">\n<div class=\"gallery-icon landscape\"><img loading=\"lazy\" decoding=\"async\" class=\"lazy\" src=\"https:\/\/graziamagazine.com\/mx\/wp-content\/uploads\/sites\/13\/2024\/03\/Captura-de-Pantalla-2024-03-04-a-las-16.51.55.png\" alt=\"\" width=\"752\" height=\"1156\" \/><\/div>\n<\/figure>\n<\/div>\n<\/div>\n<p>Desde los dise\u00f1adores hasta los consumidores, cada uno de nosotros puede hacer elecciones conscientes que ayuden a mitigar nuestro impacto en el planeta.<\/p>\n<p>En \u00faltima instancia, el desfile de Stella McCartney no solo fue un evento de moda, sino tambi\u00e9n un llamado a la acci\u00f3n. Al unir la belleza con la conciencia ambiental, McCartney est\u00e1 liderando el camino hacia un futuro donde la moda y la sostenibilidad van de la mano.<\/p>\n<p><em><strong>*IMAGEN: Google Images<\/strong><\/em><\/p>\n","protected":false},"author":28953,"featured_media":174940,"template":"","format":"standard","categories":[1],"acf":[],"yoast_head":"<!-- This site is optimized with the Yoast SEO Premium plugin v18.5 (Yoast SEO v20.4) - https:\/\/yoast.com\/wordpress\/plugins\/seo\/ -->\n<title>Stella McCartney Oto\u00f1o 2024: Moda con conciencia ambiental<\/title>\n<meta name=\"description\" content=\"McCartney, una dise\u00f1adora conocida por su compromiso con la \u00e9tica y la sostenibilidad, utiliz\u00f3 materiales reciclados y ecol\u00f3gicos.\" \/>\n<meta name=\"robots\" content=\"index, follow, max-snippet:-1, max-image-preview:large, max-video-preview:-1\" \/>\n<link rel=\"canonical\" href=\"https:\/\/graziamagazine.com\/es\/articles\/stella-mccartney-otono-invierno-2024-25-la-coleccion-organica-en-pfw\/\" \/>\n<meta property=\"og:locale\" content=\"es_ES\" \/>\n<meta property=\"og:type\" content=\"article\" \/>\n<meta property=\"og:title\" content=\"Stella McCartney Oto\u00f1o-Invierno 2024\/25: la colecci\u00f3n org\u00e1nica en PFW\" \/>\n<meta property=\"og:description\" content=\"McCartney, una dise\u00f1adora conocida por su compromiso con la \u00e9tica y la sostenibilidad, utiliz\u00f3 materiales reciclados y ecol\u00f3gicos.\" \/>\n<meta property=\"og:url\" content=\"https:\/\/graziamagazine.com\/es\/articles\/stella-mccartney-otono-invierno-2024-25-la-coleccion-organica-en-pfw\/\" \/>\n<meta property=\"og:site_name\" content=\"Grazia\" \/>\n<meta property=\"article:modified_time\" content=\"2024-03-04T20:22:45+00:00\" \/>\n<meta property=\"og:image\" content=\"https:\/\/graziamagazine.com\/es\/wp-content\/uploads\/sites\/12\/2024\/03\/Captura-de-Pantalla-2024-03-04-a-las-16.52.13-e1709568137968.png\" \/>\n\t<meta property=\"og:image:width\" content=\"751\" \/>\n\t<meta property=\"og:image:height\" content=\"554\" \/>\n\t<meta property=\"og:image:type\" content=\"image\/png\" \/>\n<meta name=\"twitter:card\" content=\"summary_large_image\" \/>\n<meta name=\"twitter:label1\" content=\"Est. reading time\" \/>\n\t<meta name=\"twitter:data1\" content=\"6 minutos\" \/>\n<script type=\"application\/ld+json\" class=\"yoast-schema-graph\">{\"@context\":\"https:\/\/schema.org\",\"@graph\":[{\"@type\":\"WebPage\",\"@id\":\"https:\/\/graziamagazine.com\/es\/articles\/stella-mccartney-otono-invierno-2024-25-la-coleccion-organica-en-pfw\/\",\"url\":\"https:\/\/graziamagazine.com\/es\/articles\/stella-mccartney-otono-invierno-2024-25-la-coleccion-organica-en-pfw\/\",\"name\":\"Stella McCartney Oto\u00f1o 2024: Moda con conciencia ambiental\",\"isPartOf\":{\"@id\":\"https:\/\/graziamagazine.com\/es\/#website\"},\"datePublished\":\"2024-03-05T08:00:58+00:00\",\"dateModified\":\"2024-03-04T20:22:45+00:00\",\"description\":\"McCartney, una dise\u00f1adora conocida por su compromiso con la \u00e9tica y la sostenibilidad, utiliz\u00f3 materiales reciclados y ecol\u00f3gicos.\",\"breadcrumb\":{\"@id\":\"https:\/\/graziamagazine.com\/es\/articles\/stella-mccartney-otono-invierno-2024-25-la-coleccion-organica-en-pfw\/#breadcrumb\"},\"inLanguage\":\"es\",\"potentialAction\":[{\"@type\":\"ReadAction\",\"target\":[\"https:\/\/graziamagazine.com\/es\/articles\/stella-mccartney-otono-invierno-2024-25-la-coleccion-organica-en-pfw\/\"]}]},{\"@type\":\"BreadcrumbList\",\"@id\":\"https:\/\/graziamagazine.com\/es\/articles\/stella-mccartney-otono-invierno-2024-25-la-coleccion-organica-en-pfw\/#breadcrumb\",\"itemListElement\":[{\"@type\":\"ListItem\",\"position\":1,\"name\":\"Portada\",\"item\":\"https:\/\/graziamagazine.com\/es\/\"},{\"@type\":\"ListItem\",\"position\":2,\"name\":\"Stella McCartney Oto\u00f1o-Invierno 2024\/25: la colecci\u00f3n org\u00e1nica en PFW\"}]},{\"@type\":\"WebSite\",\"@id\":\"https:\/\/graziamagazine.com\/es\/#website\",\"url\":\"https:\/\/graziamagazine.com\/es\/\",\"name\":\"Grazia\",\"description\":\"Moda, belleza, celebrities, estilo de vida...\",\"potentialAction\":[{\"@type\":\"SearchAction\",\"target\":{\"@type\":\"EntryPoint\",\"urlTemplate\":\"https:\/\/graziamagazine.com\/es\/?s={search_term_string}\"},\"query-input\":\"required name=search_term_string\"}],\"inLanguage\":\"es\"}]}<\/script>\n<!-- \/ Yoast SEO Premium plugin. -->","yoast_head_json":{"title":"Stella McCartney Oto\u00f1o 2024: Moda con conciencia ambiental","description":"McCartney, una dise\u00f1adora conocida por su compromiso con la \u00e9tica y la sostenibilidad, utiliz\u00f3 materiales reciclados y ecol\u00f3gicos.","robots":{"index":"index","follow":"follow","max-snippet":"max-snippet:-1","max-image-preview":"max-image-preview:large","max-video-preview":"max-video-preview:-1"},"canonical":"https:\/\/graziamagazine.com\/es\/articles\/stella-mccartney-otono-invierno-2024-25-la-coleccion-organica-en-pfw\/","og_locale":"es_ES","og_type":"article","og_title":"Stella McCartney Oto\u00f1o-Invierno 2024\/25: la colecci\u00f3n org\u00e1nica en PFW","og_description":"McCartney, una dise\u00f1adora conocida por su compromiso con la \u00e9tica y la sostenibilidad, utiliz\u00f3 materiales reciclados y ecol\u00f3gicos.","og_url":"https:\/\/graziamagazine.com\/es\/articles\/stella-mccartney-otono-invierno-2024-25-la-coleccion-organica-en-pfw\/","og_site_name":"Grazia","article_modified_time":"2024-03-04T20:22:45+00:00","og_image":[{"width":751,"height":554,"url":"https:\/\/graziamagazine.com\/es\/wp-content\/uploads\/sites\/12\/2024\/03\/Captura-de-Pantalla-2024-03-04-a-las-16.52.13-e1709568137968.png","type":"image\/png"}],"twitter_card":"summary_large_image","twitter_misc":{"Est. reading time":"6 minutos"},"schema":{"@context":"https:\/\/schema.org","@graph":[{"@type":"WebPage","@id":"https:\/\/graziamagazine.com\/es\/articles\/stella-mccartney-otono-invierno-2024-25-la-coleccion-organica-en-pfw\/","url":"https:\/\/graziamagazine.com\/es\/articles\/stella-mccartney-otono-invierno-2024-25-la-coleccion-organica-en-pfw\/","name":"Stella McCartney Oto\u00f1o 2024: Moda con conciencia ambiental","isPartOf":{"@id":"https:\/\/graziamagazine.com\/es\/#website"},"datePublished":"2024-03-05T08:00:58+00:00","dateModified":"2024-03-04T20:22:45+00:00","description":"McCartney, una dise\u00f1adora conocida por su compromiso con la \u00e9tica y la sostenibilidad, utiliz\u00f3 materiales reciclados y ecol\u00f3gicos.","breadcrumb":{"@id":"https:\/\/graziamagazine.com\/es\/articles\/stella-mccartney-otono-invierno-2024-25-la-coleccion-organica-en-pfw\/#breadcrumb"},"inLanguage":"es","potentialAction":[{"@type":"ReadAction","target":["https:\/\/graziamagazine.com\/es\/articles\/stella-mccartney-otono-invierno-2024-25-la-coleccion-organica-en-pfw\/"]}]},{"@type":"BreadcrumbList","@id":"https:\/\/graziamagazine.com\/es\/articles\/stella-mccartney-otono-invierno-2024-25-la-coleccion-organica-en-pfw\/#breadcrumb","itemListElement":[{"@type":"ListItem","position":1,"name":"Portada","item":"https:\/\/graziamagazine.com\/es\/"},{"@type":"ListItem","position":2,"name":"Stella McCartney Oto\u00f1o-Invierno 2024\/25: la colecci\u00f3n org\u00e1nica en PFW"}]},{"@type":"WebSite","@id":"https:\/\/graziamagazine.com\/es\/#website","url":"https:\/\/graziamagazine.com\/es\/","name":"Grazia","description":"Moda, belleza, celebrities, estilo de vida...","potentialAction":[{"@type":"SearchAction","target":{"@type":"EntryPoint","urlTemplate":"https:\/\/graziamagazine.com\/es\/?s={search_term_string}"},"query-input":"required name=search_term_string"}],"inLanguage":"es"}]}},"jetpack_sharing_enabled":true,"distributor_meta":false,"distributor_terms":false,"distributor_media":false,"distributor_original_site_name":"Grazia","distributor_original_site_url":"https:\/\/graziamagazine.com\/es","push-errors":false,"_links":{"self":[{"href":"https:\/\/graziamagazine.com\/es\/wp-json\/wp\/v2\/articles\/174939"}],"collection":[{"href":"https:\/\/graziamagazine.com\/es\/wp-json\/wp\/v2\/articles"}],"about":[{"href":"https:\/\/graziamagazine.com\/es\/wp-json\/wp\/v2\/types\/articles"}],"author":[{"embeddable":true,"href":"https:\/\/graziamagazine.com\/es\/wp-json\/wp\/v2\/users\/28953"}],"wp:featuredmedia":[{"embeddable":true,"href":"https:\/\/graziamagazine.com\/es\/wp-json\/wp\/v2\/media\/174940"}],"wp:attachment":[{"href":"https:\/\/graziamagazine.com\/es\/wp-json\/wp\/v2\/media?parent=174939"}],"wp:term":[{"taxonomy":"category","embeddable":true,"href":"https:\/\/graziamagazine.com\/es\/wp-json\/wp\/v2\/categories?post=174939"}],"curies":[{"name":"wp","href":"https:\/\/api.w.org\/{rel}","templated":true}]}}