{"id":174924,"date":"2024-03-04T13:25:50","date_gmt":"2024-03-04T12:25:50","guid":{"rendered":"https:\/\/graziamagazine.com\/es\/?post_type=articles&#038;p=174924"},"modified":"2024-03-04T13:25:50","modified_gmt":"2024-03-04T12:25:50","slug":"balenciaga-otono-invierno-2024-25-renovando-el-pret-a-porter","status":"publish","type":"articles","link":"https:\/\/graziamagazine.com\/es\/articles\/balenciaga-otono-invierno-2024-25-renovando-el-pret-a-porter\/","title":{"rendered":"Balenciaga Oto\u00f1o-Invierno 2024\/25: Renovando el Pr\u00eat-\u00e0-porter"},"content":{"rendered":"<p>En una era donde la moda se convierte en un reflejo de la sociedad y la cultura contempor\u00e1nea, la colecci\u00f3n de <strong>pr\u00eat-\u00e0-porter de Balenciaga<\/strong> para el oto\u00f1o de 2024 se erige como una manifestaci\u00f3n audaz de este ethos en evoluci\u00f3n.<\/p>\n<p>Bajo la direcci\u00f3n visionaria de <strong>Demna Gvasalia<\/strong>, la casa de moda ha abrazado una est\u00e9tica que desaf\u00eda las normas convencionales, rompe los l\u00edmites y reimagina la moda como una forma de expresi\u00f3n aut\u00e9ntica y provocativa.<\/p>\n<div class=\"content-gallery\">\n<div class=\"gallery-placeholder\">\n<div class=\"spinner\"><\/div>\n<\/div>\n<p>&nbsp;<\/p>\n<div id=\"gallery-1\" class=\"gallery galleryid- gallery-columns- gallery-size-\">\n<figure class=\"gallery-item\">\n<div class=\"gallery-icon landscape\"><img loading=\"lazy\" decoding=\"async\" class=\"lazy\" src=\"https:\/\/graziamagazine.com\/mx\/wp-content\/uploads\/sites\/13\/2024\/03\/Captura-de-Pantalla-2024-03-03-a-las-23.39.58.png\" alt=\"\" width=\"750\" height=\"1254\" \/><\/div>\n<\/figure>\n<figure class=\"gallery-item\">\n<div class=\"gallery-icon landscape\"><img loading=\"lazy\" decoding=\"async\" class=\"lazy\" src=\"https:\/\/graziamagazine.com\/mx\/wp-content\/uploads\/sites\/13\/2024\/03\/Captura-de-Pantalla-2024-03-03-a-las-23.40.04.png\" alt=\"\" width=\"750\" height=\"1254\" \/><\/div>\n<\/figure>\n<figure class=\"gallery-item\">\n<div class=\"gallery-icon landscape\"><img loading=\"lazy\" decoding=\"async\" class=\"lazy\" src=\"https:\/\/graziamagazine.com\/mx\/wp-content\/uploads\/sites\/13\/2024\/03\/Captura-de-Pantalla-2024-03-03-a-las-23.40.09.png\" alt=\"\" width=\"750\" height=\"1254\" \/><\/div>\n<\/figure>\n<figure class=\"gallery-item\">\n<div class=\"gallery-icon landscape\"><img loading=\"lazy\" decoding=\"async\" class=\"lazy\" src=\"https:\/\/graziamagazine.com\/mx\/wp-content\/uploads\/sites\/13\/2024\/03\/Captura-de-Pantalla-2024-03-03-a-las-23.40.14.png\" alt=\"\" width=\"750\" height=\"1254\" \/><\/div>\n<\/figure>\n<figure class=\"gallery-item\">\n<div class=\"gallery-icon landscape\"><img loading=\"lazy\" decoding=\"async\" class=\"lazy\" src=\"https:\/\/graziamagazine.com\/mx\/wp-content\/uploads\/sites\/13\/2024\/03\/Captura-de-Pantalla-2024-03-03-a-las-23.40.18.png\" alt=\"\" width=\"750\" height=\"1254\" \/><\/div>\n<\/figure>\n<figure class=\"gallery-item\">\n<div class=\"gallery-icon landscape\"><img loading=\"lazy\" decoding=\"async\" class=\"lazy\" src=\"https:\/\/graziamagazine.com\/mx\/wp-content\/uploads\/sites\/13\/2024\/03\/Captura-de-Pantalla-2024-03-03-a-las-23.40.28.png\" alt=\"\" width=\"750\" height=\"1254\" \/><\/div>\n<\/figure>\n<\/div>\n<\/div>\n<p>En el coraz\u00f3n de la colecci\u00f3n de oto\u00f1o de Balenciaga yace una profunda reflexi\u00f3n sobre la diferencia entre moda y estilo. Demna Gvasalia ha explorado esta dicotom\u00eda, encontrando inspiraci\u00f3n en un look hardcore y de bricolaje que refleja un sentido de <strong>autenticidad y originalidad. <\/strong><\/p>\n<p>Con prendas deconstruidas y colores caracter\u00edsticos de la firma como el negro y el gris, la colecci\u00f3n desaf\u00eda las nociones tradicionales de elegancia y sofisticaci\u00f3n.<\/p>\n<div class=\"content-gallery\">\n<div class=\"gallery-placeholder\">\n<div class=\"spinner\"><\/div>\n<\/div>\n<p>&nbsp;<\/p>\n<div id=\"gallery-2\" class=\"gallery galleryid- gallery-columns- gallery-size-\">\n<figure class=\"gallery-item\">\n<div class=\"gallery-icon landscape\"><img loading=\"lazy\" decoding=\"async\" class=\"lazy\" src=\"https:\/\/graziamagazine.com\/mx\/wp-content\/uploads\/sites\/13\/2024\/03\/Captura-de-Pantalla-2024-03-03-a-las-23.40.32.png\" alt=\"\" width=\"750\" height=\"1254\" \/><\/div>\n<\/figure>\n<figure class=\"gallery-item\">\n<div class=\"gallery-icon landscape\"><img loading=\"lazy\" decoding=\"async\" class=\"lazy\" src=\"https:\/\/graziamagazine.com\/mx\/wp-content\/uploads\/sites\/13\/2024\/03\/Captura-de-Pantalla-2024-03-03-a-las-23.40.36.png\" alt=\"\" width=\"750\" height=\"1254\" \/><\/div>\n<\/figure>\n<figure class=\"gallery-item\">\n<div class=\"gallery-icon landscape\"><img loading=\"lazy\" decoding=\"async\" class=\"lazy\" src=\"https:\/\/graziamagazine.com\/mx\/wp-content\/uploads\/sites\/13\/2024\/03\/Captura-de-Pantalla-2024-03-03-a-las-23.40.41.png\" alt=\"\" width=\"750\" height=\"1254\" \/><\/div>\n<\/figure>\n<figure class=\"gallery-item\">\n<div class=\"gallery-icon landscape\"><img loading=\"lazy\" decoding=\"async\" class=\"lazy\" src=\"https:\/\/graziamagazine.com\/mx\/wp-content\/uploads\/sites\/13\/2024\/03\/Captura-de-Pantalla-2024-03-03-a-las-23.40.45.png\" alt=\"\" width=\"750\" height=\"1254\" \/><\/div>\n<\/figure>\n<figure class=\"gallery-item\">\n<div class=\"gallery-icon landscape\"><img loading=\"lazy\" decoding=\"async\" class=\"lazy\" src=\"https:\/\/graziamagazine.com\/mx\/wp-content\/uploads\/sites\/13\/2024\/03\/Captura-de-Pantalla-2024-03-03-a-las-23.40.57.png\" alt=\"\" width=\"750\" height=\"1254\" \/><\/div>\n<\/figure>\n<figure class=\"gallery-item\">\n<div class=\"gallery-icon landscape\"><img loading=\"lazy\" decoding=\"async\" class=\"lazy\" src=\"https:\/\/graziamagazine.com\/mx\/wp-content\/uploads\/sites\/13\/2024\/03\/Captura-de-Pantalla-2024-03-03-a-las-23.41.00.png\" alt=\"\" width=\"750\" height=\"1254\" \/><\/div>\n<\/figure>\n<\/div>\n<\/div>\n<p>Una de las principales caracter\u00edsticas de la colecci\u00f3n es su sentido del humor irreverente y su esp\u00edritu juguet\u00f3n. Gvasalia ha rechazado la idea de la moda como algo serio y austero, optando en su lugar por prendas que <strong>provocan una sonrisa y despiertan la imaginaci\u00f3n<\/strong>. La colecci\u00f3n es un gui\u00f1o a la irreverencia y la audacia, un recordatorio de que la moda puede ser divertida y liberadora.<\/p>\n<p>La deconstrucci\u00f3n es un tema recurrente en la colecci\u00f3n de oto\u00f1o de Balenciaga, con prendas que desaf\u00edan las convenciones de la forma y la estructura.<\/p>\n<p>Desde abrigos deshilachados hasta vestidos asim\u00e9tricos, cada pieza es una exploraci\u00f3n de la intersecci\u00f3n entre el caos y el orden, lo pasado y lo presente. La colecci\u00f3n es un homenaje a la<strong> belleza en la imperfecci\u00f3n<\/strong>, un recordatorio de que la moda puede ser un acto de rebeli\u00f3n y subversi\u00f3n.<\/p>\n<div class=\"content-gallery\">\n<div class=\"gallery-placeholder\">\n<div class=\"spinner\"><\/div>\n<\/div>\n<p>&nbsp;<\/p>\n<div id=\"gallery-3\" class=\"gallery galleryid- gallery-columns- gallery-size-\">\n<figure class=\"gallery-item\">\n<div class=\"gallery-icon landscape\"><img loading=\"lazy\" decoding=\"async\" class=\"lazy\" src=\"https:\/\/graziamagazine.com\/mx\/wp-content\/uploads\/sites\/13\/2024\/03\/Captura-de-Pantalla-2024-03-03-a-las-23.41.05.png\" alt=\"\" width=\"750\" height=\"1254\" \/><\/div>\n<\/figure>\n<figure class=\"gallery-item\">\n<div class=\"gallery-icon landscape\"><img loading=\"lazy\" decoding=\"async\" class=\"lazy\" src=\"https:\/\/graziamagazine.com\/mx\/wp-content\/uploads\/sites\/13\/2024\/03\/Captura-de-Pantalla-2024-03-03-a-las-23.41.12.png\" alt=\"\" width=\"750\" height=\"1254\" \/><\/div>\n<\/figure>\n<figure class=\"gallery-item\">\n<div class=\"gallery-icon landscape\"><img loading=\"lazy\" decoding=\"async\" class=\"lazy\" src=\"https:\/\/graziamagazine.com\/mx\/wp-content\/uploads\/sites\/13\/2024\/03\/Captura-de-Pantalla-2024-03-03-a-las-23.41.17.png\" alt=\"\" width=\"750\" height=\"1254\" \/><\/div>\n<\/figure>\n<figure class=\"gallery-item\">\n<div class=\"gallery-icon landscape\"><img loading=\"lazy\" decoding=\"async\" class=\"lazy\" src=\"https:\/\/graziamagazine.com\/mx\/wp-content\/uploads\/sites\/13\/2024\/03\/Captura-de-Pantalla-2024-03-03-a-las-23.41.21.png\" alt=\"\" width=\"750\" height=\"1254\" \/><\/div>\n<\/figure>\n<figure class=\"gallery-item\">\n<div class=\"gallery-icon landscape\"><img loading=\"lazy\" decoding=\"async\" class=\"lazy\" src=\"https:\/\/graziamagazine.com\/mx\/wp-content\/uploads\/sites\/13\/2024\/03\/Captura-de-Pantalla-2024-03-03-a-las-23.41.28.png\" alt=\"\" width=\"750\" height=\"1254\" \/><\/div>\n<\/figure>\n<figure class=\"gallery-item\">\n<div class=\"gallery-icon landscape\"><img loading=\"lazy\" decoding=\"async\" class=\"lazy\" src=\"https:\/\/graziamagazine.com\/mx\/wp-content\/uploads\/sites\/13\/2024\/03\/Captura-de-Pantalla-2024-03-03-a-las-23.41.33.png\" alt=\"\" width=\"750\" height=\"1254\" \/><\/div>\n<\/figure>\n<\/div>\n<\/div>\n<p>A lo largo de los a\u00f1os, Balenciaga ha sido sin\u00f3nimo de innovaci\u00f3n y vanguardia en la moda. La colecci\u00f3n de oto\u00f1o de 2024 contin\u00faa este legado, desafiando las expectativas y redefiniendo los l\u00edmites de lo que es posible en la moda contempor\u00e1nea.<\/p>\n<p>Con su enfoque \u00fanico y su visi\u00f3n audaz, Demna Gvasalia ha llevado a Balenciaga hacia un nuevo territorio, donde la creatividad y la expresi\u00f3n personal reinan supremas.<\/p>\n<p>La colecci\u00f3n de pr\u00eat-\u00e0-porter de Balenciaga para el oto\u00f1o de 2024 representa una nueva era en la moda, donde la individualidad y la autenticidad son celebradas. Con su enfoque innovador y su esp\u00edritu juguet\u00f3n, la colecci\u00f3n desaf\u00eda las normas establecidas y redefine lo que significa ser elegante y sofisticado en el siglo XXI.<\/p>\n<p><em>*Im\u00e1genes: Getty Images<\/em><\/p>\n<p>&nbsp;<\/p>\n","protected":false},"author":28953,"featured_media":174925,"template":"","format":"standard","categories":[1],"acf":[],"yoast_head":"<!-- This site is optimized with the Yoast SEO Premium plugin v18.5 (Yoast SEO v20.4) - https:\/\/yoast.com\/wordpress\/plugins\/seo\/ -->\n<title>Balenciaga Oto\u00f1o-Invierno 2024\/25: Renovando el Pr\u00eat-\u00e0-porter<\/title>\n<meta name=\"description\" content=\"La pasarela de Balenciaga fue una declaraci\u00f3n de independencia del conformismo y una celebraci\u00f3n del humor y la individualidad\" \/>\n<meta name=\"robots\" content=\"index, follow, max-snippet:-1, max-image-preview:large, max-video-preview:-1\" \/>\n<link rel=\"canonical\" href=\"https:\/\/graziamagazine.com\/es\/articles\/balenciaga-otono-invierno-2024-25-renovando-el-pret-a-porter\/\" \/>\n<meta property=\"og:locale\" content=\"es_ES\" \/>\n<meta property=\"og:type\" content=\"article\" \/>\n<meta property=\"og:title\" content=\"Balenciaga Oto\u00f1o-Invierno 2024\/25: Renovando el Pr\u00eat-\u00e0-porter\" \/>\n<meta property=\"og:description\" content=\"La pasarela de Balenciaga fue una declaraci\u00f3n de independencia del conformismo y una celebraci\u00f3n del humor y la individualidad\" \/>\n<meta property=\"og:url\" content=\"https:\/\/graziamagazine.com\/es\/articles\/balenciaga-otono-invierno-2024-25-renovando-el-pret-a-porter\/\" \/>\n<meta property=\"og:site_name\" content=\"Grazia\" \/>\n<meta property=\"og:image\" content=\"https:\/\/graziamagazine.com\/es\/wp-content\/uploads\/sites\/12\/2024\/03\/Captura-de-Pantalla-2024-03-03-a-las-23.41.50-e1709507190155.png\" \/>\n\t<meta property=\"og:image:width\" content=\"750\" \/>\n\t<meta property=\"og:image:height\" content=\"570\" \/>\n\t<meta property=\"og:image:type\" content=\"image\/png\" \/>\n<meta name=\"twitter:card\" content=\"summary_large_image\" \/>\n<meta name=\"twitter:label1\" content=\"Est. reading time\" \/>\n\t<meta name=\"twitter:data1\" content=\"6 minutos\" \/>\n<script type=\"application\/ld+json\" class=\"yoast-schema-graph\">{\"@context\":\"https:\/\/schema.org\",\"@graph\":[{\"@type\":\"WebPage\",\"@id\":\"https:\/\/graziamagazine.com\/es\/articles\/balenciaga-otono-invierno-2024-25-renovando-el-pret-a-porter\/\",\"url\":\"https:\/\/graziamagazine.com\/es\/articles\/balenciaga-otono-invierno-2024-25-renovando-el-pret-a-porter\/\",\"name\":\"Balenciaga Oto\u00f1o-Invierno 2024\/25: Renovando el Pr\u00eat-\u00e0-porter\",\"isPartOf\":{\"@id\":\"https:\/\/graziamagazine.com\/es\/#website\"},\"datePublished\":\"2024-03-04T12:25:50+00:00\",\"dateModified\":\"2024-03-04T12:25:50+00:00\",\"description\":\"La pasarela de Balenciaga fue una declaraci\u00f3n de independencia del conformismo y una celebraci\u00f3n del humor y la individualidad\",\"breadcrumb\":{\"@id\":\"https:\/\/graziamagazine.com\/es\/articles\/balenciaga-otono-invierno-2024-25-renovando-el-pret-a-porter\/#breadcrumb\"},\"inLanguage\":\"es\",\"potentialAction\":[{\"@type\":\"ReadAction\",\"target\":[\"https:\/\/graziamagazine.com\/es\/articles\/balenciaga-otono-invierno-2024-25-renovando-el-pret-a-porter\/\"]}]},{\"@type\":\"BreadcrumbList\",\"@id\":\"https:\/\/graziamagazine.com\/es\/articles\/balenciaga-otono-invierno-2024-25-renovando-el-pret-a-porter\/#breadcrumb\",\"itemListElement\":[{\"@type\":\"ListItem\",\"position\":1,\"name\":\"Portada\",\"item\":\"https:\/\/graziamagazine.com\/es\/\"},{\"@type\":\"ListItem\",\"position\":2,\"name\":\"Balenciaga Oto\u00f1o-Invierno 2024\/25: Renovando el Pr\u00eat-\u00e0-porter\"}]},{\"@type\":\"WebSite\",\"@id\":\"https:\/\/graziamagazine.com\/es\/#website\",\"url\":\"https:\/\/graziamagazine.com\/es\/\",\"name\":\"Grazia\",\"description\":\"Moda, belleza, celebrities, estilo de vida...\",\"potentialAction\":[{\"@type\":\"SearchAction\",\"target\":{\"@type\":\"EntryPoint\",\"urlTemplate\":\"https:\/\/graziamagazine.com\/es\/?s={search_term_string}\"},\"query-input\":\"required name=search_term_string\"}],\"inLanguage\":\"es\"}]}<\/script>\n<!-- \/ Yoast SEO Premium plugin. -->","yoast_head_json":{"title":"Balenciaga Oto\u00f1o-Invierno 2024\/25: Renovando el Pr\u00eat-\u00e0-porter","description":"La pasarela de Balenciaga fue una declaraci\u00f3n de independencia del conformismo y una celebraci\u00f3n del humor y la individualidad","robots":{"index":"index","follow":"follow","max-snippet":"max-snippet:-1","max-image-preview":"max-image-preview:large","max-video-preview":"max-video-preview:-1"},"canonical":"https:\/\/graziamagazine.com\/es\/articles\/balenciaga-otono-invierno-2024-25-renovando-el-pret-a-porter\/","og_locale":"es_ES","og_type":"article","og_title":"Balenciaga Oto\u00f1o-Invierno 2024\/25: Renovando el Pr\u00eat-\u00e0-porter","og_description":"La pasarela de Balenciaga fue una declaraci\u00f3n de independencia del conformismo y una celebraci\u00f3n del humor y la individualidad","og_url":"https:\/\/graziamagazine.com\/es\/articles\/balenciaga-otono-invierno-2024-25-renovando-el-pret-a-porter\/","og_site_name":"Grazia","og_image":[{"width":750,"height":570,"url":"https:\/\/graziamagazine.com\/es\/wp-content\/uploads\/sites\/12\/2024\/03\/Captura-de-Pantalla-2024-03-03-a-las-23.41.50-e1709507190155.png","type":"image\/png"}],"twitter_card":"summary_large_image","twitter_misc":{"Est. reading time":"6 minutos"},"schema":{"@context":"https:\/\/schema.org","@graph":[{"@type":"WebPage","@id":"https:\/\/graziamagazine.com\/es\/articles\/balenciaga-otono-invierno-2024-25-renovando-el-pret-a-porter\/","url":"https:\/\/graziamagazine.com\/es\/articles\/balenciaga-otono-invierno-2024-25-renovando-el-pret-a-porter\/","name":"Balenciaga Oto\u00f1o-Invierno 2024\/25: Renovando el Pr\u00eat-\u00e0-porter","isPartOf":{"@id":"https:\/\/graziamagazine.com\/es\/#website"},"datePublished":"2024-03-04T12:25:50+00:00","dateModified":"2024-03-04T12:25:50+00:00","description":"La pasarela de Balenciaga fue una declaraci\u00f3n de independencia del conformismo y una celebraci\u00f3n del humor y la individualidad","breadcrumb":{"@id":"https:\/\/graziamagazine.com\/es\/articles\/balenciaga-otono-invierno-2024-25-renovando-el-pret-a-porter\/#breadcrumb"},"inLanguage":"es","potentialAction":[{"@type":"ReadAction","target":["https:\/\/graziamagazine.com\/es\/articles\/balenciaga-otono-invierno-2024-25-renovando-el-pret-a-porter\/"]}]},{"@type":"BreadcrumbList","@id":"https:\/\/graziamagazine.com\/es\/articles\/balenciaga-otono-invierno-2024-25-renovando-el-pret-a-porter\/#breadcrumb","itemListElement":[{"@type":"ListItem","position":1,"name":"Portada","item":"https:\/\/graziamagazine.com\/es\/"},{"@type":"ListItem","position":2,"name":"Balenciaga Oto\u00f1o-Invierno 2024\/25: Renovando el Pr\u00eat-\u00e0-porter"}]},{"@type":"WebSite","@id":"https:\/\/graziamagazine.com\/es\/#website","url":"https:\/\/graziamagazine.com\/es\/","name":"Grazia","description":"Moda, belleza, celebrities, estilo de vida...","potentialAction":[{"@type":"SearchAction","target":{"@type":"EntryPoint","urlTemplate":"https:\/\/graziamagazine.com\/es\/?s={search_term_string}"},"query-input":"required name=search_term_string"}],"inLanguage":"es"}]}},"jetpack_sharing_enabled":true,"distributor_meta":false,"distributor_terms":false,"distributor_media":false,"distributor_original_site_name":"Grazia","distributor_original_site_url":"https:\/\/graziamagazine.com\/es","push-errors":false,"_links":{"self":[{"href":"https:\/\/graziamagazine.com\/es\/wp-json\/wp\/v2\/articles\/174924"}],"collection":[{"href":"https:\/\/graziamagazine.com\/es\/wp-json\/wp\/v2\/articles"}],"about":[{"href":"https:\/\/graziamagazine.com\/es\/wp-json\/wp\/v2\/types\/articles"}],"author":[{"embeddable":true,"href":"https:\/\/graziamagazine.com\/es\/wp-json\/wp\/v2\/users\/28953"}],"wp:featuredmedia":[{"embeddable":true,"href":"https:\/\/graziamagazine.com\/es\/wp-json\/wp\/v2\/media\/174925"}],"wp:attachment":[{"href":"https:\/\/graziamagazine.com\/es\/wp-json\/wp\/v2\/media?parent=174924"}],"wp:term":[{"taxonomy":"category","embeddable":true,"href":"https:\/\/graziamagazine.com\/es\/wp-json\/wp\/v2\/categories?post=174924"}],"curies":[{"name":"wp","href":"https:\/\/api.w.org\/{rel}","templated":true}]}}