{"id":174802,"date":"2024-02-23T10:04:43","date_gmt":"2024-02-23T09:04:43","guid":{"rendered":"https:\/\/graziamagazine.com\/es\/?post_type=articles&#038;p=174802"},"modified":"2024-02-23T10:04:43","modified_gmt":"2024-02-23T09:04:43","slug":"emporio-armani-otono-invierno-2024","status":"publish","type":"articles","link":"https:\/\/graziamagazine.com\/es\/articles\/emporio-armani-otono-invierno-2024\/","title":{"rendered":"Emporio Armani Oto\u00f1o\/Invierno 2024"},"content":{"rendered":"<p>En la pasarela del<strong> Oto\u00f1o\/Invierno 2024, Giorgio Armani<\/strong> regres\u00f3 a las ra\u00edces de <strong>Emporio Armani<\/strong>, ofreciendo trajes y chaquetas de l\u00edneas suaves y favorecedoras para su hambrienta base de fans.<\/p>\n<p>Tras varias temporadas de desviarse de la sastrer\u00eda cl\u00e1sica y experimentar con una variedad de estilos y colores, Armani ha vuelto a la elegancia atemporal que lo ha definido como uno de los dise\u00f1adores m\u00e1s importantes de la moda contempor\u00e1nea.<\/p>\n<div class=\"content-gallery\">\n<div class=\"gallery-placeholder\">\n<div class=\"spinner\"><\/div>\n<\/div>\n<p>&nbsp;<\/p>\n<div id=\"gallery-1\" class=\"gallery galleryid- gallery-columns- gallery-size-\">\n<figure class=\"gallery-item\">\n<div class=\"gallery-icon landscape\"><img loading=\"lazy\" decoding=\"async\" class=\"lazy\" src=\"https:\/\/graziamagazine.com\/mx\/wp-content\/uploads\/sites\/13\/2024\/02\/Captura-de-Pantalla-2024-02-22-a-las-19.29.05.png\" alt=\"\" width=\"760\" height=\"1168\" \/><\/div>\n<\/figure>\n<figure class=\"gallery-item\">\n<div class=\"gallery-icon landscape\"><img loading=\"lazy\" decoding=\"async\" class=\"lazy\" src=\"https:\/\/graziamagazine.com\/mx\/wp-content\/uploads\/sites\/13\/2024\/02\/Captura-de-Pantalla-2024-02-22-a-las-19.29.25.png\" alt=\"\" width=\"760\" height=\"1168\" \/><\/div>\n<\/figure>\n<figure class=\"gallery-item\">\n<div class=\"gallery-icon landscape\"><img loading=\"lazy\" decoding=\"async\" class=\"lazy\" src=\"https:\/\/graziamagazine.com\/mx\/wp-content\/uploads\/sites\/13\/2024\/02\/Captura-de-Pantalla-2024-02-22-a-las-19.29.30.png\" alt=\"\" width=\"760\" height=\"1168\" \/><\/div>\n<\/figure>\n<figure class=\"gallery-item\">\n<div class=\"gallery-icon landscape\"><img loading=\"lazy\" decoding=\"async\" class=\"lazy\" src=\"https:\/\/graziamagazine.com\/mx\/wp-content\/uploads\/sites\/13\/2024\/02\/Captura-de-Pantalla-2024-02-22-a-las-19.29.36.png\" alt=\"\" width=\"760\" height=\"1168\" \/><\/div>\n<\/figure>\n<figure class=\"gallery-item\">\n<div class=\"gallery-icon landscape\"><img loading=\"lazy\" decoding=\"async\" class=\"lazy\" src=\"https:\/\/graziamagazine.com\/mx\/wp-content\/uploads\/sites\/13\/2024\/02\/Captura-de-Pantalla-2024-02-22-a-las-19.29.44.png\" alt=\"\" width=\"760\" height=\"1168\" \/><\/div>\n<\/figure>\n<figure class=\"gallery-item\">\n<div class=\"gallery-icon landscape\"><img loading=\"lazy\" decoding=\"async\" class=\"lazy\" src=\"https:\/\/graziamagazine.com\/mx\/wp-content\/uploads\/sites\/13\/2024\/02\/Captura-de-Pantalla-2024-02-22-a-las-19.29.50.png\" alt=\"\" width=\"760\" height=\"1168\" \/><\/div>\n<\/figure>\n<figure class=\"gallery-item\">\n<div class=\"gallery-icon landscape\"><img loading=\"lazy\" decoding=\"async\" class=\"lazy\" src=\"https:\/\/graziamagazine.com\/mx\/wp-content\/uploads\/sites\/13\/2024\/02\/Captura-de-Pantalla-2024-02-22-a-las-19.29.57.png\" alt=\"\" width=\"760\" height=\"1168\" \/><\/div>\n<\/figure>\n<\/div>\n<\/div>\n<p>La colecci\u00f3n es un estudio en <strong>sofisticaci\u00f3n refinada y minimalismo lujoso<\/strong>. Los trajes de dos piezas en tonos cl\u00e1sicos como el gris, el negro y el azul marino dominan la pasarela, con <strong>cortes impecables y detalles meticulosos<\/strong> que reflejan la artesan\u00eda excepcional por la que Armani es conocido.<\/p>\n<p>Una paleta de colores c\u00e1lidos y terrosos, como el marr\u00f3n, el \u00f3xido y el beige, se mezcla con tonos m\u00e1s vibrantes de rojo y morado para a\u00f1adir un toque de drama a la colecci\u00f3n. Los <strong>tejidos lujosos, como la seda, el terciopelo y la lana<\/strong>, se combinan para crear prendas que son a la vez elegantes y c\u00f3modas.<\/p>\n<div class=\"content-gallery\">\n<div class=\"gallery-placeholder\">\n<div class=\"spinner\"><\/div>\n<\/div>\n<p>&nbsp;<\/p>\n<div id=\"gallery-2\" class=\"gallery galleryid- gallery-columns- gallery-size-\">\n<figure class=\"gallery-item\">\n<div class=\"gallery-icon landscape\"><img loading=\"lazy\" decoding=\"async\" class=\"lazy\" src=\"https:\/\/graziamagazine.com\/mx\/wp-content\/uploads\/sites\/13\/2024\/02\/Captura-de-Pantalla-2024-02-22-a-las-19.30.23.png\" alt=\"\" width=\"760\" height=\"1168\" \/><\/div>\n<\/figure>\n<figure class=\"gallery-item\">\n<div class=\"gallery-icon landscape\"><img loading=\"lazy\" decoding=\"async\" class=\"lazy\" src=\"https:\/\/graziamagazine.com\/mx\/wp-content\/uploads\/sites\/13\/2024\/02\/Captura-de-Pantalla-2024-02-22-a-las-19.30.34.png\" alt=\"\" width=\"760\" height=\"1168\" \/><\/div>\n<\/figure>\n<figure class=\"gallery-item\">\n<div class=\"gallery-icon landscape\"><img loading=\"lazy\" decoding=\"async\" class=\"lazy\" src=\"https:\/\/graziamagazine.com\/mx\/wp-content\/uploads\/sites\/13\/2024\/02\/Captura-de-Pantalla-2024-02-22-a-las-19.30.43.png\" alt=\"\" width=\"760\" height=\"1168\" \/><\/div>\n<\/figure>\n<figure class=\"gallery-item\">\n<div class=\"gallery-icon landscape\"><img loading=\"lazy\" decoding=\"async\" class=\"lazy\" src=\"https:\/\/graziamagazine.com\/mx\/wp-content\/uploads\/sites\/13\/2024\/02\/Captura-de-Pantalla-2024-02-22-a-las-19.30.52.png\" alt=\"\" width=\"760\" height=\"1168\" \/><\/div>\n<\/figure>\n<\/div>\n<\/div>\n<p>Los accesorios tambi\u00e9n juegan un papel importante en la colecci\u00f3n, con bolsos estructurados, zapatos de tac\u00f3n cl\u00e1sicos y gafas de sol llamativas complementando los looks.<\/p>\n<p>Los<strong> estampados de cuadros y rayas<\/strong> a\u00f1aden un toque de modernidad a los conjuntos, mientras que los detalles de lazo y la sastrer\u00eda impecable mantienen la elegancia atemporal de la marca.<\/p>\n<div class=\"content-gallery\">\n<div class=\"gallery-placeholder\">\n<div class=\"spinner\"><\/div>\n<\/div>\n<p>&nbsp;<\/p>\n<div id=\"gallery-3\" class=\"gallery galleryid- gallery-columns- gallery-size-\">\n<figure class=\"gallery-item\">\n<div class=\"gallery-icon landscape\"><img loading=\"lazy\" decoding=\"async\" class=\"lazy\" src=\"https:\/\/graziamagazine.com\/mx\/wp-content\/uploads\/sites\/13\/2024\/02\/Captura-de-Pantalla-2024-02-22-a-las-19.32.09.png\" alt=\"\" width=\"760\" height=\"1168\" \/><\/div>\n<\/figure>\n<figure class=\"gallery-item\">\n<div class=\"gallery-icon landscape\"><img loading=\"lazy\" decoding=\"async\" class=\"lazy\" src=\"https:\/\/graziamagazine.com\/mx\/wp-content\/uploads\/sites\/13\/2024\/02\/Captura-de-Pantalla-2024-02-22-a-las-19.31.39.png\" alt=\"\" width=\"760\" height=\"1168\" \/><\/div>\n<\/figure>\n<figure class=\"gallery-item\">\n<div class=\"gallery-icon landscape\"><img loading=\"lazy\" decoding=\"async\" class=\"lazy\" src=\"https:\/\/graziamagazine.com\/mx\/wp-content\/uploads\/sites\/13\/2024\/02\/Captura-de-Pantalla-2024-02-22-a-las-19.31.31.png\" alt=\"\" width=\"760\" height=\"1168\" \/><\/div>\n<\/figure>\n<figure class=\"gallery-item\">\n<div class=\"gallery-icon landscape\"><img loading=\"lazy\" decoding=\"async\" class=\"lazy\" src=\"https:\/\/graziamagazine.com\/mx\/wp-content\/uploads\/sites\/13\/2024\/02\/Captura-de-Pantalla-2024-02-22-a-las-19.31.25.png\" alt=\"\" width=\"760\" height=\"1168\" \/><\/div>\n<\/figure>\n<figure class=\"gallery-item\">\n<div class=\"gallery-icon landscape\"><img loading=\"lazy\" decoding=\"async\" class=\"lazy\" src=\"https:\/\/graziamagazine.com\/mx\/wp-content\/uploads\/sites\/13\/2024\/02\/Captura-de-Pantalla-2024-02-22-a-las-19.31.18.png\" alt=\"\" width=\"760\" height=\"1168\" \/><\/div>\n<\/figure>\n<figure class=\"gallery-item\">\n<div class=\"gallery-icon landscape\"><img loading=\"lazy\" decoding=\"async\" class=\"lazy\" src=\"https:\/\/graziamagazine.com\/mx\/wp-content\/uploads\/sites\/13\/2024\/02\/Captura-de-Pantalla-2024-02-22-a-las-19.31.09.png\" alt=\"\" width=\"760\" height=\"1168\" \/><\/div>\n<\/figure>\n<figure class=\"gallery-item\">\n<div class=\"gallery-icon landscape\"><img loading=\"lazy\" decoding=\"async\" class=\"lazy\" src=\"https:\/\/graziamagazine.com\/mx\/wp-content\/uploads\/sites\/13\/2024\/02\/Captura-de-Pantalla-2024-02-22-a-las-19.31.02.png\" alt=\"\" width=\"760\" height=\"1168\" \/><\/div>\n<\/figure>\n<\/div>\n<\/div>\n<p>Sin duda la colecci\u00f3n Oto\u00f1o\/Invierno 2024\u00a0 de Giorgio Armani es un regreso triunfal a la elegancia cl\u00e1sica y la sofisticaci\u00f3n refinada.<\/p>\n<p>Con cortes impecables, tejidos lujosos y una paleta de colores cuidadosamente seleccionada, Armani demuestra una vez m\u00e1s por qu\u00e9 es uno de los dise\u00f1adores m\u00e1s influyentes de la industria de la moda.<\/p>\n<p><em><strong>*IMAGEN: Google Images\u00a0<\/strong><\/em><\/p>\n","protected":false},"author":28953,"featured_media":174803,"template":"","format":"standard","categories":[1],"acf":[],"yoast_head":"<!-- This site is optimized with the Yoast SEO Premium plugin v18.5 (Yoast SEO v20.4) - https:\/\/yoast.com\/wordpress\/plugins\/seo\/ -->\n<title>Emporio Armani Oto\u00f1o\/Invierno 2024<\/title>\n<meta name=\"description\" content=\"El dise\u00f1ador, Giorgio Armani, se inspira en la idea de la sofisticaci\u00f3n discreta para crear una colecci\u00f3n de piezas cl\u00e1sicas y vers\u00e1tiles que pueden usarse temporada tras temporada.\" \/>\n<meta name=\"robots\" content=\"index, follow, max-snippet:-1, max-image-preview:large, max-video-preview:-1\" \/>\n<link rel=\"canonical\" href=\"https:\/\/graziamagazine.com\/es\/articles\/emporio-armani-otono-invierno-2024\/\" \/>\n<meta property=\"og:locale\" content=\"es_ES\" \/>\n<meta property=\"og:type\" content=\"article\" \/>\n<meta property=\"og:title\" content=\"Emporio Armani Oto\u00f1o\/Invierno 2024\" \/>\n<meta property=\"og:description\" content=\"El dise\u00f1ador, Giorgio Armani, se inspira en la idea de la sofisticaci\u00f3n discreta para crear una colecci\u00f3n de piezas cl\u00e1sicas y vers\u00e1tiles que pueden usarse temporada tras temporada.\" \/>\n<meta property=\"og:url\" content=\"https:\/\/graziamagazine.com\/es\/articles\/emporio-armani-otono-invierno-2024\/\" \/>\n<meta property=\"og:site_name\" content=\"Grazia\" \/>\n<meta property=\"og:image\" content=\"https:\/\/graziamagazine.com\/es\/wp-content\/uploads\/sites\/12\/2024\/02\/Captura-de-Pantalla-2024-02-22-a-las-19.32.34-e1708652678865.png\" \/>\n\t<meta property=\"og:image:width\" content=\"759\" \/>\n\t<meta property=\"og:image:height\" content=\"508\" \/>\n\t<meta property=\"og:image:type\" content=\"image\/png\" \/>\n<meta name=\"twitter:card\" content=\"summary_large_image\" \/>\n<meta name=\"twitter:label1\" content=\"Est. reading time\" \/>\n\t<meta name=\"twitter:data1\" content=\"5 minutos\" \/>\n<script type=\"application\/ld+json\" class=\"yoast-schema-graph\">{\"@context\":\"https:\/\/schema.org\",\"@graph\":[{\"@type\":\"WebPage\",\"@id\":\"https:\/\/graziamagazine.com\/es\/articles\/emporio-armani-otono-invierno-2024\/\",\"url\":\"https:\/\/graziamagazine.com\/es\/articles\/emporio-armani-otono-invierno-2024\/\",\"name\":\"Emporio Armani Oto\u00f1o\/Invierno 2024\",\"isPartOf\":{\"@id\":\"https:\/\/graziamagazine.com\/es\/#website\"},\"datePublished\":\"2024-02-23T09:04:43+00:00\",\"dateModified\":\"2024-02-23T09:04:43+00:00\",\"description\":\"El dise\u00f1ador, Giorgio Armani, se inspira en la idea de la sofisticaci\u00f3n discreta para crear una colecci\u00f3n de piezas cl\u00e1sicas y vers\u00e1tiles que pueden usarse temporada tras temporada.\",\"breadcrumb\":{\"@id\":\"https:\/\/graziamagazine.com\/es\/articles\/emporio-armani-otono-invierno-2024\/#breadcrumb\"},\"inLanguage\":\"es\",\"potentialAction\":[{\"@type\":\"ReadAction\",\"target\":[\"https:\/\/graziamagazine.com\/es\/articles\/emporio-armani-otono-invierno-2024\/\"]}]},{\"@type\":\"BreadcrumbList\",\"@id\":\"https:\/\/graziamagazine.com\/es\/articles\/emporio-armani-otono-invierno-2024\/#breadcrumb\",\"itemListElement\":[{\"@type\":\"ListItem\",\"position\":1,\"name\":\"Portada\",\"item\":\"https:\/\/graziamagazine.com\/es\/\"},{\"@type\":\"ListItem\",\"position\":2,\"name\":\"Emporio Armani Oto\u00f1o\/Invierno 2024\"}]},{\"@type\":\"WebSite\",\"@id\":\"https:\/\/graziamagazine.com\/es\/#website\",\"url\":\"https:\/\/graziamagazine.com\/es\/\",\"name\":\"Grazia\",\"description\":\"Moda, belleza, celebrities, estilo de vida...\",\"potentialAction\":[{\"@type\":\"SearchAction\",\"target\":{\"@type\":\"EntryPoint\",\"urlTemplate\":\"https:\/\/graziamagazine.com\/es\/?s={search_term_string}\"},\"query-input\":\"required name=search_term_string\"}],\"inLanguage\":\"es\"}]}<\/script>\n<!-- \/ Yoast SEO Premium plugin. -->","yoast_head_json":{"title":"Emporio Armani Oto\u00f1o\/Invierno 2024","description":"El dise\u00f1ador, Giorgio Armani, se inspira en la idea de la sofisticaci\u00f3n discreta para crear una colecci\u00f3n de piezas cl\u00e1sicas y vers\u00e1tiles que pueden usarse temporada tras temporada.","robots":{"index":"index","follow":"follow","max-snippet":"max-snippet:-1","max-image-preview":"max-image-preview:large","max-video-preview":"max-video-preview:-1"},"canonical":"https:\/\/graziamagazine.com\/es\/articles\/emporio-armani-otono-invierno-2024\/","og_locale":"es_ES","og_type":"article","og_title":"Emporio Armani Oto\u00f1o\/Invierno 2024","og_description":"El dise\u00f1ador, Giorgio Armani, se inspira en la idea de la sofisticaci\u00f3n discreta para crear una colecci\u00f3n de piezas cl\u00e1sicas y vers\u00e1tiles que pueden usarse temporada tras temporada.","og_url":"https:\/\/graziamagazine.com\/es\/articles\/emporio-armani-otono-invierno-2024\/","og_site_name":"Grazia","og_image":[{"width":759,"height":508,"url":"https:\/\/graziamagazine.com\/es\/wp-content\/uploads\/sites\/12\/2024\/02\/Captura-de-Pantalla-2024-02-22-a-las-19.32.34-e1708652678865.png","type":"image\/png"}],"twitter_card":"summary_large_image","twitter_misc":{"Est. reading time":"5 minutos"},"schema":{"@context":"https:\/\/schema.org","@graph":[{"@type":"WebPage","@id":"https:\/\/graziamagazine.com\/es\/articles\/emporio-armani-otono-invierno-2024\/","url":"https:\/\/graziamagazine.com\/es\/articles\/emporio-armani-otono-invierno-2024\/","name":"Emporio Armani Oto\u00f1o\/Invierno 2024","isPartOf":{"@id":"https:\/\/graziamagazine.com\/es\/#website"},"datePublished":"2024-02-23T09:04:43+00:00","dateModified":"2024-02-23T09:04:43+00:00","description":"El dise\u00f1ador, Giorgio Armani, se inspira en la idea de la sofisticaci\u00f3n discreta para crear una colecci\u00f3n de piezas cl\u00e1sicas y vers\u00e1tiles que pueden usarse temporada tras temporada.","breadcrumb":{"@id":"https:\/\/graziamagazine.com\/es\/articles\/emporio-armani-otono-invierno-2024\/#breadcrumb"},"inLanguage":"es","potentialAction":[{"@type":"ReadAction","target":["https:\/\/graziamagazine.com\/es\/articles\/emporio-armani-otono-invierno-2024\/"]}]},{"@type":"BreadcrumbList","@id":"https:\/\/graziamagazine.com\/es\/articles\/emporio-armani-otono-invierno-2024\/#breadcrumb","itemListElement":[{"@type":"ListItem","position":1,"name":"Portada","item":"https:\/\/graziamagazine.com\/es\/"},{"@type":"ListItem","position":2,"name":"Emporio Armani Oto\u00f1o\/Invierno 2024"}]},{"@type":"WebSite","@id":"https:\/\/graziamagazine.com\/es\/#website","url":"https:\/\/graziamagazine.com\/es\/","name":"Grazia","description":"Moda, belleza, celebrities, estilo de vida...","potentialAction":[{"@type":"SearchAction","target":{"@type":"EntryPoint","urlTemplate":"https:\/\/graziamagazine.com\/es\/?s={search_term_string}"},"query-input":"required name=search_term_string"}],"inLanguage":"es"}]}},"jetpack_sharing_enabled":true,"distributor_meta":false,"distributor_terms":false,"distributor_media":false,"distributor_original_site_name":"Grazia","distributor_original_site_url":"https:\/\/graziamagazine.com\/es","push-errors":false,"_links":{"self":[{"href":"https:\/\/graziamagazine.com\/es\/wp-json\/wp\/v2\/articles\/174802"}],"collection":[{"href":"https:\/\/graziamagazine.com\/es\/wp-json\/wp\/v2\/articles"}],"about":[{"href":"https:\/\/graziamagazine.com\/es\/wp-json\/wp\/v2\/types\/articles"}],"author":[{"embeddable":true,"href":"https:\/\/graziamagazine.com\/es\/wp-json\/wp\/v2\/users\/28953"}],"wp:featuredmedia":[{"embeddable":true,"href":"https:\/\/graziamagazine.com\/es\/wp-json\/wp\/v2\/media\/174803"}],"wp:attachment":[{"href":"https:\/\/graziamagazine.com\/es\/wp-json\/wp\/v2\/media?parent=174802"}],"wp:term":[{"taxonomy":"category","embeddable":true,"href":"https:\/\/graziamagazine.com\/es\/wp-json\/wp\/v2\/categories?post=174802"}],"curies":[{"name":"wp","href":"https:\/\/api.w.org\/{rel}","templated":true}]}}