{"id":174746,"date":"2024-02-20T09:00:45","date_gmt":"2024-02-20T08:00:45","guid":{"rendered":"https:\/\/graziamagazine.com\/es\/?post_type=articles&#038;p=174746"},"modified":"2024-02-20T01:28:55","modified_gmt":"2024-02-20T00:28:55","slug":"shakira-lanzara-un-nuevo-album-despues-de-7-anos","status":"publish","type":"articles","link":"https:\/\/graziamagazine.com\/es\/articles\/shakira-lanzara-un-nuevo-album-despues-de-7-anos\/","title":{"rendered":"Shakira lanzar\u00e1 un nuevo \u00e1lbum despu\u00e9s de 7 a\u00f1os"},"content":{"rendered":"<p><span style=\"font-weight: 400\">Las l\u00e1grimas de <strong>Shakira<\/strong> se convirtieron en diamantes. Tanto, que la cantante colombiana anuncia que lanzar\u00e1 un nuevo \u00e1lbum despu\u00e9s de 7 a\u00f1os \u2013<strong> Las Mujeres Ya No Lloran<\/strong> \u2013 y no podr\u00edamos estar m\u00e1s felices.<\/span><\/p>\n<p><span style=\"font-weight: 400\">Este \u00e1lbum ser\u00e1 el duod\u00e9cimo de estudio de la cantante de 47 a\u00f1os, y podremos escucharlo el pr\u00f3ximo<strong> 22 de marzo.\u00a0<\/strong><\/span><\/p>\n<p><span style=\"font-weight: 400\"><img decoding=\"async\" src=\"https:\/\/www.laguiago.com\/wp-content\/uploads\/2024\/02\/shakira.jpg\" alt=\"Shakira lanza nuevo disco 'Las mujeres ya no lloran' - La Gu\u00eda GO!\" \/><\/span><\/p>\n<p><span style=\"font-weight: 400\">Seg\u00fan un comunicado de prensa, el \u00e1lbum es un testimonio de \u201cla resistencia y la fuerza de Shakira y el poder de la m\u00fasica para transformar incluso las experiencias m\u00e1s dif\u00edciles en momentos preciosos\u201d.<\/span><\/p>\n<blockquote><p><span style=\"font-weight: 400\">\u201cHacer este trabajo ha sido un proceso alqu\u00edmico. Mientras escrib\u00eda cada canci\u00f3n me iba reconstruyendo. Mientras las cantaba, mis l\u00e1grimas se transformaban en diamantes y mi vulnerabilidad en fuerza\u201d, dijo la cantante.<\/span><\/p><\/blockquote>\n<p><span style=\"font-weight: 400\">El \u00e1lbum de <strong>16 melod\u00edas<\/strong>\u00a0incluir\u00e1 ocho canciones nunca antes escuchadas, un remix y siete sencillos lanzados anteriormente como <strong><em>Music Sessions Vol. 53<\/em> con Bizarrap, <em>TQG<\/em> con Karol G, <em>Te Felicito<\/em> con Rauw Alejandro y <em>Copa Vac\u00eda<\/em> con Manuel Turizo.<\/strong><\/span><\/p>\n<p><span style=\"font-weight: 400\">El pasado septiembre Shakira fue galardonada con el codiciado premio al video vanguardia en los MTV Video Music Awards, que reconoce la trayectoria de un artista.<\/span><\/p>\n<p><img loading=\"lazy\" decoding=\"async\" class=\"aligncenter size-full wp-image-174751\" src=\"https:\/\/graziamagazine.com\/es\/wp-content\/uploads\/sites\/12\/2024\/02\/jaumedelaiguana.jpg\" alt=\"\" width=\"1280\" height=\"1280\" srcset=\"https:\/\/graziamagazine.com\/es\/wp-content\/uploads\/sites\/12\/2024\/02\/jaumedelaiguana.jpg 1280w, https:\/\/graziamagazine.com\/es\/wp-content\/uploads\/sites\/12\/2024\/02\/jaumedelaiguana-300x300.jpg 300w, https:\/\/graziamagazine.com\/es\/wp-content\/uploads\/sites\/12\/2024\/02\/jaumedelaiguana-1024x1024.jpg 1024w, https:\/\/graziamagazine.com\/es\/wp-content\/uploads\/sites\/12\/2024\/02\/jaumedelaiguana-150x150.jpg 150w, https:\/\/graziamagazine.com\/es\/wp-content\/uploads\/sites\/12\/2024\/02\/jaumedelaiguana-768x768.jpg 768w, https:\/\/graziamagazine.com\/es\/wp-content\/uploads\/sites\/12\/2024\/02\/jaumedelaiguana-400x400.jpg 400w, https:\/\/graziamagazine.com\/es\/wp-content\/uploads\/sites\/12\/2024\/02\/jaumedelaiguana-155x155.jpg 155w\" sizes=\"(max-width: 1280px) 100vw, 1280px\" \/><\/p>\n<p><span style=\"font-weight: 400\">\u201cEste ha sido un a\u00f1o de cambios s\u00edsmicos en mi vida en el que he sentido m\u00e1s que nunca, y muy personalmente, lo que es ser mujer\u201d, dijo al aceptar el premio Mujer del A\u00f1o de Billboard, en la gala inaugural de Mujeres Latinas en la M\u00fasica, en mayo de 2023.<\/span><\/p>\n<p><img loading=\"lazy\" decoding=\"async\" class=\"aligncenter size-full wp-image-174752\" src=\"https:\/\/graziamagazine.com\/es\/wp-content\/uploads\/sites\/12\/2024\/02\/jaumedelaiguana-1.jpg\" alt=\"\" width=\"1280\" height=\"1280\" srcset=\"https:\/\/graziamagazine.com\/es\/wp-content\/uploads\/sites\/12\/2024\/02\/jaumedelaiguana-1.jpg 1280w, https:\/\/graziamagazine.com\/es\/wp-content\/uploads\/sites\/12\/2024\/02\/jaumedelaiguana-1-300x300.jpg 300w, https:\/\/graziamagazine.com\/es\/wp-content\/uploads\/sites\/12\/2024\/02\/jaumedelaiguana-1-1024x1024.jpg 1024w, https:\/\/graziamagazine.com\/es\/wp-content\/uploads\/sites\/12\/2024\/02\/jaumedelaiguana-1-150x150.jpg 150w, https:\/\/graziamagazine.com\/es\/wp-content\/uploads\/sites\/12\/2024\/02\/jaumedelaiguana-1-768x768.jpg 768w, https:\/\/graziamagazine.com\/es\/wp-content\/uploads\/sites\/12\/2024\/02\/jaumedelaiguana-1-400x400.jpg 400w, https:\/\/graziamagazine.com\/es\/wp-content\/uploads\/sites\/12\/2024\/02\/jaumedelaiguana-1-155x155.jpg 155w\" sizes=\"(max-width: 1280px) 100vw, 1280px\" \/><\/p>\n<p><span style=\"font-weight: 400\">\u201cHa sido un a\u00f1o en el que me he dado cuenta de que las mujeres somos m\u00e1s fuertes de lo que pensamos, m\u00e1s valientes de lo que cre\u00edamos, m\u00e1s independientes de lo que nos ense\u00f1aron a ser. \u00bfPor que ser mujer no se ha olvidado en alg\u00fan momento de su vida de s\u00ed misma porque busca la atenci\u00f3n y el amor de otra persona? A m\u00ed me pas\u00f3 m\u00e1s de una vez\u201d, agreg\u00f3.<\/span><\/p>\n<p><em>*Im\u00e1genes: Instagram de Shakira<\/em><\/p>\n","protected":false},"author":16349,"featured_media":174750,"template":"","format":"standard","categories":[2971,13],"acf":{"banner":null},"yoast_head":"<!-- This site is optimized with the Yoast SEO Premium plugin v18.5 (Yoast SEO v20.4) - https:\/\/yoast.com\/wordpress\/plugins\/seo\/ -->\n<title>Shakira lanzar\u00e1 un nuevo \u00e1lbum despu\u00e9s de 7 a\u00f1os<\/title>\n<meta name=\"description\" content=\"Las l\u00e1grimas de Shakira se convirtieron en diamantes. Tanto, que la cantante colombiana anuncia que lanzar\u00e1 un nuevo \u00e1lbum despu\u00e9s de 7 a\u00f1os \u2013 Las Mujeres\" \/>\n<meta name=\"robots\" content=\"index, follow, max-snippet:-1, max-image-preview:large, max-video-preview:-1\" \/>\n<link rel=\"canonical\" href=\"https:\/\/graziamagazine.com\/es\/articles\/shakira-lanzara-un-nuevo-album-despues-de-7-anos\/\" \/>\n<meta property=\"og:locale\" content=\"es_ES\" \/>\n<meta property=\"og:type\" content=\"article\" \/>\n<meta property=\"og:title\" content=\"Shakira lanzar\u00e1 un nuevo \u00e1lbum despu\u00e9s de 7 a\u00f1os\" \/>\n<meta property=\"og:description\" content=\"Las l\u00e1grimas de Shakira se convirtieron en diamantes. Tanto, que la cantante colombiana anuncia que lanzar\u00e1 un nuevo \u00e1lbum despu\u00e9s de 7 a\u00f1os \u2013 Las Mujeres\" \/>\n<meta property=\"og:url\" content=\"https:\/\/graziamagazine.com\/es\/articles\/shakira-lanzara-un-nuevo-album-despues-de-7-anos\/\" \/>\n<meta property=\"og:site_name\" content=\"Grazia\" \/>\n<meta property=\"article:modified_time\" content=\"2024-02-20T00:28:55+00:00\" \/>\n<meta property=\"og:image\" content=\"https:\/\/graziamagazine.com\/es\/wp-content\/uploads\/sites\/12\/2024\/02\/2024021519242994823.jpg\" \/>\n\t<meta property=\"og:image:width\" content=\"1279\" \/>\n\t<meta property=\"og:image:height\" content=\"720\" \/>\n\t<meta property=\"og:image:type\" content=\"image\/jpeg\" \/>\n<meta name=\"twitter:card\" content=\"summary_large_image\" \/>\n<meta name=\"twitter:label1\" content=\"Est. reading time\" \/>\n\t<meta name=\"twitter:data1\" content=\"3 minutos\" \/>\n<script type=\"application\/ld+json\" class=\"yoast-schema-graph\">{\"@context\":\"https:\/\/schema.org\",\"@graph\":[{\"@type\":\"WebPage\",\"@id\":\"https:\/\/graziamagazine.com\/es\/articles\/shakira-lanzara-un-nuevo-album-despues-de-7-anos\/\",\"url\":\"https:\/\/graziamagazine.com\/es\/articles\/shakira-lanzara-un-nuevo-album-despues-de-7-anos\/\",\"name\":\"Shakira lanzar\u00e1 un nuevo \u00e1lbum despu\u00e9s de 7 a\u00f1os\",\"isPartOf\":{\"@id\":\"https:\/\/graziamagazine.com\/es\/#website\"},\"datePublished\":\"2024-02-20T08:00:45+00:00\",\"dateModified\":\"2024-02-20T00:28:55+00:00\",\"description\":\"Las l\u00e1grimas de Shakira se convirtieron en diamantes. Tanto, que la cantante colombiana anuncia que lanzar\u00e1 un nuevo \u00e1lbum despu\u00e9s de 7 a\u00f1os \u2013 Las Mujeres\",\"breadcrumb\":{\"@id\":\"https:\/\/graziamagazine.com\/es\/articles\/shakira-lanzara-un-nuevo-album-despues-de-7-anos\/#breadcrumb\"},\"inLanguage\":\"es\",\"potentialAction\":[{\"@type\":\"ReadAction\",\"target\":[\"https:\/\/graziamagazine.com\/es\/articles\/shakira-lanzara-un-nuevo-album-despues-de-7-anos\/\"]}]},{\"@type\":\"BreadcrumbList\",\"@id\":\"https:\/\/graziamagazine.com\/es\/articles\/shakira-lanzara-un-nuevo-album-despues-de-7-anos\/#breadcrumb\",\"itemListElement\":[{\"@type\":\"ListItem\",\"position\":1,\"name\":\"Portada\",\"item\":\"https:\/\/graziamagazine.com\/es\/\"},{\"@type\":\"ListItem\",\"position\":2,\"name\":\"Shakira lanzar\u00e1 un nuevo \u00e1lbum despu\u00e9s de 7 a\u00f1os\"}]},{\"@type\":\"WebSite\",\"@id\":\"https:\/\/graziamagazine.com\/es\/#website\",\"url\":\"https:\/\/graziamagazine.com\/es\/\",\"name\":\"Grazia\",\"description\":\"Moda, belleza, celebrities, estilo de vida...\",\"potentialAction\":[{\"@type\":\"SearchAction\",\"target\":{\"@type\":\"EntryPoint\",\"urlTemplate\":\"https:\/\/graziamagazine.com\/es\/?s={search_term_string}\"},\"query-input\":\"required name=search_term_string\"}],\"inLanguage\":\"es\"}]}<\/script>\n<!-- \/ Yoast SEO Premium plugin. -->","yoast_head_json":{"title":"Shakira lanzar\u00e1 un nuevo \u00e1lbum despu\u00e9s de 7 a\u00f1os","description":"Las l\u00e1grimas de Shakira se convirtieron en diamantes. Tanto, que la cantante colombiana anuncia que lanzar\u00e1 un nuevo \u00e1lbum despu\u00e9s de 7 a\u00f1os \u2013 Las Mujeres","robots":{"index":"index","follow":"follow","max-snippet":"max-snippet:-1","max-image-preview":"max-image-preview:large","max-video-preview":"max-video-preview:-1"},"canonical":"https:\/\/graziamagazine.com\/es\/articles\/shakira-lanzara-un-nuevo-album-despues-de-7-anos\/","og_locale":"es_ES","og_type":"article","og_title":"Shakira lanzar\u00e1 un nuevo \u00e1lbum despu\u00e9s de 7 a\u00f1os","og_description":"Las l\u00e1grimas de Shakira se convirtieron en diamantes. Tanto, que la cantante colombiana anuncia que lanzar\u00e1 un nuevo \u00e1lbum despu\u00e9s de 7 a\u00f1os \u2013 Las Mujeres","og_url":"https:\/\/graziamagazine.com\/es\/articles\/shakira-lanzara-un-nuevo-album-despues-de-7-anos\/","og_site_name":"Grazia","article_modified_time":"2024-02-20T00:28:55+00:00","og_image":[{"width":1279,"height":720,"url":"https:\/\/graziamagazine.com\/es\/wp-content\/uploads\/sites\/12\/2024\/02\/2024021519242994823.jpg","type":"image\/jpeg"}],"twitter_card":"summary_large_image","twitter_misc":{"Est. reading time":"3 minutos"},"schema":{"@context":"https:\/\/schema.org","@graph":[{"@type":"WebPage","@id":"https:\/\/graziamagazine.com\/es\/articles\/shakira-lanzara-un-nuevo-album-despues-de-7-anos\/","url":"https:\/\/graziamagazine.com\/es\/articles\/shakira-lanzara-un-nuevo-album-despues-de-7-anos\/","name":"Shakira lanzar\u00e1 un nuevo \u00e1lbum despu\u00e9s de 7 a\u00f1os","isPartOf":{"@id":"https:\/\/graziamagazine.com\/es\/#website"},"datePublished":"2024-02-20T08:00:45+00:00","dateModified":"2024-02-20T00:28:55+00:00","description":"Las l\u00e1grimas de Shakira se convirtieron en diamantes. Tanto, que la cantante colombiana anuncia que lanzar\u00e1 un nuevo \u00e1lbum despu\u00e9s de 7 a\u00f1os \u2013 Las Mujeres","breadcrumb":{"@id":"https:\/\/graziamagazine.com\/es\/articles\/shakira-lanzara-un-nuevo-album-despues-de-7-anos\/#breadcrumb"},"inLanguage":"es","potentialAction":[{"@type":"ReadAction","target":["https:\/\/graziamagazine.com\/es\/articles\/shakira-lanzara-un-nuevo-album-despues-de-7-anos\/"]}]},{"@type":"BreadcrumbList","@id":"https:\/\/graziamagazine.com\/es\/articles\/shakira-lanzara-un-nuevo-album-despues-de-7-anos\/#breadcrumb","itemListElement":[{"@type":"ListItem","position":1,"name":"Portada","item":"https:\/\/graziamagazine.com\/es\/"},{"@type":"ListItem","position":2,"name":"Shakira lanzar\u00e1 un nuevo \u00e1lbum despu\u00e9s de 7 a\u00f1os"}]},{"@type":"WebSite","@id":"https:\/\/graziamagazine.com\/es\/#website","url":"https:\/\/graziamagazine.com\/es\/","name":"Grazia","description":"Moda, belleza, celebrities, estilo de vida...","potentialAction":[{"@type":"SearchAction","target":{"@type":"EntryPoint","urlTemplate":"https:\/\/graziamagazine.com\/es\/?s={search_term_string}"},"query-input":"required name=search_term_string"}],"inLanguage":"es"}]}},"jetpack_sharing_enabled":true,"distributor_meta":false,"distributor_terms":false,"distributor_media":false,"distributor_original_site_name":"Grazia","distributor_original_site_url":"https:\/\/graziamagazine.com\/es","push-errors":false,"_links":{"self":[{"href":"https:\/\/graziamagazine.com\/es\/wp-json\/wp\/v2\/articles\/174746"}],"collection":[{"href":"https:\/\/graziamagazine.com\/es\/wp-json\/wp\/v2\/articles"}],"about":[{"href":"https:\/\/graziamagazine.com\/es\/wp-json\/wp\/v2\/types\/articles"}],"author":[{"embeddable":true,"href":"https:\/\/graziamagazine.com\/es\/wp-json\/wp\/v2\/users\/16349"}],"wp:featuredmedia":[{"embeddable":true,"href":"https:\/\/graziamagazine.com\/es\/wp-json\/wp\/v2\/media\/174750"}],"wp:attachment":[{"href":"https:\/\/graziamagazine.com\/es\/wp-json\/wp\/v2\/media?parent=174746"}],"wp:term":[{"taxonomy":"category","embeddable":true,"href":"https:\/\/graziamagazine.com\/es\/wp-json\/wp\/v2\/categories?post=174746"}],"curies":[{"name":"wp","href":"https:\/\/api.w.org\/{rel}","templated":true}]}}