{"id":174731,"date":"2024-02-19T13:29:12","date_gmt":"2024-02-19T12:29:12","guid":{"rendered":"https:\/\/graziamagazine.com\/es\/?post_type=articles&#038;p=174731"},"modified":"2024-02-19T13:29:12","modified_gmt":"2024-02-19T12:29:12","slug":"peter-sposito-studio-gana-el-premio-mercedes-benz-fashion-talent","status":"publish","type":"articles","link":"https:\/\/graziamagazine.com\/es\/articles\/peter-sposito-studio-gana-el-premio-mercedes-benz-fashion-talent\/","title":{"rendered":"Peter Sposito Studio gana el premio Mercedes-Benz Fashion Talent"},"content":{"rendered":"<p>La firma\u00a0<strong><span class=\"markccndgyxah\" data-markjs=\"true\" data-ogac=\"\" data-ogab=\"\" data-ogsc=\"\" data-ogsb=\"\">Peter<\/span>\u00a0<span class=\"markiap0ik8pu\" data-markjs=\"true\" data-ogac=\"\" data-ogab=\"\" data-ogsc=\"\" data-ogsb=\"\">Sposito<\/span>\u00a0Studio\u00a0<\/strong>se ha alzado con el premio\u00a0<strong>Mercedes-Benz Fashion Talent\u00a0<\/strong>como la\u00a0<strong>mejor colecci\u00f3n emergente<\/strong>\u00a0en la pen\u00faltima jornada de Mercedes-Benz Fashion Week Madrid. Este certamen lleva m\u00e1s de una d\u00e9cada reconociendo y apoyando a las nuevas promesas del panorama nacional como el\u00a0<strong>dise\u00f1ador zamorano\u00a0<span class=\"markccndgyxah\" data-markjs=\"true\" data-ogac=\"\" data-ogab=\"\" data-ogsc=\"\" data-ogsb=\"\">Peter<\/span>\u00a0<span class=\"markiap0ik8pu\" data-markjs=\"true\" data-ogac=\"\" data-ogab=\"\" data-ogsc=\"\" data-ogsb=\"\">Sposito<\/span>.<\/strong><\/p>\n<p><img loading=\"lazy\" decoding=\"async\" class=\"aligncenter size-full wp-image-174733\" src=\"https:\/\/graziamagazine.com\/es\/wp-content\/uploads\/sites\/12\/2024\/02\/44128c98-35ea-ac78-4916-54dec9f7f2f6.png\" alt=\"\" width=\"1792\" height=\"1192\" srcset=\"https:\/\/graziamagazine.com\/es\/wp-content\/uploads\/sites\/12\/2024\/02\/44128c98-35ea-ac78-4916-54dec9f7f2f6.png 1792w, https:\/\/graziamagazine.com\/es\/wp-content\/uploads\/sites\/12\/2024\/02\/44128c98-35ea-ac78-4916-54dec9f7f2f6-300x200.png 300w, https:\/\/graziamagazine.com\/es\/wp-content\/uploads\/sites\/12\/2024\/02\/44128c98-35ea-ac78-4916-54dec9f7f2f6-1024x681.png 1024w, https:\/\/graziamagazine.com\/es\/wp-content\/uploads\/sites\/12\/2024\/02\/44128c98-35ea-ac78-4916-54dec9f7f2f6-768x511.png 768w, https:\/\/graziamagazine.com\/es\/wp-content\/uploads\/sites\/12\/2024\/02\/44128c98-35ea-ac78-4916-54dec9f7f2f6-1536x1022.png 1536w, https:\/\/graziamagazine.com\/es\/wp-content\/uploads\/sites\/12\/2024\/02\/44128c98-35ea-ac78-4916-54dec9f7f2f6-400x266.png 400w, https:\/\/graziamagazine.com\/es\/wp-content\/uploads\/sites\/12\/2024\/02\/44128c98-35ea-ac78-4916-54dec9f7f2f6-155x103.png 155w\" sizes=\"(max-width: 1792px) 100vw, 1792px\" \/><\/p>\n<p><strong>Con su colecci\u00f3n \u201cThe RTW Couture\u201d se ha impuesto entre las nueve candidatas al galard\u00f3n que han desfilado sobre la pasarela madrile\u00f1a.<\/strong> \u201cEsta colecci\u00f3n la hice para m\u00ed, para disfrutarla y la verdad es que no me esperaba ganar. Es la propuesta con laque me he sentido m\u00e1s honesto, con la que m\u00e1s me he abierto interiormente. Espero que sirva para conocer realmente lo que es Peter Sposito Studio.\u00a1Ahora a seguir creando!\u201d,declaraba emocionado el dise\u00f1ador al t\u00e9rmino de la entrega del premio.<\/p>\n<p><img decoding=\"async\" src=\"https:\/\/uc6b35b7ecbbb1db467cee1217dd.previews.dropboxusercontent.com\/p\/thumb\/ACKmlzQ2i8U3aIMjz1CtNUZRo3lViYneWqxC5Ema38zam_fnE4hg4A_iTgplvY3bxFqNyLZGnbXaa8JI77r6pYMb4v3Ucxf6ajAOeKKGt74liHqaQKo7wnE4UTtBfHI0xciyi7FQcedBc2XzulKOnB4Y8kxz21xeQsiZHxKiHa_CtcsSPFamoFikL-I_8XxyzQkWmvhddAWGk2j4kJ7c36giQe_Kle2uTS0DOVg-G72G3wd76D1wWE7Rn43sg5sQzjPd3I4KLB-Wb4Uo7izdYVSpMvdQGHLAIl93BPHlWY8CQIg3Qb7KT2Z854axMAPB6bp7vTgScd0hwbouepPzlSjri1DIKi0npkHd5LSh9Jr_hE_eCBIVeNKElvKl5Qed9V-swlaVLZRjkzWZBUWVLSs8QZMUOU_TfpZ81XRT0zsl5Q\/p.jpeg\" alt=\"Peter Sposito Studio_Ganador MBFTalent feb 2024_10.JPG\" \/><\/p>\n<p>La propuesta del <span class=\"markccndgyxah\" data-markjs=\"true\" data-ogac=\"\" data-ogab=\"\" data-ogsc=\"\" data-ogsb=\"\">Peter<\/span>\u00a0<span class=\"markiap0ik8pu\" data-markjs=\"true\" data-ogac=\"\" data-ogab=\"\" data-ogsc=\"\" data-ogsb=\"\">Sposito<\/span>\u00a0Studio\u00a0<strong>se sumerge en la<\/strong>\u00a0<strong>esencia de la vida<\/strong>: nacer, crecer, adaptarse y morir, representando estas etapas a trav\u00e9s de las estaciones del a\u00f1o.\u00a0Cada prenda cuenta una historia \u00fanica\u00a0con el objetivo de\u00a0<strong>saborear cada momento<\/strong>, valorando los peque\u00f1os detalles, el afecto y la libertad, animando a ser la mejor versi\u00f3n de uno mismo.<\/p>\n<p><img decoding=\"async\" src=\"https:\/\/ucac697689a878045ab7cac82fdf.previews.dropboxusercontent.com\/p\/thumb\/ACKI4gXComF6MpzRzaZnCacLl-YH6w3j4IJGZxGt3ox3-BRTfQ3lKHKbCjR7m4jrCeBmG1dLxvRiNIylBNATDf5KxSi5uRkB2EYIFJYdHrrkbrlXj5d-nC3sedJcetsIi8siDLw6iP67CJaUId5bteAhJOtoI4TroAP5bSo3FmB-XvAnlmF6A_HnInEbKN932xQjvTk3KLTu9Gnf4q2deEUihHCc0VYOkojn5yvx0jrqhtYQephJ-ISfZARvUMT_9THZWgTmGxYw2qmqS-FeXr4C4EgAFaVagmf53MwsfFcTKArDC2QTBFNEqOW7Es7tmtwcCmzueDE8-bf4bu3KxqFyqi9GQZKhoVLv5ccXlWr1AtSy6Qd7S9KNxpGBhl8nAXHmAa5d8I5nEsHn5D5Bu38MS6e6twHsJmMcM3_O8gWr_g\/p.jpeg\" alt=\"Peter Sposito Studio_Ganador MBFTalent feb 2024_5.JPG\" \/><br aria-hidden=\"true\" \/><br aria-hidden=\"true\" \/><span class=\"markccndgyxah\" data-markjs=\"true\" data-ogac=\"\" data-ogab=\"\" data-ogsc=\"\" data-ogsb=\"\">Peter<\/span>\u00a0<span class=\"markiap0ik8pu\" data-markjs=\"true\" data-ogac=\"\" data-ogab=\"\" data-ogsc=\"\" data-ogsb=\"\">Sposito<\/span>\u00a0Studio se suma as\u00ed a la cantera de ganadores de Mercedes-Benz Fashion Talent y pr\u00f3ximamente podr\u00e1\u00a0<strong>desfilar en Mercedes-Benz Fashion Week M\u00e9xico<\/strong>, pasarela que ya han conquistado antiguos vencedores de este certamen como\u00a0<strong>Pepa Salazar<\/strong>\u00a0(2013) y\u00a0<strong>Aitorgoikoetxea<\/strong>\u00a0(2023).<\/p>\n<p><img decoding=\"async\" src=\"https:\/\/ucb9eade8d4a251203b745a9673d.previews.dropboxusercontent.com\/p\/thumb\/ACI0o9t9o6fRoVDRu01DFOdW3alboYZfGdVhBVvJIelBFgVwUjMxmT3bc_vnvhWYYdK507q3JSToVuqWUG9rfg_I0GPTkW2UOxFukXfJrIChmoA1D_I_MLVAZg_7XP6Z8xWFjzaG8a_YzivECZ67_pVitWgr4lTqihfX8DIyhEcoE1gWZ287Rskr25WP0R69_chXUJsbw4_dLT7uNQU8b9hJViGq41FqSseZecEupcyh2kgkNjurocmBcwuW-wG453-knkgZOMfK0PkNaekekqUTDWVaoAwZJB8w541NizRAoKmlYG63UtqAuipf7LvHotcBchm5qzsFDM_VK1T61gNGm0QvgPZLt2Ou5Nw6DGeIqAnwxP7CAE4DqBLdW3QYPiCAmsQabAwmKuxRV9oQDCHiaKgOdLLrUv41MrtwUOStXg\/p.jpeg\" alt=\"Peter Sposito Studio_Ganador MBFTalent feb 2024_2.JPG\" \/><br aria-hidden=\"true\" \/><br aria-hidden=\"true\" \/>La jornada dedicada al talento emergente ha culminado con el desfile de\u00a0<strong>Toronero<\/strong>, la firma internacional invitada proveniente de\u00a0<strong>MBFWM\u00e9xico<\/strong>, que ha presentado\u00a0sus dise\u00f1os western\u00a0con inclusiones de elementos urbanos.<strong>\u00a0<\/strong><\/p>\n<p><em>*Im\u00e1genes: cortes\u00eda<\/em><\/p>\n","protected":false},"author":11653,"featured_media":174732,"template":"","format":"standard","categories":[],"acf":[],"yoast_head":"<!-- This site is optimized with the Yoast SEO Premium plugin v18.5 (Yoast SEO v20.4) - https:\/\/yoast.com\/wordpress\/plugins\/seo\/ -->\n<title>Peter Sposito Studio gana el Mercedes-Benz Fashion Talent<\/title>\n<meta name=\"description\" content=\"El dise\u00f1ador se ha alzado con el premio a la\u00a0mejor colecci\u00f3n emergente\u00a0y pr\u00f3ximamente podr\u00e1\u00a0desfilar en Mercedes-Benz Fashion Week M\u00e9xico.\" \/>\n<meta name=\"robots\" content=\"index, follow, max-snippet:-1, max-image-preview:large, max-video-preview:-1\" \/>\n<link rel=\"canonical\" href=\"https:\/\/graziamagazine.com\/es\/articles\/peter-sposito-studio-gana-el-premio-mercedes-benz-fashion-talent\/\" \/>\n<meta property=\"og:locale\" content=\"es_ES\" \/>\n<meta property=\"og:type\" content=\"article\" \/>\n<meta property=\"og:title\" content=\"Peter Sposito Studio gana el premio Mercedes-Benz Fashion Talent\" \/>\n<meta property=\"og:description\" content=\"El dise\u00f1ador se ha alzado con el premio a la\u00a0mejor colecci\u00f3n emergente\u00a0y pr\u00f3ximamente podr\u00e1\u00a0desfilar en Mercedes-Benz Fashion Week M\u00e9xico.\" \/>\n<meta property=\"og:url\" content=\"https:\/\/graziamagazine.com\/es\/articles\/peter-sposito-studio-gana-el-premio-mercedes-benz-fashion-talent\/\" \/>\n<meta property=\"og:site_name\" content=\"Grazia\" \/>\n<meta property=\"og:image\" content=\"https:\/\/graziamagazine.com\/es\/wp-content\/uploads\/sites\/12\/2024\/02\/0d4236f5-3269-100f-35b9-8a0cc4bd6e12-1024x682.png\" \/>\n\t<meta property=\"og:image:width\" content=\"1024\" \/>\n\t<meta property=\"og:image:height\" content=\"682\" \/>\n\t<meta property=\"og:image:type\" content=\"image\/png\" \/>\n<meta name=\"twitter:card\" content=\"summary_large_image\" \/>\n<meta name=\"twitter:label1\" content=\"Est. reading time\" \/>\n\t<meta name=\"twitter:data1\" content=\"3 minutos\" \/>\n<script type=\"application\/ld+json\" class=\"yoast-schema-graph\">{\"@context\":\"https:\/\/schema.org\",\"@graph\":[{\"@type\":\"WebPage\",\"@id\":\"https:\/\/graziamagazine.com\/es\/articles\/peter-sposito-studio-gana-el-premio-mercedes-benz-fashion-talent\/\",\"url\":\"https:\/\/graziamagazine.com\/es\/articles\/peter-sposito-studio-gana-el-premio-mercedes-benz-fashion-talent\/\",\"name\":\"Peter Sposito Studio gana el Mercedes-Benz Fashion Talent\",\"isPartOf\":{\"@id\":\"https:\/\/graziamagazine.com\/es\/#website\"},\"datePublished\":\"2024-02-19T12:29:12+00:00\",\"dateModified\":\"2024-02-19T12:29:12+00:00\",\"description\":\"El dise\u00f1ador se ha alzado con el premio a la\u00a0mejor colecci\u00f3n emergente\u00a0y pr\u00f3ximamente podr\u00e1\u00a0desfilar en Mercedes-Benz Fashion Week M\u00e9xico.\",\"breadcrumb\":{\"@id\":\"https:\/\/graziamagazine.com\/es\/articles\/peter-sposito-studio-gana-el-premio-mercedes-benz-fashion-talent\/#breadcrumb\"},\"inLanguage\":\"es\",\"potentialAction\":[{\"@type\":\"ReadAction\",\"target\":[\"https:\/\/graziamagazine.com\/es\/articles\/peter-sposito-studio-gana-el-premio-mercedes-benz-fashion-talent\/\"]}]},{\"@type\":\"BreadcrumbList\",\"@id\":\"https:\/\/graziamagazine.com\/es\/articles\/peter-sposito-studio-gana-el-premio-mercedes-benz-fashion-talent\/#breadcrumb\",\"itemListElement\":[{\"@type\":\"ListItem\",\"position\":1,\"name\":\"Portada\",\"item\":\"https:\/\/graziamagazine.com\/es\/\"},{\"@type\":\"ListItem\",\"position\":2,\"name\":\"Peter Sposito Studio gana el premio Mercedes-Benz Fashion Talent\"}]},{\"@type\":\"WebSite\",\"@id\":\"https:\/\/graziamagazine.com\/es\/#website\",\"url\":\"https:\/\/graziamagazine.com\/es\/\",\"name\":\"Grazia\",\"description\":\"Moda, belleza, celebrities, estilo de vida...\",\"potentialAction\":[{\"@type\":\"SearchAction\",\"target\":{\"@type\":\"EntryPoint\",\"urlTemplate\":\"https:\/\/graziamagazine.com\/es\/?s={search_term_string}\"},\"query-input\":\"required name=search_term_string\"}],\"inLanguage\":\"es\"}]}<\/script>\n<!-- \/ Yoast SEO Premium plugin. -->","yoast_head_json":{"title":"Peter Sposito Studio gana el Mercedes-Benz Fashion Talent","description":"El dise\u00f1ador se ha alzado con el premio a la\u00a0mejor colecci\u00f3n emergente\u00a0y pr\u00f3ximamente podr\u00e1\u00a0desfilar en Mercedes-Benz Fashion Week M\u00e9xico.","robots":{"index":"index","follow":"follow","max-snippet":"max-snippet:-1","max-image-preview":"max-image-preview:large","max-video-preview":"max-video-preview:-1"},"canonical":"https:\/\/graziamagazine.com\/es\/articles\/peter-sposito-studio-gana-el-premio-mercedes-benz-fashion-talent\/","og_locale":"es_ES","og_type":"article","og_title":"Peter Sposito Studio gana el premio Mercedes-Benz Fashion Talent","og_description":"El dise\u00f1ador se ha alzado con el premio a la\u00a0mejor colecci\u00f3n emergente\u00a0y pr\u00f3ximamente podr\u00e1\u00a0desfilar en Mercedes-Benz Fashion Week M\u00e9xico.","og_url":"https:\/\/graziamagazine.com\/es\/articles\/peter-sposito-studio-gana-el-premio-mercedes-benz-fashion-talent\/","og_site_name":"Grazia","og_image":[{"width":1024,"height":682,"url":"https:\/\/graziamagazine.com\/es\/wp-content\/uploads\/sites\/12\/2024\/02\/0d4236f5-3269-100f-35b9-8a0cc4bd6e12-1024x682.png","type":"image\/png"}],"twitter_card":"summary_large_image","twitter_misc":{"Est. reading time":"3 minutos"},"schema":{"@context":"https:\/\/schema.org","@graph":[{"@type":"WebPage","@id":"https:\/\/graziamagazine.com\/es\/articles\/peter-sposito-studio-gana-el-premio-mercedes-benz-fashion-talent\/","url":"https:\/\/graziamagazine.com\/es\/articles\/peter-sposito-studio-gana-el-premio-mercedes-benz-fashion-talent\/","name":"Peter Sposito Studio gana el Mercedes-Benz Fashion Talent","isPartOf":{"@id":"https:\/\/graziamagazine.com\/es\/#website"},"datePublished":"2024-02-19T12:29:12+00:00","dateModified":"2024-02-19T12:29:12+00:00","description":"El dise\u00f1ador se ha alzado con el premio a la\u00a0mejor colecci\u00f3n emergente\u00a0y pr\u00f3ximamente podr\u00e1\u00a0desfilar en Mercedes-Benz Fashion Week M\u00e9xico.","breadcrumb":{"@id":"https:\/\/graziamagazine.com\/es\/articles\/peter-sposito-studio-gana-el-premio-mercedes-benz-fashion-talent\/#breadcrumb"},"inLanguage":"es","potentialAction":[{"@type":"ReadAction","target":["https:\/\/graziamagazine.com\/es\/articles\/peter-sposito-studio-gana-el-premio-mercedes-benz-fashion-talent\/"]}]},{"@type":"BreadcrumbList","@id":"https:\/\/graziamagazine.com\/es\/articles\/peter-sposito-studio-gana-el-premio-mercedes-benz-fashion-talent\/#breadcrumb","itemListElement":[{"@type":"ListItem","position":1,"name":"Portada","item":"https:\/\/graziamagazine.com\/es\/"},{"@type":"ListItem","position":2,"name":"Peter Sposito Studio gana el premio Mercedes-Benz Fashion Talent"}]},{"@type":"WebSite","@id":"https:\/\/graziamagazine.com\/es\/#website","url":"https:\/\/graziamagazine.com\/es\/","name":"Grazia","description":"Moda, belleza, celebrities, estilo de vida...","potentialAction":[{"@type":"SearchAction","target":{"@type":"EntryPoint","urlTemplate":"https:\/\/graziamagazine.com\/es\/?s={search_term_string}"},"query-input":"required name=search_term_string"}],"inLanguage":"es"}]}},"jetpack_sharing_enabled":true,"distributor_meta":false,"distributor_terms":false,"distributor_media":false,"distributor_original_site_name":"Grazia","distributor_original_site_url":"https:\/\/graziamagazine.com\/es","push-errors":false,"_links":{"self":[{"href":"https:\/\/graziamagazine.com\/es\/wp-json\/wp\/v2\/articles\/174731"}],"collection":[{"href":"https:\/\/graziamagazine.com\/es\/wp-json\/wp\/v2\/articles"}],"about":[{"href":"https:\/\/graziamagazine.com\/es\/wp-json\/wp\/v2\/types\/articles"}],"author":[{"embeddable":true,"href":"https:\/\/graziamagazine.com\/es\/wp-json\/wp\/v2\/users\/11653"}],"wp:featuredmedia":[{"embeddable":true,"href":"https:\/\/graziamagazine.com\/es\/wp-json\/wp\/v2\/media\/174732"}],"wp:attachment":[{"href":"https:\/\/graziamagazine.com\/es\/wp-json\/wp\/v2\/media?parent=174731"}],"wp:term":[{"taxonomy":"category","embeddable":true,"href":"https:\/\/graziamagazine.com\/es\/wp-json\/wp\/v2\/categories?post=174731"}],"curies":[{"name":"wp","href":"https:\/\/api.w.org\/{rel}","templated":true}]}}