{"id":174678,"date":"2024-02-21T09:00:37","date_gmt":"2024-02-21T08:00:37","guid":{"rendered":"https:\/\/graziamagazine.com\/es\/?post_type=articles&#038;p=174678"},"modified":"2024-02-21T01:26:14","modified_gmt":"2024-02-21T00:26:14","slug":"la-plancha-de-pelo-que-ya-es-viral-en-redes-llega-a-espana","status":"publish","type":"articles","link":"https:\/\/graziamagazine.com\/es\/articles\/la-plancha-de-pelo-que-ya-es-viral-en-redes-llega-a-espana\/","title":{"rendered":"La plancha de pelo que ya es viral en redes llega a Espa\u00f1a"},"content":{"rendered":"<p>Las herramientas de peinado son cada vez m\u00e1s populares, y las redes sociales est\u00e1n llenas de v\u00eddeos en donde nos muestran c\u00f3mo usarlas y sacar el m\u00e1ximo partido. Conseguir un pelo seco, liso, cuidado y brillante en minutos ahora es posible y todo gracias a una nueva plancha que ya ha llegado a Espa\u00f1a y que puedes comprar online.<\/p>\n<p>Hace unos meses se anunci\u00f3 su llegada al mercado, y desde entonces no hay momento que uno entre a las redes que no la vea por todos lados cre\u00e1ndonos una necesidad. <strong>Se llama Dyson Airstrait<\/strong> y hemos ca\u00eddo rendidas a sus encantos. Y es que, se acab\u00f3 eso de tener que secarse el pelo primero y despu\u00e9s pasarse la plancha, no no, ahora con esta herramienta todo se hace a la vez, algo que hace que ahorres tiempo y tu pelo est\u00e9 m\u00e1s cuidado.<\/p>\n<p><img decoding=\"async\" src=\"https:\/\/i.ebayimg.com\/images\/g\/bSAAAOSwRFpkYg9H\/s-l1200.webp\" alt=\"NEW Dyson Airstrait Powerful LCD Hair Straightener Nickel Copper 120v 1600 Watts | eBay\" \/><\/p>\n<blockquote><p>Dise\u00f1ada para diferentes tipos de pelo, es capaz de conseguir un acabado liso natural, con cuerpo y movimiento, manteniendo la fuerza y el aspecto saludable del cabello<\/p><\/blockquote>\n<h3>\u00bfqu\u00e9 la ha hecho viral?<\/h3>\n<ul>\n<li>Por un lado<strong> los brazos de la m\u00e1quina<\/strong>, que contienen dos aberturas que impulsan el flujo de aire. Si se cierra, puede servir como secador, y al abrirla hace las veces de plancha, pero con una potencia que permite ir secando el pelo a medida que se va alisando.<\/li>\n<\/ul>\n<blockquote class=\"instagram-media\" data-instgrm-captioned data-instgrm-permalink=\"https:\/\/www.instagram.com\/reel\/C3ABRyuIybO\/?utm_source=ig_embed&amp;utm_campaign=loading\" data-instgrm-version=\"14\" style=\" background:#FFF; border:0; border-radius:3px; box-shadow:0 0 1px 0 rgba(0,0,0,0.5),0 1px 10px 0 rgba(0,0,0,0.15); margin: 1px; max-width:500px; min-width:326px; padding:0; width:99.375%; width:-webkit-calc(100% - 2px); width:calc(100% - 2px);\">\n<div style=\"padding:16px;\"> <a href=\"https:\/\/www.instagram.com\/reel\/C3ABRyuIybO\/?utm_source=ig_embed&amp;utm_campaign=loading\" style=\" background:#FFFFFF; line-height:0; padding:0 0; text-align:center; text-decoration:none; width:100%;\" target=\"_blank\"> <\/p>\n<div style=\" display: flex; flex-direction: row; align-items: center;\">\n<div style=\"background-color: #F4F4F4; border-radius: 50%; flex-grow: 0; height: 40px; margin-right: 14px; width: 40px;\"><\/div>\n<div style=\"display: flex; flex-direction: column; flex-grow: 1; justify-content: center;\">\n<div style=\" background-color: #F4F4F4; border-radius: 4px; flex-grow: 0; height: 14px; margin-bottom: 6px; width: 100px;\"><\/div>\n<div style=\" background-color: #F4F4F4; border-radius: 4px; flex-grow: 0; height: 14px; width: 60px;\"><\/div>\n<\/div>\n<\/div>\n<div style=\"padding: 19% 0;\"><\/div>\n<div style=\"display:block; height:50px; margin:0 auto 12px; width:50px;\"><svg width=\"50px\" height=\"50px\" viewBox=\"0 0 60 60\" version=\"1.1\" xmlns=\"https:\/\/www.w3.org\/2000\/svg\" xmlns:xlink=\"https:\/\/www.w3.org\/1999\/xlink\"><g stroke=\"none\" stroke-width=\"1\" fill=\"none\" fill-rule=\"evenodd\"><g transform=\"translate(-511.000000, -20.000000)\" fill=\"#000000\"><g><path d=\"M556.869,30.41 C554.814,30.41 553.148,32.076 553.148,34.131 C553.148,36.186 554.814,37.852 556.869,37.852 C558.924,37.852 560.59,36.186 560.59,34.131 C560.59,32.076 558.924,30.41 556.869,30.41 M541,60.657 C535.114,60.657 530.342,55.887 530.342,50 C530.342,44.114 535.114,39.342 541,39.342 C546.887,39.342 551.658,44.114 551.658,50 C551.658,55.887 546.887,60.657 541,60.657 M541,33.886 C532.1,33.886 524.886,41.1 524.886,50 C524.886,58.899 532.1,66.113 541,66.113 C549.9,66.113 557.115,58.899 557.115,50 C557.115,41.1 549.9,33.886 541,33.886 M565.378,62.101 C565.244,65.022 564.756,66.606 564.346,67.663 C563.803,69.06 563.154,70.057 562.106,71.106 C561.058,72.155 560.06,72.803 558.662,73.347 C557.607,73.757 556.021,74.244 553.102,74.378 C549.944,74.521 548.997,74.552 541,74.552 C533.003,74.552 532.056,74.521 528.898,74.378 C525.979,74.244 524.393,73.757 523.338,73.347 C521.94,72.803 520.942,72.155 519.894,71.106 C518.846,70.057 518.197,69.06 517.654,67.663 C517.244,66.606 516.755,65.022 516.623,62.101 C516.479,58.943 516.448,57.996 516.448,50 C516.448,42.003 516.479,41.056 516.623,37.899 C516.755,34.978 517.244,33.391 517.654,32.338 C518.197,30.938 518.846,29.942 519.894,28.894 C520.942,27.846 521.94,27.196 523.338,26.654 C524.393,26.244 525.979,25.756 528.898,25.623 C532.057,25.479 533.004,25.448 541,25.448 C548.997,25.448 549.943,25.479 553.102,25.623 C556.021,25.756 557.607,26.244 558.662,26.654 C560.06,27.196 561.058,27.846 562.106,28.894 C563.154,29.942 563.803,30.938 564.346,32.338 C564.756,33.391 565.244,34.978 565.378,37.899 C565.522,41.056 565.552,42.003 565.552,50 C565.552,57.996 565.522,58.943 565.378,62.101 M570.82,37.631 C570.674,34.438 570.167,32.258 569.425,30.349 C568.659,28.377 567.633,26.702 565.965,25.035 C564.297,23.368 562.623,22.342 560.652,21.575 C558.743,20.834 556.562,20.326 553.369,20.18 C550.169,20.033 549.148,20 541,20 C532.853,20 531.831,20.033 528.631,20.18 C525.438,20.326 523.257,20.834 521.349,21.575 C519.376,22.342 517.703,23.368 516.035,25.035 C514.368,26.702 513.342,28.377 512.574,30.349 C511.834,32.258 511.326,34.438 511.181,37.631 C511.035,40.831 511,41.851 511,50 C511,58.147 511.035,59.17 511.181,62.369 C511.326,65.562 511.834,67.743 512.574,69.651 C513.342,71.625 514.368,73.296 516.035,74.965 C517.703,76.634 519.376,77.658 521.349,78.425 C523.257,79.167 525.438,79.673 528.631,79.82 C531.831,79.965 532.853,80.001 541,80.001 C549.148,80.001 550.169,79.965 553.369,79.82 C556.562,79.673 558.743,79.167 560.652,78.425 C562.623,77.658 564.297,76.634 565.965,74.965 C567.633,73.296 568.659,71.625 569.425,69.651 C570.167,67.743 570.674,65.562 570.82,62.369 C570.966,59.17 571,58.147 571,50 C571,41.851 570.966,40.831 570.82,37.631\"><\/path><\/g><\/g><\/g><\/svg><\/div>\n<div style=\"padding-top: 8px;\">\n<div style=\" color:#3897f0; font-family:Arial,sans-serif; font-size:14px; font-style:normal; font-weight:550; line-height:18px;\">View this post on Instagram<\/div>\n<\/div>\n<div style=\"padding: 12.5% 0;\"><\/div>\n<div style=\"display: flex; flex-direction: row; margin-bottom: 14px; align-items: center;\">\n<div>\n<div style=\"background-color: #F4F4F4; border-radius: 50%; height: 12.5px; width: 12.5px; transform: translateX(0px) translateY(7px);\"><\/div>\n<div style=\"background-color: #F4F4F4; height: 12.5px; transform: rotate(-45deg) translateX(3px) translateY(1px); width: 12.5px; flex-grow: 0; margin-right: 14px; margin-left: 2px;\"><\/div>\n<div style=\"background-color: #F4F4F4; border-radius: 50%; height: 12.5px; width: 12.5px; transform: translateX(9px) translateY(-18px);\"><\/div>\n<\/div>\n<div style=\"margin-left: 8px;\">\n<div style=\" background-color: #F4F4F4; border-radius: 50%; flex-grow: 0; height: 20px; width: 20px;\"><\/div>\n<div style=\" width: 0; height: 0; border-top: 2px solid transparent; border-left: 6px solid #f4f4f4; border-bottom: 2px solid transparent; transform: translateX(16px) translateY(-4px) rotate(30deg)\"><\/div>\n<\/div>\n<div style=\"margin-left: auto;\">\n<div style=\" width: 0px; border-top: 8px solid #F4F4F4; border-right: 8px solid transparent; transform: translateY(16px);\"><\/div>\n<div style=\" background-color: #F4F4F4; flex-grow: 0; height: 12px; width: 16px; transform: translateY(-4px);\"><\/div>\n<div style=\" width: 0; height: 0; border-top: 8px solid #F4F4F4; border-left: 8px solid transparent; transform: translateY(-4px) translateX(8px);\"><\/div>\n<\/div>\n<\/div>\n<div style=\"display: flex; flex-direction: column; flex-grow: 1; justify-content: center; margin-bottom: 24px;\">\n<div style=\" background-color: #F4F4F4; border-radius: 4px; flex-grow: 0; height: 14px; margin-bottom: 6px; width: 224px;\"><\/div>\n<div style=\" background-color: #F4F4F4; border-radius: 4px; flex-grow: 0; height: 14px; width: 144px;\"><\/div>\n<\/div>\n<p><\/a><\/p>\n<p style=\" color:#c9c8cd; font-family:Arial,sans-serif; font-size:14px; line-height:17px; margin-bottom:0; margin-top:8px; overflow:hidden; padding:8px 0 7px; text-align:center; text-overflow:ellipsis; white-space:nowrap;\"><a href=\"https:\/\/www.instagram.com\/reel\/C3ABRyuIybO\/?utm_source=ig_embed&amp;utm_campaign=loading\" style=\" color:#c9c8cd; font-family:Arial,sans-serif; font-size:14px; font-style:normal; font-weight:normal; line-height:17px; text-decoration:none;\" target=\"_blank\" target=\"_blank\">A post shared by Victoria Magrath (@victoria)<\/a><\/p>\n<\/div>\n<\/blockquote>\n<p><script async src=\"\/\/platform.instagram.com\/en_US\/embeds.js\"><\/script><\/p>\n<ul>\n<li>Por otro lado est\u00e1 su<strong> tecnolog\u00eda Airflow<\/strong>, un flujo de aire concentrado. A lo largo de los brazos de la herramienta hay dos aberturas de 1,5 mm, por donde pasa el flujo de aire, creando dos corrientes de aire descendentes de alta velocidad.<\/li>\n<li>Esta herramienta <strong>incorpora un control inteligente del calor<\/strong>, gracias a sus termistores de perlas de vidrio, que miden la temperatura del flujo de aire y env\u00edan estos datos al microprocesador que garantiza que el flujo de aire no supere la temperatura requerida.<\/li>\n<\/ul>\n<p><img loading=\"lazy\" decoding=\"async\" class=\"aligncenter size-full wp-image-174779\" src=\"https:\/\/graziamagazine.com\/es\/wp-content\/uploads\/sites\/12\/2024\/02\/YDRAY-HS06_DKBLBCO_001-qq-RGB-BackUnderside-OPEN-A4_W-scaled-e1708474093191.jpg\" alt=\"\" width=\"2560\" height=\"767\" srcset=\"https:\/\/graziamagazine.com\/es\/wp-content\/uploads\/sites\/12\/2024\/02\/YDRAY-HS06_DKBLBCO_001-qq-RGB-BackUnderside-OPEN-A4_W-scaled-e1708474093191.jpg 2560w, https:\/\/graziamagazine.com\/es\/wp-content\/uploads\/sites\/12\/2024\/02\/YDRAY-HS06_DKBLBCO_001-qq-RGB-BackUnderside-OPEN-A4_W-scaled-e1708474093191-300x90.jpg 300w, https:\/\/graziamagazine.com\/es\/wp-content\/uploads\/sites\/12\/2024\/02\/YDRAY-HS06_DKBLBCO_001-qq-RGB-BackUnderside-OPEN-A4_W-scaled-e1708474093191-1024x307.jpg 1024w, https:\/\/graziamagazine.com\/es\/wp-content\/uploads\/sites\/12\/2024\/02\/YDRAY-HS06_DKBLBCO_001-qq-RGB-BackUnderside-OPEN-A4_W-scaled-e1708474093191-768x230.jpg 768w, https:\/\/graziamagazine.com\/es\/wp-content\/uploads\/sites\/12\/2024\/02\/YDRAY-HS06_DKBLBCO_001-qq-RGB-BackUnderside-OPEN-A4_W-scaled-e1708474093191-1536x460.jpg 1536w, https:\/\/graziamagazine.com\/es\/wp-content\/uploads\/sites\/12\/2024\/02\/YDRAY-HS06_DKBLBCO_001-qq-RGB-BackUnderside-OPEN-A4_W-scaled-e1708474093191-2048x614.jpg 2048w, https:\/\/graziamagazine.com\/es\/wp-content\/uploads\/sites\/12\/2024\/02\/YDRAY-HS06_DKBLBCO_001-qq-RGB-BackUnderside-OPEN-A4_W-scaled-e1708474093191-400x120.jpg 400w, https:\/\/graziamagazine.com\/es\/wp-content\/uploads\/sites\/12\/2024\/02\/YDRAY-HS06_DKBLBCO_001-qq-RGB-BackUnderside-OPEN-A4_W-scaled-e1708474093191-155x46.jpg 155w\" sizes=\"(max-width: 2560px) 100vw, 2560px\" \/><\/p>\n<h3><strong>Dos modos de peinado<\/strong><\/h3>\n<p>Otra cosa que nos ha encantado es que se puede elegir el modo de peinado. Puede ser \u00abMojado\u00bb o \u00abSeco\u00bb, dos modos que ya vienen preajustados, aunque se puede ir eligiendo diferentes temperaturas. y tambi\u00e9n hay un modo \u00abFr\u00edo\u00bb.\u00a0Adem\u00e1s, el flujo de aire se puede controlar con dos ajustes diferentes, uno bajo y uno alto, y cuenta tambi\u00e9n con un modo para secar la zona de la ra\u00edz. No te preocupes porque todo est\u00e1 perfectamente indicado en los botones laterales.<\/p>\n<p><img loading=\"lazy\" decoding=\"async\" class=\"aligncenter wp-image-174780\" src=\"https:\/\/graziamagazine.com\/es\/wp-content\/uploads\/sites\/12\/2024\/02\/408202-01-scaled-e1708474166367-877x1024.jpeg\" alt=\"\" width=\"600\" height=\"701\" srcset=\"https:\/\/graziamagazine.com\/es\/wp-content\/uploads\/sites\/12\/2024\/02\/408202-01-scaled-e1708474166367-877x1024.jpeg 877w, https:\/\/graziamagazine.com\/es\/wp-content\/uploads\/sites\/12\/2024\/02\/408202-01-scaled-e1708474166367-257x300.jpeg 257w, https:\/\/graziamagazine.com\/es\/wp-content\/uploads\/sites\/12\/2024\/02\/408202-01-scaled-e1708474166367-768x897.jpeg 768w, https:\/\/graziamagazine.com\/es\/wp-content\/uploads\/sites\/12\/2024\/02\/408202-01-scaled-e1708474166367-1315x1536.jpeg 1315w, https:\/\/graziamagazine.com\/es\/wp-content\/uploads\/sites\/12\/2024\/02\/408202-01-scaled-e1708474166367-400x467.jpeg 400w, https:\/\/graziamagazine.com\/es\/wp-content\/uploads\/sites\/12\/2024\/02\/408202-01-scaled-e1708474166367-155x181.jpeg 155w, https:\/\/graziamagazine.com\/es\/wp-content\/uploads\/sites\/12\/2024\/02\/408202-01-scaled-e1708474166367.jpeg 1604w\" sizes=\"(max-width: 600px) 100vw, 600px\" \/><\/p>\n<p>A partir del 6 de marzo estar\u00e1 disponible en tiendas f\u00edsicas, pero desde ya mismo puedes comprarla <a href=\"https:\/\/www.dyson.es\/cuidado-del-cabello\/plancha-secador-de-pelo\/airstrait\/azul-de-prusia-cobre\" target=\"_blank\">en la web de Dyson a un precio de 499 euros<\/a>. Puedes elegir el modelo en azul y cobre o el de n\u00edquel y cobre.<\/p>\n<p>*Im\u00e1genes:<\/p>\n","protected":false},"author":11653,"featured_media":174778,"template":"","format":"standard","categories":[7],"acf":[],"yoast_head":"<!-- This site is optimized with the Yoast SEO Premium plugin v18.5 (Yoast SEO v20.4) - https:\/\/yoast.com\/wordpress\/plugins\/seo\/ -->\n<title>La plancha de pelo que ya es viral en redes llega a Espa\u00f1a | Grazia<\/title>\n<meta name=\"description\" content=\"Esta nueva herramienta capilar seca y alisa el cabello de manera simult\u00e1nea, con un acabado suave y brillante y sin placas calientes.\" \/>\n<meta name=\"robots\" content=\"index, follow, max-snippet:-1, max-image-preview:large, max-video-preview:-1\" \/>\n<link rel=\"canonical\" href=\"https:\/\/graziamagazine.com\/es\/articles\/la-plancha-de-pelo-que-ya-es-viral-en-redes-llega-a-espana\/\" \/>\n<meta property=\"og:locale\" content=\"es_ES\" \/>\n<meta property=\"og:type\" content=\"article\" \/>\n<meta property=\"og:title\" content=\"La plancha de pelo que ya es viral en redes llega a Espa\u00f1a\" \/>\n<meta property=\"og:description\" content=\"Esta nueva herramienta capilar seca y alisa el cabello de manera simult\u00e1nea, con un acabado suave y brillante y sin placas calientes.\" \/>\n<meta property=\"og:url\" content=\"https:\/\/graziamagazine.com\/es\/articles\/la-plancha-de-pelo-que-ya-es-viral-en-redes-llega-a-espana\/\" \/>\n<meta property=\"og:site_name\" content=\"Grazia\" \/>\n<meta property=\"article:modified_time\" content=\"2024-02-21T00:26:14+00:00\" \/>\n<meta property=\"og:image\" content=\"https:\/\/graziamagazine.com\/es\/wp-content\/uploads\/sites\/12\/2024\/02\/26a52dbf-e641-2452-9305-e84950cc85e2-scaled-e1708475143772.jpg\" \/>\n\t<meta property=\"og:image:width\" content=\"2086\" \/>\n\t<meta property=\"og:image:height\" content=\"1676\" \/>\n\t<meta property=\"og:image:type\" content=\"image\/jpeg\" \/>\n<meta name=\"twitter:card\" content=\"summary_large_image\" \/>\n<meta name=\"twitter:label1\" content=\"Est. reading time\" \/>\n\t<meta name=\"twitter:data1\" content=\"3 minutos\" \/>\n<script type=\"application\/ld+json\" class=\"yoast-schema-graph\">{\"@context\":\"https:\/\/schema.org\",\"@graph\":[{\"@type\":\"WebPage\",\"@id\":\"https:\/\/graziamagazine.com\/es\/articles\/la-plancha-de-pelo-que-ya-es-viral-en-redes-llega-a-espana\/\",\"url\":\"https:\/\/graziamagazine.com\/es\/articles\/la-plancha-de-pelo-que-ya-es-viral-en-redes-llega-a-espana\/\",\"name\":\"La plancha de pelo que ya es viral en redes llega a Espa\u00f1a | Grazia\",\"isPartOf\":{\"@id\":\"https:\/\/graziamagazine.com\/es\/#website\"},\"datePublished\":\"2024-02-21T08:00:37+00:00\",\"dateModified\":\"2024-02-21T00:26:14+00:00\",\"description\":\"Esta nueva herramienta capilar seca y alisa el cabello de manera simult\u00e1nea, con un acabado suave y brillante y sin placas calientes.\",\"breadcrumb\":{\"@id\":\"https:\/\/graziamagazine.com\/es\/articles\/la-plancha-de-pelo-que-ya-es-viral-en-redes-llega-a-espana\/#breadcrumb\"},\"inLanguage\":\"es\",\"potentialAction\":[{\"@type\":\"ReadAction\",\"target\":[\"https:\/\/graziamagazine.com\/es\/articles\/la-plancha-de-pelo-que-ya-es-viral-en-redes-llega-a-espana\/\"]}]},{\"@type\":\"BreadcrumbList\",\"@id\":\"https:\/\/graziamagazine.com\/es\/articles\/la-plancha-de-pelo-que-ya-es-viral-en-redes-llega-a-espana\/#breadcrumb\",\"itemListElement\":[{\"@type\":\"ListItem\",\"position\":1,\"name\":\"Portada\",\"item\":\"https:\/\/graziamagazine.com\/es\/\"},{\"@type\":\"ListItem\",\"position\":2,\"name\":\"La plancha de pelo que ya es viral en redes llega a Espa\u00f1a\"}]},{\"@type\":\"WebSite\",\"@id\":\"https:\/\/graziamagazine.com\/es\/#website\",\"url\":\"https:\/\/graziamagazine.com\/es\/\",\"name\":\"Grazia\",\"description\":\"Moda, belleza, celebrities, estilo de vida...\",\"potentialAction\":[{\"@type\":\"SearchAction\",\"target\":{\"@type\":\"EntryPoint\",\"urlTemplate\":\"https:\/\/graziamagazine.com\/es\/?s={search_term_string}\"},\"query-input\":\"required name=search_term_string\"}],\"inLanguage\":\"es\"}]}<\/script>\n<!-- \/ Yoast SEO Premium plugin. -->","yoast_head_json":{"title":"La plancha de pelo que ya es viral en redes llega a Espa\u00f1a | Grazia","description":"Esta nueva herramienta capilar seca y alisa el cabello de manera simult\u00e1nea, con un acabado suave y brillante y sin placas calientes.","robots":{"index":"index","follow":"follow","max-snippet":"max-snippet:-1","max-image-preview":"max-image-preview:large","max-video-preview":"max-video-preview:-1"},"canonical":"https:\/\/graziamagazine.com\/es\/articles\/la-plancha-de-pelo-que-ya-es-viral-en-redes-llega-a-espana\/","og_locale":"es_ES","og_type":"article","og_title":"La plancha de pelo que ya es viral en redes llega a Espa\u00f1a","og_description":"Esta nueva herramienta capilar seca y alisa el cabello de manera simult\u00e1nea, con un acabado suave y brillante y sin placas calientes.","og_url":"https:\/\/graziamagazine.com\/es\/articles\/la-plancha-de-pelo-que-ya-es-viral-en-redes-llega-a-espana\/","og_site_name":"Grazia","article_modified_time":"2024-02-21T00:26:14+00:00","og_image":[{"width":2086,"height":1676,"url":"https:\/\/graziamagazine.com\/es\/wp-content\/uploads\/sites\/12\/2024\/02\/26a52dbf-e641-2452-9305-e84950cc85e2-scaled-e1708475143772.jpg","type":"image\/jpeg"}],"twitter_card":"summary_large_image","twitter_misc":{"Est. reading time":"3 minutos"},"schema":{"@context":"https:\/\/schema.org","@graph":[{"@type":"WebPage","@id":"https:\/\/graziamagazine.com\/es\/articles\/la-plancha-de-pelo-que-ya-es-viral-en-redes-llega-a-espana\/","url":"https:\/\/graziamagazine.com\/es\/articles\/la-plancha-de-pelo-que-ya-es-viral-en-redes-llega-a-espana\/","name":"La plancha de pelo que ya es viral en redes llega a Espa\u00f1a | Grazia","isPartOf":{"@id":"https:\/\/graziamagazine.com\/es\/#website"},"datePublished":"2024-02-21T08:00:37+00:00","dateModified":"2024-02-21T00:26:14+00:00","description":"Esta nueva herramienta capilar seca y alisa el cabello de manera simult\u00e1nea, con un acabado suave y brillante y sin placas calientes.","breadcrumb":{"@id":"https:\/\/graziamagazine.com\/es\/articles\/la-plancha-de-pelo-que-ya-es-viral-en-redes-llega-a-espana\/#breadcrumb"},"inLanguage":"es","potentialAction":[{"@type":"ReadAction","target":["https:\/\/graziamagazine.com\/es\/articles\/la-plancha-de-pelo-que-ya-es-viral-en-redes-llega-a-espana\/"]}]},{"@type":"BreadcrumbList","@id":"https:\/\/graziamagazine.com\/es\/articles\/la-plancha-de-pelo-que-ya-es-viral-en-redes-llega-a-espana\/#breadcrumb","itemListElement":[{"@type":"ListItem","position":1,"name":"Portada","item":"https:\/\/graziamagazine.com\/es\/"},{"@type":"ListItem","position":2,"name":"La plancha de pelo que ya es viral en redes llega a Espa\u00f1a"}]},{"@type":"WebSite","@id":"https:\/\/graziamagazine.com\/es\/#website","url":"https:\/\/graziamagazine.com\/es\/","name":"Grazia","description":"Moda, belleza, celebrities, estilo de vida...","potentialAction":[{"@type":"SearchAction","target":{"@type":"EntryPoint","urlTemplate":"https:\/\/graziamagazine.com\/es\/?s={search_term_string}"},"query-input":"required name=search_term_string"}],"inLanguage":"es"}]}},"jetpack_sharing_enabled":true,"distributor_meta":false,"distributor_terms":false,"distributor_media":false,"distributor_original_site_name":"Grazia","distributor_original_site_url":"https:\/\/graziamagazine.com\/es","push-errors":false,"_links":{"self":[{"href":"https:\/\/graziamagazine.com\/es\/wp-json\/wp\/v2\/articles\/174678"}],"collection":[{"href":"https:\/\/graziamagazine.com\/es\/wp-json\/wp\/v2\/articles"}],"about":[{"href":"https:\/\/graziamagazine.com\/es\/wp-json\/wp\/v2\/types\/articles"}],"author":[{"embeddable":true,"href":"https:\/\/graziamagazine.com\/es\/wp-json\/wp\/v2\/users\/11653"}],"wp:featuredmedia":[{"embeddable":true,"href":"https:\/\/graziamagazine.com\/es\/wp-json\/wp\/v2\/media\/174778"}],"wp:attachment":[{"href":"https:\/\/graziamagazine.com\/es\/wp-json\/wp\/v2\/media?parent=174678"}],"wp:term":[{"taxonomy":"category","embeddable":true,"href":"https:\/\/graziamagazine.com\/es\/wp-json\/wp\/v2\/categories?post=174678"}],"curies":[{"name":"wp","href":"https:\/\/api.w.org\/{rel}","templated":true}]}}