{"id":174552,"date":"2024-02-12T11:09:02","date_gmt":"2024-02-12T10:09:02","guid":{"rendered":"https:\/\/graziamagazine.com\/es\/?post_type=articles&#038;p=174552"},"modified":"2024-02-12T11:09:02","modified_gmt":"2024-02-12T10:09:02","slug":"restaurantes-en-los-que-celebrar-san-valentin","status":"publish","type":"articles","link":"https:\/\/graziamagazine.com\/es\/articles\/restaurantes-en-los-que-celebrar-san-valentin\/","title":{"rendered":"Restaurantes en los que celebrar San Valent\u00edn"},"content":{"rendered":"<p>Dicen que el 14 de febrero es uno de los d\u00edas m\u00e1s rom\u00e1nticos del a\u00f1o y todos sabemos el motivo, San Valent\u00edn. A ver, tenemos claro que el amor se tiene que demostrar durante todo el a\u00f1o y que los detalles tienen que estar presentes cada d\u00eda. Eso s\u00ed, es la fecha perfecta que nos sirve como excusa para poder salir a cenar con la persona que m\u00e1s queremos, nuestra pareja o nuestra mejor amiga.<\/p>\n<p>El tema es celebrar el amor. \u00cdntimo, con show personalizado o con una decoraci\u00f3n espectacular, buscamos una experiencia completa, adem\u00e1s de una carta con platos que complementen una noche perfecta. Son muchas las opciones, y por ese motivo te hacemos una selecci\u00f3n para aut\u00e9nticos foodlovers, con un ambiente a la altura, con la presencia de cupido o no.<\/p>\n<h3>viaje entre per\u00fa y jap\u00f3n: onno<\/h3>\n<p>Es un d\u00eda perfecto para compartir y, tanto su carta como su men\u00fa estrella, <strong>\u2018El Viaje ONNO\u2019<\/strong>, con las opciones perfectas para crear una vivencia entre Per\u00fa y Jap\u00f3n. Saborea dos culturas y hazlo mirando a tu pareja o tu amigo o amiga con un c\u00f3ctel. Para celebrar el amor entre dos continentes, el restaurante regalar\u00e1 flores de Concari, a todos ellos.<\/p>\n<div class=\"content-gallery\"><div class=\"gallery-placeholder\"><div class=\"spinner\"><\/div><\/div><span class=\"gallery-pagination\"><\/span><div id=\"gallery-1\" class=\"gallery galleryid-174552 gallery-columns- gallery-size-\"><figure class=\"gallery-item\"><div class=\"gallery-icon landscape\"><img loading=\"lazy\" decoding=\"async\" width=\"1440\" height=\"1800\" src=\"https:\/\/graziamagazine.com\/es\/wp-content\/uploads\/sites\/12\/2024\/02\/onno.mad-1.jpg\" class=\"lazy\" alt=\"\" srcset=\"https:\/\/graziamagazine.com\/es\/wp-content\/uploads\/sites\/12\/2024\/02\/onno.mad-1.jpg 1440w, https:\/\/graziamagazine.com\/es\/wp-content\/uploads\/sites\/12\/2024\/02\/onno.mad-1-240x300.jpg 240w, https:\/\/graziamagazine.com\/es\/wp-content\/uploads\/sites\/12\/2024\/02\/onno.mad-1-819x1024.jpg 819w, https:\/\/graziamagazine.com\/es\/wp-content\/uploads\/sites\/12\/2024\/02\/onno.mad-1-768x960.jpg 768w, https:\/\/graziamagazine.com\/es\/wp-content\/uploads\/sites\/12\/2024\/02\/onno.mad-1-1229x1536.jpg 1229w, https:\/\/graziamagazine.com\/es\/wp-content\/uploads\/sites\/12\/2024\/02\/onno.mad-1-400x500.jpg 400w, https:\/\/graziamagazine.com\/es\/wp-content\/uploads\/sites\/12\/2024\/02\/onno.mad-1-155x194.jpg 155w\" sizes=\"(max-width: 1440px) 100vw, 1440px\" \/><\/div><\/figure><figure class=\"gallery-item\"><div class=\"gallery-icon landscape\"><img loading=\"lazy\" decoding=\"async\" width=\"1440\" height=\"960\" src=\"https:\/\/graziamagazine.com\/es\/wp-content\/uploads\/sites\/12\/2024\/02\/onno.mad_.jpg\" class=\"lazy\" alt=\"\" srcset=\"https:\/\/graziamagazine.com\/es\/wp-content\/uploads\/sites\/12\/2024\/02\/onno.mad_.jpg 1440w, https:\/\/graziamagazine.com\/es\/wp-content\/uploads\/sites\/12\/2024\/02\/onno.mad_-300x200.jpg 300w, https:\/\/graziamagazine.com\/es\/wp-content\/uploads\/sites\/12\/2024\/02\/onno.mad_-1024x683.jpg 1024w, https:\/\/graziamagazine.com\/es\/wp-content\/uploads\/sites\/12\/2024\/02\/onno.mad_-768x512.jpg 768w, https:\/\/graziamagazine.com\/es\/wp-content\/uploads\/sites\/12\/2024\/02\/onno.mad_-400x267.jpg 400w, https:\/\/graziamagazine.com\/es\/wp-content\/uploads\/sites\/12\/2024\/02\/onno.mad_-155x103.jpg 155w\" sizes=\"(max-width: 1440px) 100vw, 1440px\" \/><\/div><\/figure><\/div><\/div>\n<p><strong>\u00bfD\u00f3nde?<\/strong> Calle de Sagasta 23. Precio medio 35\u20ac<\/p>\n<h3>tora, en plena milla de oro<\/h3>\n<p>Uno de los restaurantes m\u00e1s populares del Barrio de Salamanca, <strong>propone su men\u00fa Omakase<\/strong> para que un d\u00eda hecho para sorprender, termine con la destreza de un h\u00e1bil chef. Si prefieres escoger y crear una experiencia a medida, su carta cuenta con una variedad de platos que representan la esencia de la cocina nipona.<\/p>\n<div class=\"content-gallery\"><div class=\"gallery-placeholder\"><div class=\"spinner\"><\/div><\/div><span class=\"gallery-pagination\"><\/span><div id=\"gallery-2\" class=\"gallery galleryid-174552 gallery-columns- gallery-size-\"><figure class=\"gallery-item\"><div class=\"gallery-icon landscape\"><img loading=\"lazy\" decoding=\"async\" width=\"1440\" height=\"1800\" src=\"https:\/\/graziamagazine.com\/es\/wp-content\/uploads\/sites\/12\/2024\/02\/toraexperience-1.jpg\" class=\"lazy\" alt=\"\" srcset=\"https:\/\/graziamagazine.com\/es\/wp-content\/uploads\/sites\/12\/2024\/02\/toraexperience-1.jpg 1440w, https:\/\/graziamagazine.com\/es\/wp-content\/uploads\/sites\/12\/2024\/02\/toraexperience-1-240x300.jpg 240w, https:\/\/graziamagazine.com\/es\/wp-content\/uploads\/sites\/12\/2024\/02\/toraexperience-1-819x1024.jpg 819w, https:\/\/graziamagazine.com\/es\/wp-content\/uploads\/sites\/12\/2024\/02\/toraexperience-1-768x960.jpg 768w, https:\/\/graziamagazine.com\/es\/wp-content\/uploads\/sites\/12\/2024\/02\/toraexperience-1-1229x1536.jpg 1229w, https:\/\/graziamagazine.com\/es\/wp-content\/uploads\/sites\/12\/2024\/02\/toraexperience-1-400x500.jpg 400w, https:\/\/graziamagazine.com\/es\/wp-content\/uploads\/sites\/12\/2024\/02\/toraexperience-1-155x194.jpg 155w\" sizes=\"(max-width: 1440px) 100vw, 1440px\" \/><\/div><\/figure><figure class=\"gallery-item\"><div class=\"gallery-icon landscape\"><img loading=\"lazy\" decoding=\"async\" width=\"1440\" height=\"1800\" src=\"https:\/\/graziamagazine.com\/es\/wp-content\/uploads\/sites\/12\/2024\/02\/toraexperience.jpg\" class=\"lazy\" alt=\"\" srcset=\"https:\/\/graziamagazine.com\/es\/wp-content\/uploads\/sites\/12\/2024\/02\/toraexperience.jpg 1440w, https:\/\/graziamagazine.com\/es\/wp-content\/uploads\/sites\/12\/2024\/02\/toraexperience-240x300.jpg 240w, https:\/\/graziamagazine.com\/es\/wp-content\/uploads\/sites\/12\/2024\/02\/toraexperience-819x1024.jpg 819w, https:\/\/graziamagazine.com\/es\/wp-content\/uploads\/sites\/12\/2024\/02\/toraexperience-768x960.jpg 768w, https:\/\/graziamagazine.com\/es\/wp-content\/uploads\/sites\/12\/2024\/02\/toraexperience-1229x1536.jpg 1229w, https:\/\/graziamagazine.com\/es\/wp-content\/uploads\/sites\/12\/2024\/02\/toraexperience-400x500.jpg 400w, https:\/\/graziamagazine.com\/es\/wp-content\/uploads\/sites\/12\/2024\/02\/toraexperience-155x194.jpg 155w\" sizes=\"(max-width: 1440px) 100vw, 1440px\" \/><\/div><\/figure><\/div><\/div>\n<p><strong>\u00bfD\u00f3nde?<\/strong> Calle de Padilla 5. Precio medio 80\u20ac<\/p>\n<h3>Directo desde c\u00e1diz: DeAt\u00fan<\/h3>\n<p>Conocido como uno de los lugares de Madrid <strong>especializado en at\u00fan de almadraba,<\/strong> DeAt\u00fan ofrece una ampliaci\u00f3n de carta que bebe de la esencia de la cocina de mercado gaditana. Desde su especialidad en at\u00fan, hasta sus platos t\u00edpicos gaditanos, rememora esas noches de verano en la mejor compa\u00f1\u00eda y crea nuevos recuerdos con aires del sur, sin salir de Madrid.<\/p>\n<div class=\"content-gallery\"><div class=\"gallery-placeholder\"><div class=\"spinner\"><\/div><\/div><span class=\"gallery-pagination\"><\/span><div id=\"gallery-3\" class=\"gallery galleryid-174552 gallery-columns- gallery-size-\"><figure class=\"gallery-item\"><div class=\"gallery-icon landscape\"><img loading=\"lazy\" decoding=\"async\" width=\"1440\" height=\"1800\" src=\"https:\/\/graziamagazine.com\/es\/wp-content\/uploads\/sites\/12\/2024\/02\/restaurantedeatun-1.jpg\" class=\"lazy\" alt=\"\" srcset=\"https:\/\/graziamagazine.com\/es\/wp-content\/uploads\/sites\/12\/2024\/02\/restaurantedeatun-1.jpg 1440w, https:\/\/graziamagazine.com\/es\/wp-content\/uploads\/sites\/12\/2024\/02\/restaurantedeatun-1-240x300.jpg 240w, https:\/\/graziamagazine.com\/es\/wp-content\/uploads\/sites\/12\/2024\/02\/restaurantedeatun-1-819x1024.jpg 819w, https:\/\/graziamagazine.com\/es\/wp-content\/uploads\/sites\/12\/2024\/02\/restaurantedeatun-1-768x960.jpg 768w, https:\/\/graziamagazine.com\/es\/wp-content\/uploads\/sites\/12\/2024\/02\/restaurantedeatun-1-1229x1536.jpg 1229w, https:\/\/graziamagazine.com\/es\/wp-content\/uploads\/sites\/12\/2024\/02\/restaurantedeatun-1-400x500.jpg 400w, https:\/\/graziamagazine.com\/es\/wp-content\/uploads\/sites\/12\/2024\/02\/restaurantedeatun-1-155x194.jpg 155w\" sizes=\"(max-width: 1440px) 100vw, 1440px\" \/><\/div><\/figure><figure class=\"gallery-item\"><div class=\"gallery-icon landscape\"><img loading=\"lazy\" decoding=\"async\" width=\"1440\" height=\"1800\" src=\"https:\/\/graziamagazine.com\/es\/wp-content\/uploads\/sites\/12\/2024\/02\/restaurantedeatun-2.jpg\" class=\"lazy\" alt=\"\" srcset=\"https:\/\/graziamagazine.com\/es\/wp-content\/uploads\/sites\/12\/2024\/02\/restaurantedeatun-2.jpg 1440w, https:\/\/graziamagazine.com\/es\/wp-content\/uploads\/sites\/12\/2024\/02\/restaurantedeatun-2-240x300.jpg 240w, https:\/\/graziamagazine.com\/es\/wp-content\/uploads\/sites\/12\/2024\/02\/restaurantedeatun-2-819x1024.jpg 819w, https:\/\/graziamagazine.com\/es\/wp-content\/uploads\/sites\/12\/2024\/02\/restaurantedeatun-2-768x960.jpg 768w, https:\/\/graziamagazine.com\/es\/wp-content\/uploads\/sites\/12\/2024\/02\/restaurantedeatun-2-1229x1536.jpg 1229w, https:\/\/graziamagazine.com\/es\/wp-content\/uploads\/sites\/12\/2024\/02\/restaurantedeatun-2-400x500.jpg 400w, https:\/\/graziamagazine.com\/es\/wp-content\/uploads\/sites\/12\/2024\/02\/restaurantedeatun-2-155x194.jpg 155w\" sizes=\"(max-width: 1440px) 100vw, 1440px\" \/><\/div><\/figure><\/div><\/div>\n<p><strong>\u00bfD\u00f3nde?<\/strong> Calle de Ponzano 59. Precio medio 45\u20ac<\/p>\n<h3>Como si estuvieras en Tulum: chambao<\/h3>\n<p>Un concepto de cena totalmente diferente, que hace que te traslades a Tulum desde el coraz\u00f3n de Madrid. Un <strong>Fashion Grillhouse<\/strong> en cuya carta puedes probar algunas de las mejores carnes, mezclado con recetas puramente mexicanas, todo ello amenizado por un show personalizado. Por San Valent\u00edn, el restaurante repartir\u00e1 rosas a todos sus comensales para que sea una celebraci\u00f3n perfecta.<\/p>\n<div class=\"content-gallery\"><div class=\"gallery-placeholder\"><div class=\"spinner\"><\/div><\/div><span class=\"gallery-pagination\"><\/span><div id=\"gallery-4\" class=\"gallery galleryid-174552 gallery-columns- gallery-size-\"><figure class=\"gallery-item\"><div class=\"gallery-icon landscape\"><img loading=\"lazy\" decoding=\"async\" width=\"1638\" height=\"2048\" src=\"https:\/\/graziamagazine.com\/es\/wp-content\/uploads\/sites\/12\/2024\/02\/chambao_madrid.jpg\" class=\"lazy\" alt=\"\" srcset=\"https:\/\/graziamagazine.com\/es\/wp-content\/uploads\/sites\/12\/2024\/02\/chambao_madrid.jpg 1638w, https:\/\/graziamagazine.com\/es\/wp-content\/uploads\/sites\/12\/2024\/02\/chambao_madrid-240x300.jpg 240w, https:\/\/graziamagazine.com\/es\/wp-content\/uploads\/sites\/12\/2024\/02\/chambao_madrid-819x1024.jpg 819w, https:\/\/graziamagazine.com\/es\/wp-content\/uploads\/sites\/12\/2024\/02\/chambao_madrid-768x960.jpg 768w, https:\/\/graziamagazine.com\/es\/wp-content\/uploads\/sites\/12\/2024\/02\/chambao_madrid-1229x1536.jpg 1229w, https:\/\/graziamagazine.com\/es\/wp-content\/uploads\/sites\/12\/2024\/02\/chambao_madrid-400x500.jpg 400w, https:\/\/graziamagazine.com\/es\/wp-content\/uploads\/sites\/12\/2024\/02\/chambao_madrid-155x194.jpg 155w\" sizes=\"(max-width: 1638px) 100vw, 1638px\" \/><\/div><\/figure><figure class=\"gallery-item\"><div class=\"gallery-icon landscape\"><img loading=\"lazy\" decoding=\"async\" width=\"2048\" height=\"2048\" src=\"https:\/\/graziamagazine.com\/es\/wp-content\/uploads\/sites\/12\/2024\/02\/chambao_madrid-1.jpg\" class=\"lazy\" alt=\"\" srcset=\"https:\/\/graziamagazine.com\/es\/wp-content\/uploads\/sites\/12\/2024\/02\/chambao_madrid-1.jpg 2048w, https:\/\/graziamagazine.com\/es\/wp-content\/uploads\/sites\/12\/2024\/02\/chambao_madrid-1-300x300.jpg 300w, https:\/\/graziamagazine.com\/es\/wp-content\/uploads\/sites\/12\/2024\/02\/chambao_madrid-1-1024x1024.jpg 1024w, https:\/\/graziamagazine.com\/es\/wp-content\/uploads\/sites\/12\/2024\/02\/chambao_madrid-1-150x150.jpg 150w, https:\/\/graziamagazine.com\/es\/wp-content\/uploads\/sites\/12\/2024\/02\/chambao_madrid-1-768x768.jpg 768w, https:\/\/graziamagazine.com\/es\/wp-content\/uploads\/sites\/12\/2024\/02\/chambao_madrid-1-1536x1536.jpg 1536w, https:\/\/graziamagazine.com\/es\/wp-content\/uploads\/sites\/12\/2024\/02\/chambao_madrid-1-400x400.jpg 400w, https:\/\/graziamagazine.com\/es\/wp-content\/uploads\/sites\/12\/2024\/02\/chambao_madrid-1-155x155.jpg 155w\" sizes=\"(max-width: 2048px) 100vw, 2048px\" \/><\/div><\/figure><\/div><\/div>\n<p><strong>\u00bfD\u00f3nde?<\/strong> Paseo de la Castellana. 4 Precio medio 80\u20ac<\/p>\n<h3>La nueva comida italiana: V MODERN ITALIAN<\/h3>\n<p>El nuevo italiano del Barrio de Salamanca que mezcla un entorno art\u00edstico y colorido, combinado con la esencia de la cocina italiana. Celebra el amor en la cocina de la nonna, con pizza y pasta, c\u00f3cteles de autor, adem\u00e1s de disfrutar de m\u00fasica con un DJ en vivo.<\/p>\n<div class=\"content-gallery\"><div class=\"gallery-placeholder\"><div class=\"spinner\"><\/div><\/div><span class=\"gallery-pagination\"><\/span><div id=\"gallery-5\" class=\"gallery galleryid-174552 gallery-columns- gallery-size-\"><figure class=\"gallery-item\"><div class=\"gallery-icon landscape\"><img loading=\"lazy\" decoding=\"async\" width=\"1440\" height=\"810\" src=\"https:\/\/graziamagazine.com\/es\/wp-content\/uploads\/sites\/12\/2024\/02\/vmodernmad-1.jpg\" class=\"lazy\" alt=\"\" srcset=\"https:\/\/graziamagazine.com\/es\/wp-content\/uploads\/sites\/12\/2024\/02\/vmodernmad-1.jpg 1440w, https:\/\/graziamagazine.com\/es\/wp-content\/uploads\/sites\/12\/2024\/02\/vmodernmad-1-300x169.jpg 300w, https:\/\/graziamagazine.com\/es\/wp-content\/uploads\/sites\/12\/2024\/02\/vmodernmad-1-1024x576.jpg 1024w, https:\/\/graziamagazine.com\/es\/wp-content\/uploads\/sites\/12\/2024\/02\/vmodernmad-1-768x432.jpg 768w, https:\/\/graziamagazine.com\/es\/wp-content\/uploads\/sites\/12\/2024\/02\/vmodernmad-1-400x225.jpg 400w, https:\/\/graziamagazine.com\/es\/wp-content\/uploads\/sites\/12\/2024\/02\/vmodernmad-1-155x87.jpg 155w\" sizes=\"(max-width: 1440px) 100vw, 1440px\" \/><\/div><\/figure><figure class=\"gallery-item\"><div class=\"gallery-icon landscape\"><img loading=\"lazy\" decoding=\"async\" width=\"1440\" height=\"960\" src=\"https:\/\/graziamagazine.com\/es\/wp-content\/uploads\/sites\/12\/2024\/02\/vmodernmad-2.jpg\" class=\"lazy\" alt=\"\" srcset=\"https:\/\/graziamagazine.com\/es\/wp-content\/uploads\/sites\/12\/2024\/02\/vmodernmad-2.jpg 1440w, https:\/\/graziamagazine.com\/es\/wp-content\/uploads\/sites\/12\/2024\/02\/vmodernmad-2-300x200.jpg 300w, https:\/\/graziamagazine.com\/es\/wp-content\/uploads\/sites\/12\/2024\/02\/vmodernmad-2-1024x683.jpg 1024w, https:\/\/graziamagazine.com\/es\/wp-content\/uploads\/sites\/12\/2024\/02\/vmodernmad-2-768x512.jpg 768w, https:\/\/graziamagazine.com\/es\/wp-content\/uploads\/sites\/12\/2024\/02\/vmodernmad-2-400x267.jpg 400w, https:\/\/graziamagazine.com\/es\/wp-content\/uploads\/sites\/12\/2024\/02\/vmodernmad-2-155x103.jpg 155w\" sizes=\"(max-width: 1440px) 100vw, 1440px\" \/><\/div><\/figure><\/div><\/div>\n<p><strong>\u00bfD\u00f3nde?<\/strong> Calle de General D\u00edaz Porlier 57. Precio medio 23\u20ac<\/p>\n<h3>Chulengo: para los amantes de la carne<\/h3>\n<p>Para los amantes de la carne <strong>con ganas de salir de Madrid,<\/strong> Chulengo ofrece el plan perfecto en Boadilla del Monte. Apartado del ruido de la capital, disfruta de sus diferentes cortes de carne, con la oportunidad de probar vinos internacionales en su dispenser. En su interior o en la terraza, disfruta de un ambiente tranquilo y ameno.<\/p>\n<div class=\"content-gallery\"><div class=\"gallery-placeholder\"><div class=\"spinner\"><\/div><\/div><span class=\"gallery-pagination\"><\/span><div id=\"gallery-6\" class=\"gallery galleryid-174552 gallery-columns- gallery-size-\"><figure class=\"gallery-item\"><div class=\"gallery-icon landscape\"><img loading=\"lazy\" decoding=\"async\" width=\"1440\" height=\"1800\" src=\"https:\/\/graziamagazine.com\/es\/wp-content\/uploads\/sites\/12\/2024\/02\/chulengo.boadilla-2.jpg\" class=\"lazy\" alt=\"\" srcset=\"https:\/\/graziamagazine.com\/es\/wp-content\/uploads\/sites\/12\/2024\/02\/chulengo.boadilla-2.jpg 1440w, https:\/\/graziamagazine.com\/es\/wp-content\/uploads\/sites\/12\/2024\/02\/chulengo.boadilla-2-240x300.jpg 240w, https:\/\/graziamagazine.com\/es\/wp-content\/uploads\/sites\/12\/2024\/02\/chulengo.boadilla-2-819x1024.jpg 819w, https:\/\/graziamagazine.com\/es\/wp-content\/uploads\/sites\/12\/2024\/02\/chulengo.boadilla-2-768x960.jpg 768w, https:\/\/graziamagazine.com\/es\/wp-content\/uploads\/sites\/12\/2024\/02\/chulengo.boadilla-2-1229x1536.jpg 1229w, https:\/\/graziamagazine.com\/es\/wp-content\/uploads\/sites\/12\/2024\/02\/chulengo.boadilla-2-400x500.jpg 400w, https:\/\/graziamagazine.com\/es\/wp-content\/uploads\/sites\/12\/2024\/02\/chulengo.boadilla-2-155x194.jpg 155w\" sizes=\"(max-width: 1440px) 100vw, 1440px\" \/><\/div><\/figure><figure class=\"gallery-item\"><div class=\"gallery-icon landscape\"><img loading=\"lazy\" decoding=\"async\" width=\"1440\" height=\"1440\" src=\"https:\/\/graziamagazine.com\/es\/wp-content\/uploads\/sites\/12\/2024\/02\/chulengo.boadilla-1.jpg\" class=\"lazy\" alt=\"\" srcset=\"https:\/\/graziamagazine.com\/es\/wp-content\/uploads\/sites\/12\/2024\/02\/chulengo.boadilla-1.jpg 1440w, https:\/\/graziamagazine.com\/es\/wp-content\/uploads\/sites\/12\/2024\/02\/chulengo.boadilla-1-300x300.jpg 300w, https:\/\/graziamagazine.com\/es\/wp-content\/uploads\/sites\/12\/2024\/02\/chulengo.boadilla-1-1024x1024.jpg 1024w, https:\/\/graziamagazine.com\/es\/wp-content\/uploads\/sites\/12\/2024\/02\/chulengo.boadilla-1-150x150.jpg 150w, https:\/\/graziamagazine.com\/es\/wp-content\/uploads\/sites\/12\/2024\/02\/chulengo.boadilla-1-768x768.jpg 768w, https:\/\/graziamagazine.com\/es\/wp-content\/uploads\/sites\/12\/2024\/02\/chulengo.boadilla-1-400x400.jpg 400w, https:\/\/graziamagazine.com\/es\/wp-content\/uploads\/sites\/12\/2024\/02\/chulengo.boadilla-1-155x155.jpg 155w\" sizes=\"(max-width: 1440px) 100vw, 1440px\" \/><\/div><\/figure><\/div><\/div>\n<p><strong>\u00bfD\u00f3nde?<\/strong> Calle de Playa de la Concha 2, Boadilla del Monte. Precio medio 35\u20ac<\/p>\n<h3>perfecto para el postre: GIO&amp;SAM<\/h3>\n<p>\u00bfQuieres plan casero y triunfar con un postre ic\u00f3nico? Con <strong>su tarta de San Valent\u00edn, sus cl\u00e1sicas tartas de queso de gorgonzola o vainilla de Madagascar e incluso con una de sus sabrosas tartas saladas,<\/strong> s\u00f3lo te queda hacer la mejor elecci\u00f3n, coger una cuchara, compartir y viajar al cielo gastron\u00f3mico.<\/p>\n<div class=\"content-gallery\"><div class=\"gallery-placeholder\"><div class=\"spinner\"><\/div><\/div><span class=\"gallery-pagination\"><\/span><div id=\"gallery-7\" class=\"gallery galleryid-174552 gallery-columns- gallery-size-\"><figure class=\"gallery-item\"><div class=\"gallery-icon landscape\"><img loading=\"lazy\" decoding=\"async\" width=\"1440\" height=\"1083\" src=\"https:\/\/graziamagazine.com\/es\/wp-content\/uploads\/sites\/12\/2024\/02\/giosam_foodart.jpg\" class=\"lazy\" alt=\"\" srcset=\"https:\/\/graziamagazine.com\/es\/wp-content\/uploads\/sites\/12\/2024\/02\/giosam_foodart.jpg 1440w, https:\/\/graziamagazine.com\/es\/wp-content\/uploads\/sites\/12\/2024\/02\/giosam_foodart-300x226.jpg 300w, https:\/\/graziamagazine.com\/es\/wp-content\/uploads\/sites\/12\/2024\/02\/giosam_foodart-1024x770.jpg 1024w, https:\/\/graziamagazine.com\/es\/wp-content\/uploads\/sites\/12\/2024\/02\/giosam_foodart-768x578.jpg 768w, https:\/\/graziamagazine.com\/es\/wp-content\/uploads\/sites\/12\/2024\/02\/giosam_foodart-400x301.jpg 400w, https:\/\/graziamagazine.com\/es\/wp-content\/uploads\/sites\/12\/2024\/02\/giosam_foodart-155x117.jpg 155w\" sizes=\"(max-width: 1440px) 100vw, 1440px\" \/><\/div><\/figure><figure class=\"gallery-item\"><div class=\"gallery-icon landscape\"><img loading=\"lazy\" decoding=\"async\" width=\"1440\" height=\"959\" src=\"https:\/\/graziamagazine.com\/es\/wp-content\/uploads\/sites\/12\/2024\/02\/giosam_foodart-1.jpg\" class=\"lazy\" alt=\"\" srcset=\"https:\/\/graziamagazine.com\/es\/wp-content\/uploads\/sites\/12\/2024\/02\/giosam_foodart-1.jpg 1440w, https:\/\/graziamagazine.com\/es\/wp-content\/uploads\/sites\/12\/2024\/02\/giosam_foodart-1-300x200.jpg 300w, https:\/\/graziamagazine.com\/es\/wp-content\/uploads\/sites\/12\/2024\/02\/giosam_foodart-1-1024x682.jpg 1024w, https:\/\/graziamagazine.com\/es\/wp-content\/uploads\/sites\/12\/2024\/02\/giosam_foodart-1-768x511.jpg 768w, https:\/\/graziamagazine.com\/es\/wp-content\/uploads\/sites\/12\/2024\/02\/giosam_foodart-1-400x266.jpg 400w, https:\/\/graziamagazine.com\/es\/wp-content\/uploads\/sites\/12\/2024\/02\/giosam_foodart-1-155x103.jpg 155w\" sizes=\"(max-width: 1440px) 100vw, 1440px\" \/><\/div><\/figure><\/div><\/div>\n<p><strong>\u00bfD\u00f3nde?<\/strong> Calle Espoz y Mina, 32 \/ Calle Narv\u00e1ez, 40 \/ Calle Mariano Barbacid, 5 (Rivas)<\/p>\n<p><em>*Im\u00e1genes: cortes\u00eda<\/em><\/p>\n","protected":false},"author":11653,"featured_media":174553,"template":"","format":"standard","categories":[18],"acf":[],"yoast_head":"<!-- This site is optimized with the Yoast SEO Premium plugin v18.5 (Yoast SEO v20.4) - https:\/\/yoast.com\/wordpress\/plugins\/seo\/ -->\n<title>Restaurantes en los que celebrar San Valent\u00edn | Grazia<\/title>\n<meta name=\"description\" content=\"Nikkei, japonesa, mexicana, italiana\u2026 Conquista su coraz\u00f3n a trav\u00e9s de una aut\u00e9ntica experiencia gastron\u00f3mica.\" \/>\n<meta name=\"robots\" content=\"index, follow, max-snippet:-1, max-image-preview:large, max-video-preview:-1\" \/>\n<link rel=\"canonical\" href=\"https:\/\/graziamagazine.com\/es\/articles\/restaurantes-en-los-que-celebrar-san-valentin\/\" \/>\n<meta property=\"og:locale\" content=\"es_ES\" \/>\n<meta property=\"og:type\" content=\"article\" \/>\n<meta property=\"og:title\" content=\"Restaurantes en los que celebrar San Valent\u00edn\" \/>\n<meta property=\"og:description\" content=\"Nikkei, japonesa, mexicana, italiana\u2026 Conquista su coraz\u00f3n a trav\u00e9s de una aut\u00e9ntica experiencia gastron\u00f3mica.\" \/>\n<meta property=\"og:url\" content=\"https:\/\/graziamagazine.com\/es\/articles\/restaurantes-en-los-que-celebrar-san-valentin\/\" \/>\n<meta property=\"og:site_name\" content=\"Grazia\" \/>\n<meta property=\"og:image\" content=\"https:\/\/graziamagazine.com\/es\/wp-content\/uploads\/sites\/12\/2024\/02\/portada-benares_2_restaurantes_san_valentin.jpg\" \/>\n\t<meta property=\"og:image:width\" content=\"2048\" \/>\n\t<meta property=\"og:image:height\" content=\"1427\" \/>\n\t<meta property=\"og:image:type\" content=\"image\/jpeg\" \/>\n<meta name=\"twitter:card\" content=\"summary_large_image\" \/>\n<meta name=\"twitter:label1\" content=\"Est. reading time\" \/>\n\t<meta name=\"twitter:data1\" content=\"4 minutos\" \/>\n<script type=\"application\/ld+json\" class=\"yoast-schema-graph\">{\"@context\":\"https:\/\/schema.org\",\"@graph\":[{\"@type\":\"WebPage\",\"@id\":\"https:\/\/graziamagazine.com\/es\/articles\/restaurantes-en-los-que-celebrar-san-valentin\/\",\"url\":\"https:\/\/graziamagazine.com\/es\/articles\/restaurantes-en-los-que-celebrar-san-valentin\/\",\"name\":\"Restaurantes en los que celebrar San Valent\u00edn | Grazia\",\"isPartOf\":{\"@id\":\"https:\/\/graziamagazine.com\/es\/#website\"},\"datePublished\":\"2024-02-12T10:09:02+00:00\",\"dateModified\":\"2024-02-12T10:09:02+00:00\",\"description\":\"Nikkei, japonesa, mexicana, italiana\u2026 Conquista su coraz\u00f3n a trav\u00e9s de una aut\u00e9ntica experiencia gastron\u00f3mica.\",\"breadcrumb\":{\"@id\":\"https:\/\/graziamagazine.com\/es\/articles\/restaurantes-en-los-que-celebrar-san-valentin\/#breadcrumb\"},\"inLanguage\":\"es\",\"potentialAction\":[{\"@type\":\"ReadAction\",\"target\":[\"https:\/\/graziamagazine.com\/es\/articles\/restaurantes-en-los-que-celebrar-san-valentin\/\"]}]},{\"@type\":\"BreadcrumbList\",\"@id\":\"https:\/\/graziamagazine.com\/es\/articles\/restaurantes-en-los-que-celebrar-san-valentin\/#breadcrumb\",\"itemListElement\":[{\"@type\":\"ListItem\",\"position\":1,\"name\":\"Portada\",\"item\":\"https:\/\/graziamagazine.com\/es\/\"},{\"@type\":\"ListItem\",\"position\":2,\"name\":\"Restaurantes en los que celebrar San Valent\u00edn\"}]},{\"@type\":\"WebSite\",\"@id\":\"https:\/\/graziamagazine.com\/es\/#website\",\"url\":\"https:\/\/graziamagazine.com\/es\/\",\"name\":\"Grazia\",\"description\":\"Moda, belleza, celebrities, estilo de vida...\",\"potentialAction\":[{\"@type\":\"SearchAction\",\"target\":{\"@type\":\"EntryPoint\",\"urlTemplate\":\"https:\/\/graziamagazine.com\/es\/?s={search_term_string}\"},\"query-input\":\"required name=search_term_string\"}],\"inLanguage\":\"es\"}]}<\/script>\n<!-- \/ Yoast SEO Premium plugin. -->","yoast_head_json":{"title":"Restaurantes en los que celebrar San Valent\u00edn | Grazia","description":"Nikkei, japonesa, mexicana, italiana\u2026 Conquista su coraz\u00f3n a trav\u00e9s de una aut\u00e9ntica experiencia gastron\u00f3mica.","robots":{"index":"index","follow":"follow","max-snippet":"max-snippet:-1","max-image-preview":"max-image-preview:large","max-video-preview":"max-video-preview:-1"},"canonical":"https:\/\/graziamagazine.com\/es\/articles\/restaurantes-en-los-que-celebrar-san-valentin\/","og_locale":"es_ES","og_type":"article","og_title":"Restaurantes en los que celebrar San Valent\u00edn","og_description":"Nikkei, japonesa, mexicana, italiana\u2026 Conquista su coraz\u00f3n a trav\u00e9s de una aut\u00e9ntica experiencia gastron\u00f3mica.","og_url":"https:\/\/graziamagazine.com\/es\/articles\/restaurantes-en-los-que-celebrar-san-valentin\/","og_site_name":"Grazia","og_image":[{"width":2048,"height":1427,"url":"https:\/\/graziamagazine.com\/es\/wp-content\/uploads\/sites\/12\/2024\/02\/portada-benares_2_restaurantes_san_valentin.jpg","type":"image\/jpeg"}],"twitter_card":"summary_large_image","twitter_misc":{"Est. reading time":"4 minutos"},"schema":{"@context":"https:\/\/schema.org","@graph":[{"@type":"WebPage","@id":"https:\/\/graziamagazine.com\/es\/articles\/restaurantes-en-los-que-celebrar-san-valentin\/","url":"https:\/\/graziamagazine.com\/es\/articles\/restaurantes-en-los-que-celebrar-san-valentin\/","name":"Restaurantes en los que celebrar San Valent\u00edn | Grazia","isPartOf":{"@id":"https:\/\/graziamagazine.com\/es\/#website"},"datePublished":"2024-02-12T10:09:02+00:00","dateModified":"2024-02-12T10:09:02+00:00","description":"Nikkei, japonesa, mexicana, italiana\u2026 Conquista su coraz\u00f3n a trav\u00e9s de una aut\u00e9ntica experiencia gastron\u00f3mica.","breadcrumb":{"@id":"https:\/\/graziamagazine.com\/es\/articles\/restaurantes-en-los-que-celebrar-san-valentin\/#breadcrumb"},"inLanguage":"es","potentialAction":[{"@type":"ReadAction","target":["https:\/\/graziamagazine.com\/es\/articles\/restaurantes-en-los-que-celebrar-san-valentin\/"]}]},{"@type":"BreadcrumbList","@id":"https:\/\/graziamagazine.com\/es\/articles\/restaurantes-en-los-que-celebrar-san-valentin\/#breadcrumb","itemListElement":[{"@type":"ListItem","position":1,"name":"Portada","item":"https:\/\/graziamagazine.com\/es\/"},{"@type":"ListItem","position":2,"name":"Restaurantes en los que celebrar San Valent\u00edn"}]},{"@type":"WebSite","@id":"https:\/\/graziamagazine.com\/es\/#website","url":"https:\/\/graziamagazine.com\/es\/","name":"Grazia","description":"Moda, belleza, celebrities, estilo de vida...","potentialAction":[{"@type":"SearchAction","target":{"@type":"EntryPoint","urlTemplate":"https:\/\/graziamagazine.com\/es\/?s={search_term_string}"},"query-input":"required name=search_term_string"}],"inLanguage":"es"}]}},"jetpack_sharing_enabled":true,"distributor_meta":false,"distributor_terms":false,"distributor_media":false,"distributor_original_site_name":"Grazia","distributor_original_site_url":"https:\/\/graziamagazine.com\/es","push-errors":false,"_links":{"self":[{"href":"https:\/\/graziamagazine.com\/es\/wp-json\/wp\/v2\/articles\/174552"}],"collection":[{"href":"https:\/\/graziamagazine.com\/es\/wp-json\/wp\/v2\/articles"}],"about":[{"href":"https:\/\/graziamagazine.com\/es\/wp-json\/wp\/v2\/types\/articles"}],"author":[{"embeddable":true,"href":"https:\/\/graziamagazine.com\/es\/wp-json\/wp\/v2\/users\/11653"}],"wp:featuredmedia":[{"embeddable":true,"href":"https:\/\/graziamagazine.com\/es\/wp-json\/wp\/v2\/media\/174553"}],"wp:attachment":[{"href":"https:\/\/graziamagazine.com\/es\/wp-json\/wp\/v2\/media?parent=174552"}],"wp:term":[{"taxonomy":"category","embeddable":true,"href":"https:\/\/graziamagazine.com\/es\/wp-json\/wp\/v2\/categories?post=174552"}],"curies":[{"name":"wp","href":"https:\/\/api.w.org\/{rel}","templated":true}]}}