{"id":174415,"date":"2024-02-06T09:00:21","date_gmt":"2024-02-06T08:00:21","guid":{"rendered":"https:\/\/graziamagazine.com\/es\/?post_type=articles&#038;p=174415"},"modified":"2024-02-07T12:22:50","modified_gmt":"2024-02-07T11:22:50","slug":"el-colageno-de-matcha-con-el-que-cuidarte-desde-dentro","status":"publish","type":"articles","link":"https:\/\/graziamagazine.com\/es\/articles\/el-colageno-de-matcha-con-el-que-cuidarte-desde-dentro\/","title":{"rendered":"El col\u00e1geno de matcha con el que cuidar tu piel desde dentro"},"content":{"rendered":"<p>Estamos m\u00e1s que acostumbrados a consumir le matcha en versi\u00f3n t\u00e9, smoothie u otra bebida, pero&#8230; \u00bfsab\u00edas que el matcha tambi\u00e9n puede ser un gran ingrediente en cosm\u00e9tica?<\/p>\n<p><strong><a href=\"http:\/\/matchaandco.com\" target=\"_blank\">Matcha &amp; CO<\/a><\/strong> es una de las empresas con sello espa\u00f1ol cuyo objetivo es que el matcha forme parte de nuestra rutina cosm\u00e9tica, y no solo de la gastron\u00f3mica. Fundada en 2018 por <span style=\"font-weight: 400\">V\u00edctor Abrines y Pepe Cabestany, desde entonces es una gran embajadora de los beneficios que este oro verde puede aportar a nuestra vida, gracias al mejor matcha japon\u00e9s de calidad ceremonial 100% ecol\u00f3gico.\u00a0<\/span><\/p>\n<p>La empresa da un paso m\u00e1s y se lanza al mundo cosm\u00e9tico y de bienestar con sus nuevos productos nutricosm\u00e9ticos con el matcha como ingrediente principal.<\/p>\n<h3>\u00bfQu\u00e9 puede hacer el matcha nutricosm\u00e9tico en tu rutina?<\/h3>\n<p>Para aumentar la hidrataci\u00f3n y la elasticidad de la piel, reduciendo las arrugas desde el interior, debes probar <a href=\"https:\/\/matchaandco.com\/products\/skin-cure?variant=47042182480215\" target=\"_blank\"><strong>Skin Cure (34,95 euros)<\/strong><\/a>. Si lo que necesitas es mejorar tu sistema inmune, el sistema digestivo y el estado de \u00e1nimo, lo tuyo es <a href=\"https:\/\/matchaandco.com\/products\/inner-cure\" target=\"_blank\"><strong>Inner Cure (34,95 euros),<\/strong><\/a> con <span style=\"font-weight: 400\">L-Tript\u00f3fano, Vitamina B6 y Matcha de Grado Ceremonial. Para fortalecer tu pelo y u\u00f1as, est\u00e1 <a href=\"https:\/\/matchaandco.com\/products\/hair-nails?variant=47046967263575\" target=\"_blank\"><strong>Hair &amp; Nails (29,95 euros)<\/strong><\/a>, con biotina y<\/span><span style=\"font-weight: 400\"> matcha para mejorar el volumen, fortaleza y brillo del\u00a0 cabello y u\u00f1as.\u00a0<\/span><\/p>\n<p><img decoding=\"async\" src=\"https:\/\/lh3.google.com\/u\/0\/d\/1pcNdCg9vZFMwcT9Eh4vL_QE0rtUEMSV-=w2706-h1466-iv1\" alt=\"Displaying 1J7A0215.jpg\" \/><\/p>\n<p>Y para tu piel, el s\u00e9rum <strong><a href=\"https:\/\/matchaandco.com\/products\/facial-glow-serum?variant=47049869197655\" target=\"_blank\">Facial Glow (28,95 euros)<\/a><\/strong>, que <span style=\"font-weight: 400\">combina el poder iluminador de la vitamina C con el poder antioxidante de la niacinamida y el matcha, hidratando, reafirmando e iluminando la piel.<\/span><\/p>\n<h3>\u00bfUn complemento alimenticio?<\/h3>\n<p>Tambi\u00e9n es posible. <span style=\"font-weight: 400\">A medida que envejecemos, la producci\u00f3n de col\u00e1geno en nuestro cuerpo disminuye, lo que ocasiona arrugas, flacidez y p\u00e9rdida de elasticidad en la piel. Sin embargo, al tomar col\u00e1geno hidrolizado, es posible revertir estos signos del envejecimiento.\u00a0<\/span><\/p>\n<p><span style=\"font-weight: 400\">Ahora, <a href=\"http:\/\/matchaandco.com\" target=\"_blank\">Matcha &amp; CO<\/a> ha lanzado un producto que combina col\u00e1geno hidrolizado junto con el t\u00e9 matcha, el magnesio y el \u00e1cido hialur\u00f3nico dando com resultado <\/span><b><i>Matcha Collagen<\/i><\/b><span style=\"font-weight: 400\">,\u00a0 un <\/span><b>complemento alimenticio \u00fanico<\/b><span style=\"font-weight: 400\"> para promover una piel radiante, fortalecer las articulaciones y brindar una sensaci\u00f3n general de bienestar. Puedes elegirlo de <strong>dos diferentes fuentes<\/strong>, ya sea <strong>marino<\/strong> (procedente de la piel, escamas y espinas del pescado) o <strong>bovino<\/strong> (presente en los huesos y pieles del ganado).\u00a0<\/span><\/p>\n<p><img loading=\"lazy\" decoding=\"async\" class=\"aligncenter size-full wp-image-174416\" src=\"https:\/\/graziamagazine.com\/es\/wp-content\/uploads\/sites\/12\/2024\/02\/img_download-1.jpg\" alt=\"\" width=\"1672\" height=\"2048\" srcset=\"https:\/\/graziamagazine.com\/es\/wp-content\/uploads\/sites\/12\/2024\/02\/img_download-1.jpg 1672w, https:\/\/graziamagazine.com\/es\/wp-content\/uploads\/sites\/12\/2024\/02\/img_download-1-245x300.jpg 245w, https:\/\/graziamagazine.com\/es\/wp-content\/uploads\/sites\/12\/2024\/02\/img_download-1-836x1024.jpg 836w, https:\/\/graziamagazine.com\/es\/wp-content\/uploads\/sites\/12\/2024\/02\/img_download-1-768x941.jpg 768w, https:\/\/graziamagazine.com\/es\/wp-content\/uploads\/sites\/12\/2024\/02\/img_download-1-1254x1536.jpg 1254w, https:\/\/graziamagazine.com\/es\/wp-content\/uploads\/sites\/12\/2024\/02\/img_download-1-400x490.jpg 400w, https:\/\/graziamagazine.com\/es\/wp-content\/uploads\/sites\/12\/2024\/02\/img_download-1-155x190.jpg 155w\" sizes=\"(max-width: 1672px) 100vw, 1672px\" \/><\/p>\n<p>Lo bueno de este complemento, al igual que en formato t\u00e9, es que puedes consumirlo en cualquier momento del d\u00eda, aunque los expertos nos contado un secreto beauty: t\u00f3malo a media ma\u00f1ana para aprovechar <span style=\"font-weight: 400\">su poder saciante y el efecto energizante del t\u00e9 matcha. <\/span><\/p>\n<p>Si no eres tan fan de los sabores verdosos del matcha, no te preocupes porque hay m\u00e1s sabores para elegir en este formato de col\u00e1geno. Por un lado est\u00e1 el sabor original de matcha junto con el de vainilla, en el Matcha Collagen de origen bovino, y por otro lado est\u00e1 el de origen marino con el sabor tradicional y sabor lim\u00f3n, perfecto para complementar bebidas m\u00e1s fr\u00edas.<\/p>\n<p>Despu\u00e9s de esto solo falta una, \u00bfte animas a sumar el matcha en formato col\u00e1geno a tu rutina?<\/p>\n<p><em>*Im\u00e1genes: Unsplash y cortes\u00eda<\/em><\/p>\n","protected":false},"author":11653,"featured_media":174417,"template":"","format":"standard","categories":[7],"acf":[],"yoast_head":"<!-- This site is optimized with the Yoast SEO Premium plugin v18.5 (Yoast SEO v20.4) - https:\/\/yoast.com\/wordpress\/plugins\/seo\/ -->\n<title>El col\u00e1geno de matcha con el que cuidar tu piel desde dentro<\/title>\n<meta name=\"description\" content=\"Este nuevo complemento alimenticio est\u00e1 compuesto por p\u00e9ptidos de col\u00e1geno, \u00e1cido hialur\u00f3nico, magnesio y el poder antioxidante del matcha.\" \/>\n<meta name=\"robots\" content=\"index, follow, max-snippet:-1, max-image-preview:large, max-video-preview:-1\" \/>\n<link rel=\"canonical\" href=\"https:\/\/graziamagazine.com\/es\/articles\/el-colageno-de-matcha-con-el-que-cuidarte-desde-dentro\/\" \/>\n<meta property=\"og:locale\" content=\"es_ES\" \/>\n<meta property=\"og:type\" content=\"article\" \/>\n<meta property=\"og:title\" content=\"El col\u00e1geno de matcha con el que cuidar tu piel desde dentro\" \/>\n<meta property=\"og:description\" content=\"Este nuevo complemento alimenticio est\u00e1 compuesto por p\u00e9ptidos de col\u00e1geno, \u00e1cido hialur\u00f3nico, magnesio y el poder antioxidante del matcha.\" \/>\n<meta property=\"og:url\" content=\"https:\/\/graziamagazine.com\/es\/articles\/el-colageno-de-matcha-con-el-que-cuidarte-desde-dentro\/\" \/>\n<meta property=\"og:site_name\" content=\"Grazia\" \/>\n<meta property=\"article:modified_time\" content=\"2024-02-07T11:22:50+00:00\" \/>\n<meta property=\"og:image\" content=\"https:\/\/graziamagazine.com\/es\/wp-content\/uploads\/sites\/12\/2024\/02\/matcha-co-pC16vUGYCL4-unsplash.jpg\" \/>\n\t<meta property=\"og:image:width\" content=\"1920\" \/>\n\t<meta property=\"og:image:height\" content=\"1280\" \/>\n\t<meta property=\"og:image:type\" content=\"image\/jpeg\" \/>\n<meta name=\"twitter:card\" content=\"summary_large_image\" \/>\n<meta name=\"twitter:label1\" content=\"Est. reading time\" \/>\n\t<meta name=\"twitter:data1\" content=\"3 minutos\" \/>\n<script type=\"application\/ld+json\" class=\"yoast-schema-graph\">{\"@context\":\"https:\/\/schema.org\",\"@graph\":[{\"@type\":\"WebPage\",\"@id\":\"https:\/\/graziamagazine.com\/es\/articles\/el-colageno-de-matcha-con-el-que-cuidarte-desde-dentro\/\",\"url\":\"https:\/\/graziamagazine.com\/es\/articles\/el-colageno-de-matcha-con-el-que-cuidarte-desde-dentro\/\",\"name\":\"El col\u00e1geno de matcha con el que cuidar tu piel desde dentro\",\"isPartOf\":{\"@id\":\"https:\/\/graziamagazine.com\/es\/#website\"},\"datePublished\":\"2024-02-06T08:00:21+00:00\",\"dateModified\":\"2024-02-07T11:22:50+00:00\",\"description\":\"Este nuevo complemento alimenticio est\u00e1 compuesto por p\u00e9ptidos de col\u00e1geno, \u00e1cido hialur\u00f3nico, magnesio y el poder antioxidante del matcha.\",\"breadcrumb\":{\"@id\":\"https:\/\/graziamagazine.com\/es\/articles\/el-colageno-de-matcha-con-el-que-cuidarte-desde-dentro\/#breadcrumb\"},\"inLanguage\":\"es\",\"potentialAction\":[{\"@type\":\"ReadAction\",\"target\":[\"https:\/\/graziamagazine.com\/es\/articles\/el-colageno-de-matcha-con-el-que-cuidarte-desde-dentro\/\"]}]},{\"@type\":\"BreadcrumbList\",\"@id\":\"https:\/\/graziamagazine.com\/es\/articles\/el-colageno-de-matcha-con-el-que-cuidarte-desde-dentro\/#breadcrumb\",\"itemListElement\":[{\"@type\":\"ListItem\",\"position\":1,\"name\":\"Portada\",\"item\":\"https:\/\/graziamagazine.com\/es\/\"},{\"@type\":\"ListItem\",\"position\":2,\"name\":\"El col\u00e1geno de matcha con el que cuidar tu piel desde dentro\"}]},{\"@type\":\"WebSite\",\"@id\":\"https:\/\/graziamagazine.com\/es\/#website\",\"url\":\"https:\/\/graziamagazine.com\/es\/\",\"name\":\"Grazia\",\"description\":\"Moda, belleza, celebrities, estilo de vida...\",\"potentialAction\":[{\"@type\":\"SearchAction\",\"target\":{\"@type\":\"EntryPoint\",\"urlTemplate\":\"https:\/\/graziamagazine.com\/es\/?s={search_term_string}\"},\"query-input\":\"required name=search_term_string\"}],\"inLanguage\":\"es\"}]}<\/script>\n<!-- \/ Yoast SEO Premium plugin. -->","yoast_head_json":{"title":"El col\u00e1geno de matcha con el que cuidar tu piel desde dentro","description":"Este nuevo complemento alimenticio est\u00e1 compuesto por p\u00e9ptidos de col\u00e1geno, \u00e1cido hialur\u00f3nico, magnesio y el poder antioxidante del matcha.","robots":{"index":"index","follow":"follow","max-snippet":"max-snippet:-1","max-image-preview":"max-image-preview:large","max-video-preview":"max-video-preview:-1"},"canonical":"https:\/\/graziamagazine.com\/es\/articles\/el-colageno-de-matcha-con-el-que-cuidarte-desde-dentro\/","og_locale":"es_ES","og_type":"article","og_title":"El col\u00e1geno de matcha con el que cuidar tu piel desde dentro","og_description":"Este nuevo complemento alimenticio est\u00e1 compuesto por p\u00e9ptidos de col\u00e1geno, \u00e1cido hialur\u00f3nico, magnesio y el poder antioxidante del matcha.","og_url":"https:\/\/graziamagazine.com\/es\/articles\/el-colageno-de-matcha-con-el-que-cuidarte-desde-dentro\/","og_site_name":"Grazia","article_modified_time":"2024-02-07T11:22:50+00:00","og_image":[{"width":1920,"height":1280,"url":"https:\/\/graziamagazine.com\/es\/wp-content\/uploads\/sites\/12\/2024\/02\/matcha-co-pC16vUGYCL4-unsplash.jpg","type":"image\/jpeg"}],"twitter_card":"summary_large_image","twitter_misc":{"Est. reading time":"3 minutos"},"schema":{"@context":"https:\/\/schema.org","@graph":[{"@type":"WebPage","@id":"https:\/\/graziamagazine.com\/es\/articles\/el-colageno-de-matcha-con-el-que-cuidarte-desde-dentro\/","url":"https:\/\/graziamagazine.com\/es\/articles\/el-colageno-de-matcha-con-el-que-cuidarte-desde-dentro\/","name":"El col\u00e1geno de matcha con el que cuidar tu piel desde dentro","isPartOf":{"@id":"https:\/\/graziamagazine.com\/es\/#website"},"datePublished":"2024-02-06T08:00:21+00:00","dateModified":"2024-02-07T11:22:50+00:00","description":"Este nuevo complemento alimenticio est\u00e1 compuesto por p\u00e9ptidos de col\u00e1geno, \u00e1cido hialur\u00f3nico, magnesio y el poder antioxidante del matcha.","breadcrumb":{"@id":"https:\/\/graziamagazine.com\/es\/articles\/el-colageno-de-matcha-con-el-que-cuidarte-desde-dentro\/#breadcrumb"},"inLanguage":"es","potentialAction":[{"@type":"ReadAction","target":["https:\/\/graziamagazine.com\/es\/articles\/el-colageno-de-matcha-con-el-que-cuidarte-desde-dentro\/"]}]},{"@type":"BreadcrumbList","@id":"https:\/\/graziamagazine.com\/es\/articles\/el-colageno-de-matcha-con-el-que-cuidarte-desde-dentro\/#breadcrumb","itemListElement":[{"@type":"ListItem","position":1,"name":"Portada","item":"https:\/\/graziamagazine.com\/es\/"},{"@type":"ListItem","position":2,"name":"El col\u00e1geno de matcha con el que cuidar tu piel desde dentro"}]},{"@type":"WebSite","@id":"https:\/\/graziamagazine.com\/es\/#website","url":"https:\/\/graziamagazine.com\/es\/","name":"Grazia","description":"Moda, belleza, celebrities, estilo de vida...","potentialAction":[{"@type":"SearchAction","target":{"@type":"EntryPoint","urlTemplate":"https:\/\/graziamagazine.com\/es\/?s={search_term_string}"},"query-input":"required name=search_term_string"}],"inLanguage":"es"}]}},"jetpack_sharing_enabled":true,"distributor_meta":false,"distributor_terms":false,"distributor_media":false,"distributor_original_site_name":"Grazia","distributor_original_site_url":"https:\/\/graziamagazine.com\/es","push-errors":false,"_links":{"self":[{"href":"https:\/\/graziamagazine.com\/es\/wp-json\/wp\/v2\/articles\/174415"}],"collection":[{"href":"https:\/\/graziamagazine.com\/es\/wp-json\/wp\/v2\/articles"}],"about":[{"href":"https:\/\/graziamagazine.com\/es\/wp-json\/wp\/v2\/types\/articles"}],"author":[{"embeddable":true,"href":"https:\/\/graziamagazine.com\/es\/wp-json\/wp\/v2\/users\/11653"}],"wp:featuredmedia":[{"embeddable":true,"href":"https:\/\/graziamagazine.com\/es\/wp-json\/wp\/v2\/media\/174417"}],"wp:attachment":[{"href":"https:\/\/graziamagazine.com\/es\/wp-json\/wp\/v2\/media?parent=174415"}],"wp:term":[{"taxonomy":"category","embeddable":true,"href":"https:\/\/graziamagazine.com\/es\/wp-json\/wp\/v2\/categories?post=174415"}],"curies":[{"name":"wp","href":"https:\/\/api.w.org\/{rel}","templated":true}]}}