{"id":174334,"date":"2024-02-02T09:00:08","date_gmt":"2024-02-02T08:00:08","guid":{"rendered":"https:\/\/graziamagazine.com\/es\/?post_type=articles&#038;p=174334"},"modified":"2024-02-01T23:36:46","modified_gmt":"2024-02-01T22:36:46","slug":"estos-seran-los-actores-del-biopic-sobre-michael-jackson","status":"publish","type":"articles","link":"https:\/\/graziamagazine.com\/es\/articles\/estos-seran-los-actores-del-biopic-sobre-michael-jackson\/","title":{"rendered":"Estos ser\u00e1n los actores del biopic sobre Michael Jackson"},"content":{"rendered":"<p><strong>Antoine Fuqua<\/strong>, director de <strong><em>Michael<\/em><\/strong>, la pel\u00edcula biogr\u00e1fica de<strong> Michael Jackson<\/strong> ya cuenta con un elenco y ha reunido estrellas de primer nivel. La pel\u00edcula seguir\u00e1 la vida del <strong>Rey del Pop<\/strong>, desde sus primeros d\u00edas como miembro del grupo familiar <strong>Jackson Five<\/strong> hasta su muerte con tan solo 50 a\u00f1os.<\/p>\n<p>Adem\u00e1s, en la trama se ver\u00e1n sus luchas personales y sus presentaciones m\u00e1s ic\u00f3nicas. Se espera que su estreno sea el 18 de abril de 2025.<\/p>\n<p>El guion es de <strong>John Logan<\/strong> que ha hecho pel\u00edculas como <em><strong>Skyfall<\/strong> <\/em>y <em><strong>Gladiator<\/strong><\/em>. Actualmente la pel\u00edcula se encuentra en producci\u00f3n con <strong>Lionsgate<\/strong> y <strong>Universal Pictures International<\/strong>.<\/p>\n<h3><strong>Jaafar Jackson<\/strong> ser\u00e1 Michael Jackson<\/h3>\n<p>Jaafar Jackson, sobrino de Michael interpretar\u00e1 a la superestrella en su primer papel importante en una pel\u00edcula.<\/p>\n<p>\u201cEs sorprendente lo mucho que se parece a Michael\u201d, dijo Fuqua a <em><strong>EW<\/strong><\/em>. \u201cSuena como \u00e9l, baila como \u00e9l, canta como \u00e9l. Es realmente asombroso. <strong>Graham King<\/strong>, que es un productor fant\u00e1stico, lo encontr\u00f3, me lo present\u00f3 y qued\u00e9 impresionado\u201d, asegur\u00f3.<\/p>\n<figure id=\"attachment_133726\" class=\"wp-caption alignnone\" style=\"width: 595px\" aria-describedby=\"caption-attachment-133726\"><img loading=\"lazy\" decoding=\"async\" class=\"wp-image-133726 size-full\" src=\"https:\/\/graziamagazine.com\/mx\/wp-content\/uploads\/sites\/13\/2024\/01\/Captura-de-pantalla-2024-01-31-183546.png\" alt=\"\" width=\"595\" height=\"395\" \/><\/figure>\n<h3><strong>Juliano Krue Valdi<\/strong> ser\u00e1 el ni\u00f1o Michael<\/h3>\n<p>Fuqua propuso a su hijo Juliano Krue Valdi, de 9 a\u00f1os, quien es conocedor de Jackson, pues comparte videos de \u00e9l mismo bailando con la m\u00fasica de Jackson durante los \u00faltimos cinco a\u00f1os y ha acumul\u00f3ado m\u00e1s de 150.000 seguidores en<strong> Instagram<\/strong> debido a este talento natural.<\/p>\n<figure id=\"attachment_133725\" class=\"wp-caption alignnone\" style=\"width: 592px\" aria-describedby=\"caption-attachment-133725\"><img loading=\"lazy\" decoding=\"async\" class=\"wp-image-133725 size-full\" src=\"https:\/\/graziamagazine.com\/mx\/wp-content\/uploads\/sites\/13\/2024\/01\/Captura-de-pantalla-2024-01-31-183600.png\" alt=\"\" width=\"592\" height=\"393\" \/><\/figure>\n<h3><strong>Colman Domingo<\/strong> ser\u00e1 Joe Jackson<\/h3>\n<p>Colman Domingo, que fue nominado al <strong>Oscar<\/strong> por Rustin, dar\u00e1 vida el famoso patriarca de Jackson. \u201cNo s\u00f3lo soy afortunado de tener un personaje rico, complejo y defectuoso que interpretar en Joe Jackson, sino que tambi\u00e9n tengo un asiento en primera fila para ver la incre\u00edble transformaci\u00f3n de Jaafar\u201d, dijo Domingo cuando se anunci\u00f3 la noticia.<\/p>\n<figure id=\"attachment_133724\" class=\"wp-caption alignnone\" style=\"width: 593px\" aria-describedby=\"caption-attachment-133724\"><img loading=\"lazy\" decoding=\"async\" class=\"wp-image-133724 size-full\" src=\"https:\/\/graziamagazine.com\/mx\/wp-content\/uploads\/sites\/13\/2024\/01\/Captura-de-pantalla-2024-01-31-183614.png\" alt=\"\" width=\"593\" height=\"395\" \/><\/figure>\n<h3><strong>Nia Long<\/strong> ser\u00e1 Katherine Jackson<\/h3>\n<p>Michael Jackson ten\u00eda un pilar inquebrantable que era su madre. Nia dijo sobre su papel en un comunicado, \u201cKatherine Jackson es un incre\u00edble pilar de fuerza y gracia para toda la familia Jackson\u201d, asegur\u00f3. \u201cComo madre, fue desinteresada y soport\u00f3 fuerzas fuera de su control, pero aun as\u00ed logr\u00f3 ayudar a construir un legado sin medida. Es un honor para m\u00ed llevar su voz a la pantalla y compartir la historia de Michael Jackson con audiencias de todo el mundo\u201d, agreg\u00f3.<\/p>\n<figure id=\"attachment_133723\" class=\"wp-caption alignnone\" style=\"width: 593px\" aria-describedby=\"caption-attachment-133723\"><img loading=\"lazy\" decoding=\"async\" class=\"wp-image-133723 size-full\" src=\"https:\/\/graziamagazine.com\/mx\/wp-content\/uploads\/sites\/13\/2024\/01\/Captura-de-pantalla-2024-01-31-183631.png\" alt=\"\" width=\"593\" height=\"393\" \/><\/figure>\n<p>Esperemos noticias de los avances de la producci\u00f3n mientras nos preparamos para su estreno esperado para el 18 de abril de 2025.<\/p>\n","protected":false},"author":16349,"featured_media":174337,"template":"","format":"standard","categories":[2971],"acf":{"banner":null},"yoast_head":"<!-- This site is optimized with the Yoast SEO Premium plugin v18.5 (Yoast SEO v20.4) - https:\/\/yoast.com\/wordpress\/plugins\/seo\/ -->\n<title>Estos ser\u00e1n los actores del biopic sobre Michael Jackson<\/title>\n<meta name=\"description\" content=\"La pel\u00edcula estar\u00e1 protagonizada por Jaafar Jackson, sobrino del difunto Rey del Pop, y dar\u00e1 vida a la superestrella.\" \/>\n<meta name=\"robots\" content=\"index, follow, max-snippet:-1, max-image-preview:large, max-video-preview:-1\" \/>\n<link rel=\"canonical\" href=\"https:\/\/graziamagazine.com\/es\/articles\/estos-seran-los-actores-del-biopic-sobre-michael-jackson\/\" \/>\n<meta property=\"og:locale\" content=\"es_ES\" \/>\n<meta property=\"og:type\" content=\"article\" \/>\n<meta property=\"og:title\" content=\"Estos ser\u00e1n los actores del biopic sobre Michael Jackson\" \/>\n<meta property=\"og:description\" content=\"La pel\u00edcula estar\u00e1 protagonizada por Jaafar Jackson, sobrino del difunto Rey del Pop, y dar\u00e1 vida a la superestrella.\" \/>\n<meta property=\"og:url\" content=\"https:\/\/graziamagazine.com\/es\/articles\/estos-seran-los-actores-del-biopic-sobre-michael-jackson\/\" \/>\n<meta property=\"og:site_name\" content=\"Grazia\" \/>\n<meta property=\"article:modified_time\" content=\"2024-02-01T22:36:46+00:00\" \/>\n<meta property=\"og:image\" content=\"https:\/\/graziamagazine.com\/es\/wp-content\/uploads\/sites\/12\/2024\/02\/daily-movies.ch-Michael-Jackson-Searching-for-Neverland-4.jpg\" \/>\n\t<meta property=\"og:image:width\" content=\"1500\" \/>\n\t<meta property=\"og:image:height\" content=\"843\" \/>\n\t<meta property=\"og:image:type\" content=\"image\/jpeg\" \/>\n<meta name=\"twitter:card\" content=\"summary_large_image\" \/>\n<meta name=\"twitter:label1\" content=\"Est. reading time\" \/>\n\t<meta name=\"twitter:data1\" content=\"3 minutos\" \/>\n<script type=\"application\/ld+json\" class=\"yoast-schema-graph\">{\"@context\":\"https:\/\/schema.org\",\"@graph\":[{\"@type\":\"WebPage\",\"@id\":\"https:\/\/graziamagazine.com\/es\/articles\/estos-seran-los-actores-del-biopic-sobre-michael-jackson\/\",\"url\":\"https:\/\/graziamagazine.com\/es\/articles\/estos-seran-los-actores-del-biopic-sobre-michael-jackson\/\",\"name\":\"Estos ser\u00e1n los actores del biopic sobre Michael Jackson\",\"isPartOf\":{\"@id\":\"https:\/\/graziamagazine.com\/es\/#website\"},\"datePublished\":\"2024-02-02T08:00:08+00:00\",\"dateModified\":\"2024-02-01T22:36:46+00:00\",\"description\":\"La pel\u00edcula estar\u00e1 protagonizada por Jaafar Jackson, sobrino del difunto Rey del Pop, y dar\u00e1 vida a la superestrella.\",\"breadcrumb\":{\"@id\":\"https:\/\/graziamagazine.com\/es\/articles\/estos-seran-los-actores-del-biopic-sobre-michael-jackson\/#breadcrumb\"},\"inLanguage\":\"es\",\"potentialAction\":[{\"@type\":\"ReadAction\",\"target\":[\"https:\/\/graziamagazine.com\/es\/articles\/estos-seran-los-actores-del-biopic-sobre-michael-jackson\/\"]}]},{\"@type\":\"BreadcrumbList\",\"@id\":\"https:\/\/graziamagazine.com\/es\/articles\/estos-seran-los-actores-del-biopic-sobre-michael-jackson\/#breadcrumb\",\"itemListElement\":[{\"@type\":\"ListItem\",\"position\":1,\"name\":\"Portada\",\"item\":\"https:\/\/graziamagazine.com\/es\/\"},{\"@type\":\"ListItem\",\"position\":2,\"name\":\"Estos ser\u00e1n los actores del biopic sobre Michael Jackson\"}]},{\"@type\":\"WebSite\",\"@id\":\"https:\/\/graziamagazine.com\/es\/#website\",\"url\":\"https:\/\/graziamagazine.com\/es\/\",\"name\":\"Grazia\",\"description\":\"Moda, belleza, celebrities, estilo de vida...\",\"potentialAction\":[{\"@type\":\"SearchAction\",\"target\":{\"@type\":\"EntryPoint\",\"urlTemplate\":\"https:\/\/graziamagazine.com\/es\/?s={search_term_string}\"},\"query-input\":\"required name=search_term_string\"}],\"inLanguage\":\"es\"}]}<\/script>\n<!-- \/ Yoast SEO Premium plugin. -->","yoast_head_json":{"title":"Estos ser\u00e1n los actores del biopic sobre Michael Jackson","description":"La pel\u00edcula estar\u00e1 protagonizada por Jaafar Jackson, sobrino del difunto Rey del Pop, y dar\u00e1 vida a la superestrella.","robots":{"index":"index","follow":"follow","max-snippet":"max-snippet:-1","max-image-preview":"max-image-preview:large","max-video-preview":"max-video-preview:-1"},"canonical":"https:\/\/graziamagazine.com\/es\/articles\/estos-seran-los-actores-del-biopic-sobre-michael-jackson\/","og_locale":"es_ES","og_type":"article","og_title":"Estos ser\u00e1n los actores del biopic sobre Michael Jackson","og_description":"La pel\u00edcula estar\u00e1 protagonizada por Jaafar Jackson, sobrino del difunto Rey del Pop, y dar\u00e1 vida a la superestrella.","og_url":"https:\/\/graziamagazine.com\/es\/articles\/estos-seran-los-actores-del-biopic-sobre-michael-jackson\/","og_site_name":"Grazia","article_modified_time":"2024-02-01T22:36:46+00:00","og_image":[{"width":1500,"height":843,"url":"https:\/\/graziamagazine.com\/es\/wp-content\/uploads\/sites\/12\/2024\/02\/daily-movies.ch-Michael-Jackson-Searching-for-Neverland-4.jpg","type":"image\/jpeg"}],"twitter_card":"summary_large_image","twitter_misc":{"Est. reading time":"3 minutos"},"schema":{"@context":"https:\/\/schema.org","@graph":[{"@type":"WebPage","@id":"https:\/\/graziamagazine.com\/es\/articles\/estos-seran-los-actores-del-biopic-sobre-michael-jackson\/","url":"https:\/\/graziamagazine.com\/es\/articles\/estos-seran-los-actores-del-biopic-sobre-michael-jackson\/","name":"Estos ser\u00e1n los actores del biopic sobre Michael Jackson","isPartOf":{"@id":"https:\/\/graziamagazine.com\/es\/#website"},"datePublished":"2024-02-02T08:00:08+00:00","dateModified":"2024-02-01T22:36:46+00:00","description":"La pel\u00edcula estar\u00e1 protagonizada por Jaafar Jackson, sobrino del difunto Rey del Pop, y dar\u00e1 vida a la superestrella.","breadcrumb":{"@id":"https:\/\/graziamagazine.com\/es\/articles\/estos-seran-los-actores-del-biopic-sobre-michael-jackson\/#breadcrumb"},"inLanguage":"es","potentialAction":[{"@type":"ReadAction","target":["https:\/\/graziamagazine.com\/es\/articles\/estos-seran-los-actores-del-biopic-sobre-michael-jackson\/"]}]},{"@type":"BreadcrumbList","@id":"https:\/\/graziamagazine.com\/es\/articles\/estos-seran-los-actores-del-biopic-sobre-michael-jackson\/#breadcrumb","itemListElement":[{"@type":"ListItem","position":1,"name":"Portada","item":"https:\/\/graziamagazine.com\/es\/"},{"@type":"ListItem","position":2,"name":"Estos ser\u00e1n los actores del biopic sobre Michael Jackson"}]},{"@type":"WebSite","@id":"https:\/\/graziamagazine.com\/es\/#website","url":"https:\/\/graziamagazine.com\/es\/","name":"Grazia","description":"Moda, belleza, celebrities, estilo de vida...","potentialAction":[{"@type":"SearchAction","target":{"@type":"EntryPoint","urlTemplate":"https:\/\/graziamagazine.com\/es\/?s={search_term_string}"},"query-input":"required name=search_term_string"}],"inLanguage":"es"}]}},"jetpack_sharing_enabled":true,"distributor_meta":false,"distributor_terms":false,"distributor_media":false,"distributor_original_site_name":"Grazia","distributor_original_site_url":"https:\/\/graziamagazine.com\/es","push-errors":false,"_links":{"self":[{"href":"https:\/\/graziamagazine.com\/es\/wp-json\/wp\/v2\/articles\/174334"}],"collection":[{"href":"https:\/\/graziamagazine.com\/es\/wp-json\/wp\/v2\/articles"}],"about":[{"href":"https:\/\/graziamagazine.com\/es\/wp-json\/wp\/v2\/types\/articles"}],"author":[{"embeddable":true,"href":"https:\/\/graziamagazine.com\/es\/wp-json\/wp\/v2\/users\/16349"}],"wp:featuredmedia":[{"embeddable":true,"href":"https:\/\/graziamagazine.com\/es\/wp-json\/wp\/v2\/media\/174337"}],"wp:attachment":[{"href":"https:\/\/graziamagazine.com\/es\/wp-json\/wp\/v2\/media?parent=174334"}],"wp:term":[{"taxonomy":"category","embeddable":true,"href":"https:\/\/graziamagazine.com\/es\/wp-json\/wp\/v2\/categories?post=174334"}],"curies":[{"name":"wp","href":"https:\/\/api.w.org\/{rel}","templated":true}]}}