{"id":174319,"date":"2024-02-01T11:56:15","date_gmt":"2024-02-01T10:56:15","guid":{"rendered":"https:\/\/graziamagazine.com\/es\/?post_type=articles&#038;p=174319"},"modified":"2024-02-01T11:56:15","modified_gmt":"2024-02-01T10:56:15","slug":"la-coleccion-de-chanel-que-te-convertira-en-la-reina-de-las-nieves","status":"publish","type":"articles","link":"https:\/\/graziamagazine.com\/es\/articles\/la-coleccion-de-chanel-que-te-convertira-en-la-reina-de-las-nieves\/","title":{"rendered":"La colecci\u00f3n de Chanel que te convertir\u00e1 en la reina de las nieves"},"content":{"rendered":"<p>Para descubrir y disfrutar a\u00fan m\u00e1s de esta propuesta de maquillaje, imag\u00ednate que est\u00e1s patinando sobre hielo, haciendo \u00e1ngeles en la nieve, tomando chocolate caliente mientras ves nevar o esquiando. Todo esto durante un viaje a tu <em>resort<\/em> favorito de esqu\u00ed y t\u00fa con un look divino donde la piel brilla gracias al sol invernal. Lo escribo mientras se me antoja estar en las monta\u00f1as nevadas. Pero, mejor dejo de so\u00f1ar despierta y te cuento m\u00e1s sobre los productos. con los que tu tambi\u00e9n puedes vivir esta fantas\u00eda invernal.<\/p>\n<h3><strong>Les Beiges Healthy Glow Natural Eyeshadow Palette Cool<\/strong><\/h3>\n<p>Esta paleta de sombras promete ser tu nueva mejor amiga. A m\u00ed me encanta, pues sus tonos rosados aportan luminosidad en todo tipo de pieles y destacan la belleza natural de todos los colores de ojos. Es una mezcla sorprendente de rosados con un toque rebelde. Con sus cinco tonos construibles, puedes crear muchos looks.<\/p>\n<p><img loading=\"lazy\" decoding=\"async\" class=\"wp-image-133685 size-full\" src=\"https:\/\/graziamagazine.com\/mx\/wp-content\/uploads\/sites\/13\/2024\/01\/MA2023_24_0040_CMYK.png\" alt=\"\" width=\"1100\" height=\"825\" \/><\/p>\n<p>Su nivel de pigmentaci\u00f3n, sobre todo el del tono m\u00e1s intenso, puede hacer que el arco\u00edris se ponga celoso. En mi primera prueba, me impresion\u00f3 c\u00f3mo ese tono dejaba un color muy bonito en mi p\u00e1rpado externo. Lo mejor es que los tonos, ligeramente nacarados, tienen un brillo iridiscente que es s\u00faper elegante. Es como si la Hada de Az\u00facar de \u00abEl Cascanueces\u00bb hubiera decidido convertirse en sombra de ojos. Esta maravilla brilla con destellos azules que te hacen pensar en copos de nieve danzando bajo la luz de la luna. Al aplicarla en el p\u00e1rpado interno, me sent\u00ed como la reina del hielo.<\/p>\n<p>Lo m\u00e1s impresionante es que al mezclarlos creas unos looks divinos y lo mejor de todo es que son construibles, por lo que puedes crear un maquillaje ligero o uno mucho m\u00e1s llamativo. Deja un acabado suave y et\u00e9reo que har\u00eda que cualquier maquillador profesional derrame una l\u00e1grima de orgullo. Definitivamente, me urge llenar mi agenda de eventos sociales para poder usar esta paleta de sombras.<\/p>\n<p><img loading=\"lazy\" decoding=\"async\" class=\"wp-image-133686 size-full\" src=\"https:\/\/graziamagazine.com\/mx\/wp-content\/uploads\/sites\/13\/2024\/01\/MA2017_24_1009_5_PALETTE.CMYK_-e1706776888127.jpg\" alt=\"\" width=\"1070\" height=\"733\" \/><\/p>\n<h3>Toque de luminosidad, color y un snowflake<\/h3>\n<p>El coraz\u00f3n de esta colecci\u00f3n es el nuevo <strong>Les Beiges Healthy Winter Glow Blush<\/strong>. Sus tres tonos tienen un copo de nieve grabado, que aunque acabar\u00e1 desapareciendo por completo de momento cada vez que lo veo me hace sonre\u00edr. Al igual que cuando el resultado que da luminosidad a los p\u00f3mulos y un color como si acabaras de regresar de un d\u00eda fr\u00edo al aire libre.<\/p>\n<p><img loading=\"lazy\" decoding=\"async\" class=\"wp-image-133687 size-full\" src=\"https:\/\/graziamagazine.com\/mx\/wp-content\/uploads\/sites\/13\/2024\/01\/Screen-Shot-2024-01-30-at-16.38.42.png\" alt=\"\" width=\"990\" height=\"1016\" \/><\/p>\n<p>Enriquecido con part\u00edculas nacaradas y pigmentos finamente molidos que dan un brillo ligero en las primeras pasadas y mucho m\u00e1s intenso si as\u00ed se desea.<\/p>\n<p>Sus tres tonos \u2013<strong>Rose Polaire<\/strong>, un rosa fresco, <strong>Corail Givr\u00e9<\/strong>, un coral vibrante y <strong>Mauve Glac\u00e9<\/strong>, un rosa malva so\u00f1ador &#8211; est\u00e1n dise\u00f1ados para complementar cualquier tono de piel. Dando ese enrojecimiento de las mejillas natural y energizante digno de una bajada despu\u00e9s de esquiar una doble negra.<\/p>\n<p><img loading=\"lazy\" decoding=\"async\" class=\"wp-image-133688 size-full\" src=\"https:\/\/graziamagazine.com\/mx\/wp-content\/uploads\/sites\/13\/2024\/01\/MA2023_24_0041_RGB.png\" alt=\"\" width=\"1100\" height=\"825\" \/><\/p>\n<p>Adem\u00e1s, su textura es una fusi\u00f3n perfecta de polvo y crema que adem\u00e1s de dar un aspecto luminoso y natural, tambi\u00e9n se siente incre\u00edble en la piel. Enriquecido con aceite de ricino, este rubor asegura no solo una aplicaci\u00f3n impecable sino tambi\u00e9n una comodidad duradera. Es como un cari\u00f1ito que mantiene tu piel hidratada y radiante.<\/p>\n<h3>Suavidad para los los labios<\/h3>\n<p>Llegan tres nuevos tonos de <strong>Rouge Coco Baume<\/strong>, su f\u00f3rmula sedosa es lo m\u00e1ximo pues mantiene los labios hidratados. Con ceras naturales que los mantiene acondicionados. Por lo que son ideales para evitar la resequedad de los cambios de temperatura de este mes. Las novedades son <strong>Chilling Pink<\/strong>, un tono rosa fresco, <strong>Keep Cool<\/strong> un beige malva y <strong>Cocoon<\/strong>, un rosa marr\u00f3n. Dan una ligera capa de color a los labios y luminosidad. Son perfectos tambi\u00e9n para crear el look <em>apr\u00e8s ski<\/em>.<\/p>\n<p><img loading=\"lazy\" decoding=\"async\" class=\"wp-image-133690 size-full\" src=\"https:\/\/graziamagazine.com\/mx\/wp-content\/uploads\/sites\/13\/2024\/01\/MA2023_24_0039_CMYK.png\" alt=\"\" width=\"1100\" height=\"825\" \/><\/p>\n<h4>Frost your nails<\/h4>\n<p>Dos esmaltes de u\u00f1as forman parte de esta colecci\u00f3n. Ambos tonos son ligeros y me gustaron pues se pueden llevar por separado o perfectamente mezclarlos. Yo con onda retro me hice un <em>french manicure <\/em>primero aplique el tono <strong>Skieuse<\/strong>,(dos capas) que es rosado y luego apliqu\u00e9 en las puntas el <strong>Glaciale<\/strong> que es el blanco. Se me hizo muy elegante pues no destaca tanto el blanco y se funden divino.<\/p>\n<p><img loading=\"lazy\" decoding=\"async\" class=\"wp-image-133691 size-full\" src=\"https:\/\/graziamagazine.com\/mx\/wp-content\/uploads\/sites\/13\/2024\/01\/MA2023_24_0042_CMYK.png\" alt=\"\" width=\"1100\" height=\"824\" \/><\/p>\n<p>La colecci\u00f3n tambi\u00e9n incluye un Primer (<strong>Les Beiges Healthy Winter Glow Primer)<\/strong> pero ese producto no lo he probado. Por lo que no a\u00fan no tengo rese\u00f1a.<\/p>\n<p><img loading=\"lazy\" decoding=\"async\" class=\"wp-image-133692 size-full\" src=\"https:\/\/graziamagazine.com\/mx\/wp-content\/uploads\/sites\/13\/2024\/01\/MA2017_09_1286_1_BASE_BELLE_MINE.CMYK_-e1706776933268.jpg\" alt=\"\" width=\"1035\" height=\"748\" \/><\/p>\n<p>Esta colecci\u00f3n me gust\u00f3 bastante, pues le da a mi piel el ese efecto que deja el fr\u00edo despu\u00e9s de un d\u00eda en las monta\u00f1as nevadas. Al ser edici\u00f3n limitada muchos productos vuelan. As\u00ed, que si quieres lucir un resplandor invernal al estilo Chanel te recomiendes que no te quedes congelada y que compres tus productos favoritos pues muchos de ellos est\u00e1n volando.<\/p>\n<p><em>*Im\u00e1genes: cortes\u00eda<\/em><\/p>\n<p>&nbsp;<\/p>\n","protected":false},"author":16349,"featured_media":174320,"template":"","format":"standard","categories":[7],"acf":[],"yoast_head":"<!-- This site is optimized with the Yoast SEO Premium plugin v18.5 (Yoast SEO v20.4) - https:\/\/yoast.com\/wordpress\/plugins\/seo\/ -->\n<title>La colecci\u00f3n de Chanel que te convertir\u00e1 en la reina de las nieves<\/title>\n<meta name=\"description\" content=\"Para descubrir y disfrutar a\u00fan m\u00e1s de esta propuesta de maquillaje, imag\u00ednate que est\u00e1s patinando sobre hielo, haciendo \u00e1ngeles en la nieve, tomando\" \/>\n<meta name=\"robots\" content=\"index, follow, max-snippet:-1, max-image-preview:large, max-video-preview:-1\" \/>\n<link rel=\"canonical\" href=\"https:\/\/graziamagazine.com\/es\/articles\/la-coleccion-de-chanel-que-te-convertira-en-la-reina-de-las-nieves\/\" \/>\n<meta property=\"og:locale\" content=\"es_ES\" \/>\n<meta property=\"og:type\" content=\"article\" \/>\n<meta property=\"og:title\" content=\"La colecci\u00f3n de Chanel que te convertir\u00e1 en la reina de las nieves\" \/>\n<meta property=\"og:description\" content=\"Para descubrir y disfrutar a\u00fan m\u00e1s de esta propuesta de maquillaje, imag\u00ednate que est\u00e1s patinando sobre hielo, haciendo \u00e1ngeles en la nieve, tomando\" \/>\n<meta property=\"og:url\" content=\"https:\/\/graziamagazine.com\/es\/articles\/la-coleccion-de-chanel-que-te-convertira-en-la-reina-de-las-nieves\/\" \/>\n<meta property=\"og:site_name\" content=\"Grazia\" \/>\n<meta property=\"og:image\" content=\"https:\/\/graziamagazine.com\/es\/wp-content\/uploads\/sites\/12\/2024\/02\/MA2023_24_0005_RGB.png\" \/>\n\t<meta property=\"og:image:width\" content=\"1100\" \/>\n\t<meta property=\"og:image:height\" content=\"827\" \/>\n\t<meta property=\"og:image:type\" content=\"image\/png\" \/>\n<meta name=\"twitter:card\" content=\"summary_large_image\" \/>\n<meta name=\"twitter:label1\" content=\"Est. reading time\" \/>\n\t<meta name=\"twitter:data1\" content=\"5 minutos\" \/>\n<script type=\"application\/ld+json\" class=\"yoast-schema-graph\">{\"@context\":\"https:\/\/schema.org\",\"@graph\":[{\"@type\":\"WebPage\",\"@id\":\"https:\/\/graziamagazine.com\/es\/articles\/la-coleccion-de-chanel-que-te-convertira-en-la-reina-de-las-nieves\/\",\"url\":\"https:\/\/graziamagazine.com\/es\/articles\/la-coleccion-de-chanel-que-te-convertira-en-la-reina-de-las-nieves\/\",\"name\":\"La colecci\u00f3n de Chanel que te convertir\u00e1 en la reina de las nieves\",\"isPartOf\":{\"@id\":\"https:\/\/graziamagazine.com\/es\/#website\"},\"datePublished\":\"2024-02-01T10:56:15+00:00\",\"dateModified\":\"2024-02-01T10:56:15+00:00\",\"description\":\"Para descubrir y disfrutar a\u00fan m\u00e1s de esta propuesta de maquillaje, imag\u00ednate que est\u00e1s patinando sobre hielo, haciendo \u00e1ngeles en la nieve, tomando\",\"breadcrumb\":{\"@id\":\"https:\/\/graziamagazine.com\/es\/articles\/la-coleccion-de-chanel-que-te-convertira-en-la-reina-de-las-nieves\/#breadcrumb\"},\"inLanguage\":\"es\",\"potentialAction\":[{\"@type\":\"ReadAction\",\"target\":[\"https:\/\/graziamagazine.com\/es\/articles\/la-coleccion-de-chanel-que-te-convertira-en-la-reina-de-las-nieves\/\"]}]},{\"@type\":\"BreadcrumbList\",\"@id\":\"https:\/\/graziamagazine.com\/es\/articles\/la-coleccion-de-chanel-que-te-convertira-en-la-reina-de-las-nieves\/#breadcrumb\",\"itemListElement\":[{\"@type\":\"ListItem\",\"position\":1,\"name\":\"Portada\",\"item\":\"https:\/\/graziamagazine.com\/es\/\"},{\"@type\":\"ListItem\",\"position\":2,\"name\":\"La colecci\u00f3n de Chanel que te convertir\u00e1 en la reina de las nieves\"}]},{\"@type\":\"WebSite\",\"@id\":\"https:\/\/graziamagazine.com\/es\/#website\",\"url\":\"https:\/\/graziamagazine.com\/es\/\",\"name\":\"Grazia\",\"description\":\"Moda, belleza, celebrities, estilo de vida...\",\"potentialAction\":[{\"@type\":\"SearchAction\",\"target\":{\"@type\":\"EntryPoint\",\"urlTemplate\":\"https:\/\/graziamagazine.com\/es\/?s={search_term_string}\"},\"query-input\":\"required name=search_term_string\"}],\"inLanguage\":\"es\"}]}<\/script>\n<!-- \/ Yoast SEO Premium plugin. -->","yoast_head_json":{"title":"La colecci\u00f3n de Chanel que te convertir\u00e1 en la reina de las nieves","description":"Para descubrir y disfrutar a\u00fan m\u00e1s de esta propuesta de maquillaje, imag\u00ednate que est\u00e1s patinando sobre hielo, haciendo \u00e1ngeles en la nieve, tomando","robots":{"index":"index","follow":"follow","max-snippet":"max-snippet:-1","max-image-preview":"max-image-preview:large","max-video-preview":"max-video-preview:-1"},"canonical":"https:\/\/graziamagazine.com\/es\/articles\/la-coleccion-de-chanel-que-te-convertira-en-la-reina-de-las-nieves\/","og_locale":"es_ES","og_type":"article","og_title":"La colecci\u00f3n de Chanel que te convertir\u00e1 en la reina de las nieves","og_description":"Para descubrir y disfrutar a\u00fan m\u00e1s de esta propuesta de maquillaje, imag\u00ednate que est\u00e1s patinando sobre hielo, haciendo \u00e1ngeles en la nieve, tomando","og_url":"https:\/\/graziamagazine.com\/es\/articles\/la-coleccion-de-chanel-que-te-convertira-en-la-reina-de-las-nieves\/","og_site_name":"Grazia","og_image":[{"width":1100,"height":827,"url":"https:\/\/graziamagazine.com\/es\/wp-content\/uploads\/sites\/12\/2024\/02\/MA2023_24_0005_RGB.png","type":"image\/png"}],"twitter_card":"summary_large_image","twitter_misc":{"Est. reading time":"5 minutos"},"schema":{"@context":"https:\/\/schema.org","@graph":[{"@type":"WebPage","@id":"https:\/\/graziamagazine.com\/es\/articles\/la-coleccion-de-chanel-que-te-convertira-en-la-reina-de-las-nieves\/","url":"https:\/\/graziamagazine.com\/es\/articles\/la-coleccion-de-chanel-que-te-convertira-en-la-reina-de-las-nieves\/","name":"La colecci\u00f3n de Chanel que te convertir\u00e1 en la reina de las nieves","isPartOf":{"@id":"https:\/\/graziamagazine.com\/es\/#website"},"datePublished":"2024-02-01T10:56:15+00:00","dateModified":"2024-02-01T10:56:15+00:00","description":"Para descubrir y disfrutar a\u00fan m\u00e1s de esta propuesta de maquillaje, imag\u00ednate que est\u00e1s patinando sobre hielo, haciendo \u00e1ngeles en la nieve, tomando","breadcrumb":{"@id":"https:\/\/graziamagazine.com\/es\/articles\/la-coleccion-de-chanel-que-te-convertira-en-la-reina-de-las-nieves\/#breadcrumb"},"inLanguage":"es","potentialAction":[{"@type":"ReadAction","target":["https:\/\/graziamagazine.com\/es\/articles\/la-coleccion-de-chanel-que-te-convertira-en-la-reina-de-las-nieves\/"]}]},{"@type":"BreadcrumbList","@id":"https:\/\/graziamagazine.com\/es\/articles\/la-coleccion-de-chanel-que-te-convertira-en-la-reina-de-las-nieves\/#breadcrumb","itemListElement":[{"@type":"ListItem","position":1,"name":"Portada","item":"https:\/\/graziamagazine.com\/es\/"},{"@type":"ListItem","position":2,"name":"La colecci\u00f3n de Chanel que te convertir\u00e1 en la reina de las nieves"}]},{"@type":"WebSite","@id":"https:\/\/graziamagazine.com\/es\/#website","url":"https:\/\/graziamagazine.com\/es\/","name":"Grazia","description":"Moda, belleza, celebrities, estilo de vida...","potentialAction":[{"@type":"SearchAction","target":{"@type":"EntryPoint","urlTemplate":"https:\/\/graziamagazine.com\/es\/?s={search_term_string}"},"query-input":"required name=search_term_string"}],"inLanguage":"es"}]}},"jetpack_sharing_enabled":true,"distributor_meta":false,"distributor_terms":false,"distributor_media":false,"distributor_original_site_name":"Grazia","distributor_original_site_url":"https:\/\/graziamagazine.com\/es","push-errors":false,"_links":{"self":[{"href":"https:\/\/graziamagazine.com\/es\/wp-json\/wp\/v2\/articles\/174319"}],"collection":[{"href":"https:\/\/graziamagazine.com\/es\/wp-json\/wp\/v2\/articles"}],"about":[{"href":"https:\/\/graziamagazine.com\/es\/wp-json\/wp\/v2\/types\/articles"}],"author":[{"embeddable":true,"href":"https:\/\/graziamagazine.com\/es\/wp-json\/wp\/v2\/users\/16349"}],"wp:featuredmedia":[{"embeddable":true,"href":"https:\/\/graziamagazine.com\/es\/wp-json\/wp\/v2\/media\/174320"}],"wp:attachment":[{"href":"https:\/\/graziamagazine.com\/es\/wp-json\/wp\/v2\/media?parent=174319"}],"wp:term":[{"taxonomy":"category","embeddable":true,"href":"https:\/\/graziamagazine.com\/es\/wp-json\/wp\/v2\/categories?post=174319"}],"curies":[{"name":"wp","href":"https:\/\/api.w.org\/{rel}","templated":true}]}}