{"id":174243,"date":"2024-02-06T09:00:44","date_gmt":"2024-02-06T08:00:44","guid":{"rendered":"https:\/\/graziamagazine.com\/es\/?post_type=articles&#038;p=174243"},"modified":"2024-02-05T17:28:08","modified_gmt":"2024-02-05T16:28:08","slug":"consejos-para-lucir-la-minifalda-tableada-con-estilo-en-esta-temporada","status":"publish","type":"articles","link":"https:\/\/graziamagazine.com\/es\/articles\/consejos-para-lucir-la-minifalda-tableada-con-estilo-en-esta-temporada\/","title":{"rendered":"Consejos para lucir la minifalda de tablas esta temporada"},"content":{"rendered":"<p><span style=\"font-weight: 400\">En el mundo de la moda, la minifalda de tablas ha logrado mantener su estatus de prenda atemporal que combina femineidad y elegancia. Esta prenda vers\u00e1til puede ser la elecci\u00f3n perfecta para diversas ocasiones, desde salidas casuales con tus amigas hasta eventos m\u00e1s formales, siempre y cuando sepas combinarla con accesorios y el resto de tu <em>outfit<\/em>.<\/span><\/p>\n<p><span style=\"font-weight: 400\">Sigue estos consejos para vestir de la mejor manera una de las prendas de la temporada y destacar en cualquier ocasi\u00f3n.<\/span><\/p>\n<h3><strong>Longitud apropiada<\/strong><\/h3>\n<p><span style=\"font-weight: 400\">La longitud de la minifalda tableada es crucial para un look exitoso. Opta por una longitud que te haga sentir c\u00f3moda y segura. Las versiones demasiado cortas pueden resultar inapropiadas en ciertos entornos, mientras que las m\u00e1s largas pueden restarle frescura al estilo de la prenda. Recuerda: la longitud va de acuerdo a la ocasi\u00f3n.<\/span><\/p>\n<p><img decoding=\"async\" src=\"https:\/\/hips.hearstapps.com\/hmg-prod\/images\/como-llevar-la-mini-falda-tableada-mujeres-mas-de-40-8-65ad614acffb5.jpg?resize=980:*\" alt=\"c\u00f3mo llevar la mini falda tableada mujeres m\u00e1s de 40\" \/><\/p>\n<h3><strong>La tela puede hacer la diferencia<\/strong><\/h3>\n<p><span style=\"font-weight: 400\">La elecci\u00f3n de la tela tambi\u00e9n tiene mucho que ver para lograr el look deseado. Para un estilo m\u00e1s casual y diurno, las telas livianas y fluidas como el algod\u00f3n o la gasa son ideales. Pero si buscas una opci\u00f3n m\u00e1s formal, considera tejidos m\u00e1s estructurados como la lana o la seda. Adem\u00e1s, las faldas tableadas con estampados de temporada pueden a\u00f1adir un toque de originalidad a tu atuendo.<\/span><\/p>\n<p><img decoding=\"async\" src=\"https:\/\/hips.hearstapps.com\/hmg-prod\/images\/como-llevar-la-mini-falda-tableada-mujeres-mas-de-40-9-65ad55d20ca33.jpg?resize=980:*\" alt=\"c\u00f3mo llevar la mini falda tableada mujeres m\u00e1s de 40\" \/><\/p>\n<h3><strong>Combinaci\u00f3n de colores<\/strong><\/h3>\n<p><span style=\"font-weight: 400\">A la hora de combinar colores, ten en cuenta la paleta de colores que m\u00e1s te favorece y la ocasi\u00f3n. Las faldas tableadas suelen lucir mejor cuando se combinan con colores s\u00f3lidos o patrones sutiles. Un top en tonos neutros o que complemente el color de la falda puede ser la clave para un conjunto armonioso.<\/span><\/p>\n<p><img decoding=\"async\" src=\"https:\/\/hips.hearstapps.com\/hmg-prod\/images\/como-llevar-la-mini-falda-tableada-mujeres-mas-de-40-6-65ad6239560bb.jpg?resize=980:*\" alt=\"c\u00f3mo llevar la mini falda tableada mujeres m\u00e1s de 40\" \/><\/p>\n<h3><strong>\u00bfTac\u00f3n, plataforma o zapato bajo?<\/strong><\/h3>\n<p><span style=\"font-weight: 400\">El calzado que elijas puede transformar por completo tu look. Para un estilo casual, unas zapatillas o zapatos estilo bailarina pueden ser la elecci\u00f3n perfecta. Si buscas un toque m\u00e1s sexy, unos tacones altos ser\u00e1n la cereza del pastel. Experimenta con diferentes estilos para encontrar el equilibrio perfecto entre comodidad y glamour.<\/span><\/p>\n<p><img decoding=\"async\" src=\"https:\/\/hips.hearstapps.com\/hmg-prod\/images\/como-llevar-la-mini-falda-tableada-mujeres-mas-de-40-3-65ad60c81d4fb.jpg?resize=980:*\" alt=\"c\u00f3mo llevar la mini falda tableada mujeres m\u00e1s de 40\" \/><\/p>\n<h3><strong>Accesorios con moderaci\u00f3n<\/strong><\/h3>\n<p><span style=\"font-weight: 400\">Cuando se trata de accesorios, menos es m\u00e1s. Unos aretes llamativos o un collar delicado pueden realzar tu conjunto, pero evita la saturaci\u00f3n. Opta por accesorios que complementen tu <em>outfit<\/em> en lugar de competir con \u00e9l y, especialmente, que no opaquen la prenda estrella: tu minifalda.<\/span><\/p>\n<p><img loading=\"lazy\" decoding=\"async\" class=\"alignnone wp-image-133586 size-large\" src=\"https:\/\/graziamagazine.com\/mx\/wp-content\/uploads\/sites\/13\/2024\/01\/pleated-mini-skirt-street-style.jpeg?w=1024&amp;resize=1024%2C1024\" alt=\"\" width=\"1024\" height=\"1024\" data-recalc-dims=\"1\" \/><\/p>\n<p><em>*Im\u00e1genes: Getty Images e Instagram\u00a0<\/em><\/p>\n","protected":false},"author":16349,"featured_media":174395,"template":"","format":"standard","categories":[1],"acf":[],"yoast_head":"<!-- This site is optimized with the Yoast SEO Premium plugin v18.5 (Yoast SEO v20.4) - https:\/\/yoast.com\/wordpress\/plugins\/seo\/ -->\n<title>Consejos para lucir la minifalda de tablas esta temporada | Grazia<\/title>\n<meta name=\"description\" content=\"Seguro que la llevabas hace muchos a\u00f1os. Ahora la mini de tablas regresa con fuerza y puedes combinarla de m\u00faltiples maneras. \u00a1Toma nota!\" \/>\n<meta name=\"robots\" content=\"index, follow, max-snippet:-1, max-image-preview:large, max-video-preview:-1\" \/>\n<link rel=\"canonical\" href=\"https:\/\/graziamagazine.com\/es\/?post_type=articles&p=174243\" \/>\n<meta property=\"og:locale\" content=\"es_ES\" \/>\n<meta property=\"og:type\" content=\"article\" \/>\n<meta property=\"og:title\" content=\"Consejos para lucir la minifalda de tablas esta temporada\" \/>\n<meta property=\"og:description\" content=\"Seguro que la llevabas hace muchos a\u00f1os. Ahora la mini de tablas regresa con fuerza y puedes combinarla de m\u00faltiples maneras. \u00a1Toma nota!\" \/>\n<meta property=\"og:url\" content=\"https:\/\/graziamagazine.com\/es\/?post_type=articles&amp;p=174243\" \/>\n<meta property=\"og:site_name\" content=\"Grazia\" \/>\n<meta property=\"article:modified_time\" content=\"2024-02-05T16:28:08+00:00\" \/>\n<meta property=\"og:image\" content=\"https:\/\/graziamagazine.com\/es\/wp-content\/uploads\/sites\/12\/2024\/01\/como-llevar-la-mini-falda-tableada-mujeres-mas-de-40-21-65ad62141124c-e1707145155700.jpg\" \/>\n\t<meta property=\"og:image:width\" content=\"947\" \/>\n\t<meta property=\"og:image:height\" content=\"767\" \/>\n\t<meta property=\"og:image:type\" content=\"image\/jpeg\" \/>\n<meta name=\"twitter:card\" content=\"summary_large_image\" \/>\n<meta name=\"twitter:label1\" content=\"Est. reading time\" \/>\n\t<meta name=\"twitter:data1\" content=\"3 minutos\" \/>\n<script type=\"application\/ld+json\" class=\"yoast-schema-graph\">{\"@context\":\"https:\/\/schema.org\",\"@graph\":[{\"@type\":\"WebPage\",\"@id\":\"https:\/\/graziamagazine.com\/es\/?post_type=articles&p=174243\",\"url\":\"https:\/\/graziamagazine.com\/es\/?post_type=articles&p=174243\",\"name\":\"Consejos para lucir la minifalda de tablas esta temporada | Grazia\",\"isPartOf\":{\"@id\":\"https:\/\/graziamagazine.com\/es\/#website\"},\"datePublished\":\"2024-02-06T08:00:44+00:00\",\"dateModified\":\"2024-02-05T16:28:08+00:00\",\"description\":\"Seguro que la llevabas hace muchos a\u00f1os. Ahora la mini de tablas regresa con fuerza y puedes combinarla de m\u00faltiples maneras. \u00a1Toma nota!\",\"breadcrumb\":{\"@id\":\"https:\/\/graziamagazine.com\/es\/?post_type=articles&p=174243#breadcrumb\"},\"inLanguage\":\"es\",\"potentialAction\":[{\"@type\":\"ReadAction\",\"target\":[\"https:\/\/graziamagazine.com\/es\/?post_type=articles&p=174243\"]}]},{\"@type\":\"BreadcrumbList\",\"@id\":\"https:\/\/graziamagazine.com\/es\/?post_type=articles&p=174243#breadcrumb\",\"itemListElement\":[{\"@type\":\"ListItem\",\"position\":1,\"name\":\"Portada\",\"item\":\"https:\/\/graziamagazine.com\/es\/\"},{\"@type\":\"ListItem\",\"position\":2,\"name\":\"Consejos para lucir la minifalda de tablas esta temporada\"}]},{\"@type\":\"WebSite\",\"@id\":\"https:\/\/graziamagazine.com\/es\/#website\",\"url\":\"https:\/\/graziamagazine.com\/es\/\",\"name\":\"Grazia\",\"description\":\"Moda, belleza, celebrities, estilo de vida...\",\"potentialAction\":[{\"@type\":\"SearchAction\",\"target\":{\"@type\":\"EntryPoint\",\"urlTemplate\":\"https:\/\/graziamagazine.com\/es\/?s={search_term_string}\"},\"query-input\":\"required name=search_term_string\"}],\"inLanguage\":\"es\"}]}<\/script>\n<!-- \/ Yoast SEO Premium plugin. -->","yoast_head_json":{"title":"Consejos para lucir la minifalda de tablas esta temporada | Grazia","description":"Seguro que la llevabas hace muchos a\u00f1os. Ahora la mini de tablas regresa con fuerza y puedes combinarla de m\u00faltiples maneras. \u00a1Toma nota!","robots":{"index":"index","follow":"follow","max-snippet":"max-snippet:-1","max-image-preview":"max-image-preview:large","max-video-preview":"max-video-preview:-1"},"canonical":"https:\/\/graziamagazine.com\/es\/?post_type=articles&p=174243","og_locale":"es_ES","og_type":"article","og_title":"Consejos para lucir la minifalda de tablas esta temporada","og_description":"Seguro que la llevabas hace muchos a\u00f1os. Ahora la mini de tablas regresa con fuerza y puedes combinarla de m\u00faltiples maneras. \u00a1Toma nota!","og_url":"https:\/\/graziamagazine.com\/es\/?post_type=articles&p=174243","og_site_name":"Grazia","article_modified_time":"2024-02-05T16:28:08+00:00","og_image":[{"width":947,"height":767,"url":"https:\/\/graziamagazine.com\/es\/wp-content\/uploads\/sites\/12\/2024\/01\/como-llevar-la-mini-falda-tableada-mujeres-mas-de-40-21-65ad62141124c-e1707145155700.jpg","type":"image\/jpeg"}],"twitter_card":"summary_large_image","twitter_misc":{"Est. reading time":"3 minutos"},"schema":{"@context":"https:\/\/schema.org","@graph":[{"@type":"WebPage","@id":"https:\/\/graziamagazine.com\/es\/?post_type=articles&p=174243","url":"https:\/\/graziamagazine.com\/es\/?post_type=articles&p=174243","name":"Consejos para lucir la minifalda de tablas esta temporada | Grazia","isPartOf":{"@id":"https:\/\/graziamagazine.com\/es\/#website"},"datePublished":"2024-02-06T08:00:44+00:00","dateModified":"2024-02-05T16:28:08+00:00","description":"Seguro que la llevabas hace muchos a\u00f1os. Ahora la mini de tablas regresa con fuerza y puedes combinarla de m\u00faltiples maneras. \u00a1Toma nota!","breadcrumb":{"@id":"https:\/\/graziamagazine.com\/es\/?post_type=articles&p=174243#breadcrumb"},"inLanguage":"es","potentialAction":[{"@type":"ReadAction","target":["https:\/\/graziamagazine.com\/es\/?post_type=articles&p=174243"]}]},{"@type":"BreadcrumbList","@id":"https:\/\/graziamagazine.com\/es\/?post_type=articles&p=174243#breadcrumb","itemListElement":[{"@type":"ListItem","position":1,"name":"Portada","item":"https:\/\/graziamagazine.com\/es\/"},{"@type":"ListItem","position":2,"name":"Consejos para lucir la minifalda de tablas esta temporada"}]},{"@type":"WebSite","@id":"https:\/\/graziamagazine.com\/es\/#website","url":"https:\/\/graziamagazine.com\/es\/","name":"Grazia","description":"Moda, belleza, celebrities, estilo de vida...","potentialAction":[{"@type":"SearchAction","target":{"@type":"EntryPoint","urlTemplate":"https:\/\/graziamagazine.com\/es\/?s={search_term_string}"},"query-input":"required name=search_term_string"}],"inLanguage":"es"}]}},"jetpack_sharing_enabled":true,"distributor_meta":false,"distributor_terms":false,"distributor_media":false,"distributor_original_site_name":"Grazia","distributor_original_site_url":"https:\/\/graziamagazine.com\/es","push-errors":false,"_links":{"self":[{"href":"https:\/\/graziamagazine.com\/es\/wp-json\/wp\/v2\/articles\/174243"}],"collection":[{"href":"https:\/\/graziamagazine.com\/es\/wp-json\/wp\/v2\/articles"}],"about":[{"href":"https:\/\/graziamagazine.com\/es\/wp-json\/wp\/v2\/types\/articles"}],"author":[{"embeddable":true,"href":"https:\/\/graziamagazine.com\/es\/wp-json\/wp\/v2\/users\/16349"}],"wp:featuredmedia":[{"embeddable":true,"href":"https:\/\/graziamagazine.com\/es\/wp-json\/wp\/v2\/media\/174395"}],"wp:attachment":[{"href":"https:\/\/graziamagazine.com\/es\/wp-json\/wp\/v2\/media?parent=174243"}],"wp:term":[{"taxonomy":"category","embeddable":true,"href":"https:\/\/graziamagazine.com\/es\/wp-json\/wp\/v2\/categories?post=174243"}],"curies":[{"name":"wp","href":"https:\/\/api.w.org\/{rel}","templated":true}]}}