{"id":174215,"date":"2024-01-24T09:00:47","date_gmt":"2024-01-24T08:00:47","guid":{"rendered":"https:\/\/graziamagazine.com\/es\/?post_type=articles&#038;p=174215"},"modified":"2024-01-23T23:50:25","modified_gmt":"2024-01-23T22:50:25","slug":"enzo-vogrincic-el-chico-de-moda-en-la-sociedad-de-la-nieve","status":"publish","type":"articles","link":"https:\/\/graziamagazine.com\/es\/articles\/enzo-vogrincic-el-chico-de-moda-en-la-sociedad-de-la-nieve\/","title":{"rendered":"Enzo Vogrincic, el chico de moda en &#8216;La sociedad de la nieve&#8217;"},"content":{"rendered":"<p>El uruguayo<strong> Enzo Vogrincic<\/strong> es uno de los actores del momento. Su papel en <em><strong>La sociedad de la nieve<\/strong><\/em> lo ha lanzado a la fama mundial y a pesar de su corta carrera, su talento ha conquistado al p\u00fablico en poco tiempo.<\/p>\n<p>Con tan solo 30 a\u00f1os, ha participado en proyectos como <em><strong>La noche de 12 a\u00f1os <\/strong><\/em><strong>y<\/strong><em><strong> 9<\/strong><\/em>. Pero fue su papel como <strong>Numa Turcatti<\/strong> en <em>La Sociedad de la Nieve<\/em>, lo que lo ha puesto en la fama mundial.<\/p>\n<p>Y una raz\u00f3n para lograrlo, fue su dedicaci\u00f3n y profesionalismo los que definieron esta nueva etapa en su carrera, pues lleg\u00f3 a adelgazar 20 kilos y enfrentar condiciones las extremas de las grabaciones en la<strong> Sierra Nevada<\/strong>.<\/p>\n<figure id=\"attachment_133321\" class=\"wp-caption alignnone\" style=\"width: 845px\" aria-describedby=\"caption-attachment-133321\"><img loading=\"lazy\" decoding=\"async\" class=\"wp-image-133321 size-large\" src=\"https:\/\/graziamagazine.com\/mx\/wp-content\/uploads\/sites\/13\/2024\/01\/WhatsApp-Image-2024-01-22-at-5.50.33-PM.jpeg?w=845&amp;resize=845%2C1024\" alt=\"\" width=\"845\" height=\"1024\" data-recalc-dims=\"1\" \/><\/figure>\n<p>Enzo naci\u00f3 en Montevideo el 22 de marzo de 1993 y lo han comparado en redes sociales con <strong>Adam Driver<\/strong> y<strong> Keanu Reeves<\/strong>. Estudi\u00f3 en la <strong>Escuela Multidisciplinaria de Arte Dram\u00e1tico Margarita Xirgu<\/strong> (EMAD) y, desde los 18 a\u00f1os ha trabajado en teatro.<\/p>\n<p>En la pel\u00edcula \u20189\u2019 (estrenada en el 2021) tuvo su primer papel protagonista, el de Christian, una pel\u00edcula sobre el mundo del f\u00fatbol inspirada en el incidente del mundial de 2014 en el que<strong> Su\u00e1rez<\/strong> mordi\u00f3 a <strong>Chiellini<\/strong>.<\/p>\n<p>Luego hizo su primera serie, de <strong>Prime Video<\/strong>, que se llama <em><strong>Porno y helado<\/strong><\/em>, y trata sobre una banda de rock que arrasa en <strong>Buenos Aires<\/strong>. Hace un papel en solo un episodio. En la miniserie <em><strong>Iosi, el esp\u00eda arrepentido<\/strong><\/em>, interpret\u00f3 un esp\u00eda argentino durante los ocho episodios de la primera temporada.<\/p>\n<figure id=\"attachment_133319\" class=\"wp-caption alignnone\" style=\"width: 979px\" aria-describedby=\"caption-attachment-133319\"><img loading=\"lazy\" decoding=\"async\" class=\"wp-image-133319 size-large\" src=\"https:\/\/graziamagazine.com\/mx\/wp-content\/uploads\/sites\/13\/2024\/01\/WhatsApp-Image-2024-01-22-at-5.50.34-PM-1.jpeg?w=979&amp;resize=979%2C712\" alt=\"\" width=\"979\" height=\"712\" data-recalc-dims=\"1\" \/><\/figure>\n<p>Gracias a su papel como Numa Turcatti ha sido nominado a <strong>Mejor actor internacional<\/strong> en los premios<strong> Astra Film Awards<\/strong> y se espera que su actuaci\u00f3n sea premiada en otros premios de cine.<\/p>\n<p><em>La sociedad de la nieve<\/em>, que con tan solo 20 d\u00edas de haberse estrenado, ha entrado en el top 10 de las pel\u00edculas m\u00e1s vistas en toda la historia de<strong> Netflix<\/strong>.<\/p>\n","protected":false},"author":36289,"featured_media":174220,"template":"","format":"standard","categories":[13],"acf":[],"yoast_head":"<!-- This site is optimized with the Yoast SEO Premium plugin v18.5 (Yoast SEO v20.4) - https:\/\/yoast.com\/wordpress\/plugins\/seo\/ -->\n<title>Enzo Vogrincic, el chico de moda en &#039;La sociedad de la nieve&#039;<\/title>\n<meta name=\"description\" content=\"El uruguayo Enzo Vogrincic es uno de los actores del momento. Su papel en La sociedad de la nieve lo ha lanzado a la fama mundial y a pesar de su corta\" \/>\n<meta name=\"robots\" content=\"index, follow, max-snippet:-1, max-image-preview:large, max-video-preview:-1\" \/>\n<link rel=\"canonical\" href=\"https:\/\/graziamagazine.com\/es\/articles\/enzo-vogrincic-el-chico-de-moda-en-la-sociedad-de-la-nieve\/\" \/>\n<meta property=\"og:locale\" content=\"es_ES\" \/>\n<meta property=\"og:type\" content=\"article\" \/>\n<meta property=\"og:title\" content=\"Enzo Vogrincic, el chico de moda en &#039;La sociedad de la nieve&#039;\" \/>\n<meta property=\"og:description\" content=\"El uruguayo Enzo Vogrincic es uno de los actores del momento. Su papel en La sociedad de la nieve lo ha lanzado a la fama mundial y a pesar de su corta\" \/>\n<meta property=\"og:url\" content=\"https:\/\/graziamagazine.com\/es\/articles\/enzo-vogrincic-el-chico-de-moda-en-la-sociedad-de-la-nieve\/\" \/>\n<meta property=\"og:site_name\" content=\"Grazia\" \/>\n<meta property=\"article:modified_time\" content=\"2024-01-23T22:50:25+00:00\" \/>\n<meta property=\"og:image\" content=\"https:\/\/graziamagazine.com\/es\/wp-content\/uploads\/sites\/12\/2024\/01\/enzo-vogrincic-actor-biografia-sexualidad-pareja-la-sociedad-de-la-nieve-copia.jpg?fit=1280%2C720\" \/>\n\t<meta property=\"og:image:width\" content=\"1280\" \/>\n\t<meta property=\"og:image:height\" content=\"720\" \/>\n\t<meta property=\"og:image:type\" content=\"image\/jpeg\" \/>\n<meta name=\"twitter:card\" content=\"summary_large_image\" \/>\n<meta name=\"twitter:label1\" content=\"Est. reading time\" \/>\n\t<meta name=\"twitter:data1\" content=\"2 minutos\" \/>\n<script type=\"application\/ld+json\" class=\"yoast-schema-graph\">{\"@context\":\"https:\/\/schema.org\",\"@graph\":[{\"@type\":\"WebPage\",\"@id\":\"https:\/\/graziamagazine.com\/es\/articles\/enzo-vogrincic-el-chico-de-moda-en-la-sociedad-de-la-nieve\/\",\"url\":\"https:\/\/graziamagazine.com\/es\/articles\/enzo-vogrincic-el-chico-de-moda-en-la-sociedad-de-la-nieve\/\",\"name\":\"Enzo Vogrincic, el chico de moda en 'La sociedad de la nieve'\",\"isPartOf\":{\"@id\":\"https:\/\/graziamagazine.com\/es\/#website\"},\"datePublished\":\"2024-01-24T08:00:47+00:00\",\"dateModified\":\"2024-01-23T22:50:25+00:00\",\"description\":\"El uruguayo Enzo Vogrincic es uno de los actores del momento. Su papel en La sociedad de la nieve lo ha lanzado a la fama mundial y a pesar de su corta\",\"breadcrumb\":{\"@id\":\"https:\/\/graziamagazine.com\/es\/articles\/enzo-vogrincic-el-chico-de-moda-en-la-sociedad-de-la-nieve\/#breadcrumb\"},\"inLanguage\":\"es\",\"potentialAction\":[{\"@type\":\"ReadAction\",\"target\":[\"https:\/\/graziamagazine.com\/es\/articles\/enzo-vogrincic-el-chico-de-moda-en-la-sociedad-de-la-nieve\/\"]}]},{\"@type\":\"BreadcrumbList\",\"@id\":\"https:\/\/graziamagazine.com\/es\/articles\/enzo-vogrincic-el-chico-de-moda-en-la-sociedad-de-la-nieve\/#breadcrumb\",\"itemListElement\":[{\"@type\":\"ListItem\",\"position\":1,\"name\":\"Portada\",\"item\":\"https:\/\/graziamagazine.com\/es\/\"},{\"@type\":\"ListItem\",\"position\":2,\"name\":\"Enzo Vogrincic, el chico de moda en &#8216;La sociedad de la nieve&#8217;\"}]},{\"@type\":\"WebSite\",\"@id\":\"https:\/\/graziamagazine.com\/es\/#website\",\"url\":\"https:\/\/graziamagazine.com\/es\/\",\"name\":\"Grazia\",\"description\":\"Moda, belleza, celebrities, estilo de vida...\",\"potentialAction\":[{\"@type\":\"SearchAction\",\"target\":{\"@type\":\"EntryPoint\",\"urlTemplate\":\"https:\/\/graziamagazine.com\/es\/?s={search_term_string}\"},\"query-input\":\"required name=search_term_string\"}],\"inLanguage\":\"es\"}]}<\/script>\n<!-- \/ Yoast SEO Premium plugin. -->","yoast_head_json":{"title":"Enzo Vogrincic, el chico de moda en 'La sociedad de la nieve'","description":"El uruguayo Enzo Vogrincic es uno de los actores del momento. Su papel en La sociedad de la nieve lo ha lanzado a la fama mundial y a pesar de su corta","robots":{"index":"index","follow":"follow","max-snippet":"max-snippet:-1","max-image-preview":"max-image-preview:large","max-video-preview":"max-video-preview:-1"},"canonical":"https:\/\/graziamagazine.com\/es\/articles\/enzo-vogrincic-el-chico-de-moda-en-la-sociedad-de-la-nieve\/","og_locale":"es_ES","og_type":"article","og_title":"Enzo Vogrincic, el chico de moda en 'La sociedad de la nieve'","og_description":"El uruguayo Enzo Vogrincic es uno de los actores del momento. Su papel en La sociedad de la nieve lo ha lanzado a la fama mundial y a pesar de su corta","og_url":"https:\/\/graziamagazine.com\/es\/articles\/enzo-vogrincic-el-chico-de-moda-en-la-sociedad-de-la-nieve\/","og_site_name":"Grazia","article_modified_time":"2024-01-23T22:50:25+00:00","og_image":[{"width":1280,"height":720,"url":"https:\/\/graziamagazine.com\/es\/wp-content\/uploads\/sites\/12\/2024\/01\/enzo-vogrincic-actor-biografia-sexualidad-pareja-la-sociedad-de-la-nieve-copia.jpg?fit=1280%2C720","type":"image\/jpeg"}],"twitter_card":"summary_large_image","twitter_misc":{"Est. reading time":"2 minutos"},"schema":{"@context":"https:\/\/schema.org","@graph":[{"@type":"WebPage","@id":"https:\/\/graziamagazine.com\/es\/articles\/enzo-vogrincic-el-chico-de-moda-en-la-sociedad-de-la-nieve\/","url":"https:\/\/graziamagazine.com\/es\/articles\/enzo-vogrincic-el-chico-de-moda-en-la-sociedad-de-la-nieve\/","name":"Enzo Vogrincic, el chico de moda en 'La sociedad de la nieve'","isPartOf":{"@id":"https:\/\/graziamagazine.com\/es\/#website"},"datePublished":"2024-01-24T08:00:47+00:00","dateModified":"2024-01-23T22:50:25+00:00","description":"El uruguayo Enzo Vogrincic es uno de los actores del momento. Su papel en La sociedad de la nieve lo ha lanzado a la fama mundial y a pesar de su corta","breadcrumb":{"@id":"https:\/\/graziamagazine.com\/es\/articles\/enzo-vogrincic-el-chico-de-moda-en-la-sociedad-de-la-nieve\/#breadcrumb"},"inLanguage":"es","potentialAction":[{"@type":"ReadAction","target":["https:\/\/graziamagazine.com\/es\/articles\/enzo-vogrincic-el-chico-de-moda-en-la-sociedad-de-la-nieve\/"]}]},{"@type":"BreadcrumbList","@id":"https:\/\/graziamagazine.com\/es\/articles\/enzo-vogrincic-el-chico-de-moda-en-la-sociedad-de-la-nieve\/#breadcrumb","itemListElement":[{"@type":"ListItem","position":1,"name":"Portada","item":"https:\/\/graziamagazine.com\/es\/"},{"@type":"ListItem","position":2,"name":"Enzo Vogrincic, el chico de moda en &#8216;La sociedad de la nieve&#8217;"}]},{"@type":"WebSite","@id":"https:\/\/graziamagazine.com\/es\/#website","url":"https:\/\/graziamagazine.com\/es\/","name":"Grazia","description":"Moda, belleza, celebrities, estilo de vida...","potentialAction":[{"@type":"SearchAction","target":{"@type":"EntryPoint","urlTemplate":"https:\/\/graziamagazine.com\/es\/?s={search_term_string}"},"query-input":"required name=search_term_string"}],"inLanguage":"es"}]}},"jetpack_sharing_enabled":true,"distributor_meta":false,"distributor_terms":false,"distributor_media":false,"distributor_original_site_name":"Grazia","distributor_original_site_url":"https:\/\/graziamagazine.com\/es","push-errors":false,"_links":{"self":[{"href":"https:\/\/graziamagazine.com\/es\/wp-json\/wp\/v2\/articles\/174215"}],"collection":[{"href":"https:\/\/graziamagazine.com\/es\/wp-json\/wp\/v2\/articles"}],"about":[{"href":"https:\/\/graziamagazine.com\/es\/wp-json\/wp\/v2\/types\/articles"}],"author":[{"embeddable":true,"href":"https:\/\/graziamagazine.com\/es\/wp-json\/wp\/v2\/users\/36289"}],"wp:featuredmedia":[{"embeddable":true,"href":"https:\/\/graziamagazine.com\/es\/wp-json\/wp\/v2\/media\/174220"}],"wp:attachment":[{"href":"https:\/\/graziamagazine.com\/es\/wp-json\/wp\/v2\/media?parent=174215"}],"wp:term":[{"taxonomy":"category","embeddable":true,"href":"https:\/\/graziamagazine.com\/es\/wp-json\/wp\/v2\/categories?post=174215"}],"curies":[{"name":"wp","href":"https:\/\/api.w.org\/{rel}","templated":true}]}}