{"id":174197,"date":"2024-01-23T10:00:46","date_gmt":"2024-01-23T09:00:46","guid":{"rendered":"https:\/\/graziamagazine.com\/es\/?post_type=articles&#038;p=174197"},"modified":"2024-01-23T08:19:20","modified_gmt":"2024-01-23T07:19:20","slug":"asi-puede-afectar-el-frio-al-dolor-menstrual","status":"publish","type":"articles","link":"https:\/\/graziamagazine.com\/es\/articles\/asi-puede-afectar-el-frio-al-dolor-menstrual\/","title":{"rendered":"As\u00ed puede afectar el fr\u00edo al dolor menstrual"},"content":{"rendered":"<p>A medida que comienzan el invierno y el fr\u00edo, muchas personas se enfrentan a un desaf\u00edo que afecta a una gran parte de la poblaci\u00f3n: el aumento del dolor menstrual.\u00a0<strong><a href=\"https:\/\/www.intimina.com\/es\" target=\"_blank\" rel=\"noopener\" data-saferedirecturl=\"https:\/\/www.google.com\/url?q=https:\/\/none.acblnk.com\/url\/ver\/542198468\/2476340\/1e2d63aace221f57cb6533a6fa05e60a&amp;source=gmail&amp;ust=1705999834162000&amp;usg=AOvVaw1iNkggEOzAVWi5OsstEq4F\" target=\"_blank\">INTIMINA<\/a><\/strong>, marca de salud \u00edntima femenina, explora la conexi\u00f3n entre las bajas temperaturas y el aumento del malestar menstrual, arrojando luz sobre un tema escasamente tratado.<\/p>\n<h3><strong>\u00bfQu\u00e9 provoca el dolor menstrual?<\/strong><\/h3>\n<p>Durante la eliminaci\u00f3n del revestimiento del endometrio, los m\u00fasculos del \u00fatero se contraen para expulsar toda esa sangre y tejido adicional del cuerpo.<strong>\u00a0Los calambres menstruales que sientes son esos m\u00fasculos que se tensan y relajan, comprimiendo los vasos sangu\u00edneos dentro de la pared del \u00fatero.<\/strong>\u00a0Esto limita el flujo de ox\u00edgeno y sangre al \u00fatero, desencadenando el dolor. Adem\u00e1s, para ayudar al \u00fatero y su eliminaci\u00f3n mensual del revestimiento endometrial, el cuerpo libera sustancias qu\u00edmicas llamadas prostaglandinas, amplificando la intensidad de los calambres y la percepci\u00f3n del dolor en el cerebro. La intensidad del dolor menstrual puede variar enormemente, desde una molestia hasta calambres agudos debilitantes e incapacitantes.<\/p>\n<h3><strong>\u00bfQu\u00e9 sucede con el dolor menstrual durante el invierno?<\/strong><\/h3>\n<p>Cuando hace fr\u00edo, tu cuerpo prioriza mantener el flujo sangu\u00edneo hacia tu cerebro, coraz\u00f3n y otros \u00f3rganos vitales, lo que puede explicar por qu\u00e9 a veces sientas fr\u00edos los dedos de las manos y los pies. Como parte de este proceso, nuestros vasos sangu\u00edneos se contraen, lo que reduce el flujo de la sangre.\u00a0<strong>Algunos m\u00e9dicos creen que esta circulaci\u00f3n podr\u00eda interferir con el flujo sangu\u00edneo menstrual y aumentar el dolor durante la regla.<\/strong><\/p>\n<p>Seg\u00fan la encuesta de INTIMINA realizada a 5083 mujeres de entre 18 y 45 a\u00f1os en el Reino Unido, Estados Unidos, Francia, Espa\u00f1a e Italia, muchas mujeres experimentan cambios durante el invierno.\u00a0<strong>La temporada invernal puede afectar el ciclo menstrual, y el 30% de las encuestadas confirman que su menstruaci\u00f3n es m\u00e1s dolorosa.<\/strong>\u00a0Para el 17%, el ciclo es m\u00e1s irregular, para el 14%, dura m\u00e1s, mientras que para el 9% dura menos.<\/p>\n<p>Respecto a los efectos del invierno en el ciclo menstrual,<strong>\u00a0Irene Aterido, sex\u00f3loga, experta en ciclo menstrual y colaboradora de INTIMINA, explica<\/strong>:<em>\u00a0\u00abExisten datos interesantes que analizan c\u00f3mo las diferentes estaciones pueden afectar al ciclo menstrual. La encuesta muestra c\u00f3mo varias mujeres sienten que la menstruaci\u00f3n es m\u00e1s dolorosa y la duraci\u00f3n del ciclo cambia durante los meses de invierno. Hay diferentes teor\u00edas de porqu\u00e9 ocurre esto. Una teor\u00eda es que el clima fr\u00edo conduce a la constricci\u00f3n de los vasos sangu\u00edneos, lo que puede aumentar el dolor. Otras teor\u00edas incluyen el hecho de que en invierno somos menos activos y pasamos m\u00e1s tiempo en interiores, lo que puede llevar a un estado de \u00e1nimo reducido y una percepci\u00f3n del dolor m\u00e1s intensa\u00bb.<\/em><\/p>\n<p>M\u00e1s all\u00e1 de los aspectos fisiol\u00f3gicos,\u00a0<strong>el impacto psicol\u00f3gico del invierno puede contribuir al aumento del dolor menstrual.<\/strong>\u00a0El clima fr\u00edo a menudo hace que tendamos a quedarnos en casa, reduciendo el ejercicio f\u00edsico, una gran ayuda para aliviar los s\u00edntomas menstruales. Adem\u00e1s, la oscuridad asociada con el invierno puede aumentar el estr\u00e9s y la ansiedad, pudiendo aumentar la percepci\u00f3n del dolor.<\/p>\n","protected":false},"author":11653,"featured_media":174198,"template":"","format":"standard","categories":[3054],"acf":[],"yoast_head":"<!-- This site is optimized with the Yoast SEO Premium plugin v18.5 (Yoast SEO v20.4) - https:\/\/yoast.com\/wordpress\/plugins\/seo\/ -->\n<title>As\u00ed puede afectar el fr\u00edo al dolor menstrual<\/title>\n<meta name=\"description\" content=\"Seg\u00fan un estudio de INTIMINA, el 30% de las encuestadas confirman que su menstruaci\u00f3n es m\u00e1s dolorosa en invierno.\" \/>\n<meta name=\"robots\" content=\"index, follow, max-snippet:-1, max-image-preview:large, max-video-preview:-1\" \/>\n<link rel=\"canonical\" href=\"https:\/\/graziamagazine.com\/es\/articles\/asi-puede-afectar-el-frio-al-dolor-menstrual\/\" \/>\n<meta property=\"og:locale\" content=\"es_ES\" \/>\n<meta property=\"og:type\" content=\"article\" \/>\n<meta property=\"og:title\" content=\"As\u00ed puede afectar el fr\u00edo al dolor menstrual\" \/>\n<meta property=\"og:description\" content=\"Seg\u00fan un estudio de INTIMINA, el 30% de las encuestadas confirman que su menstruaci\u00f3n es m\u00e1s dolorosa en invierno.\" \/>\n<meta property=\"og:url\" content=\"https:\/\/graziamagazine.com\/es\/articles\/asi-puede-afectar-el-frio-al-dolor-menstrual\/\" \/>\n<meta property=\"og:site_name\" content=\"Grazia\" \/>\n<meta property=\"article:modified_time\" content=\"2024-01-23T07:19:20+00:00\" \/>\n<meta property=\"og:image\" content=\"https:\/\/graziamagazine.com\/es\/wp-content\/uploads\/sites\/12\/2024\/01\/intimina240120s.jpg?fit=1024%2C768\" \/>\n\t<meta property=\"og:image:width\" content=\"1024\" \/>\n\t<meta property=\"og:image:height\" content=\"768\" \/>\n\t<meta property=\"og:image:type\" content=\"image\/jpeg\" \/>\n<meta name=\"twitter:card\" content=\"summary_large_image\" \/>\n<meta name=\"twitter:label1\" content=\"Est. reading time\" \/>\n\t<meta name=\"twitter:data1\" content=\"3 minutos\" \/>\n<script type=\"application\/ld+json\" class=\"yoast-schema-graph\">{\"@context\":\"https:\/\/schema.org\",\"@graph\":[{\"@type\":\"WebPage\",\"@id\":\"https:\/\/graziamagazine.com\/es\/articles\/asi-puede-afectar-el-frio-al-dolor-menstrual\/\",\"url\":\"https:\/\/graziamagazine.com\/es\/articles\/asi-puede-afectar-el-frio-al-dolor-menstrual\/\",\"name\":\"As\u00ed puede afectar el fr\u00edo al dolor menstrual\",\"isPartOf\":{\"@id\":\"https:\/\/graziamagazine.com\/es\/#website\"},\"datePublished\":\"2024-01-23T09:00:46+00:00\",\"dateModified\":\"2024-01-23T07:19:20+00:00\",\"description\":\"Seg\u00fan un estudio de INTIMINA, el 30% de las encuestadas confirman que su menstruaci\u00f3n es m\u00e1s dolorosa en invierno.\",\"breadcrumb\":{\"@id\":\"https:\/\/graziamagazine.com\/es\/articles\/asi-puede-afectar-el-frio-al-dolor-menstrual\/#breadcrumb\"},\"inLanguage\":\"es\",\"potentialAction\":[{\"@type\":\"ReadAction\",\"target\":[\"https:\/\/graziamagazine.com\/es\/articles\/asi-puede-afectar-el-frio-al-dolor-menstrual\/\"]}]},{\"@type\":\"BreadcrumbList\",\"@id\":\"https:\/\/graziamagazine.com\/es\/articles\/asi-puede-afectar-el-frio-al-dolor-menstrual\/#breadcrumb\",\"itemListElement\":[{\"@type\":\"ListItem\",\"position\":1,\"name\":\"Portada\",\"item\":\"https:\/\/graziamagazine.com\/es\/\"},{\"@type\":\"ListItem\",\"position\":2,\"name\":\"As\u00ed puede afectar el fr\u00edo al dolor menstrual\"}]},{\"@type\":\"WebSite\",\"@id\":\"https:\/\/graziamagazine.com\/es\/#website\",\"url\":\"https:\/\/graziamagazine.com\/es\/\",\"name\":\"Grazia\",\"description\":\"Moda, belleza, celebrities, estilo de vida...\",\"potentialAction\":[{\"@type\":\"SearchAction\",\"target\":{\"@type\":\"EntryPoint\",\"urlTemplate\":\"https:\/\/graziamagazine.com\/es\/?s={search_term_string}\"},\"query-input\":\"required name=search_term_string\"}],\"inLanguage\":\"es\"}]}<\/script>\n<!-- \/ Yoast SEO Premium plugin. -->","yoast_head_json":{"title":"As\u00ed puede afectar el fr\u00edo al dolor menstrual","description":"Seg\u00fan un estudio de INTIMINA, el 30% de las encuestadas confirman que su menstruaci\u00f3n es m\u00e1s dolorosa en invierno.","robots":{"index":"index","follow":"follow","max-snippet":"max-snippet:-1","max-image-preview":"max-image-preview:large","max-video-preview":"max-video-preview:-1"},"canonical":"https:\/\/graziamagazine.com\/es\/articles\/asi-puede-afectar-el-frio-al-dolor-menstrual\/","og_locale":"es_ES","og_type":"article","og_title":"As\u00ed puede afectar el fr\u00edo al dolor menstrual","og_description":"Seg\u00fan un estudio de INTIMINA, el 30% de las encuestadas confirman que su menstruaci\u00f3n es m\u00e1s dolorosa en invierno.","og_url":"https:\/\/graziamagazine.com\/es\/articles\/asi-puede-afectar-el-frio-al-dolor-menstrual\/","og_site_name":"Grazia","article_modified_time":"2024-01-23T07:19:20+00:00","og_image":[{"width":1024,"height":768,"url":"https:\/\/graziamagazine.com\/es\/wp-content\/uploads\/sites\/12\/2024\/01\/intimina240120s.jpg?fit=1024%2C768","type":"image\/jpeg"}],"twitter_card":"summary_large_image","twitter_misc":{"Est. reading time":"3 minutos"},"schema":{"@context":"https:\/\/schema.org","@graph":[{"@type":"WebPage","@id":"https:\/\/graziamagazine.com\/es\/articles\/asi-puede-afectar-el-frio-al-dolor-menstrual\/","url":"https:\/\/graziamagazine.com\/es\/articles\/asi-puede-afectar-el-frio-al-dolor-menstrual\/","name":"As\u00ed puede afectar el fr\u00edo al dolor menstrual","isPartOf":{"@id":"https:\/\/graziamagazine.com\/es\/#website"},"datePublished":"2024-01-23T09:00:46+00:00","dateModified":"2024-01-23T07:19:20+00:00","description":"Seg\u00fan un estudio de INTIMINA, el 30% de las encuestadas confirman que su menstruaci\u00f3n es m\u00e1s dolorosa en invierno.","breadcrumb":{"@id":"https:\/\/graziamagazine.com\/es\/articles\/asi-puede-afectar-el-frio-al-dolor-menstrual\/#breadcrumb"},"inLanguage":"es","potentialAction":[{"@type":"ReadAction","target":["https:\/\/graziamagazine.com\/es\/articles\/asi-puede-afectar-el-frio-al-dolor-menstrual\/"]}]},{"@type":"BreadcrumbList","@id":"https:\/\/graziamagazine.com\/es\/articles\/asi-puede-afectar-el-frio-al-dolor-menstrual\/#breadcrumb","itemListElement":[{"@type":"ListItem","position":1,"name":"Portada","item":"https:\/\/graziamagazine.com\/es\/"},{"@type":"ListItem","position":2,"name":"As\u00ed puede afectar el fr\u00edo al dolor menstrual"}]},{"@type":"WebSite","@id":"https:\/\/graziamagazine.com\/es\/#website","url":"https:\/\/graziamagazine.com\/es\/","name":"Grazia","description":"Moda, belleza, celebrities, estilo de vida...","potentialAction":[{"@type":"SearchAction","target":{"@type":"EntryPoint","urlTemplate":"https:\/\/graziamagazine.com\/es\/?s={search_term_string}"},"query-input":"required name=search_term_string"}],"inLanguage":"es"}]}},"jetpack_sharing_enabled":true,"distributor_meta":false,"distributor_terms":false,"distributor_media":false,"distributor_original_site_name":"Grazia","distributor_original_site_url":"https:\/\/graziamagazine.com\/es","push-errors":false,"_links":{"self":[{"href":"https:\/\/graziamagazine.com\/es\/wp-json\/wp\/v2\/articles\/174197"}],"collection":[{"href":"https:\/\/graziamagazine.com\/es\/wp-json\/wp\/v2\/articles"}],"about":[{"href":"https:\/\/graziamagazine.com\/es\/wp-json\/wp\/v2\/types\/articles"}],"author":[{"embeddable":true,"href":"https:\/\/graziamagazine.com\/es\/wp-json\/wp\/v2\/users\/11653"}],"wp:featuredmedia":[{"embeddable":true,"href":"https:\/\/graziamagazine.com\/es\/wp-json\/wp\/v2\/media\/174198"}],"wp:attachment":[{"href":"https:\/\/graziamagazine.com\/es\/wp-json\/wp\/v2\/media?parent=174197"}],"wp:term":[{"taxonomy":"category","embeddable":true,"href":"https:\/\/graziamagazine.com\/es\/wp-json\/wp\/v2\/categories?post=174197"}],"curies":[{"name":"wp","href":"https:\/\/api.w.org\/{rel}","templated":true}]}}