{"id":174137,"date":"2024-01-20T12:36:16","date_gmt":"2024-01-20T11:36:16","guid":{"rendered":"https:\/\/graziamagazine.com\/es\/?post_type=articles&#038;p=174137"},"modified":"2024-01-20T12:41:12","modified_gmt":"2024-01-20T11:41:12","slug":"dior-invierno-2024-la-coleccion-masculina-inspirada-en-nureyev","status":"publish","type":"articles","link":"https:\/\/graziamagazine.com\/es\/articles\/dior-invierno-2024-la-coleccion-masculina-inspirada-en-nureyev\/","title":{"rendered":"Dior invierno 2024, la colecci\u00f3n masculina inspirada en Nureyev"},"content":{"rendered":"<p>El colegio militar de Par\u00eds fue el escenario elegido por Dior y Kim Jones para presentar su colecci\u00f3n masculina para el invierno 2024\/25, en el marco de los desfiles masculinos que se est\u00e1n celebrando estos d\u00edas en Par\u00eds. La maison y su director creativo para ellos sorprendieron, como suele ser habitual, con un escenario circular donde comenz\u00f3 a sonar al inicio del show la \u00abDanza de los caballeros\u00bb, que forma parte del ballet de Romeo y Julieta.<\/p>\n<p>\u00bfBallet? S\u00ed, esa primera puesta en escena era solo el pr\u00f3logo de una colecci\u00f3n que se inspira y homenajea la figura de uno de los grandes bailarines contempor\u00e1neos: Rudolf Nureyev. Pero no solo a \u00e9l, tambi\u00e9n Jones se inspira en la figura de su t\u00edo, Colin Jones, quien tambi\u00e9n adem\u00e1s de fot\u00f3grafo fue bailar\u00edn.<\/p>\n<blockquote><p>\u00abHab\u00eda estado pensando en la relaci\u00f3n entre la bailarina de ballet Margot Fonteyn y Monsieur Dior. La interpretaci\u00f3n masculina de esto implic\u00f3 tambi\u00e9n pensar en su compa\u00f1ero de baile m\u00e1s famoso: Rudolf Nureyev. Nureyev est\u00e1 entrelazado con mi historia personal por mi t\u00edo, el fot\u00f3grafo Colin Jones, quien hab\u00eda sido bailar\u00edn de ballet, ten\u00eda amistad y fotografi\u00f3 a la propia estrella\u00bb.<\/p><\/blockquote>\n<p>En esta colecci\u00f3n Kim Jones cre\u00f3 un encuentro entre lo pr\u00e1ctico y lo po\u00e9tico, entre el lujo y la utilidad, en realidad una colecci\u00f3n que a\u00fana en s\u00ed misma Pr\u00eat-\u00e0-porter y Alta Costura, simulando las dos vidas que tiene un bailar\u00edn sobre el escenario y tras bambalinas. Las colecciones exploran a trav\u00e9s de la figura de Nureyev una idea de dos vidas vividas, sin embargo, ambas cuentan con rigor, excelencia y disciplina.<\/p>\n<div class=\"content-gallery\"><div class=\"gallery-placeholder\"><div class=\"spinner\"><\/div><\/div><span class=\"gallery-pagination\"><\/span><div id=\"gallery-1\" class=\"gallery galleryid-174137 gallery-columns- gallery-size-\"><figure class=\"gallery-item\"><div class=\"gallery-icon landscape\"><img loading=\"lazy\" decoding=\"async\" width=\"2880\" height=\"3616\" src=\"https:\/\/graziamagazine.com\/es\/wp-content\/uploads\/sites\/12\/2024\/01\/descarga-6-copia.jpg\" class=\"lazy\" alt=\"\" \/><\/div><\/figure><figure class=\"gallery-item\"><div class=\"gallery-icon landscape\"><img loading=\"lazy\" decoding=\"async\" width=\"2880\" height=\"3610\" src=\"https:\/\/graziamagazine.com\/es\/wp-content\/uploads\/sites\/12\/2024\/01\/descarga-5-copia.jpg\" class=\"lazy\" alt=\"\" \/><\/div><\/figure><\/div><\/div>\n<p>No es de extra\u00f1ar entonces que sobre la pasarela hayamos visto <strong>mucha silueta andr\u00f3gina inspirada en el ballet, con un objeto destacado por encima de todo: las bailarinas masculinas<\/strong>, un h\u00edbrido entre las cl\u00e1sicas Mary Janes de seda y poli\u00e9ster y las bailarinas con listones, pero con una suela que permite salir a la calle en el d\u00eda a d\u00eda.<\/p>\n<div class=\"content-gallery\"><div class=\"gallery-placeholder\"><div class=\"spinner\"><\/div><\/div><span class=\"gallery-pagination\"><\/span><div id=\"gallery-2\" class=\"gallery galleryid-174137 gallery-columns- gallery-size-\"><figure class=\"gallery-item\"><div class=\"gallery-icon landscape\"><img loading=\"lazy\" decoding=\"async\" width=\"2880\" height=\"3630\" src=\"https:\/\/graziamagazine.com\/es\/wp-content\/uploads\/sites\/12\/2024\/01\/descarga-2-copia.jpg\" class=\"lazy\" alt=\"\" \/><\/div><\/figure><figure class=\"gallery-item\"><div class=\"gallery-icon landscape\"><img loading=\"lazy\" decoding=\"async\" width=\"2880\" height=\"3630\" src=\"https:\/\/graziamagazine.com\/es\/wp-content\/uploads\/sites\/12\/2024\/01\/descarga-3-copia.jpg\" class=\"lazy\" alt=\"\" \/><\/div><\/figure><figure class=\"gallery-item\"><div class=\"gallery-icon landscape\"><img loading=\"lazy\" decoding=\"async\" width=\"2880\" height=\"3636\" src=\"https:\/\/graziamagazine.com\/es\/wp-content\/uploads\/sites\/12\/2024\/01\/descarga-4-copia.jpg\" class=\"lazy\" alt=\"\" \/><\/div><\/figure><\/div><\/div>\n<p>Kim Jones regresa a los archivos de la casa para inspirarse, concretamente en la sastrer\u00eda que Yves Saint Laurent cre\u00f3 para Dior entre 1957 y 1960. As\u00ed, aparecen vol\u00famenes, aberturas, plisados y grandes escotes que se combinan con nuevos trajes cruzados por Jones.<\/p>\n<div class=\"content-gallery\"><div class=\"gallery-placeholder\"><div class=\"spinner\"><\/div><\/div><span class=\"gallery-pagination\"><\/span><div id=\"gallery-3\" class=\"gallery galleryid-174137 gallery-columns- gallery-size-\"><figure class=\"gallery-item\"><div class=\"gallery-icon landscape\"><img loading=\"lazy\" decoding=\"async\" width=\"1440\" height=\"1795\" src=\"https:\/\/graziamagazine.com\/es\/wp-content\/uploads\/sites\/12\/2024\/01\/mrkimjones-3.jpg\" class=\"lazy\" alt=\"\" \/><\/div><\/figure><figure class=\"gallery-item\"><div class=\"gallery-icon landscape\"><img loading=\"lazy\" decoding=\"async\" width=\"1440\" height=\"1795\" src=\"https:\/\/graziamagazine.com\/es\/wp-content\/uploads\/sites\/12\/2024\/01\/mrkimjones.jpg\" class=\"lazy\" alt=\"\" \/><\/div><\/figure><figure class=\"gallery-item\"><div class=\"gallery-icon landscape\"><img loading=\"lazy\" decoding=\"async\" width=\"1440\" height=\"1795\" src=\"https:\/\/graziamagazine.com\/es\/wp-content\/uploads\/sites\/12\/2024\/01\/mrkimjones-1.jpg\" class=\"lazy\" alt=\"\" \/><\/div><\/figure><figure class=\"gallery-item\"><div class=\"gallery-icon landscape\"><img loading=\"lazy\" decoding=\"async\" width=\"1440\" height=\"1795\" src=\"https:\/\/graziamagazine.com\/es\/wp-content\/uploads\/sites\/12\/2024\/01\/mrkimjones-2.jpg\" class=\"lazy\" alt=\"\" \/><\/div><\/figure><\/div><\/div>\n<p>Tambi\u00e9n hay reminiscencias de los 70 con pantalones ligeramente acampanados, kimonos, monos y shorts de lana con cremallera, leotardos y prendas de canal\u00e9 que se convierten en una segunda piel, adem\u00e1s de piezas creadas con cueros suntuosos.<\/p>\n<p>Puedes volver a disfrutar del desfile completo aqu\u00ed:<\/p>\n<p><iframe loading=\"lazy\" title=\"The Dior Men&#039;s Winter 2024-2025 Show\" width=\"500\" height=\"281\" src=\"https:\/\/www.youtube.com\/embed\/OTyQhed8n5A?feature=oembed\" frameborder=\"0\" allow=\"accelerometer; autoplay; clipboard-write; encrypted-media; gyroscope; picture-in-picture; web-share\" allowfullscreen><\/iframe><\/p>\n<p><em>*Im\u00e1genes: cortes\u00eda<\/em><\/p>\n<p>&nbsp;<\/p>\n<p>&nbsp;<\/p>\n<p>&nbsp;<\/p>\n","protected":false},"author":11653,"featured_media":174142,"template":"","format":"standard","categories":[2971,1],"acf":{"banner":null},"yoast_head":"<!-- This site is optimized with the Yoast SEO Premium plugin v18.5 (Yoast SEO v20.4) - https:\/\/yoast.com\/wordpress\/plugins\/seo\/ -->\n<title>Dior invierno 2024, la colecci\u00f3n inspirada en Nureyev<\/title>\n<meta name=\"description\" content=\"La casa francesa mezcla por primera vez es una colecci\u00f3n como \u00e9sta el pr\u00eat-\u00e0-porter y alta costura masculina.\" \/>\n<meta name=\"robots\" content=\"index, follow, max-snippet:-1, max-image-preview:large, max-video-preview:-1\" \/>\n<link rel=\"canonical\" href=\"https:\/\/graziamagazine.com\/es\/articles\/dior-invierno-2024-la-coleccion-masculina-inspirada-en-nureyev\/\" \/>\n<meta property=\"og:locale\" content=\"es_ES\" \/>\n<meta property=\"og:type\" content=\"article\" \/>\n<meta property=\"og:title\" content=\"Dior invierno 2024, la colecci\u00f3n masculina inspirada en Nureyev\" \/>\n<meta property=\"og:description\" content=\"La casa francesa mezcla por primera vez es una colecci\u00f3n como \u00e9sta el pr\u00eat-\u00e0-porter y alta costura masculina.\" \/>\n<meta property=\"og:url\" content=\"https:\/\/graziamagazine.com\/es\/articles\/dior-invierno-2024-la-coleccion-masculina-inspirada-en-nureyev\/\" \/>\n<meta property=\"og:site_name\" content=\"Grazia\" \/>\n<meta property=\"article:modified_time\" content=\"2024-01-20T11:41:12+00:00\" \/>\n<meta property=\"og:image\" content=\"https:\/\/graziamagazine.com\/es\/wp-content\/uploads\/sites\/12\/2024\/01\/DIOR-MENS-WINTER-2024_2025_VISUELS_FINALE-BY-ADRIEN-DIRAND-2-copia.jpeg\" \/>\n\t<meta property=\"og:image:width\" content=\"5345\" \/>\n\t<meta property=\"og:image:height\" content=\"3564\" \/>\n\t<meta property=\"og:image:type\" content=\"image\/jpeg\" \/>\n<meta name=\"twitter:card\" content=\"summary_large_image\" \/>\n<meta name=\"twitter:label1\" content=\"Est. reading time\" \/>\n\t<meta name=\"twitter:data1\" content=\"2 minutos\" \/>\n<script type=\"application\/ld+json\" class=\"yoast-schema-graph\">{\"@context\":\"https:\/\/schema.org\",\"@graph\":[{\"@type\":\"WebPage\",\"@id\":\"https:\/\/graziamagazine.com\/es\/articles\/dior-invierno-2024-la-coleccion-masculina-inspirada-en-nureyev\/\",\"url\":\"https:\/\/graziamagazine.com\/es\/articles\/dior-invierno-2024-la-coleccion-masculina-inspirada-en-nureyev\/\",\"name\":\"Dior invierno 2024, la colecci\u00f3n inspirada en Nureyev\",\"isPartOf\":{\"@id\":\"https:\/\/graziamagazine.com\/es\/#website\"},\"datePublished\":\"2024-01-20T11:36:16+00:00\",\"dateModified\":\"2024-01-20T11:41:12+00:00\",\"description\":\"La casa francesa mezcla por primera vez es una colecci\u00f3n como \u00e9sta el pr\u00eat-\u00e0-porter y alta costura masculina.\",\"breadcrumb\":{\"@id\":\"https:\/\/graziamagazine.com\/es\/articles\/dior-invierno-2024-la-coleccion-masculina-inspirada-en-nureyev\/#breadcrumb\"},\"inLanguage\":\"es\",\"potentialAction\":[{\"@type\":\"ReadAction\",\"target\":[\"https:\/\/graziamagazine.com\/es\/articles\/dior-invierno-2024-la-coleccion-masculina-inspirada-en-nureyev\/\"]}]},{\"@type\":\"BreadcrumbList\",\"@id\":\"https:\/\/graziamagazine.com\/es\/articles\/dior-invierno-2024-la-coleccion-masculina-inspirada-en-nureyev\/#breadcrumb\",\"itemListElement\":[{\"@type\":\"ListItem\",\"position\":1,\"name\":\"Portada\",\"item\":\"https:\/\/graziamagazine.com\/es\/\"},{\"@type\":\"ListItem\",\"position\":2,\"name\":\"Dior invierno 2024, la colecci\u00f3n masculina inspirada en Nureyev\"}]},{\"@type\":\"WebSite\",\"@id\":\"https:\/\/graziamagazine.com\/es\/#website\",\"url\":\"https:\/\/graziamagazine.com\/es\/\",\"name\":\"Grazia\",\"description\":\"Moda, belleza, celebrities, estilo de vida...\",\"potentialAction\":[{\"@type\":\"SearchAction\",\"target\":{\"@type\":\"EntryPoint\",\"urlTemplate\":\"https:\/\/graziamagazine.com\/es\/?s={search_term_string}\"},\"query-input\":\"required name=search_term_string\"}],\"inLanguage\":\"es\"}]}<\/script>\n<!-- \/ Yoast SEO Premium plugin. -->","yoast_head_json":{"title":"Dior invierno 2024, la colecci\u00f3n inspirada en Nureyev","description":"La casa francesa mezcla por primera vez es una colecci\u00f3n como \u00e9sta el pr\u00eat-\u00e0-porter y alta costura masculina.","robots":{"index":"index","follow":"follow","max-snippet":"max-snippet:-1","max-image-preview":"max-image-preview:large","max-video-preview":"max-video-preview:-1"},"canonical":"https:\/\/graziamagazine.com\/es\/articles\/dior-invierno-2024-la-coleccion-masculina-inspirada-en-nureyev\/","og_locale":"es_ES","og_type":"article","og_title":"Dior invierno 2024, la colecci\u00f3n masculina inspirada en Nureyev","og_description":"La casa francesa mezcla por primera vez es una colecci\u00f3n como \u00e9sta el pr\u00eat-\u00e0-porter y alta costura masculina.","og_url":"https:\/\/graziamagazine.com\/es\/articles\/dior-invierno-2024-la-coleccion-masculina-inspirada-en-nureyev\/","og_site_name":"Grazia","article_modified_time":"2024-01-20T11:41:12+00:00","og_image":[{"width":5345,"height":3564,"url":"https:\/\/graziamagazine.com\/es\/wp-content\/uploads\/sites\/12\/2024\/01\/DIOR-MENS-WINTER-2024_2025_VISUELS_FINALE-BY-ADRIEN-DIRAND-2-copia.jpeg","type":"image\/jpeg"}],"twitter_card":"summary_large_image","twitter_misc":{"Est. reading time":"2 minutos"},"schema":{"@context":"https:\/\/schema.org","@graph":[{"@type":"WebPage","@id":"https:\/\/graziamagazine.com\/es\/articles\/dior-invierno-2024-la-coleccion-masculina-inspirada-en-nureyev\/","url":"https:\/\/graziamagazine.com\/es\/articles\/dior-invierno-2024-la-coleccion-masculina-inspirada-en-nureyev\/","name":"Dior invierno 2024, la colecci\u00f3n inspirada en Nureyev","isPartOf":{"@id":"https:\/\/graziamagazine.com\/es\/#website"},"datePublished":"2024-01-20T11:36:16+00:00","dateModified":"2024-01-20T11:41:12+00:00","description":"La casa francesa mezcla por primera vez es una colecci\u00f3n como \u00e9sta el pr\u00eat-\u00e0-porter y alta costura masculina.","breadcrumb":{"@id":"https:\/\/graziamagazine.com\/es\/articles\/dior-invierno-2024-la-coleccion-masculina-inspirada-en-nureyev\/#breadcrumb"},"inLanguage":"es","potentialAction":[{"@type":"ReadAction","target":["https:\/\/graziamagazine.com\/es\/articles\/dior-invierno-2024-la-coleccion-masculina-inspirada-en-nureyev\/"]}]},{"@type":"BreadcrumbList","@id":"https:\/\/graziamagazine.com\/es\/articles\/dior-invierno-2024-la-coleccion-masculina-inspirada-en-nureyev\/#breadcrumb","itemListElement":[{"@type":"ListItem","position":1,"name":"Portada","item":"https:\/\/graziamagazine.com\/es\/"},{"@type":"ListItem","position":2,"name":"Dior invierno 2024, la colecci\u00f3n masculina inspirada en Nureyev"}]},{"@type":"WebSite","@id":"https:\/\/graziamagazine.com\/es\/#website","url":"https:\/\/graziamagazine.com\/es\/","name":"Grazia","description":"Moda, belleza, celebrities, estilo de vida...","potentialAction":[{"@type":"SearchAction","target":{"@type":"EntryPoint","urlTemplate":"https:\/\/graziamagazine.com\/es\/?s={search_term_string}"},"query-input":"required name=search_term_string"}],"inLanguage":"es"}]}},"jetpack_sharing_enabled":true,"distributor_meta":false,"distributor_terms":false,"distributor_media":false,"distributor_original_site_name":"Grazia","distributor_original_site_url":"https:\/\/graziamagazine.com\/es","push-errors":false,"_links":{"self":[{"href":"https:\/\/graziamagazine.com\/es\/wp-json\/wp\/v2\/articles\/174137"}],"collection":[{"href":"https:\/\/graziamagazine.com\/es\/wp-json\/wp\/v2\/articles"}],"about":[{"href":"https:\/\/graziamagazine.com\/es\/wp-json\/wp\/v2\/types\/articles"}],"author":[{"embeddable":true,"href":"https:\/\/graziamagazine.com\/es\/wp-json\/wp\/v2\/users\/11653"}],"wp:featuredmedia":[{"embeddable":true,"href":"https:\/\/graziamagazine.com\/es\/wp-json\/wp\/v2\/media\/174142"}],"wp:attachment":[{"href":"https:\/\/graziamagazine.com\/es\/wp-json\/wp\/v2\/media?parent=174137"}],"wp:term":[{"taxonomy":"category","embeddable":true,"href":"https:\/\/graziamagazine.com\/es\/wp-json\/wp\/v2\/categories?post=174137"}],"curies":[{"name":"wp","href":"https:\/\/api.w.org\/{rel}","templated":true}]}}