{"id":174097,"date":"2024-01-19T09:00:33","date_gmt":"2024-01-19T08:00:33","guid":{"rendered":"https:\/\/graziamagazine.com\/es\/?post_type=articles&#038;p=174097"},"modified":"2024-01-19T09:12:07","modified_gmt":"2024-01-19T08:12:07","slug":"sigue-en-directo-el-desfile-dior-men-winter-2024-25","status":"publish","type":"articles","link":"https:\/\/graziamagazine.com\/es\/articles\/sigue-en-directo-el-desfile-dior-men-winter-2024-25\/","title":{"rendered":"Sigue en directo el desfile Dior Men Winter 2024-25"},"content":{"rendered":"<p>A\u00f1o nuevo, nueva temporada de desfiles. Los primeros en llegar son los que visten a ellos, los hombres Grazia y en esta ocasi\u00f3n queremos que te sientes con nosotros y disfrutes del show que ha preparada la casa Dior para la pr\u00f3xima temporada oto\u00f1o-invierno 2024\/25.<\/p>\n<p>Solo tienes que sentarte en primera fila, desde la comodidad de tu hogar, tu ordenador o tu tel\u00e9fono m\u00f3vil y darle al play para descubrir la nueva colecci\u00f3n masculina. \u00bfPreparados?<\/p>\n<p><script type=\"text\/javascript\" src=\"\/\/install.blivenyc.com\/speed\/integrated-embed\/campaign\/4017\/responsive\/1\/tags\/distro\"><\/script><!-- Embed code support including mute & autoplay settings at blive.nyc\/support --><\/p>\n","protected":false},"author":11653,"featured_media":174121,"template":"","format":"standard","categories":[1],"acf":[],"yoast_head":"<!-- This site is optimized with the Yoast SEO Premium plugin v18.5 (Yoast SEO v20.4) - https:\/\/yoast.com\/wordpress\/plugins\/seo\/ -->\n<title>Sigue en directo el desfile Dior Men Winter 2024-25 | Grazia<\/title>\n<meta name=\"description\" content=\"Si\u00e9ntate en primera fila, desde la comodidad de tu hogar, tu ordenador o tu tel\u00e9fono m\u00f3vil y dale al play para descubirlo.\" \/>\n<meta name=\"robots\" content=\"index, follow, max-snippet:-1, max-image-preview:large, max-video-preview:-1\" \/>\n<link rel=\"canonical\" href=\"https:\/\/graziamagazine.com\/es\/articles\/sigue-en-directo-el-desfile-dior-men-winter-2024-25\/\" \/>\n<meta property=\"og:locale\" content=\"es_ES\" \/>\n<meta property=\"og:type\" content=\"article\" \/>\n<meta property=\"og:title\" content=\"Sigue en directo el desfile Dior Men Winter 2024-25\" \/>\n<meta property=\"og:description\" content=\"Si\u00e9ntate en primera fila, desde la comodidad de tu hogar, tu ordenador o tu tel\u00e9fono m\u00f3vil y dale al play para descubirlo.\" \/>\n<meta property=\"og:url\" content=\"https:\/\/graziamagazine.com\/es\/articles\/sigue-en-directo-el-desfile-dior-men-winter-2024-25\/\" \/>\n<meta property=\"og:site_name\" content=\"Grazia\" \/>\n<meta property=\"article:modified_time\" content=\"2024-01-19T08:12:07+00:00\" \/>\n<meta property=\"og:image\" content=\"https:\/\/graziamagazine.com\/es\/wp-content\/uploads\/sites\/12\/2024\/01\/Captura-de-pantalla-2024-01-18-a-las-16.16.40.png\" \/>\n\t<meta property=\"og:image:width\" content=\"1584\" \/>\n\t<meta property=\"og:image:height\" content=\"1068\" \/>\n\t<meta property=\"og:image:type\" content=\"image\/png\" \/>\n<meta name=\"twitter:card\" content=\"summary_large_image\" \/>\n<meta name=\"twitter:label1\" content=\"Est. reading time\" \/>\n\t<meta name=\"twitter:data1\" content=\"1 minuto\" \/>\n<script type=\"application\/ld+json\" class=\"yoast-schema-graph\">{\"@context\":\"https:\/\/schema.org\",\"@graph\":[{\"@type\":\"WebPage\",\"@id\":\"https:\/\/graziamagazine.com\/es\/articles\/sigue-en-directo-el-desfile-dior-men-winter-2024-25\/\",\"url\":\"https:\/\/graziamagazine.com\/es\/articles\/sigue-en-directo-el-desfile-dior-men-winter-2024-25\/\",\"name\":\"Sigue en directo el desfile Dior Men Winter 2024-25 | Grazia\",\"isPartOf\":{\"@id\":\"https:\/\/graziamagazine.com\/es\/#website\"},\"datePublished\":\"2024-01-19T08:00:33+00:00\",\"dateModified\":\"2024-01-19T08:12:07+00:00\",\"description\":\"Si\u00e9ntate en primera fila, desde la comodidad de tu hogar, tu ordenador o tu tel\u00e9fono m\u00f3vil y dale al play para descubirlo.\",\"breadcrumb\":{\"@id\":\"https:\/\/graziamagazine.com\/es\/articles\/sigue-en-directo-el-desfile-dior-men-winter-2024-25\/#breadcrumb\"},\"inLanguage\":\"es\",\"potentialAction\":[{\"@type\":\"ReadAction\",\"target\":[\"https:\/\/graziamagazine.com\/es\/articles\/sigue-en-directo-el-desfile-dior-men-winter-2024-25\/\"]}]},{\"@type\":\"BreadcrumbList\",\"@id\":\"https:\/\/graziamagazine.com\/es\/articles\/sigue-en-directo-el-desfile-dior-men-winter-2024-25\/#breadcrumb\",\"itemListElement\":[{\"@type\":\"ListItem\",\"position\":1,\"name\":\"Portada\",\"item\":\"https:\/\/graziamagazine.com\/es\/\"},{\"@type\":\"ListItem\",\"position\":2,\"name\":\"Sigue en directo el desfile Dior Men Winter 2024-25\"}]},{\"@type\":\"WebSite\",\"@id\":\"https:\/\/graziamagazine.com\/es\/#website\",\"url\":\"https:\/\/graziamagazine.com\/es\/\",\"name\":\"Grazia\",\"description\":\"Moda, belleza, celebrities, estilo de vida...\",\"potentialAction\":[{\"@type\":\"SearchAction\",\"target\":{\"@type\":\"EntryPoint\",\"urlTemplate\":\"https:\/\/graziamagazine.com\/es\/?s={search_term_string}\"},\"query-input\":\"required name=search_term_string\"}],\"inLanguage\":\"es\"}]}<\/script>\n<!-- \/ Yoast SEO Premium plugin. -->","yoast_head_json":{"title":"Sigue en directo el desfile Dior Men Winter 2024-25 | Grazia","description":"Si\u00e9ntate en primera fila, desde la comodidad de tu hogar, tu ordenador o tu tel\u00e9fono m\u00f3vil y dale al play para descubirlo.","robots":{"index":"index","follow":"follow","max-snippet":"max-snippet:-1","max-image-preview":"max-image-preview:large","max-video-preview":"max-video-preview:-1"},"canonical":"https:\/\/graziamagazine.com\/es\/articles\/sigue-en-directo-el-desfile-dior-men-winter-2024-25\/","og_locale":"es_ES","og_type":"article","og_title":"Sigue en directo el desfile Dior Men Winter 2024-25","og_description":"Si\u00e9ntate en primera fila, desde la comodidad de tu hogar, tu ordenador o tu tel\u00e9fono m\u00f3vil y dale al play para descubirlo.","og_url":"https:\/\/graziamagazine.com\/es\/articles\/sigue-en-directo-el-desfile-dior-men-winter-2024-25\/","og_site_name":"Grazia","article_modified_time":"2024-01-19T08:12:07+00:00","og_image":[{"width":1584,"height":1068,"url":"https:\/\/graziamagazine.com\/es\/wp-content\/uploads\/sites\/12\/2024\/01\/Captura-de-pantalla-2024-01-18-a-las-16.16.40.png","type":"image\/png"}],"twitter_card":"summary_large_image","twitter_misc":{"Est. reading time":"1 minuto"},"schema":{"@context":"https:\/\/schema.org","@graph":[{"@type":"WebPage","@id":"https:\/\/graziamagazine.com\/es\/articles\/sigue-en-directo-el-desfile-dior-men-winter-2024-25\/","url":"https:\/\/graziamagazine.com\/es\/articles\/sigue-en-directo-el-desfile-dior-men-winter-2024-25\/","name":"Sigue en directo el desfile Dior Men Winter 2024-25 | Grazia","isPartOf":{"@id":"https:\/\/graziamagazine.com\/es\/#website"},"datePublished":"2024-01-19T08:00:33+00:00","dateModified":"2024-01-19T08:12:07+00:00","description":"Si\u00e9ntate en primera fila, desde la comodidad de tu hogar, tu ordenador o tu tel\u00e9fono m\u00f3vil y dale al play para descubirlo.","breadcrumb":{"@id":"https:\/\/graziamagazine.com\/es\/articles\/sigue-en-directo-el-desfile-dior-men-winter-2024-25\/#breadcrumb"},"inLanguage":"es","potentialAction":[{"@type":"ReadAction","target":["https:\/\/graziamagazine.com\/es\/articles\/sigue-en-directo-el-desfile-dior-men-winter-2024-25\/"]}]},{"@type":"BreadcrumbList","@id":"https:\/\/graziamagazine.com\/es\/articles\/sigue-en-directo-el-desfile-dior-men-winter-2024-25\/#breadcrumb","itemListElement":[{"@type":"ListItem","position":1,"name":"Portada","item":"https:\/\/graziamagazine.com\/es\/"},{"@type":"ListItem","position":2,"name":"Sigue en directo el desfile Dior Men Winter 2024-25"}]},{"@type":"WebSite","@id":"https:\/\/graziamagazine.com\/es\/#website","url":"https:\/\/graziamagazine.com\/es\/","name":"Grazia","description":"Moda, belleza, celebrities, estilo de vida...","potentialAction":[{"@type":"SearchAction","target":{"@type":"EntryPoint","urlTemplate":"https:\/\/graziamagazine.com\/es\/?s={search_term_string}"},"query-input":"required name=search_term_string"}],"inLanguage":"es"}]}},"jetpack_sharing_enabled":true,"distributor_meta":false,"distributor_terms":false,"distributor_media":false,"distributor_original_site_name":"Grazia","distributor_original_site_url":"https:\/\/graziamagazine.com\/es","push-errors":false,"_links":{"self":[{"href":"https:\/\/graziamagazine.com\/es\/wp-json\/wp\/v2\/articles\/174097"}],"collection":[{"href":"https:\/\/graziamagazine.com\/es\/wp-json\/wp\/v2\/articles"}],"about":[{"href":"https:\/\/graziamagazine.com\/es\/wp-json\/wp\/v2\/types\/articles"}],"author":[{"embeddable":true,"href":"https:\/\/graziamagazine.com\/es\/wp-json\/wp\/v2\/users\/11653"}],"wp:featuredmedia":[{"embeddable":true,"href":"https:\/\/graziamagazine.com\/es\/wp-json\/wp\/v2\/media\/174121"}],"wp:attachment":[{"href":"https:\/\/graziamagazine.com\/es\/wp-json\/wp\/v2\/media?parent=174097"}],"wp:term":[{"taxonomy":"category","embeddable":true,"href":"https:\/\/graziamagazine.com\/es\/wp-json\/wp\/v2\/categories?post=174097"}],"curies":[{"name":"wp","href":"https:\/\/api.w.org\/{rel}","templated":true}]}}