{"id":174044,"date":"2024-01-15T14:35:17","date_gmt":"2024-01-15T13:35:17","guid":{"rendered":"https:\/\/graziamagazine.com\/es\/?post_type=articles&#038;p=174044"},"modified":"2024-01-15T14:35:17","modified_gmt":"2024-01-15T13:35:17","slug":"apple-music-presenta-el-trailer-del-espectaculo-de-medio-tiempo","status":"publish","type":"articles","link":"https:\/\/graziamagazine.com\/es\/articles\/apple-music-presenta-el-trailer-del-espectaculo-de-medio-tiempo\/","title":{"rendered":"Apple Music presenta el tr\u00e1iler del espect\u00e1culo de medio tiempo"},"content":{"rendered":"<p><span style=\"font-weight: 400\">El pasado viernes 12 de enero, <strong>Apple Music<\/strong> lanz\u00f3 un avance del espect\u00e1culo de medio tiempo del <strong>Super Bowl LVIII<\/strong>, que el cantante ganador del Grammy <strong>Usher<\/strong> dirigir\u00e1 el <strong>11 de febrero<\/strong> desde el Allegiant Stadium en Las Vegas, Nevada.<\/span><\/p>\n<p><span style=\"font-weight: 400\">Con su \u00e9xito de 2004, <\/span><strong><i>Yeah!<\/i><\/strong><span style=\"font-weight: 400\">, el trailer entrelaza im\u00e1genes de m\u00e1s de tres d\u00e9cadas de Usher, sus legiones de fans y rostros famosos como <strong>Lebron James, J Balvin y Jung Kook.<\/strong><\/span><\/p>\n<blockquote><p><span style=\"font-weight: 400\">\u201cUna actuaci\u00f3n, 30 a\u00f1os de realizaci\u00f3n\u201d, dice el trailer.<\/span><\/p><\/blockquote>\n<p><span style=\"font-weight: 400\">Usher anunci\u00f3 en septiembre que encabezar\u00eda el espect\u00e1culo de medio tiempo de la Super Bowl al compartir un video de \u00e9l recibiendo una llamada telef\u00f3nica de Kim Kardashian cont\u00e1ndole la noticia.<\/span><\/p>\n<p><span style=\"font-weight: 400\">\u201cEs el honor de mi vida finalmente tachar una actuaci\u00f3n de Super Bowl de mi lista de deseos\u201d, dijo Usher en un comunicado. \u201cNo puedo esperar para traerle al mundo un espect\u00e1culo diferente a todo lo que hayan visto de m\u00ed antes\u201d.<\/span><\/p>\n<p><span style=\"font-weight: 400\">\u201cGracias a los fans y a todos los que hicieron posible esta oportunidad. Los ver\u00e9 muy pronto\u201d, agreg\u00f3.<\/span><\/p>\n<p><span style=\"font-weight: 400\">El show llegar\u00e1 un d\u00eda despu\u00e9s del lanzamiento del muy esperado noveno \u00e1lbum de estudio de Usher, <strong>Coming Home.<\/strong><\/span><\/p>\n<p><span style=\"font-weight: 400\">Los fans pueden esperar que el show del Super Bowl presente una de sus nuevas canciones, pero tambi\u00e9n algunos de sus mayores \u00e9xitos en su cat\u00e1logo de R&amp;B, baladas de clubes y \u00e9xitos globales.<\/span><\/p>\n<p><span style=\"font-weight: 400\">Esta aparici\u00f3n en el medio tiempo es la segunda vez de Usher en el Super Bowl. En 2011 actu\u00f3 junto a los <strong>Black Eyed Peas<\/strong> cuando encabezaron el evento.<\/span><\/p>\n<p><iframe loading=\"lazy\" title=\"USHER: 30 Years in the Making | Apple Music Super Bowl LVIII Halftime Show (Official Trailer)\" width=\"500\" height=\"281\" src=\"https:\/\/www.youtube.com\/embed\/QcRLTbQxgcI?feature=oembed\" frameborder=\"0\" allow=\"accelerometer; autoplay; clipboard-write; encrypted-media; gyroscope; picture-in-picture; web-share\" allowfullscreen><\/iframe><\/p>\n<p>&nbsp;<\/p>\n","protected":false},"author":16349,"featured_media":174045,"template":"","format":"standard","categories":[2971],"acf":{"banner":null},"yoast_head":"<!-- This site is optimized with the Yoast SEO Premium plugin v18.5 (Yoast SEO v20.4) - https:\/\/yoast.com\/wordpress\/plugins\/seo\/ -->\n<title>Apple Music presenta el tr\u00e1iler del espect\u00e1culo de medio tiempo<\/title>\n<meta name=\"description\" content=\"El show llegar\u00e1 un d\u00eda despu\u00e9s del lanzamiento del muy esperado noveno \u00e1lbum de estudio de Usher, Coming Home.\" \/>\n<meta name=\"robots\" content=\"index, follow, max-snippet:-1, max-image-preview:large, max-video-preview:-1\" \/>\n<link rel=\"canonical\" href=\"https:\/\/graziamagazine.com\/es\/articles\/apple-music-presenta-el-trailer-del-espectaculo-de-medio-tiempo\/\" \/>\n<meta property=\"og:locale\" content=\"es_ES\" \/>\n<meta property=\"og:type\" content=\"article\" \/>\n<meta property=\"og:title\" content=\"Apple Music presenta el tr\u00e1iler del espect\u00e1culo de medio tiempo\" \/>\n<meta property=\"og:description\" content=\"El show llegar\u00e1 un d\u00eda despu\u00e9s del lanzamiento del muy esperado noveno \u00e1lbum de estudio de Usher, Coming Home.\" \/>\n<meta property=\"og:url\" content=\"https:\/\/graziamagazine.com\/es\/articles\/apple-music-presenta-el-trailer-del-espectaculo-de-medio-tiempo\/\" \/>\n<meta property=\"og:site_name\" content=\"Grazia\" \/>\n<meta property=\"og:image\" content=\"https:\/\/graziamagazine.com\/es\/wp-content\/uploads\/sites\/12\/2024\/01\/halftime-shows-del-super-bowl-espectaculares-incluyendo-michael-jackson-usher-the-black-eyed-peas-2011.jpg\" \/>\n\t<meta property=\"og:image:width\" content=\"1024\" \/>\n\t<meta property=\"og:image:height\" content=\"657\" \/>\n\t<meta property=\"og:image:type\" content=\"image\/jpeg\" \/>\n<meta name=\"twitter:card\" content=\"summary_large_image\" \/>\n<meta name=\"twitter:label1\" content=\"Est. reading time\" \/>\n\t<meta name=\"twitter:data1\" content=\"2 minutos\" \/>\n<script type=\"application\/ld+json\" class=\"yoast-schema-graph\">{\"@context\":\"https:\/\/schema.org\",\"@graph\":[{\"@type\":\"WebPage\",\"@id\":\"https:\/\/graziamagazine.com\/es\/articles\/apple-music-presenta-el-trailer-del-espectaculo-de-medio-tiempo\/\",\"url\":\"https:\/\/graziamagazine.com\/es\/articles\/apple-music-presenta-el-trailer-del-espectaculo-de-medio-tiempo\/\",\"name\":\"Apple Music presenta el tr\u00e1iler del espect\u00e1culo de medio tiempo\",\"isPartOf\":{\"@id\":\"https:\/\/graziamagazine.com\/es\/#website\"},\"datePublished\":\"2024-01-15T13:35:17+00:00\",\"dateModified\":\"2024-01-15T13:35:17+00:00\",\"description\":\"El show llegar\u00e1 un d\u00eda despu\u00e9s del lanzamiento del muy esperado noveno \u00e1lbum de estudio de Usher, Coming Home.\",\"breadcrumb\":{\"@id\":\"https:\/\/graziamagazine.com\/es\/articles\/apple-music-presenta-el-trailer-del-espectaculo-de-medio-tiempo\/#breadcrumb\"},\"inLanguage\":\"es\",\"potentialAction\":[{\"@type\":\"ReadAction\",\"target\":[\"https:\/\/graziamagazine.com\/es\/articles\/apple-music-presenta-el-trailer-del-espectaculo-de-medio-tiempo\/\"]}]},{\"@type\":\"BreadcrumbList\",\"@id\":\"https:\/\/graziamagazine.com\/es\/articles\/apple-music-presenta-el-trailer-del-espectaculo-de-medio-tiempo\/#breadcrumb\",\"itemListElement\":[{\"@type\":\"ListItem\",\"position\":1,\"name\":\"Portada\",\"item\":\"https:\/\/graziamagazine.com\/es\/\"},{\"@type\":\"ListItem\",\"position\":2,\"name\":\"Apple Music presenta el tr\u00e1iler del espect\u00e1culo de medio tiempo\"}]},{\"@type\":\"WebSite\",\"@id\":\"https:\/\/graziamagazine.com\/es\/#website\",\"url\":\"https:\/\/graziamagazine.com\/es\/\",\"name\":\"Grazia\",\"description\":\"Moda, belleza, celebrities, estilo de vida...\",\"potentialAction\":[{\"@type\":\"SearchAction\",\"target\":{\"@type\":\"EntryPoint\",\"urlTemplate\":\"https:\/\/graziamagazine.com\/es\/?s={search_term_string}\"},\"query-input\":\"required name=search_term_string\"}],\"inLanguage\":\"es\"}]}<\/script>\n<!-- \/ Yoast SEO Premium plugin. -->","yoast_head_json":{"title":"Apple Music presenta el tr\u00e1iler del espect\u00e1culo de medio tiempo","description":"El show llegar\u00e1 un d\u00eda despu\u00e9s del lanzamiento del muy esperado noveno \u00e1lbum de estudio de Usher, Coming Home.","robots":{"index":"index","follow":"follow","max-snippet":"max-snippet:-1","max-image-preview":"max-image-preview:large","max-video-preview":"max-video-preview:-1"},"canonical":"https:\/\/graziamagazine.com\/es\/articles\/apple-music-presenta-el-trailer-del-espectaculo-de-medio-tiempo\/","og_locale":"es_ES","og_type":"article","og_title":"Apple Music presenta el tr\u00e1iler del espect\u00e1culo de medio tiempo","og_description":"El show llegar\u00e1 un d\u00eda despu\u00e9s del lanzamiento del muy esperado noveno \u00e1lbum de estudio de Usher, Coming Home.","og_url":"https:\/\/graziamagazine.com\/es\/articles\/apple-music-presenta-el-trailer-del-espectaculo-de-medio-tiempo\/","og_site_name":"Grazia","og_image":[{"width":1024,"height":657,"url":"https:\/\/graziamagazine.com\/es\/wp-content\/uploads\/sites\/12\/2024\/01\/halftime-shows-del-super-bowl-espectaculares-incluyendo-michael-jackson-usher-the-black-eyed-peas-2011.jpg","type":"image\/jpeg"}],"twitter_card":"summary_large_image","twitter_misc":{"Est. reading time":"2 minutos"},"schema":{"@context":"https:\/\/schema.org","@graph":[{"@type":"WebPage","@id":"https:\/\/graziamagazine.com\/es\/articles\/apple-music-presenta-el-trailer-del-espectaculo-de-medio-tiempo\/","url":"https:\/\/graziamagazine.com\/es\/articles\/apple-music-presenta-el-trailer-del-espectaculo-de-medio-tiempo\/","name":"Apple Music presenta el tr\u00e1iler del espect\u00e1culo de medio tiempo","isPartOf":{"@id":"https:\/\/graziamagazine.com\/es\/#website"},"datePublished":"2024-01-15T13:35:17+00:00","dateModified":"2024-01-15T13:35:17+00:00","description":"El show llegar\u00e1 un d\u00eda despu\u00e9s del lanzamiento del muy esperado noveno \u00e1lbum de estudio de Usher, Coming Home.","breadcrumb":{"@id":"https:\/\/graziamagazine.com\/es\/articles\/apple-music-presenta-el-trailer-del-espectaculo-de-medio-tiempo\/#breadcrumb"},"inLanguage":"es","potentialAction":[{"@type":"ReadAction","target":["https:\/\/graziamagazine.com\/es\/articles\/apple-music-presenta-el-trailer-del-espectaculo-de-medio-tiempo\/"]}]},{"@type":"BreadcrumbList","@id":"https:\/\/graziamagazine.com\/es\/articles\/apple-music-presenta-el-trailer-del-espectaculo-de-medio-tiempo\/#breadcrumb","itemListElement":[{"@type":"ListItem","position":1,"name":"Portada","item":"https:\/\/graziamagazine.com\/es\/"},{"@type":"ListItem","position":2,"name":"Apple Music presenta el tr\u00e1iler del espect\u00e1culo de medio tiempo"}]},{"@type":"WebSite","@id":"https:\/\/graziamagazine.com\/es\/#website","url":"https:\/\/graziamagazine.com\/es\/","name":"Grazia","description":"Moda, belleza, celebrities, estilo de vida...","potentialAction":[{"@type":"SearchAction","target":{"@type":"EntryPoint","urlTemplate":"https:\/\/graziamagazine.com\/es\/?s={search_term_string}"},"query-input":"required name=search_term_string"}],"inLanguage":"es"}]}},"jetpack_sharing_enabled":true,"distributor_meta":false,"distributor_terms":false,"distributor_media":false,"distributor_original_site_name":"Grazia","distributor_original_site_url":"https:\/\/graziamagazine.com\/es","push-errors":false,"_links":{"self":[{"href":"https:\/\/graziamagazine.com\/es\/wp-json\/wp\/v2\/articles\/174044"}],"collection":[{"href":"https:\/\/graziamagazine.com\/es\/wp-json\/wp\/v2\/articles"}],"about":[{"href":"https:\/\/graziamagazine.com\/es\/wp-json\/wp\/v2\/types\/articles"}],"author":[{"embeddable":true,"href":"https:\/\/graziamagazine.com\/es\/wp-json\/wp\/v2\/users\/16349"}],"wp:featuredmedia":[{"embeddable":true,"href":"https:\/\/graziamagazine.com\/es\/wp-json\/wp\/v2\/media\/174045"}],"wp:attachment":[{"href":"https:\/\/graziamagazine.com\/es\/wp-json\/wp\/v2\/media?parent=174044"}],"wp:term":[{"taxonomy":"category","embeddable":true,"href":"https:\/\/graziamagazine.com\/es\/wp-json\/wp\/v2\/categories?post=174044"}],"curies":[{"name":"wp","href":"https:\/\/api.w.org\/{rel}","templated":true}]}}