{"id":174030,"date":"2024-01-12T13:49:15","date_gmt":"2024-01-12T12:49:15","guid":{"rendered":"https:\/\/graziamagazine.com\/es\/?post_type=articles&#038;p=174030"},"modified":"2024-01-12T13:49:36","modified_gmt":"2024-01-12T12:49:36","slug":"mitones-el-complemento-indispensable-este-invierno","status":"publish","type":"articles","link":"https:\/\/graziamagazine.com\/es\/articles\/mitones-el-complemento-indispensable-este-invierno\/","title":{"rendered":"Mitones, el complemento indispensable este invierno"},"content":{"rendered":"<p>El invierno trae consigo una paleta de paisajes cubiertos de blanco, pero tambi\u00e9n nos enfrenta al desaf\u00edo de mantenernos c\u00e1lidos en temperaturas g\u00e9lidas. En esta temporada, los mitones se destacan como la elecci\u00f3n perfecta para aquellos que buscan combinar estilo y funcionalidad.<\/p>\n<p><strong>C\u00f3modos, bonitos y calentitos,<\/strong> este complemento es perfecto para elevar tus looks y darle un poco de luz a tus estilismos invernales. Adem\u00e1s, tienen la capacidad de mantener tus dedos juntos, compartiendo el calor corporal de manera m\u00e1s efectiva y permiten\u00a0 coger todo lo que quieras, incluso usar el tel\u00e9fono m\u00f3vil sin necesidad de quit\u00e1rtelos.<\/p>\n<p>Disponibles en una variedad de colores y dise\u00f1os, puedes combinarlos f\u00e1cilmente con tu atuendo invernal. Desde opciones cl\u00e1sicas hasta modelos m\u00e1s modernos, los mitones se adaptan a cualquier estilo, agregando un toque de elegancia a tu conjunto. Hemos aprovechado las rebajas para encontrar algunos modelos interesantes.<\/p>\n<h3>De lana de alpaca mila, de Antik Batik (<a href=\"https:\/\/es.antikbatik.com\/mitones-de-lana-de-alpaca-mila-pink.html\" target=\"_blank\">88 euros<\/a>)<\/h3>\n<p><img loading=\"lazy\" decoding=\"async\" class=\"aligncenter size-full wp-image-174032\" src=\"https:\/\/graziamagazine.com\/es\/wp-content\/uploads\/sites\/12\/2024\/01\/mila_mitten_berry_5-e1705062942486.jpg\" alt=\"\" width=\"1024\" height=\"753\" \/><\/p>\n<h3>De lana merino en color navy, de CULTO 1105 (<a href=\"https:\/\/www.byculto.com\/products\/mitones-lana-merino-azul-marino\" target=\"_blank\">59 euros<\/a>)<\/h3>\n<p><img loading=\"lazy\" decoding=\"async\" class=\"aligncenter size-full wp-image-174033\" src=\"https:\/\/graziamagazine.com\/es\/wp-content\/uploads\/sites\/12\/2024\/01\/4_f2d2c842-29cd-4b40-8a88-bc8f7a3cb02b_1200x-copia.jpg\" alt=\"\" width=\"1024\" height=\"1280\" \/><\/p>\n<h3>mitones satinados con botones, de Zara (<a href=\"https:\/\/www.zara.com\/es\/es\/mitones-satinados-p00653276.html?v1=274432003\" target=\"_blank\">9,99 euros<\/a>)<\/h3>\n<p><img decoding=\"async\" src=\"https:\/\/static.zara.net\/photos\/\/\/2023\/I\/0\/1\/p\/0653\/276\/800\/2\/w\/678\/0653276800_2_2_1.jpg?ts=1695203465951\" alt=\"MITONES SATINADOS - Negro de Zara - Imagen 2\" \/><\/p>\n<h3>mitones de punto, de pull and bear (<a href=\"https:\/\/www.pullandbear.com\/es\/mitones-punto-l07982392?cS=524\" target=\"_blank\">3,99 euro<\/a>s)<\/h3>\n<p><img loading=\"lazy\" decoding=\"async\" class=\"aligncenter size-full wp-image-174034\" src=\"https:\/\/graziamagazine.com\/es\/wp-content\/uploads\/sites\/12\/2024\/01\/7982392524_2_2_8-e1705063340364.jpg\" alt=\"\" width=\"1009\" height=\"1169\" \/><\/p>\n<h3>\u00a0mitones largos en color arena, de Bershka (<a href=\"https:\/\/www.bershka.com\/es\/mitones-largos-c0p152044245.html?colorId=711&amp;gad_source=1&amp;gclid=CjwKCAiA44OtBhAOEiwAj4gpOV4LVjWPd0JMWculApxOrRcP1cqOPu5b9XI5BpOg-2QB_20r3GPjGBoCb2kQAvD_BwE\" target=\"_blank\">9,99 euros<\/a>)<\/h3>\n<p><img loading=\"lazy\" decoding=\"async\" class=\"aligncenter size-full wp-image-174035\" src=\"https:\/\/graziamagazine.com\/es\/wp-content\/uploads\/sites\/12\/2024\/01\/89a87f9dbcb89387d7ed4486b675b767-9203702711_2_4_0-1-e1705063483191.jpg\" alt=\"\" width=\"822\" height=\"661\" \/><\/p>\n<h3>Mitones de piel vuelta, de UGG (<a href=\"https:\/\/www.elcorteingles.es\/moda-mujer\/A44071584-mitones-de-piel-en-marron\/?vuestore=2&amp;color=Camel\" target=\"_blank\">139,95 euros en El Corte Ingl\u00e9s<\/a>)<\/h3>\n<p><img loading=\"lazy\" decoding=\"async\" class=\"aligncenter size-full wp-image-174036\" src=\"https:\/\/graziamagazine.com\/es\/wp-content\/uploads\/sites\/12\/2024\/01\/00102461301042____1__967x1200-copia-e1705063692287.jpg\" alt=\"\" width=\"700\" height=\"522\" \/><\/p>\n<p><em>*Im\u00e1genes: cortes\u00eda<\/em><\/p>\n","protected":false},"author":11653,"featured_media":174031,"template":"","format":"standard","categories":[1],"acf":[],"yoast_head":"<!-- This site is optimized with the Yoast SEO Premium plugin v18.5 (Yoast SEO v20.4) - https:\/\/yoast.com\/wordpress\/plugins\/seo\/ -->\n<title>Mitones, el complemento indispensable este invierno | Grazia<\/title>\n<meta name=\"description\" content=\"El invierno trae consigo una paleta de paisajes cubiertos de blanco, pero tambi\u00e9n nos enfrenta al desaf\u00edo de mantenernos c\u00e1lidos en temperaturas g\u00e9lidas.\" \/>\n<meta name=\"robots\" content=\"index, follow, max-snippet:-1, max-image-preview:large, max-video-preview:-1\" \/>\n<link rel=\"canonical\" href=\"https:\/\/graziamagazine.com\/es\/articles\/mitones-el-complemento-indispensable-este-invierno\/\" \/>\n<meta property=\"og:locale\" content=\"es_ES\" \/>\n<meta property=\"og:type\" content=\"article\" \/>\n<meta property=\"og:title\" content=\"Mitones, el complemento indispensable este invierno\" \/>\n<meta property=\"og:description\" content=\"El invierno trae consigo una paleta de paisajes cubiertos de blanco, pero tambi\u00e9n nos enfrenta al desaf\u00edo de mantenernos c\u00e1lidos en temperaturas g\u00e9lidas.\" \/>\n<meta property=\"og:url\" content=\"https:\/\/graziamagazine.com\/es\/articles\/mitones-el-complemento-indispensable-este-invierno\/\" \/>\n<meta property=\"og:site_name\" content=\"Grazia\" \/>\n<meta property=\"article:modified_time\" content=\"2024-01-12T12:49:36+00:00\" \/>\n<meta property=\"og:image\" content=\"https:\/\/graziamagazine.com\/es\/wp-content\/uploads\/sites\/12\/2024\/01\/80eb9347-c740-bf34-9c65-935ade59ec84-e1705060825112.jpg\" \/>\n\t<meta property=\"og:image:width\" content=\"3524\" \/>\n\t<meta property=\"og:image:height\" content=\"3755\" \/>\n\t<meta property=\"og:image:type\" content=\"image\/jpeg\" \/>\n<meta name=\"twitter:card\" content=\"summary_large_image\" \/>\n<meta name=\"twitter:label1\" content=\"Est. reading time\" \/>\n\t<meta name=\"twitter:data1\" content=\"3 minutos\" \/>\n<script type=\"application\/ld+json\" class=\"yoast-schema-graph\">{\"@context\":\"https:\/\/schema.org\",\"@graph\":[{\"@type\":\"WebPage\",\"@id\":\"https:\/\/graziamagazine.com\/es\/articles\/mitones-el-complemento-indispensable-este-invierno\/\",\"url\":\"https:\/\/graziamagazine.com\/es\/articles\/mitones-el-complemento-indispensable-este-invierno\/\",\"name\":\"Mitones, el complemento indispensable este invierno | Grazia\",\"isPartOf\":{\"@id\":\"https:\/\/graziamagazine.com\/es\/#website\"},\"datePublished\":\"2024-01-12T12:49:15+00:00\",\"dateModified\":\"2024-01-12T12:49:36+00:00\",\"description\":\"El invierno trae consigo una paleta de paisajes cubiertos de blanco, pero tambi\u00e9n nos enfrenta al desaf\u00edo de mantenernos c\u00e1lidos en temperaturas g\u00e9lidas.\",\"breadcrumb\":{\"@id\":\"https:\/\/graziamagazine.com\/es\/articles\/mitones-el-complemento-indispensable-este-invierno\/#breadcrumb\"},\"inLanguage\":\"es\",\"potentialAction\":[{\"@type\":\"ReadAction\",\"target\":[\"https:\/\/graziamagazine.com\/es\/articles\/mitones-el-complemento-indispensable-este-invierno\/\"]}]},{\"@type\":\"BreadcrumbList\",\"@id\":\"https:\/\/graziamagazine.com\/es\/articles\/mitones-el-complemento-indispensable-este-invierno\/#breadcrumb\",\"itemListElement\":[{\"@type\":\"ListItem\",\"position\":1,\"name\":\"Portada\",\"item\":\"https:\/\/graziamagazine.com\/es\/\"},{\"@type\":\"ListItem\",\"position\":2,\"name\":\"Mitones, el complemento indispensable este invierno\"}]},{\"@type\":\"WebSite\",\"@id\":\"https:\/\/graziamagazine.com\/es\/#website\",\"url\":\"https:\/\/graziamagazine.com\/es\/\",\"name\":\"Grazia\",\"description\":\"Moda, belleza, celebrities, estilo de vida...\",\"potentialAction\":[{\"@type\":\"SearchAction\",\"target\":{\"@type\":\"EntryPoint\",\"urlTemplate\":\"https:\/\/graziamagazine.com\/es\/?s={search_term_string}\"},\"query-input\":\"required name=search_term_string\"}],\"inLanguage\":\"es\"}]}<\/script>\n<!-- \/ Yoast SEO Premium plugin. -->","yoast_head_json":{"title":"Mitones, el complemento indispensable este invierno | Grazia","description":"El invierno trae consigo una paleta de paisajes cubiertos de blanco, pero tambi\u00e9n nos enfrenta al desaf\u00edo de mantenernos c\u00e1lidos en temperaturas g\u00e9lidas.","robots":{"index":"index","follow":"follow","max-snippet":"max-snippet:-1","max-image-preview":"max-image-preview:large","max-video-preview":"max-video-preview:-1"},"canonical":"https:\/\/graziamagazine.com\/es\/articles\/mitones-el-complemento-indispensable-este-invierno\/","og_locale":"es_ES","og_type":"article","og_title":"Mitones, el complemento indispensable este invierno","og_description":"El invierno trae consigo una paleta de paisajes cubiertos de blanco, pero tambi\u00e9n nos enfrenta al desaf\u00edo de mantenernos c\u00e1lidos en temperaturas g\u00e9lidas.","og_url":"https:\/\/graziamagazine.com\/es\/articles\/mitones-el-complemento-indispensable-este-invierno\/","og_site_name":"Grazia","article_modified_time":"2024-01-12T12:49:36+00:00","og_image":[{"width":3524,"height":3755,"url":"https:\/\/graziamagazine.com\/es\/wp-content\/uploads\/sites\/12\/2024\/01\/80eb9347-c740-bf34-9c65-935ade59ec84-e1705060825112.jpg","type":"image\/jpeg"}],"twitter_card":"summary_large_image","twitter_misc":{"Est. reading time":"3 minutos"},"schema":{"@context":"https:\/\/schema.org","@graph":[{"@type":"WebPage","@id":"https:\/\/graziamagazine.com\/es\/articles\/mitones-el-complemento-indispensable-este-invierno\/","url":"https:\/\/graziamagazine.com\/es\/articles\/mitones-el-complemento-indispensable-este-invierno\/","name":"Mitones, el complemento indispensable este invierno | Grazia","isPartOf":{"@id":"https:\/\/graziamagazine.com\/es\/#website"},"datePublished":"2024-01-12T12:49:15+00:00","dateModified":"2024-01-12T12:49:36+00:00","description":"El invierno trae consigo una paleta de paisajes cubiertos de blanco, pero tambi\u00e9n nos enfrenta al desaf\u00edo de mantenernos c\u00e1lidos en temperaturas g\u00e9lidas.","breadcrumb":{"@id":"https:\/\/graziamagazine.com\/es\/articles\/mitones-el-complemento-indispensable-este-invierno\/#breadcrumb"},"inLanguage":"es","potentialAction":[{"@type":"ReadAction","target":["https:\/\/graziamagazine.com\/es\/articles\/mitones-el-complemento-indispensable-este-invierno\/"]}]},{"@type":"BreadcrumbList","@id":"https:\/\/graziamagazine.com\/es\/articles\/mitones-el-complemento-indispensable-este-invierno\/#breadcrumb","itemListElement":[{"@type":"ListItem","position":1,"name":"Portada","item":"https:\/\/graziamagazine.com\/es\/"},{"@type":"ListItem","position":2,"name":"Mitones, el complemento indispensable este invierno"}]},{"@type":"WebSite","@id":"https:\/\/graziamagazine.com\/es\/#website","url":"https:\/\/graziamagazine.com\/es\/","name":"Grazia","description":"Moda, belleza, celebrities, estilo de vida...","potentialAction":[{"@type":"SearchAction","target":{"@type":"EntryPoint","urlTemplate":"https:\/\/graziamagazine.com\/es\/?s={search_term_string}"},"query-input":"required name=search_term_string"}],"inLanguage":"es"}]}},"jetpack_sharing_enabled":true,"distributor_meta":false,"distributor_terms":false,"distributor_media":false,"distributor_original_site_name":"Grazia","distributor_original_site_url":"https:\/\/graziamagazine.com\/es","push-errors":false,"_links":{"self":[{"href":"https:\/\/graziamagazine.com\/es\/wp-json\/wp\/v2\/articles\/174030"}],"collection":[{"href":"https:\/\/graziamagazine.com\/es\/wp-json\/wp\/v2\/articles"}],"about":[{"href":"https:\/\/graziamagazine.com\/es\/wp-json\/wp\/v2\/types\/articles"}],"author":[{"embeddable":true,"href":"https:\/\/graziamagazine.com\/es\/wp-json\/wp\/v2\/users\/11653"}],"wp:featuredmedia":[{"embeddable":true,"href":"https:\/\/graziamagazine.com\/es\/wp-json\/wp\/v2\/media\/174031"}],"wp:attachment":[{"href":"https:\/\/graziamagazine.com\/es\/wp-json\/wp\/v2\/media?parent=174030"}],"wp:term":[{"taxonomy":"category","embeddable":true,"href":"https:\/\/graziamagazine.com\/es\/wp-json\/wp\/v2\/categories?post=174030"}],"curies":[{"name":"wp","href":"https:\/\/api.w.org\/{rel}","templated":true}]}}