{"id":173818,"date":"2023-12-20T14:39:45","date_gmt":"2023-12-20T13:39:45","guid":{"rendered":"https:\/\/graziamagazine.com\/es\/?post_type=articles&#038;p=173818"},"modified":"2023-12-21T10:36:49","modified_gmt":"2023-12-21T09:36:49","slug":"ana-rujas-tiene-el-vestido-perfecto-para-una-navidad-gotica","status":"publish","type":"articles","link":"https:\/\/graziamagazine.com\/es\/articles\/ana-rujas-tiene-el-vestido-perfecto-para-una-navidad-gotica\/","title":{"rendered":"Ana Rujas tiene el vestido perfecto para una Navidad g\u00f3tica"},"content":{"rendered":"<p>Los \u00faltimos d\u00edas del a\u00f1o nos est\u00e1n dejando alfombras rojas de estreno de series, sobre todo, con looks que son la perfecta inspiraci\u00f3n para las fiestas de Navidad. La \u00faltima en hacerlo ha sido la actriz Ana Rujas, que ha asistido a la nueva serie que han presentado &#8216;Los Javis&#8217; (Javier Ambrossi y Javier Calvo), <em>Vestidas de azul<\/em>, quienes adem\u00e1s no paran de recibir premios y buenas cr\u00edticas por su anterior producci\u00f3n, <em>La Mes\u00edas<\/em>, en la que participa la actriz.<\/p>\n<p>Para este singular estreno, que supone la continuaci\u00f3n del gran \u00e9xito que supuso La Veneno, la actriz no ha querido pasar desapercibida y ha optado por un look muy al estilo Mi\u00e9rcoles Addams, con un cuello beb\u00e9 de encaje que nunca pasa de moda.<\/p>\n<p><img loading=\"lazy\" decoding=\"async\" class=\"aligncenter size-full wp-image-173819\" src=\"https:\/\/graziamagazine.com\/es\/wp-content\/uploads\/sites\/12\/2023\/12\/GettyImages-1868187949-copia.jpg\" alt=\"\" width=\"1024\" height=\"1536\" \/><\/p>\n<p>Se trata de <strong>un <em>total look<\/em> de Dior<\/strong> formado por <strong>un vestido de punto de viscosa con cuello de encaje de guipur de la colecci\u00f3n Crucero 2024 de Dior<\/strong>, que ha combinado con unos zapatos de sal\u00f3n Jolie Dior de piel en charol negro, creando un juego de texturas entre el punto y el charol, y un mini bolso Lady Dior en blanco con flores pintadas, que le da un toque muy rom\u00e1ntico. Como joyas la actriz ha optado por una de las piezas m\u00edticas de la casa, los pendientes\u00a0 Dior Tribales de metal acabado dorado y cuentas de resina blanca, que elevan cualquier look de d\u00eda y de noche.<\/p>\n<p><img loading=\"lazy\" decoding=\"async\" class=\"aligncenter size-full wp-image-173821\" src=\"https:\/\/graziamagazine.com\/es\/wp-content\/uploads\/sites\/12\/2023\/12\/look-1_width_800-copia.jpg\" alt=\"\" width=\"800\" height=\"999\" \/><\/p>\n<p>Un look que adem\u00e1s de no pasar desapercibido tampoco pasa de moda tanto por el corte como el tejido, y que adem\u00e1s es una apuesta segura a medio camino entre la modernidad y lo cl\u00e1sico. \u00bfTodav\u00eda no sabes qu\u00e9 ponerte para Navidad?<\/p>\n<p><em>*Im\u00e1genes: Getty Images y cortes\u00eda Dior<\/em><\/p>\n<p>&nbsp;<\/p>\n","protected":false},"author":11653,"featured_media":173820,"template":"","format":"standard","categories":[2971,13],"acf":{"banner":null},"yoast_head":"<!-- This site is optimized with the Yoast SEO Premium plugin v18.5 (Yoast SEO v20.4) - https:\/\/yoast.com\/wordpress\/plugins\/seo\/ -->\n<title>Ana Rujas tiene el vestido perfecto para una Navidad g\u00f3tica<\/title>\n<meta name=\"description\" content=\"La actriz ha asistido al estreno de la nueva serie de &#039;Los Javis&#039;, con un look que estamos seguros aprobar\u00eda Mi\u00e9rcoles Addams.\" \/>\n<meta name=\"robots\" content=\"index, follow, max-snippet:-1, max-image-preview:large, max-video-preview:-1\" \/>\n<link rel=\"canonical\" href=\"https:\/\/graziamagazine.com\/es\/articles\/ana-rujas-tiene-el-vestido-perfecto-para-una-navidad-gotica\/\" \/>\n<meta property=\"og:locale\" content=\"es_ES\" \/>\n<meta property=\"og:type\" content=\"article\" \/>\n<meta property=\"og:title\" content=\"Ana Rujas tiene el vestido perfecto para una Navidad g\u00f3tica\" \/>\n<meta property=\"og:description\" content=\"La actriz ha asistido al estreno de la nueva serie de &#039;Los Javis&#039;, con un look que estamos seguros aprobar\u00eda Mi\u00e9rcoles Addams.\" \/>\n<meta property=\"og:url\" content=\"https:\/\/graziamagazine.com\/es\/articles\/ana-rujas-tiene-el-vestido-perfecto-para-una-navidad-gotica\/\" \/>\n<meta property=\"og:site_name\" content=\"Grazia\" \/>\n<meta property=\"article:modified_time\" content=\"2023-12-21T09:36:49+00:00\" \/>\n<meta property=\"og:image\" content=\"https:\/\/graziamagazine.com\/es\/wp-content\/uploads\/sites\/12\/2023\/12\/Captura-de-pantalla-2023-12-20-a-las-13.57.01.png\" \/>\n\t<meta property=\"og:image:width\" content=\"1024\" \/>\n\t<meta property=\"og:image:height\" content=\"619\" \/>\n\t<meta property=\"og:image:type\" content=\"image\/png\" \/>\n<meta name=\"twitter:card\" content=\"summary_large_image\" \/>\n<meta name=\"twitter:label1\" content=\"Est. reading time\" \/>\n\t<meta name=\"twitter:data1\" content=\"2 minutos\" \/>\n<script type=\"application\/ld+json\" class=\"yoast-schema-graph\">{\"@context\":\"https:\/\/schema.org\",\"@graph\":[{\"@type\":\"WebPage\",\"@id\":\"https:\/\/graziamagazine.com\/es\/articles\/ana-rujas-tiene-el-vestido-perfecto-para-una-navidad-gotica\/\",\"url\":\"https:\/\/graziamagazine.com\/es\/articles\/ana-rujas-tiene-el-vestido-perfecto-para-una-navidad-gotica\/\",\"name\":\"Ana Rujas tiene el vestido perfecto para una Navidad g\u00f3tica\",\"isPartOf\":{\"@id\":\"https:\/\/graziamagazine.com\/es\/#website\"},\"datePublished\":\"2023-12-20T13:39:45+00:00\",\"dateModified\":\"2023-12-21T09:36:49+00:00\",\"description\":\"La actriz ha asistido al estreno de la nueva serie de 'Los Javis', con un look que estamos seguros aprobar\u00eda Mi\u00e9rcoles Addams.\",\"breadcrumb\":{\"@id\":\"https:\/\/graziamagazine.com\/es\/articles\/ana-rujas-tiene-el-vestido-perfecto-para-una-navidad-gotica\/#breadcrumb\"},\"inLanguage\":\"es\",\"potentialAction\":[{\"@type\":\"ReadAction\",\"target\":[\"https:\/\/graziamagazine.com\/es\/articles\/ana-rujas-tiene-el-vestido-perfecto-para-una-navidad-gotica\/\"]}]},{\"@type\":\"BreadcrumbList\",\"@id\":\"https:\/\/graziamagazine.com\/es\/articles\/ana-rujas-tiene-el-vestido-perfecto-para-una-navidad-gotica\/#breadcrumb\",\"itemListElement\":[{\"@type\":\"ListItem\",\"position\":1,\"name\":\"Portada\",\"item\":\"https:\/\/graziamagazine.com\/es\/\"},{\"@type\":\"ListItem\",\"position\":2,\"name\":\"Ana Rujas tiene el vestido perfecto para una Navidad g\u00f3tica\"}]},{\"@type\":\"WebSite\",\"@id\":\"https:\/\/graziamagazine.com\/es\/#website\",\"url\":\"https:\/\/graziamagazine.com\/es\/\",\"name\":\"Grazia\",\"description\":\"Moda, belleza, celebrities, estilo de vida...\",\"potentialAction\":[{\"@type\":\"SearchAction\",\"target\":{\"@type\":\"EntryPoint\",\"urlTemplate\":\"https:\/\/graziamagazine.com\/es\/?s={search_term_string}\"},\"query-input\":\"required name=search_term_string\"}],\"inLanguage\":\"es\"}]}<\/script>\n<!-- \/ Yoast SEO Premium plugin. -->","yoast_head_json":{"title":"Ana Rujas tiene el vestido perfecto para una Navidad g\u00f3tica","description":"La actriz ha asistido al estreno de la nueva serie de 'Los Javis', con un look que estamos seguros aprobar\u00eda Mi\u00e9rcoles Addams.","robots":{"index":"index","follow":"follow","max-snippet":"max-snippet:-1","max-image-preview":"max-image-preview:large","max-video-preview":"max-video-preview:-1"},"canonical":"https:\/\/graziamagazine.com\/es\/articles\/ana-rujas-tiene-el-vestido-perfecto-para-una-navidad-gotica\/","og_locale":"es_ES","og_type":"article","og_title":"Ana Rujas tiene el vestido perfecto para una Navidad g\u00f3tica","og_description":"La actriz ha asistido al estreno de la nueva serie de 'Los Javis', con un look que estamos seguros aprobar\u00eda Mi\u00e9rcoles Addams.","og_url":"https:\/\/graziamagazine.com\/es\/articles\/ana-rujas-tiene-el-vestido-perfecto-para-una-navidad-gotica\/","og_site_name":"Grazia","article_modified_time":"2023-12-21T09:36:49+00:00","og_image":[{"url":"https:\/\/graziamagazine.com\/es\/wp-content\/uploads\/sites\/12\/2023\/12\/Captura-de-pantalla-2023-12-20-a-las-13.57.01.png","width":1024,"height":619,"type":"image\/png"}],"twitter_card":"summary_large_image","twitter_misc":{"Est. reading time":"2 minutos"},"schema":{"@context":"https:\/\/schema.org","@graph":[{"@type":"WebPage","@id":"https:\/\/graziamagazine.com\/es\/articles\/ana-rujas-tiene-el-vestido-perfecto-para-una-navidad-gotica\/","url":"https:\/\/graziamagazine.com\/es\/articles\/ana-rujas-tiene-el-vestido-perfecto-para-una-navidad-gotica\/","name":"Ana Rujas tiene el vestido perfecto para una Navidad g\u00f3tica","isPartOf":{"@id":"https:\/\/graziamagazine.com\/es\/#website"},"datePublished":"2023-12-20T13:39:45+00:00","dateModified":"2023-12-21T09:36:49+00:00","description":"La actriz ha asistido al estreno de la nueva serie de 'Los Javis', con un look que estamos seguros aprobar\u00eda Mi\u00e9rcoles Addams.","breadcrumb":{"@id":"https:\/\/graziamagazine.com\/es\/articles\/ana-rujas-tiene-el-vestido-perfecto-para-una-navidad-gotica\/#breadcrumb"},"inLanguage":"es","potentialAction":[{"@type":"ReadAction","target":["https:\/\/graziamagazine.com\/es\/articles\/ana-rujas-tiene-el-vestido-perfecto-para-una-navidad-gotica\/"]}]},{"@type":"BreadcrumbList","@id":"https:\/\/graziamagazine.com\/es\/articles\/ana-rujas-tiene-el-vestido-perfecto-para-una-navidad-gotica\/#breadcrumb","itemListElement":[{"@type":"ListItem","position":1,"name":"Portada","item":"https:\/\/graziamagazine.com\/es\/"},{"@type":"ListItem","position":2,"name":"Ana Rujas tiene el vestido perfecto para una Navidad g\u00f3tica"}]},{"@type":"WebSite","@id":"https:\/\/graziamagazine.com\/es\/#website","url":"https:\/\/graziamagazine.com\/es\/","name":"Grazia","description":"Moda, belleza, celebrities, estilo de vida...","potentialAction":[{"@type":"SearchAction","target":{"@type":"EntryPoint","urlTemplate":"https:\/\/graziamagazine.com\/es\/?s={search_term_string}"},"query-input":"required name=search_term_string"}],"inLanguage":"es"}]}},"jetpack_sharing_enabled":true,"distributor_meta":false,"distributor_terms":false,"distributor_media":false,"distributor_original_site_name":"Grazia","distributor_original_site_url":"https:\/\/graziamagazine.com\/es","push-errors":false,"_links":{"self":[{"href":"https:\/\/graziamagazine.com\/es\/wp-json\/wp\/v2\/articles\/173818"}],"collection":[{"href":"https:\/\/graziamagazine.com\/es\/wp-json\/wp\/v2\/articles"}],"about":[{"href":"https:\/\/graziamagazine.com\/es\/wp-json\/wp\/v2\/types\/articles"}],"author":[{"embeddable":true,"href":"https:\/\/graziamagazine.com\/es\/wp-json\/wp\/v2\/users\/11653"}],"wp:featuredmedia":[{"embeddable":true,"href":"https:\/\/graziamagazine.com\/es\/wp-json\/wp\/v2\/media\/173820"}],"wp:attachment":[{"href":"https:\/\/graziamagazine.com\/es\/wp-json\/wp\/v2\/media?parent=173818"}],"wp:term":[{"taxonomy":"category","embeddable":true,"href":"https:\/\/graziamagazine.com\/es\/wp-json\/wp\/v2\/categories?post=173818"}],"curies":[{"name":"wp","href":"https:\/\/api.w.org\/{rel}","templated":true}]}}