{"id":173631,"date":"2023-12-11T09:00:29","date_gmt":"2023-12-11T08:00:29","guid":{"rendered":"https:\/\/graziamagazine.com\/es\/?post_type=articles&#038;p=173631"},"modified":"2023-12-10T23:54:40","modified_gmt":"2023-12-10T22:54:40","slug":"el-tratamiento-que-tu-piel-necesita-para-brillar","status":"publish","type":"articles","link":"https:\/\/graziamagazine.com\/es\/articles\/el-tratamiento-que-tu-piel-necesita-para-brillar\/","title":{"rendered":"El tratamiento que tu piel necesita para brillar"},"content":{"rendered":"<div class=\"field field-name-field-quehaydenuevo-teaser field-type-text-long field-label-hidden\">\n<div class=\"field-items\">\n<div class=\"field-item even\">\n<p>Apenas quedan unas semanas para la Navidad, unas fechas entra\u00f1ables en las que se multiplican las salidas y los compromisos sociales. Reuniones con la familia, cenas compa\u00f1eros de trabajo, fiestas con amigos\u2026 Unos encuentros maravillosos en los que todos queremos causar buena impresi\u00f3n y estar radiantes.<\/p>\n<\/div>\n<\/div>\n<\/div>\n<div class=\"field field-name-field-foto-principal field-type-image field-label-hidden\">\n<div class=\"field-items\">\n<p>Con\u00a0<strong>\u201cChrono Energy by Noelia Jim\u00e9nez &amp; Natura Biss\u00e9\u201d<\/strong>\u00a0puedes conseguirlo. Coincidiendo con el octavo aniversario de la apertura del Sal\u00f3n Noelia Jim\u00e9nez y un a\u00f1o despu\u00e9s de la inauguraci\u00f3n de su cabina de belleza, Natura Biss\u00e9 ha dise\u00f1ado\u00a0<strong>\u201cChrono Energy by Noelia Jim\u00e9nez &amp; Natura Biss\u00e9\u201d<\/strong>, un tratamiento facial exclusivo, \u00fanico, que s\u00f3lo se podr\u00e1 disfrutar en este centro. Se trata de un protocolo premium dise\u00f1ado en exclusiva para el Sal\u00f3n de Noelia Jim\u00e9nez coincidiendo con su octavo aniversario, que restaurar\u00e1 los vol\u00famenes de tu rostro, difuminar\u00e1 tus arrugas y te proporcionar\u00e1 esa luminosidad y ese \u201cefecto de buena cara\u201d que necesitas en una sola sesi\u00f3n.<\/p>\n<p>Este ritual premium a\u00fana la experiencia y el \u201csavoir faire\u201d de Noelia Jim\u00e9nez y su plantilla, la alta cosm\u00e9tica de Natura Biss\u00e9 y el equipo m\u00e1s avanzado de Indiba, l\u00edder mundial en tratamientos de radiofrecuencia. Un tr\u00edo infalible para restaurar los vol\u00famenes del rostro, difuminar las arrugas y aportar un extra de luminosidad.<\/p>\n<p>Se trata de un traje a medida para la piel de los clientes de Sal\u00f3n Noelia Jim\u00e9nez. Un protocolo de belleza \u201cde alta costura\u201d para reparar y rejuvenecer la piel.<\/p>\n<h3><strong>CIENCIA Y CRONOCOSM\u00c9TICA PARA TRANSFORMAR TU PIEL<\/strong><\/h3>\n<p>Este novedoso ritual de belleza aterriza en Noelia Jim\u00e9nez, cumpliendo con sus rigurosos criterios de calidad y, por supuesto, con su filosof\u00eda \u201cWell-aging\u201d. Este centro cuida de sus clientes sin artificios, ayud\u00e1ndoles a ser ellos mismos, envejeciendo elegantemente, con t\u00e9cnicas y protocolos naturales, sin excesos invasivos para el cuerpo.<\/p>\n<p><img loading=\"lazy\" decoding=\"async\" class=\"size-full wp-image-173632 alignnone\" src=\"https:\/\/graziamagazine.com\/es\/wp-content\/uploads\/sites\/12\/2023\/12\/Noelia-Jimenez-tratamiento-2_0.jpg\" alt=\"\" width=\"620\" height=\"691\" \/><\/p>\n<p><strong>\u201cChrono Energy by Noelia Jim\u00e9nez &amp; Natura Biss\u00e9\u201d<\/strong>\u00a0re\u00fane todos estos requisitos. Se presenta como la uni\u00f3n exclusiva de los potentes activos de Natura Biss\u00e9, el exquisito\u00a0<em>savoir- faire<\/em>\u00a0de Noelia Jim\u00e9nez y el equipo m\u00e1s avanzado de Indiba, l\u00edder mundial en tratamientos de radiofrecuencia. Este aparato solo est\u00e1 disponible en contados y selectos establecimientos de la capital.<\/p>\n<p>Chrono Energy pondr\u00e1 en marcha los mecanismos de defensa y regeneraci\u00f3n de tu piel y equilibrar\u00e1 tus biorritmos.<\/p>\n<p>Este protocolo aporta energ\u00eda inteligente -con la Artemia Salina- y estimula el metabolismo celular -con Ra\u00edz de Peon\u00eda-. Asimismo, fortalece la piel y la protege de las agresiones extremas para evitar el da\u00f1o oxidativo diario gracias a un poderoso c\u00f3ctel de prebi\u00f3ticos y activos antioxidantes.<\/p>\n<p>Estos altos activos cosm\u00e9ticos trabajan conjuntamente con un tratamiento de radiofrecuencia de Indiba. Las ondas de baja frecuencia actuar\u00e1n sobre la dermis aumentando su temperatura, activando el flujo sangu\u00edneo e incrementando la producci\u00f3n de col\u00e1geno y elastina.<\/p>\n<h3><strong>\u00bfEN QU\u00c9 CONSISTE \u201cCHRONO ENERGY\u201d?<\/strong><\/h3>\n<p><strong>Chrono Energy by Noelia Jim\u00e9nez<\/strong>\u00a0es un completo ritual que incluye t\u00e9cnicas de relajaci\u00f3n, limpieza m\u00e1ster luminosa, una ligera exfoliaci\u00f3n enzim\u00e1tica, radiofrecuencia y masaje manual relajante, todo ello con productos de la marca Natura Biss\u00e9.<\/p>\n<h3><strong>PASO A PASO DE \u201cCHRONO ENERGY\u201d<\/strong><\/h3>\n<p><strong>1-Fase de relajaci\u00f3n.\u00a0<\/strong>Es fundamental conseguir un clima de relajaci\u00f3n para que la piel se muestre m\u00e1s receptiva. As\u00ed, el protocolo comienza con una fase inicial en la que las t\u00e9cnicas de relajaci\u00f3n se encargan de crear la atm\u00f3sfera m\u00e1s adecuada.<\/p>\n<p><strong>2-Limpieza m\u00e1ster luminosa.\u00a0<\/strong>La limpieza es la base de cualquier tratamiento. En este caso, se realizar\u00e1 con un limpiador y un t\u00f3nico de Natura Biss\u00e9 adaptados a las necesidades espec\u00edficas de cada piel.<\/p>\n<p><strong>3-Exfoliaci\u00f3n enzim\u00e1tica.\u00a0<\/strong>La fase de limpieza terminar\u00e1 con una exfoliaci\u00f3n enzim\u00e1tica tambi\u00e9n de Natura Biss\u00e9, que arrastrar\u00e1 las impurezas y las pieles muertas, dejando los poros limpios y preparados para recibir los beneficios de la radiofrecuencia.<\/p>\n<p><strong>4-Radiofrecuencia.\u00a0<\/strong>Con la piel preparada como si de un lienzo en blanco se tratara, se proceder\u00e1 a aplicar radiofrecuencia Indiba de \u00faltima generaci\u00f3n durante media hora. Este protocolo eleva la temperatura de la piel mediante la aplicaci\u00f3n de una corriente de alta frecuencia a trav\u00e9s de unos electrodos. Este aumento t\u00e9rmico, incrementa el flujo sangu\u00edneo, dota a las c\u00e9lulas de un mecanismo que potencia su propia capacidad de recuperaci\u00f3n y promueve efectos biol\u00f3gicos muy beneficiosos para el organismo.<\/p>\n<p><strong>5-Masaje exclusivo.\u00a0<\/strong>A continuaci\u00f3n, se aplicar\u00e1 un concentrado energizante y fortalecedor de Natura Biss\u00e9 que preparar\u00e1 la piel para un masaje exclusivo. Los activos de Diamond Experience Essence, unidos a las maniobras manuales relajantes de la esteticista pondr\u00e1n el broche final a esta deliciosa experiencia de belleza.<\/p>\n<p><img loading=\"lazy\" decoding=\"async\" class=\"size-full wp-image-173634 alignleft\" src=\"https:\/\/graziamagazine.com\/es\/wp-content\/uploads\/sites\/12\/2023\/12\/nb-horizontal-2_0.jpg\" alt=\"\" width=\"678\" height=\"800\" \/><\/p>\n<h3><strong>BENEFICIOS CLAVE<\/strong><\/h3>\n<ul>\n<li>Estimula la energ\u00eda de la piel para una intensa acci\u00f3n rejuvenecedora<\/li>\n<li>Difumina las l\u00edneas de expresi\u00f3n y arrugas<\/li>\n<li>Hidrata y nutre intensamente<\/li>\n<li>Mejora notablemente su firmeza<\/li>\n<li>Ayuda a regenerar la piel prematuramente envejecida<\/li>\n<li>Contribuye a mantener en equilibrio la microbiota cut\u00e1nea<\/li>\n<li>Revela un cutis m\u00e1s liso, terso y radiante<\/li>\n<\/ul>\n<h3><strong>RESULTADOS<\/strong><\/h3>\n<p>Este ritual cuenta con el aval de una muestra significativa de clientes, que garantizan los espectaculares resultados obtenidos en una sola sesi\u00f3n. Los efectos antiedad se aprecian desde la primera aplicaci\u00f3n. La piel se redensifica, recupera los niveles \u00f3ptimos de hidrataci\u00f3n y se muestra mucho m\u00e1s luminosa y tersa. Asimismo, los vol\u00famenes se restablecen y se dibuja el \u00f3valo facial.<\/p>\n<p><strong>Duraci\u00f3n:\u00a0<\/strong>75 minutos<\/p>\n<p>Precio: 157 \u20ac<\/p>\n<p>&nbsp;<\/p>\n<p>&nbsp;<\/p>\n<\/div>\n<\/div>\n","protected":false},"author":11653,"featured_media":173633,"template":"","format":"standard","categories":[7],"acf":[],"yoast_head":"<!-- This site is optimized with the Yoast SEO Premium plugin v18.5 (Yoast SEO v20.4) - https:\/\/yoast.com\/wordpress\/plugins\/seo\/ -->\n<title>El tratamiento que tu piel necesita para brillar | Grazia<\/title>\n<meta name=\"description\" content=\"Todos queremos estar radiantes en las reuniones navide\u00f1as, y con\u00a0\u201cChrono Energy by Noelia Jim\u00e9nez &amp; Natura Biss\u00e9\u201d\u00a0puedes conseguirlo.\u00a0\" \/>\n<meta name=\"robots\" content=\"index, follow, max-snippet:-1, max-image-preview:large, max-video-preview:-1\" \/>\n<link rel=\"canonical\" href=\"https:\/\/graziamagazine.com\/es\/articles\/el-tratamiento-que-tu-piel-necesita-para-brillar\/\" \/>\n<meta property=\"og:locale\" content=\"es_ES\" \/>\n<meta property=\"og:type\" content=\"article\" \/>\n<meta property=\"og:title\" content=\"El tratamiento que tu piel necesita para brillar\" \/>\n<meta property=\"og:description\" content=\"Todos queremos estar radiantes en las reuniones navide\u00f1as, y con\u00a0\u201cChrono Energy by Noelia Jim\u00e9nez &amp; Natura Biss\u00e9\u201d\u00a0puedes conseguirlo.\u00a0\" \/>\n<meta property=\"og:url\" content=\"https:\/\/graziamagazine.com\/es\/articles\/el-tratamiento-que-tu-piel-necesita-para-brillar\/\" \/>\n<meta property=\"og:site_name\" content=\"Grazia\" \/>\n<meta property=\"article:modified_time\" content=\"2023-12-10T22:54:40+00:00\" \/>\n<meta property=\"og:image\" content=\"https:\/\/graziamagazine.com\/es\/wp-content\/uploads\/sites\/12\/2023\/12\/noelia231205.jpg?fit=1024%2C768\" \/>\n\t<meta property=\"og:image:width\" content=\"1024\" \/>\n\t<meta property=\"og:image:height\" content=\"768\" \/>\n\t<meta property=\"og:image:type\" content=\"image\/jpeg\" \/>\n<meta name=\"twitter:card\" content=\"summary_large_image\" \/>\n<meta name=\"twitter:label1\" content=\"Est. reading time\" \/>\n\t<meta name=\"twitter:data1\" content=\"5 minutos\" \/>\n<script type=\"application\/ld+json\" class=\"yoast-schema-graph\">{\"@context\":\"https:\/\/schema.org\",\"@graph\":[{\"@type\":\"WebPage\",\"@id\":\"https:\/\/graziamagazine.com\/es\/articles\/el-tratamiento-que-tu-piel-necesita-para-brillar\/\",\"url\":\"https:\/\/graziamagazine.com\/es\/articles\/el-tratamiento-que-tu-piel-necesita-para-brillar\/\",\"name\":\"El tratamiento que tu piel necesita para brillar | Grazia\",\"isPartOf\":{\"@id\":\"https:\/\/graziamagazine.com\/es\/#website\"},\"datePublished\":\"2023-12-11T08:00:29+00:00\",\"dateModified\":\"2023-12-10T22:54:40+00:00\",\"description\":\"Todos queremos estar radiantes en las reuniones navide\u00f1as, y con\u00a0\u201cChrono Energy by Noelia Jim\u00e9nez & Natura Biss\u00e9\u201d\u00a0puedes conseguirlo.\u00a0\",\"breadcrumb\":{\"@id\":\"https:\/\/graziamagazine.com\/es\/articles\/el-tratamiento-que-tu-piel-necesita-para-brillar\/#breadcrumb\"},\"inLanguage\":\"es\",\"potentialAction\":[{\"@type\":\"ReadAction\",\"target\":[\"https:\/\/graziamagazine.com\/es\/articles\/el-tratamiento-que-tu-piel-necesita-para-brillar\/\"]}]},{\"@type\":\"BreadcrumbList\",\"@id\":\"https:\/\/graziamagazine.com\/es\/articles\/el-tratamiento-que-tu-piel-necesita-para-brillar\/#breadcrumb\",\"itemListElement\":[{\"@type\":\"ListItem\",\"position\":1,\"name\":\"Portada\",\"item\":\"https:\/\/graziamagazine.com\/es\/\"},{\"@type\":\"ListItem\",\"position\":2,\"name\":\"El tratamiento que tu piel necesita para brillar\"}]},{\"@type\":\"WebSite\",\"@id\":\"https:\/\/graziamagazine.com\/es\/#website\",\"url\":\"https:\/\/graziamagazine.com\/es\/\",\"name\":\"Grazia\",\"description\":\"Moda, belleza, celebrities, estilo de vida...\",\"potentialAction\":[{\"@type\":\"SearchAction\",\"target\":{\"@type\":\"EntryPoint\",\"urlTemplate\":\"https:\/\/graziamagazine.com\/es\/?s={search_term_string}\"},\"query-input\":\"required name=search_term_string\"}],\"inLanguage\":\"es\"}]}<\/script>\n<!-- \/ Yoast SEO Premium plugin. -->","yoast_head_json":{"title":"El tratamiento que tu piel necesita para brillar | Grazia","description":"Todos queremos estar radiantes en las reuniones navide\u00f1as, y con\u00a0\u201cChrono Energy by Noelia Jim\u00e9nez & Natura Biss\u00e9\u201d\u00a0puedes conseguirlo.\u00a0","robots":{"index":"index","follow":"follow","max-snippet":"max-snippet:-1","max-image-preview":"max-image-preview:large","max-video-preview":"max-video-preview:-1"},"canonical":"https:\/\/graziamagazine.com\/es\/articles\/el-tratamiento-que-tu-piel-necesita-para-brillar\/","og_locale":"es_ES","og_type":"article","og_title":"El tratamiento que tu piel necesita para brillar","og_description":"Todos queremos estar radiantes en las reuniones navide\u00f1as, y con\u00a0\u201cChrono Energy by Noelia Jim\u00e9nez & Natura Biss\u00e9\u201d\u00a0puedes conseguirlo.\u00a0","og_url":"https:\/\/graziamagazine.com\/es\/articles\/el-tratamiento-que-tu-piel-necesita-para-brillar\/","og_site_name":"Grazia","article_modified_time":"2023-12-10T22:54:40+00:00","og_image":[{"width":1024,"height":768,"url":"https:\/\/graziamagazine.com\/es\/wp-content\/uploads\/sites\/12\/2023\/12\/noelia231205.jpg?fit=1024%2C768","type":"image\/jpeg"}],"twitter_card":"summary_large_image","twitter_misc":{"Est. reading time":"5 minutos"},"schema":{"@context":"https:\/\/schema.org","@graph":[{"@type":"WebPage","@id":"https:\/\/graziamagazine.com\/es\/articles\/el-tratamiento-que-tu-piel-necesita-para-brillar\/","url":"https:\/\/graziamagazine.com\/es\/articles\/el-tratamiento-que-tu-piel-necesita-para-brillar\/","name":"El tratamiento que tu piel necesita para brillar | Grazia","isPartOf":{"@id":"https:\/\/graziamagazine.com\/es\/#website"},"datePublished":"2023-12-11T08:00:29+00:00","dateModified":"2023-12-10T22:54:40+00:00","description":"Todos queremos estar radiantes en las reuniones navide\u00f1as, y con\u00a0\u201cChrono Energy by Noelia Jim\u00e9nez & Natura Biss\u00e9\u201d\u00a0puedes conseguirlo.\u00a0","breadcrumb":{"@id":"https:\/\/graziamagazine.com\/es\/articles\/el-tratamiento-que-tu-piel-necesita-para-brillar\/#breadcrumb"},"inLanguage":"es","potentialAction":[{"@type":"ReadAction","target":["https:\/\/graziamagazine.com\/es\/articles\/el-tratamiento-que-tu-piel-necesita-para-brillar\/"]}]},{"@type":"BreadcrumbList","@id":"https:\/\/graziamagazine.com\/es\/articles\/el-tratamiento-que-tu-piel-necesita-para-brillar\/#breadcrumb","itemListElement":[{"@type":"ListItem","position":1,"name":"Portada","item":"https:\/\/graziamagazine.com\/es\/"},{"@type":"ListItem","position":2,"name":"El tratamiento que tu piel necesita para brillar"}]},{"@type":"WebSite","@id":"https:\/\/graziamagazine.com\/es\/#website","url":"https:\/\/graziamagazine.com\/es\/","name":"Grazia","description":"Moda, belleza, celebrities, estilo de vida...","potentialAction":[{"@type":"SearchAction","target":{"@type":"EntryPoint","urlTemplate":"https:\/\/graziamagazine.com\/es\/?s={search_term_string}"},"query-input":"required name=search_term_string"}],"inLanguage":"es"}]}},"jetpack_sharing_enabled":true,"distributor_meta":false,"distributor_terms":false,"distributor_media":false,"distributor_original_site_name":"Grazia","distributor_original_site_url":"https:\/\/graziamagazine.com\/es","push-errors":false,"_links":{"self":[{"href":"https:\/\/graziamagazine.com\/es\/wp-json\/wp\/v2\/articles\/173631"}],"collection":[{"href":"https:\/\/graziamagazine.com\/es\/wp-json\/wp\/v2\/articles"}],"about":[{"href":"https:\/\/graziamagazine.com\/es\/wp-json\/wp\/v2\/types\/articles"}],"author":[{"embeddable":true,"href":"https:\/\/graziamagazine.com\/es\/wp-json\/wp\/v2\/users\/11653"}],"wp:featuredmedia":[{"embeddable":true,"href":"https:\/\/graziamagazine.com\/es\/wp-json\/wp\/v2\/media\/173633"}],"wp:attachment":[{"href":"https:\/\/graziamagazine.com\/es\/wp-json\/wp\/v2\/media?parent=173631"}],"wp:term":[{"taxonomy":"category","embeddable":true,"href":"https:\/\/graziamagazine.com\/es\/wp-json\/wp\/v2\/categories?post=173631"}],"curies":[{"name":"wp","href":"https:\/\/api.w.org\/{rel}","templated":true}]}}