{"id":173389,"date":"2023-11-28T16:51:36","date_gmt":"2023-11-28T15:51:36","guid":{"rendered":"https:\/\/graziamagazine.com\/es\/?post_type=articles&#038;p=173389"},"modified":"2023-11-28T17:03:51","modified_gmt":"2023-11-28T16:03:51","slug":"ya-esta-aqui-el-trailer-de-berlin","status":"publish","type":"articles","link":"https:\/\/graziamagazine.com\/es\/articles\/ya-esta-aqui-el-trailer-de-berlin\/","title":{"rendered":"Ya est\u00e1 aqu\u00ed el tr\u00e1iler de &#8216;Berl\u00edn&#8217;, el spin off de &#8216;La casa de papel&#8217;"},"content":{"rendered":"<p>\u201cEstamos aqu\u00ed para estudiar un golpe en la casa de subastas m\u00e1s grande de Par\u00eds\u201d. Netflix ha dado a conocer hoy el tr\u00e1iler de\u00a0<em>BERL\u00cdN<\/em>, el spin-off de La casa de papel que se estrena el\u00a0<strong>29 de diciembre<\/strong>. La serie narra uno de los robos m\u00e1s extraordinarios del ic\u00f3nico personaje interpretado por\u00a0<strong>Pedro Alonso<\/strong>, que retoma el papel del hedonista y astuto Berl\u00edn.\u00a0<br aria-hidden=\"true\" \/><br aria-hidden=\"true\" \/>Junto a \u00e9l, su nueva banda:\u00a0<strong>Michelle Jenner<\/strong>\u00a0(Isabel) interpreta a Keila, una eminencia en ingenier\u00eda electr\u00f3nica;\u00a0<strong>Trist\u00e1n Ulloa<\/strong>\u00a0(Fari\u00f1a) se pone en la piel de Dami\u00e1n, un catedr\u00e1tico fil\u00e1ntropo y confidente de Berl\u00edn;<strong>\u00a0Bego\u00f1a Vargas\u00a0<\/strong>(Bienvenidos a Ed\u00e9n) interpreta a Cameron, una kamikaze que vive siempre al l\u00edmite;\u00a0<strong>Julio Pe\u00f1a Fern\u00e1ndez\u00a0<\/strong>(A trav\u00e9s de mi ventana) da vida a Roi, el fiel escudero de Berl\u00edn; y\u00a0<strong>Joel S\u00e1nchez<\/strong>\u00a0interpreta a Bruce, el \u00a0implacable hombre de acci\u00f3n en la banda.\u00a0<strong>Itziar Itu\u00f1o<\/strong>\u00a0(La casa de papel) y\u00a0<strong>Najwa Nimri<\/strong>\u00a0(La casa de papel) retoman sus papeles como las polic\u00edas Raquel Murillo y Alicia Sierra respectivamente.\u00a0<br aria-hidden=\"true\" \/><br aria-hidden=\"true\" \/>Completan el reparto de BERL\u00cdN, la mexicana\u00a0<strong>Samantha Siqueiros<\/strong>\u00a0(<em>Se\u00f1ora Acero<\/em>),\u00a0<strong>Julien Paschal<\/strong>\u00a0(<em>Un a\u00f1o, una noche<\/em>), Masi Rodr\u00edguez y\u00a0<strong>Rachel Lascar<\/strong>\u00a0(<em>A trav\u00e9s de mi ventana<\/em>).\u00a0<br aria-hidden=\"true\" \/><br aria-hidden=\"true\" \/>Los ocho episodios de la serie, creada por\u00a0<strong>\u00c1lex Pina<\/strong>\u00a0(<em>La casa de papel, Sky Rojo<\/em>) y \u00a0<strong>Esther Martinez Lobato<\/strong>\u00a0(<em>La casa de papel, Sky Rojo<\/em>), est\u00e1n escritos por\u00a0<strong>\u00c1lex Pina, Esther Martinez Lobato, David Barrocal, David Oliva y Lorena G. Maldonado<\/strong>, y est\u00e1n dirigidos por\u00a0<strong>Albert Pint\u00f3<\/strong>\u00a0(<em>Sky Rojo, Malasa\u00f1a 32<\/em>),\u00a0<strong>David Barrocal<\/strong>\u00a0(<em>Sky Rojo<\/em>) y<strong>\u00a0Geoffrey Cowper<\/strong>\u00a0(<em>Tercer Grado<\/em>).<\/p>\n<p>Aqu\u00ed puedes ver este primer adelanto y con el que comienza la cuenta atr\u00e1s para su estreno:<\/p>\n<p><iframe loading=\"lazy\" title=\"Berl\u00edn | Tr\u00e1iler oficial | Netflix\" width=\"500\" height=\"281\" src=\"https:\/\/www.youtube.com\/embed\/1pB-xykZkUk?feature=oembed\" frameborder=\"0\" allow=\"accelerometer; autoplay; clipboard-write; encrypted-media; gyroscope; picture-in-picture; web-share\" allowfullscreen><\/iframe><\/p>\n<p><em>*Imagen: cortes\u00eda Netflix<\/em><\/p>\n","protected":false},"author":11653,"featured_media":173393,"template":"","format":"standard","categories":[2971],"acf":{"banner":null},"yoast_head":"<!-- This site is optimized with the Yoast SEO Premium plugin v18.5 (Yoast SEO v20.4) - https:\/\/yoast.com\/wordpress\/plugins\/seo\/ -->\n<title>Ya est\u00e1 aqu\u00ed el tr\u00e1iler de &#039;Berl\u00edn&#039;<\/title>\n<meta name=\"description\" content=\"El spin-off de La casa de papel est\u00e1 protagonizado por Pedro Alonso, Michelle Jenner, Trist\u00e1n Ulloa, Bego\u00f1a Vargas, Julio Pe\u00f1a Fern\u00e1ndez...\" \/>\n<meta name=\"robots\" content=\"index, follow, max-snippet:-1, max-image-preview:large, max-video-preview:-1\" \/>\n<link rel=\"canonical\" href=\"https:\/\/graziamagazine.com\/es\/articles\/ya-esta-aqui-el-trailer-de-berlin\/\" \/>\n<meta property=\"og:locale\" content=\"es_ES\" \/>\n<meta property=\"og:type\" content=\"article\" \/>\n<meta property=\"og:title\" content=\"Ya est\u00e1 aqu\u00ed el tr\u00e1iler de &#039;Berl\u00edn&#039;, el spin off de &#039;La casa de papel&#039;\" \/>\n<meta property=\"og:description\" content=\"El spin-off de La casa de papel est\u00e1 protagonizado por Pedro Alonso, Michelle Jenner, Trist\u00e1n Ulloa, Bego\u00f1a Vargas, Julio Pe\u00f1a Fern\u00e1ndez...\" \/>\n<meta property=\"og:url\" content=\"https:\/\/graziamagazine.com\/es\/articles\/ya-esta-aqui-el-trailer-de-berlin\/\" \/>\n<meta property=\"og:site_name\" content=\"Grazia\" \/>\n<meta property=\"article:modified_time\" content=\"2023-11-28T16:03:51+00:00\" \/>\n<meta property=\"og:image\" content=\"https:\/\/graziamagazine.com\/es\/wp-content\/uploads\/sites\/12\/2023\/11\/berlin-2949374-copia-1.jpg\" \/>\n\t<meta property=\"og:image:width\" content=\"3840\" \/>\n\t<meta property=\"og:image:height\" content=\"2160\" \/>\n\t<meta property=\"og:image:type\" content=\"image\/jpeg\" \/>\n<meta name=\"twitter:card\" content=\"summary_large_image\" \/>\n<meta name=\"twitter:label1\" content=\"Est. reading time\" \/>\n\t<meta name=\"twitter:data1\" content=\"2 minutos\" \/>\n<script type=\"application\/ld+json\" class=\"yoast-schema-graph\">{\"@context\":\"https:\/\/schema.org\",\"@graph\":[{\"@type\":\"WebPage\",\"@id\":\"https:\/\/graziamagazine.com\/es\/articles\/ya-esta-aqui-el-trailer-de-berlin\/\",\"url\":\"https:\/\/graziamagazine.com\/es\/articles\/ya-esta-aqui-el-trailer-de-berlin\/\",\"name\":\"Ya est\u00e1 aqu\u00ed el tr\u00e1iler de 'Berl\u00edn'\",\"isPartOf\":{\"@id\":\"https:\/\/graziamagazine.com\/es\/#website\"},\"datePublished\":\"2023-11-28T15:51:36+00:00\",\"dateModified\":\"2023-11-28T16:03:51+00:00\",\"description\":\"El spin-off de La casa de papel est\u00e1 protagonizado por Pedro Alonso, Michelle Jenner, Trist\u00e1n Ulloa, Bego\u00f1a Vargas, Julio Pe\u00f1a Fern\u00e1ndez...\",\"breadcrumb\":{\"@id\":\"https:\/\/graziamagazine.com\/es\/articles\/ya-esta-aqui-el-trailer-de-berlin\/#breadcrumb\"},\"inLanguage\":\"es\",\"potentialAction\":[{\"@type\":\"ReadAction\",\"target\":[\"https:\/\/graziamagazine.com\/es\/articles\/ya-esta-aqui-el-trailer-de-berlin\/\"]}]},{\"@type\":\"BreadcrumbList\",\"@id\":\"https:\/\/graziamagazine.com\/es\/articles\/ya-esta-aqui-el-trailer-de-berlin\/#breadcrumb\",\"itemListElement\":[{\"@type\":\"ListItem\",\"position\":1,\"name\":\"Portada\",\"item\":\"https:\/\/graziamagazine.com\/es\/\"},{\"@type\":\"ListItem\",\"position\":2,\"name\":\"Ya est\u00e1 aqu\u00ed el tr\u00e1iler de &#8216;Berl\u00edn&#8217;, el spin off de &#8216;La casa de papel&#8217;\"}]},{\"@type\":\"WebSite\",\"@id\":\"https:\/\/graziamagazine.com\/es\/#website\",\"url\":\"https:\/\/graziamagazine.com\/es\/\",\"name\":\"Grazia\",\"description\":\"Moda, belleza, celebrities, estilo de vida...\",\"potentialAction\":[{\"@type\":\"SearchAction\",\"target\":{\"@type\":\"EntryPoint\",\"urlTemplate\":\"https:\/\/graziamagazine.com\/es\/?s={search_term_string}\"},\"query-input\":\"required name=search_term_string\"}],\"inLanguage\":\"es\"}]}<\/script>\n<!-- \/ Yoast SEO Premium plugin. -->","yoast_head_json":{"title":"Ya est\u00e1 aqu\u00ed el tr\u00e1iler de 'Berl\u00edn'","description":"El spin-off de La casa de papel est\u00e1 protagonizado por Pedro Alonso, Michelle Jenner, Trist\u00e1n Ulloa, Bego\u00f1a Vargas, Julio Pe\u00f1a Fern\u00e1ndez...","robots":{"index":"index","follow":"follow","max-snippet":"max-snippet:-1","max-image-preview":"max-image-preview:large","max-video-preview":"max-video-preview:-1"},"canonical":"https:\/\/graziamagazine.com\/es\/articles\/ya-esta-aqui-el-trailer-de-berlin\/","og_locale":"es_ES","og_type":"article","og_title":"Ya est\u00e1 aqu\u00ed el tr\u00e1iler de 'Berl\u00edn', el spin off de 'La casa de papel'","og_description":"El spin-off de La casa de papel est\u00e1 protagonizado por Pedro Alonso, Michelle Jenner, Trist\u00e1n Ulloa, Bego\u00f1a Vargas, Julio Pe\u00f1a Fern\u00e1ndez...","og_url":"https:\/\/graziamagazine.com\/es\/articles\/ya-esta-aqui-el-trailer-de-berlin\/","og_site_name":"Grazia","article_modified_time":"2023-11-28T16:03:51+00:00","og_image":[{"width":3840,"height":2160,"url":"https:\/\/graziamagazine.com\/es\/wp-content\/uploads\/sites\/12\/2023\/11\/berlin-2949374-copia-1.jpg","type":"image\/jpeg"}],"twitter_card":"summary_large_image","twitter_misc":{"Est. reading time":"2 minutos"},"schema":{"@context":"https:\/\/schema.org","@graph":[{"@type":"WebPage","@id":"https:\/\/graziamagazine.com\/es\/articles\/ya-esta-aqui-el-trailer-de-berlin\/","url":"https:\/\/graziamagazine.com\/es\/articles\/ya-esta-aqui-el-trailer-de-berlin\/","name":"Ya est\u00e1 aqu\u00ed el tr\u00e1iler de 'Berl\u00edn'","isPartOf":{"@id":"https:\/\/graziamagazine.com\/es\/#website"},"datePublished":"2023-11-28T15:51:36+00:00","dateModified":"2023-11-28T16:03:51+00:00","description":"El spin-off de La casa de papel est\u00e1 protagonizado por Pedro Alonso, Michelle Jenner, Trist\u00e1n Ulloa, Bego\u00f1a Vargas, Julio Pe\u00f1a Fern\u00e1ndez...","breadcrumb":{"@id":"https:\/\/graziamagazine.com\/es\/articles\/ya-esta-aqui-el-trailer-de-berlin\/#breadcrumb"},"inLanguage":"es","potentialAction":[{"@type":"ReadAction","target":["https:\/\/graziamagazine.com\/es\/articles\/ya-esta-aqui-el-trailer-de-berlin\/"]}]},{"@type":"BreadcrumbList","@id":"https:\/\/graziamagazine.com\/es\/articles\/ya-esta-aqui-el-trailer-de-berlin\/#breadcrumb","itemListElement":[{"@type":"ListItem","position":1,"name":"Portada","item":"https:\/\/graziamagazine.com\/es\/"},{"@type":"ListItem","position":2,"name":"Ya est\u00e1 aqu\u00ed el tr\u00e1iler de &#8216;Berl\u00edn&#8217;, el spin off de &#8216;La casa de papel&#8217;"}]},{"@type":"WebSite","@id":"https:\/\/graziamagazine.com\/es\/#website","url":"https:\/\/graziamagazine.com\/es\/","name":"Grazia","description":"Moda, belleza, celebrities, estilo de vida...","potentialAction":[{"@type":"SearchAction","target":{"@type":"EntryPoint","urlTemplate":"https:\/\/graziamagazine.com\/es\/?s={search_term_string}"},"query-input":"required name=search_term_string"}],"inLanguage":"es"}]}},"jetpack_sharing_enabled":true,"distributor_meta":false,"distributor_terms":false,"distributor_media":false,"distributor_original_site_name":"Grazia","distributor_original_site_url":"https:\/\/graziamagazine.com\/es","push-errors":false,"_links":{"self":[{"href":"https:\/\/graziamagazine.com\/es\/wp-json\/wp\/v2\/articles\/173389"}],"collection":[{"href":"https:\/\/graziamagazine.com\/es\/wp-json\/wp\/v2\/articles"}],"about":[{"href":"https:\/\/graziamagazine.com\/es\/wp-json\/wp\/v2\/types\/articles"}],"author":[{"embeddable":true,"href":"https:\/\/graziamagazine.com\/es\/wp-json\/wp\/v2\/users\/11653"}],"wp:featuredmedia":[{"embeddable":true,"href":"https:\/\/graziamagazine.com\/es\/wp-json\/wp\/v2\/media\/173393"}],"wp:attachment":[{"href":"https:\/\/graziamagazine.com\/es\/wp-json\/wp\/v2\/media?parent=173389"}],"wp:term":[{"taxonomy":"category","embeddable":true,"href":"https:\/\/graziamagazine.com\/es\/wp-json\/wp\/v2\/categories?post=173389"}],"curies":[{"name":"wp","href":"https:\/\/api.w.org\/{rel}","templated":true}]}}