{"id":173377,"date":"2023-11-28T09:00:54","date_gmt":"2023-11-28T08:00:54","guid":{"rendered":"https:\/\/graziamagazine.com\/es\/?post_type=articles&#038;p=173377"},"modified":"2023-11-28T06:03:02","modified_gmt":"2023-11-28T05:03:02","slug":"manuela-velasco-tiene-el-conjunto-dos-piezas-perfecto-para-las-fiestas","status":"publish","type":"articles","link":"https:\/\/graziamagazine.com\/es\/articles\/manuela-velasco-tiene-el-conjunto-dos-piezas-perfecto-para-las-fiestas\/","title":{"rendered":"Manuela Velasco tiene el conjunto dos piezas perfecto para las fiestas"},"content":{"rendered":"<p>Las Navidades est\u00e1n a la vuelta de la esquina, y la b\u00fasqueda del look perfecto da el pistoletazo de salida. Aunque muchas veces tendemos a decantarnos por el vestido, que suele ser una opci\u00f3n habitual, la verdad es que hay muchas otras alternativas con las que conseguir un gran resultado. As\u00ed lo ha demostrado la actriz\u00a0<strong>Manuela Velasco<\/strong> apostando por un conjunto de dos piezas en colores que le da un twist a los looks de fiesta m\u00e1s tradicionales.<\/p>\n<p><img decoding=\"async\" src=\"https:\/\/elenacomunicacion.mx-router-i.com\/data\/545f46de35a1f429a39756bb85166a1e2bfc26aa\/media_files\/8490\/original\/403669943_291212189930456_4168359579110208221_n.jpg\" alt=\"403669943_291212189930456_4168359579110208221_n.jpg\" \/><\/p>\n<h3>el look de fiesta que necesitas<\/h3>\n<p>Se trata de un dos piezas de la firma italiana <strong>forte_forte<\/strong>, estilo pijamero compuesto de pantal\u00f3n y camisa. En negro, el toque de originalidad lo dan las rayas de colores con efecto brillante que hacen de este look una apuesta segura para triunfar durante las fiestas.<\/p>\n<p><img decoding=\"async\" src=\"https:\/\/elenacomunicacion.mx-router-i.com\/data\/545f46de35a1f429a39756bb85166a1e2bfc26aa\/media_files\/8488\/original\/forte_forte_-_10700_my_shirt_12.jpg\" alt=\"forte_forte_-_10700_my_shirt_12.jpg\" \/><\/p>\n<p>Camisa pijamera de forte_forte\u00a0<a href=\"https:\/\/elenacomunicacion.mx-router-i.com\/c\/kxmjno\/yyzhvdmy\/glph7t_veog\" target=\"_blank\" rel=\"noopener noreferrer\" data-auth=\"NotApplicable\" data-linkindex=\"3\" target=\"_blank\">645\u20ac<\/a><\/p>\n<p><img decoding=\"async\" src=\"https:\/\/elenacomunicacion.mx-router-i.com\/data\/545f46de35a1f429a39756bb85166a1e2bfc26aa\/media_files\/8489\/original\/forte_forte_-_10701_my_pants_12.jpg\" alt=\"forte_forte_-_10701_my_pants_12.jpg\" \/><\/p>\n<p>Pantalones pijamero de forte_forte\u00a0<a href=\"https:\/\/elenacomunicacion.mx-router-i.com\/c\/kxmjno\/yyzhvdmy\/ffytbrwaek4\" target=\"_blank\" rel=\"noopener noreferrer\" data-auth=\"NotApplicable\" data-linkindex=\"5\" target=\"_blank\">485\u20ac<\/a><\/p>\n<p>Remata con unas sandalias de SS24 de la marca\u00a0<strong>Guess\u00a0<\/strong>en color verde ne\u00f3n, sum\u00e1ndose a la tendencia de los tonos llamativos.<\/p>\n","protected":false},"author":11653,"featured_media":173378,"template":"","format":"standard","categories":[13],"acf":[],"yoast_head":"<!-- This site is optimized with the Yoast SEO Premium plugin v18.5 (Yoast SEO v20.4) - https:\/\/yoast.com\/wordpress\/plugins\/seo\/ -->\n<title>Manuela Velasco tiene el conjunto perfecto para las fiestas<\/title>\n<meta name=\"description\" content=\"Ahora que la Navidad est\u00e1 cada vez m\u00e1s cerca, si est\u00e1s buscando un look para tus eventos navide\u00f1os este es perfecto para destacar.\" \/>\n<meta name=\"robots\" content=\"index, follow, max-snippet:-1, max-image-preview:large, max-video-preview:-1\" \/>\n<link rel=\"canonical\" href=\"https:\/\/graziamagazine.com\/es\/articles\/manuela-velasco-tiene-el-conjunto-dos-piezas-perfecto-para-las-fiestas\/\" \/>\n<meta property=\"og:locale\" content=\"es_ES\" \/>\n<meta property=\"og:type\" content=\"article\" \/>\n<meta property=\"og:title\" content=\"Manuela Velasco tiene el conjunto dos piezas perfecto para las fiestas\" \/>\n<meta property=\"og:description\" content=\"Ahora que la Navidad est\u00e1 cada vez m\u00e1s cerca, si est\u00e1s buscando un look para tus eventos navide\u00f1os este es perfecto para destacar.\" \/>\n<meta property=\"og:url\" content=\"https:\/\/graziamagazine.com\/es\/articles\/manuela-velasco-tiene-el-conjunto-dos-piezas-perfecto-para-las-fiestas\/\" \/>\n<meta property=\"og:site_name\" content=\"Grazia\" \/>\n<meta property=\"article:modified_time\" content=\"2023-11-28T05:03:02+00:00\" \/>\n<meta property=\"og:image\" content=\"https:\/\/graziamagazine.com\/es\/wp-content\/uploads\/sites\/12\/2023\/11\/guess-e1701147565658.jpg?fit=1424%2C1349\" \/>\n\t<meta property=\"og:image:width\" content=\"1424\" \/>\n\t<meta property=\"og:image:height\" content=\"1349\" \/>\n\t<meta property=\"og:image:type\" content=\"image\/jpeg\" \/>\n<meta name=\"twitter:card\" content=\"summary_large_image\" \/>\n<meta name=\"twitter:label1\" content=\"Est. reading time\" \/>\n\t<meta name=\"twitter:data1\" content=\"2 minutos\" \/>\n<script type=\"application\/ld+json\" class=\"yoast-schema-graph\">{\"@context\":\"https:\/\/schema.org\",\"@graph\":[{\"@type\":\"WebPage\",\"@id\":\"https:\/\/graziamagazine.com\/es\/articles\/manuela-velasco-tiene-el-conjunto-dos-piezas-perfecto-para-las-fiestas\/\",\"url\":\"https:\/\/graziamagazine.com\/es\/articles\/manuela-velasco-tiene-el-conjunto-dos-piezas-perfecto-para-las-fiestas\/\",\"name\":\"Manuela Velasco tiene el conjunto perfecto para las fiestas\",\"isPartOf\":{\"@id\":\"https:\/\/graziamagazine.com\/es\/#website\"},\"datePublished\":\"2023-11-28T08:00:54+00:00\",\"dateModified\":\"2023-11-28T05:03:02+00:00\",\"description\":\"Ahora que la Navidad est\u00e1 cada vez m\u00e1s cerca, si est\u00e1s buscando un look para tus eventos navide\u00f1os este es perfecto para destacar.\",\"breadcrumb\":{\"@id\":\"https:\/\/graziamagazine.com\/es\/articles\/manuela-velasco-tiene-el-conjunto-dos-piezas-perfecto-para-las-fiestas\/#breadcrumb\"},\"inLanguage\":\"es\",\"potentialAction\":[{\"@type\":\"ReadAction\",\"target\":[\"https:\/\/graziamagazine.com\/es\/articles\/manuela-velasco-tiene-el-conjunto-dos-piezas-perfecto-para-las-fiestas\/\"]}]},{\"@type\":\"BreadcrumbList\",\"@id\":\"https:\/\/graziamagazine.com\/es\/articles\/manuela-velasco-tiene-el-conjunto-dos-piezas-perfecto-para-las-fiestas\/#breadcrumb\",\"itemListElement\":[{\"@type\":\"ListItem\",\"position\":1,\"name\":\"Portada\",\"item\":\"https:\/\/graziamagazine.com\/es\/\"},{\"@type\":\"ListItem\",\"position\":2,\"name\":\"Manuela Velasco tiene el conjunto dos piezas perfecto para las fiestas\"}]},{\"@type\":\"WebSite\",\"@id\":\"https:\/\/graziamagazine.com\/es\/#website\",\"url\":\"https:\/\/graziamagazine.com\/es\/\",\"name\":\"Grazia\",\"description\":\"Moda, belleza, celebrities, estilo de vida...\",\"potentialAction\":[{\"@type\":\"SearchAction\",\"target\":{\"@type\":\"EntryPoint\",\"urlTemplate\":\"https:\/\/graziamagazine.com\/es\/?s={search_term_string}\"},\"query-input\":\"required name=search_term_string\"}],\"inLanguage\":\"es\"}]}<\/script>\n<!-- \/ Yoast SEO Premium plugin. -->","yoast_head_json":{"title":"Manuela Velasco tiene el conjunto perfecto para las fiestas","description":"Ahora que la Navidad est\u00e1 cada vez m\u00e1s cerca, si est\u00e1s buscando un look para tus eventos navide\u00f1os este es perfecto para destacar.","robots":{"index":"index","follow":"follow","max-snippet":"max-snippet:-1","max-image-preview":"max-image-preview:large","max-video-preview":"max-video-preview:-1"},"canonical":"https:\/\/graziamagazine.com\/es\/articles\/manuela-velasco-tiene-el-conjunto-dos-piezas-perfecto-para-las-fiestas\/","og_locale":"es_ES","og_type":"article","og_title":"Manuela Velasco tiene el conjunto dos piezas perfecto para las fiestas","og_description":"Ahora que la Navidad est\u00e1 cada vez m\u00e1s cerca, si est\u00e1s buscando un look para tus eventos navide\u00f1os este es perfecto para destacar.","og_url":"https:\/\/graziamagazine.com\/es\/articles\/manuela-velasco-tiene-el-conjunto-dos-piezas-perfecto-para-las-fiestas\/","og_site_name":"Grazia","article_modified_time":"2023-11-28T05:03:02+00:00","og_image":[{"width":1424,"height":1349,"url":"https:\/\/graziamagazine.com\/es\/wp-content\/uploads\/sites\/12\/2023\/11\/guess-e1701147565658.jpg?fit=1424%2C1349","type":"image\/jpeg"}],"twitter_card":"summary_large_image","twitter_misc":{"Est. reading time":"2 minutos"},"schema":{"@context":"https:\/\/schema.org","@graph":[{"@type":"WebPage","@id":"https:\/\/graziamagazine.com\/es\/articles\/manuela-velasco-tiene-el-conjunto-dos-piezas-perfecto-para-las-fiestas\/","url":"https:\/\/graziamagazine.com\/es\/articles\/manuela-velasco-tiene-el-conjunto-dos-piezas-perfecto-para-las-fiestas\/","name":"Manuela Velasco tiene el conjunto perfecto para las fiestas","isPartOf":{"@id":"https:\/\/graziamagazine.com\/es\/#website"},"datePublished":"2023-11-28T08:00:54+00:00","dateModified":"2023-11-28T05:03:02+00:00","description":"Ahora que la Navidad est\u00e1 cada vez m\u00e1s cerca, si est\u00e1s buscando un look para tus eventos navide\u00f1os este es perfecto para destacar.","breadcrumb":{"@id":"https:\/\/graziamagazine.com\/es\/articles\/manuela-velasco-tiene-el-conjunto-dos-piezas-perfecto-para-las-fiestas\/#breadcrumb"},"inLanguage":"es","potentialAction":[{"@type":"ReadAction","target":["https:\/\/graziamagazine.com\/es\/articles\/manuela-velasco-tiene-el-conjunto-dos-piezas-perfecto-para-las-fiestas\/"]}]},{"@type":"BreadcrumbList","@id":"https:\/\/graziamagazine.com\/es\/articles\/manuela-velasco-tiene-el-conjunto-dos-piezas-perfecto-para-las-fiestas\/#breadcrumb","itemListElement":[{"@type":"ListItem","position":1,"name":"Portada","item":"https:\/\/graziamagazine.com\/es\/"},{"@type":"ListItem","position":2,"name":"Manuela Velasco tiene el conjunto dos piezas perfecto para las fiestas"}]},{"@type":"WebSite","@id":"https:\/\/graziamagazine.com\/es\/#website","url":"https:\/\/graziamagazine.com\/es\/","name":"Grazia","description":"Moda, belleza, celebrities, estilo de vida...","potentialAction":[{"@type":"SearchAction","target":{"@type":"EntryPoint","urlTemplate":"https:\/\/graziamagazine.com\/es\/?s={search_term_string}"},"query-input":"required name=search_term_string"}],"inLanguage":"es"}]}},"jetpack_sharing_enabled":true,"distributor_meta":false,"distributor_terms":false,"distributor_media":false,"distributor_original_site_name":"Grazia","distributor_original_site_url":"https:\/\/graziamagazine.com\/es","push-errors":false,"_links":{"self":[{"href":"https:\/\/graziamagazine.com\/es\/wp-json\/wp\/v2\/articles\/173377"}],"collection":[{"href":"https:\/\/graziamagazine.com\/es\/wp-json\/wp\/v2\/articles"}],"about":[{"href":"https:\/\/graziamagazine.com\/es\/wp-json\/wp\/v2\/types\/articles"}],"author":[{"embeddable":true,"href":"https:\/\/graziamagazine.com\/es\/wp-json\/wp\/v2\/users\/11653"}],"wp:featuredmedia":[{"embeddable":true,"href":"https:\/\/graziamagazine.com\/es\/wp-json\/wp\/v2\/media\/173378"}],"wp:attachment":[{"href":"https:\/\/graziamagazine.com\/es\/wp-json\/wp\/v2\/media?parent=173377"}],"wp:term":[{"taxonomy":"category","embeddable":true,"href":"https:\/\/graziamagazine.com\/es\/wp-json\/wp\/v2\/categories?post=173377"}],"curies":[{"name":"wp","href":"https:\/\/api.w.org\/{rel}","templated":true}]}}