{"id":173358,"date":"2023-12-14T09:00:36","date_gmt":"2023-12-14T08:00:36","guid":{"rendered":"https:\/\/graziamagazine.com\/es\/?post_type=articles&#038;p=173358"},"modified":"2023-12-14T09:30:43","modified_gmt":"2023-12-14T08:30:43","slug":"estos-son-los-colores-de-cabello-que-llevaras-este-invierno","status":"publish","type":"articles","link":"https:\/\/graziamagazine.com\/es\/articles\/estos-son-los-colores-de-cabello-que-llevaras-este-invierno\/","title":{"rendered":"Estos son los colores de cabello que llevar\u00e1s este invierno"},"content":{"rendered":"<p>\u00a1Prep\u00e1rate para Brillar en el Invierno y m\u00e1s all\u00e1! Con estas<strong> tendencias de color de pelo<\/strong>, el <strong>invierno y el pr\u00f3ximo a\u00f1o<\/strong> se presentan llenos de oportunidades para expresar tu estilo \u00fanico.<\/p>\n<p>Ya sea que optes por tonos c\u00e1lidos, fr\u00edos o colores fantas\u00eda, el mundo de la moda te invita a explorar, experimentar y brillar.<\/p>\n<h3><strong>Tonos C\u00e1lidos que Resplandecen<\/strong><\/h3>\n<figure id=\"attachment_131592\" class=\"wp-caption alignnone\" style=\"width: 1016px\" aria-describedby=\"caption-attachment-131592\"><img loading=\"lazy\" decoding=\"async\" class=\"size-large wp-image-131592\" src=\"https:\/\/graziamagazine.com\/mx\/wp-content\/uploads\/sites\/13\/2023\/11\/Captura-de-Pantalla-2023-11-24-a-las-9.28.08.png?w=1016&amp;resize=1016%2C1024\" alt=\"Tendencias de color de pelo para el inverino 2023-2024\" width=\"1016\" height=\"1024\" data-recalc-dims=\"1\" \/><\/figure>\n<p>Inspirado en la riqueza de los tonos avellana, el casta\u00f1o c\u00e1lido ser\u00e1 una elecci\u00f3n popular para aquellos que buscan un cambio sutil pero impactante. Desde el cobre hasta los tonos m\u00e1s profundos, el rojo tambi\u00e9n ser\u00e1 parte de estas tendencias, pues en todas sus variaciones a\u00f1ade un toque audaz y vibrante, capturando la esencia del invierno.<\/p>\n<h3><strong>Reflejos Fr\u00edos y Elegantes<\/strong><\/h3>\n<figure id=\"attachment_131595\" class=\"wp-caption alignnone\" style=\"width: 600px\" aria-describedby=\"caption-attachment-131595\"><img loading=\"lazy\" decoding=\"async\" class=\"size-large wp-image-131595\" src=\"https:\/\/graziamagazine.com\/mx\/wp-content\/uploads\/sites\/13\/2023\/11\/073e37af0c4f29f42b38193f7dcfed84.jpg?w=600&amp;resize=600%2C904\" alt=\"Tendencias de color de pelo para el inverino 2023-2024\" width=\"600\" height=\"904\" data-recalc-dims=\"1\" \/><\/figure>\n<p>Opta por un rubio ceniza ya que este tono vers\u00e1til y elegante, con matices plateados, te ofrecer\u00e1 un aspecto fresco y moderno que se alinea perfectamente con la estaci\u00f3n invernal.<\/p>\n<p>Al contrario del rubio cenizo, el negro profundo y lujoso, a\u00f1ade una dosis de misterio y sofisticaci\u00f3n a las melenas durante esta temporada.<\/p>\n<h3><strong>Colores Fantas\u00eda para Atreverse<\/strong><\/h3>\n<figure id=\"attachment_131590\" class=\"wp-caption alignnone\" style=\"width: 1024px\" aria-describedby=\"caption-attachment-131590\"><img loading=\"lazy\" decoding=\"async\" class=\"size-large wp-image-131590\" src=\"https:\/\/graziamagazine.com\/mx\/wp-content\/uploads\/sites\/13\/2023\/11\/Captura-de-Pantalla-2023-11-24-a-las-9.24.45.png?w=1024&amp;resize=1024%2C574\" alt=\"Tendencias de color de pelo para el inverino 2023-2024\" width=\"1024\" height=\"574\" data-recalc-dims=\"1\" \/><\/figure>\n<p>Desde el rosa suave hasta el lavanda, los tonos pastel ofrecen una paleta de colores de cuento de hadas para aquellos que buscan expresar su creatividad. O bien,\u00a0el azul profundo hasta el turquesa brillante, los azules en todas sus tonalidades estar\u00e1n en boga, a\u00f1adiendo un toque atrevido y moderno.<\/p>\n<h3><strong>Tonos Chocolate Profundo<\/strong><\/h3>\n<figure id=\"attachment_131594\" class=\"wp-caption alignnone\" style=\"width: 564px\" aria-describedby=\"caption-attachment-131594\"><img loading=\"lazy\" decoding=\"async\" class=\"size-large wp-image-131594\" src=\"https:\/\/graziamagazine.com\/mx\/wp-content\/uploads\/sites\/13\/2023\/11\/8702d032410b957bcf35e12dc5369417.jpg?w=564&amp;resize=564%2C844\" alt=\"Tendencias de color de pelo para el inverino 2023-2024\" width=\"564\" height=\"844\" data-recalc-dims=\"1\" \/><\/figure>\n<p>Los tonos chocolate profundo son una excelente opci\u00f3n para las morenas. Estos tonos aportan profundidad y dimensi\u00f3n al cabello, creando un efecto de brillo y movimiento. Adem\u00e1s, combinan muy bien con las pieles morenas y bronceadas, resaltando los rasgos faciales.<\/p>\n<h3><strong>Mezcla de Tonos en Transici\u00f3n<\/strong><\/h3>\n<figure id=\"attachment_131596\" class=\"wp-caption alignnone\" style=\"width: 570px\" aria-describedby=\"caption-attachment-131596\"><img loading=\"lazy\" decoding=\"async\" class=\"size-large wp-image-131596\" src=\"https:\/\/graziamagazine.com\/mx\/wp-content\/uploads\/sites\/13\/2023\/11\/bd014c31ae641ebbd603838249c6357f.jpg?w=570&amp;resize=570%2C870\" alt=\"Tendencias de color de pelo para el inverino 2023-2024\" width=\"570\" height=\"870\" data-recalc-dims=\"1\" \/><\/figure>\n<p>Las transiciones de tonos, como el balayage y el sombr\u00e9, seguir\u00e1n siendo relevantes en 2023 y m\u00e1s all\u00e1. Estas t\u00e9cnicas permiten crear un aspecto natural y de bajo mantenimiento que es perfecto para cualquier ocasi\u00f3n.<\/p>\n<p>La diversidad de tendencias de color de pelo para el invierno y las proyecciones para el 2024 ofrecen a todos la oportunidad de expresar su estilo \u00fanico.<\/p>\n<p>Ya sea optando por tonos c\u00e1lidos y naturales o aventur\u00e1ndose en colores atrevidos, el mundo del color de pelo est\u00e1 lleno de posibilidades emocionantes y evocadoras.<\/p>\n<p><em>*Im\u00e1genes: Getty Images<\/em><\/p>\n<p>&nbsp;<\/p>\n<p>&nbsp;<\/p>\n","protected":false},"author":16349,"featured_media":173365,"template":"","format":"standard","categories":[7],"acf":[],"yoast_head":"<!-- This site is optimized with the Yoast SEO Premium plugin v18.5 (Yoast SEO v20.4) - https:\/\/yoast.com\/wordpress\/plugins\/seo\/ -->\n<title>Tendencias de color de pelo para el inverino 2023-2024<\/title>\n<meta name=\"description\" content=\"Te contamos todo sobre las tendencias de color de cabello para el invierno 2023-2024 que se centran en la naturalidad y la personalizaci\u00f3n\" \/>\n<meta name=\"robots\" content=\"index, follow, max-snippet:-1, max-image-preview:large, max-video-preview:-1\" \/>\n<link rel=\"canonical\" href=\"https:\/\/graziamagazine.com\/es\/articles\/estos-son-los-colores-de-cabello-que-llevaras-este-invierno\/\" \/>\n<meta property=\"og:locale\" content=\"es_ES\" \/>\n<meta property=\"og:type\" content=\"article\" \/>\n<meta property=\"og:title\" content=\"Estos son los colores de cabello que llevar\u00e1s este invierno\" \/>\n<meta property=\"og:description\" content=\"Te contamos todo sobre las tendencias de color de cabello para el invierno 2023-2024 que se centran en la naturalidad y la personalizaci\u00f3n\" \/>\n<meta property=\"og:url\" content=\"https:\/\/graziamagazine.com\/es\/articles\/estos-son-los-colores-de-cabello-que-llevaras-este-invierno\/\" \/>\n<meta property=\"og:site_name\" content=\"Grazia\" \/>\n<meta property=\"article:modified_time\" content=\"2023-12-14T08:30:43+00:00\" \/>\n<meta property=\"og:image\" content=\"https:\/\/graziamagazine.com\/es\/wp-content\/uploads\/sites\/12\/2023\/11\/gettyimages-1382080817.jpg-copia.jpg\" \/>\n\t<meta property=\"og:image:width\" content=\"1600\" \/>\n\t<meta property=\"og:image:height\" content=\"1067\" \/>\n\t<meta property=\"og:image:type\" content=\"image\/jpeg\" \/>\n<meta name=\"twitter:card\" content=\"summary_large_image\" \/>\n<meta name=\"twitter:label1\" content=\"Est. reading time\" \/>\n\t<meta name=\"twitter:data1\" content=\"3 minutos\" \/>\n<script type=\"application\/ld+json\" class=\"yoast-schema-graph\">{\"@context\":\"https:\/\/schema.org\",\"@graph\":[{\"@type\":\"WebPage\",\"@id\":\"https:\/\/graziamagazine.com\/es\/articles\/estos-son-los-colores-de-cabello-que-llevaras-este-invierno\/\",\"url\":\"https:\/\/graziamagazine.com\/es\/articles\/estos-son-los-colores-de-cabello-que-llevaras-este-invierno\/\",\"name\":\"Tendencias de color de pelo para el inverino 2023-2024\",\"isPartOf\":{\"@id\":\"https:\/\/graziamagazine.com\/es\/#website\"},\"datePublished\":\"2023-12-14T08:00:36+00:00\",\"dateModified\":\"2023-12-14T08:30:43+00:00\",\"description\":\"Te contamos todo sobre las tendencias de color de cabello para el invierno 2023-2024 que se centran en la naturalidad y la personalizaci\u00f3n\",\"breadcrumb\":{\"@id\":\"https:\/\/graziamagazine.com\/es\/articles\/estos-son-los-colores-de-cabello-que-llevaras-este-invierno\/#breadcrumb\"},\"inLanguage\":\"es\",\"potentialAction\":[{\"@type\":\"ReadAction\",\"target\":[\"https:\/\/graziamagazine.com\/es\/articles\/estos-son-los-colores-de-cabello-que-llevaras-este-invierno\/\"]}]},{\"@type\":\"BreadcrumbList\",\"@id\":\"https:\/\/graziamagazine.com\/es\/articles\/estos-son-los-colores-de-cabello-que-llevaras-este-invierno\/#breadcrumb\",\"itemListElement\":[{\"@type\":\"ListItem\",\"position\":1,\"name\":\"Portada\",\"item\":\"https:\/\/graziamagazine.com\/es\/\"},{\"@type\":\"ListItem\",\"position\":2,\"name\":\"Estos son los colores de cabello que llevar\u00e1s este invierno\"}]},{\"@type\":\"WebSite\",\"@id\":\"https:\/\/graziamagazine.com\/es\/#website\",\"url\":\"https:\/\/graziamagazine.com\/es\/\",\"name\":\"Grazia\",\"description\":\"Moda, belleza, celebrities, estilo de vida...\",\"potentialAction\":[{\"@type\":\"SearchAction\",\"target\":{\"@type\":\"EntryPoint\",\"urlTemplate\":\"https:\/\/graziamagazine.com\/es\/?s={search_term_string}\"},\"query-input\":\"required name=search_term_string\"}],\"inLanguage\":\"es\"}]}<\/script>\n<!-- \/ Yoast SEO Premium plugin. -->","yoast_head_json":{"title":"Tendencias de color de pelo para el inverino 2023-2024","description":"Te contamos todo sobre las tendencias de color de cabello para el invierno 2023-2024 que se centran en la naturalidad y la personalizaci\u00f3n","robots":{"index":"index","follow":"follow","max-snippet":"max-snippet:-1","max-image-preview":"max-image-preview:large","max-video-preview":"max-video-preview:-1"},"canonical":"https:\/\/graziamagazine.com\/es\/articles\/estos-son-los-colores-de-cabello-que-llevaras-este-invierno\/","og_locale":"es_ES","og_type":"article","og_title":"Estos son los colores de cabello que llevar\u00e1s este invierno","og_description":"Te contamos todo sobre las tendencias de color de cabello para el invierno 2023-2024 que se centran en la naturalidad y la personalizaci\u00f3n","og_url":"https:\/\/graziamagazine.com\/es\/articles\/estos-son-los-colores-de-cabello-que-llevaras-este-invierno\/","og_site_name":"Grazia","article_modified_time":"2023-12-14T08:30:43+00:00","og_image":[{"width":1600,"height":1067,"url":"https:\/\/graziamagazine.com\/es\/wp-content\/uploads\/sites\/12\/2023\/11\/gettyimages-1382080817.jpg-copia.jpg","type":"image\/jpeg"}],"twitter_card":"summary_large_image","twitter_misc":{"Est. reading time":"3 minutos"},"schema":{"@context":"https:\/\/schema.org","@graph":[{"@type":"WebPage","@id":"https:\/\/graziamagazine.com\/es\/articles\/estos-son-los-colores-de-cabello-que-llevaras-este-invierno\/","url":"https:\/\/graziamagazine.com\/es\/articles\/estos-son-los-colores-de-cabello-que-llevaras-este-invierno\/","name":"Tendencias de color de pelo para el inverino 2023-2024","isPartOf":{"@id":"https:\/\/graziamagazine.com\/es\/#website"},"datePublished":"2023-12-14T08:00:36+00:00","dateModified":"2023-12-14T08:30:43+00:00","description":"Te contamos todo sobre las tendencias de color de cabello para el invierno 2023-2024 que se centran en la naturalidad y la personalizaci\u00f3n","breadcrumb":{"@id":"https:\/\/graziamagazine.com\/es\/articles\/estos-son-los-colores-de-cabello-que-llevaras-este-invierno\/#breadcrumb"},"inLanguage":"es","potentialAction":[{"@type":"ReadAction","target":["https:\/\/graziamagazine.com\/es\/articles\/estos-son-los-colores-de-cabello-que-llevaras-este-invierno\/"]}]},{"@type":"BreadcrumbList","@id":"https:\/\/graziamagazine.com\/es\/articles\/estos-son-los-colores-de-cabello-que-llevaras-este-invierno\/#breadcrumb","itemListElement":[{"@type":"ListItem","position":1,"name":"Portada","item":"https:\/\/graziamagazine.com\/es\/"},{"@type":"ListItem","position":2,"name":"Estos son los colores de cabello que llevar\u00e1s este invierno"}]},{"@type":"WebSite","@id":"https:\/\/graziamagazine.com\/es\/#website","url":"https:\/\/graziamagazine.com\/es\/","name":"Grazia","description":"Moda, belleza, celebrities, estilo de vida...","potentialAction":[{"@type":"SearchAction","target":{"@type":"EntryPoint","urlTemplate":"https:\/\/graziamagazine.com\/es\/?s={search_term_string}"},"query-input":"required name=search_term_string"}],"inLanguage":"es"}]}},"jetpack_sharing_enabled":true,"distributor_meta":false,"distributor_terms":false,"distributor_media":false,"distributor_original_site_name":"Grazia","distributor_original_site_url":"https:\/\/graziamagazine.com\/es","push-errors":false,"_links":{"self":[{"href":"https:\/\/graziamagazine.com\/es\/wp-json\/wp\/v2\/articles\/173358"}],"collection":[{"href":"https:\/\/graziamagazine.com\/es\/wp-json\/wp\/v2\/articles"}],"about":[{"href":"https:\/\/graziamagazine.com\/es\/wp-json\/wp\/v2\/types\/articles"}],"author":[{"embeddable":true,"href":"https:\/\/graziamagazine.com\/es\/wp-json\/wp\/v2\/users\/16349"}],"wp:featuredmedia":[{"embeddable":true,"href":"https:\/\/graziamagazine.com\/es\/wp-json\/wp\/v2\/media\/173365"}],"wp:attachment":[{"href":"https:\/\/graziamagazine.com\/es\/wp-json\/wp\/v2\/media?parent=173358"}],"wp:term":[{"taxonomy":"category","embeddable":true,"href":"https:\/\/graziamagazine.com\/es\/wp-json\/wp\/v2\/categories?post=173358"}],"curies":[{"name":"wp","href":"https:\/\/api.w.org\/{rel}","templated":true}]}}