{"id":173334,"date":"2025-01-28T09:00:57","date_gmt":"2025-01-28T08:00:57","guid":{"rendered":"https:\/\/graziamagazine.com\/es\/?post_type=articles&#038;p=173334"},"modified":"2025-01-30T13:51:51","modified_gmt":"2025-01-30T12:51:51","slug":"balaclava-el-accesorio-que-llevaras-este-invierno","status":"publish","type":"articles","link":"https:\/\/graziamagazine.com\/es\/articles\/balaclava-el-accesorio-que-llevaras-este-invierno\/","title":{"rendered":"Balaclava, el accesorio que llevar\u00e1s este invierno"},"content":{"rendered":"<p dir=\"ltr\">Recuperar corrientes de estilo del pasado es algo muy com\u00fan analizando las tendencias actuales, sobre todo cuando estas han marcado un antes y un despu\u00e9s. Si hay una tendencia que ha estado presente en alfombras rojas, street style y, sobre todo, en redes sociales, esa ha sido la capucha o <span class=\"mark7627wtuw6\" data-markjs=\"true\" data-ogac=\"\" data-ogab=\"\" data-ogsc=\"\" data-ogsb=\"\">balaclava<\/span>.<\/p>\n<p dir=\"ltr\">Esta tendencia ha llegado para quedarse, no solo vamos a verla durante la temporada oto\u00f1o-invierno, sino que tambi\u00e9n estar\u00e1 muy presente durante la primavera de 2025, y en las redes ya es pr\u00e1cticamente viral. <strong>Numerosos rostros conocidos ya incluyen en sus outfits este art\u00edculo que combina con blusas, c\u00e1rdigans, camisas, abrigos\u2026<\/strong> En conclusi\u00f3n el complemento ideal para cualquier look.<\/p>\n<h3 dir=\"ltr\">\u00bfDe d\u00f3nde proviene esta tendencia?<\/h3>\n<p dir=\"ltr\"><strong>Esta prenda toma precisamente su nombre de la Batalla de <span class=\"mark6uog7s28y\" data-markjs=\"true\" data-ogac=\"\" data-ogab=\"\" data-ogsc=\"\" data-ogsb=\"\">Balaclava<\/span>, en 1854<\/strong>. Durante este suceso hist\u00f3rico, las tropas brit\u00e1nicas comenzaron a llevar pasamonta\u00f1as hechos a mano para protegerse del fr\u00edo. A pesar de haber surgido en ese a\u00f1o, no se conocieron como <span class=\"mark6uog7s28y\" data-markjs=\"true\" data-ogac=\"\" data-ogab=\"\" data-ogsc=\"\" data-ogsb=\"\">balaclava<\/span>s o pasamonta\u00f1as hasta 1881. A d\u00eda de hoy, el pasamonta\u00f1as no es un accesorio recurrente o, al menos, no lo era hasta que las expertas en moda, especialmente de la generaci\u00f3n Z. han decidido recuperarlo.<\/p>\n<p dir=\"ltr\"><img decoding=\"async\" src=\"https:\/\/hips.hearstapps.com\/hmg-prod\/images\/guest-wears-a-white-ribbed-wool-hood-a-brown-full-look-an-news-photo-1737644168.pjpeg?resize=980:*\" alt=\"Capuchas o balaclavas de punto: as\u00ed es y as\u00ed se lleva la ...\" \/><\/p>\n<p dir=\"ltr\">Debido a su originalidad, este accesorio se convierte en el centro del look incluso sin pretenderlo, por lo que al lucirlo es mejor dejar de lado otros complementos estridentes y cederle todo el protagonismo.<\/p>\n<h3 dir=\"ltr\">5 ideas para ponerla en pr\u00e1ctica<\/h3>\n<p>Si cuando eras peque\u00f1a no te gustaba que tu madre te pusiera este pasamonta\u00f1as de lana, estamos seguras que hoy, como buena fashionista, s\u00ed vas a sucumbir a la tendencia. Para ellos te dejamos varias opciones low cost para que te sumes sin miedo.<\/p>\n<p><strong>Balaclava de punto grueso y bot\u00f3n en el cuello, de Pull and Bear (<a href=\"https:\/\/www.pullandbear.com\/es\/balaclava-punto-l07833402?cS=807\" target=\"_blank\">12,99 euros<\/a>)<\/strong><\/p>\n<div class=\"product-detail-description product-detail-info__description\">\n<div class=\"expandable-text\">\n<div class=\"expandable-text__content\">\n<div class=\"expandable-text__inner-content\">\n<p><img loading=\"lazy\" decoding=\"async\" class=\"aligncenter size-full wp-image-182052\" src=\"https:\/\/graziamagazine.com\/es\/wp-content\/uploads\/sites\/12\/2023\/12\/07833402807-A3M-copia.jpg\" alt=\"\" width=\"1024\" height=\"1536\" srcset=\"https:\/\/graziamagazine.com\/es\/wp-content\/uploads\/sites\/12\/2023\/12\/07833402807-A3M-copia.jpg 1024w, https:\/\/graziamagazine.com\/es\/wp-content\/uploads\/sites\/12\/2023\/12\/07833402807-A3M-copia-200x300.jpg 200w, https:\/\/graziamagazine.com\/es\/wp-content\/uploads\/sites\/12\/2023\/12\/07833402807-A3M-copia-683x1024.jpg 683w, https:\/\/graziamagazine.com\/es\/wp-content\/uploads\/sites\/12\/2023\/12\/07833402807-A3M-copia-768x1152.jpg 768w, https:\/\/graziamagazine.com\/es\/wp-content\/uploads\/sites\/12\/2023\/12\/07833402807-A3M-copia-400x600.jpg 400w, https:\/\/graziamagazine.com\/es\/wp-content\/uploads\/sites\/12\/2023\/12\/07833402807-A3M-copia-143x215.jpg 143w\" sizes=\"(max-width: 1024px) 100vw, 1024px\" \/><\/p>\n<p><strong>Balaclava de canal\u00e9 confeccionada en mezcla de lana y cierre con cremallera, de Scalpers (<a href=\"https:\/\/www.elcorteingles.es\/moda-mujer\/MP_0633982_50842FUCSIA-gorro-de-mujer-balaclava\/?gad_source=1&amp;gclid=CjwKCAiAneK8BhAVEiwAoy2HYfTCrpTOHCDrHdDznQwwm_iCTrZh9i2xWyJG271eM1C32ug4A4GSTxoCvWgQAvD_BwE&amp;gclsrc=aw.ds\" target=\"_blank\">24,90 euros en El Corte Ingl\u00e9s<\/a>)<\/strong><\/p>\n<p><img loading=\"lazy\" decoding=\"async\" class=\"aligncenter size-full wp-image-182051\" src=\"https:\/\/graziamagazine.com\/es\/wp-content\/uploads\/sites\/12\/2023\/12\/www-8445279943276-00-copia-e1738056014429.jpg\" alt=\"\" width=\"912\" height=\"660\" srcset=\"https:\/\/graziamagazine.com\/es\/wp-content\/uploads\/sites\/12\/2023\/12\/www-8445279943276-00-copia-e1738056014429.jpg 912w, https:\/\/graziamagazine.com\/es\/wp-content\/uploads\/sites\/12\/2023\/12\/www-8445279943276-00-copia-e1738056014429-300x217.jpg 300w, https:\/\/graziamagazine.com\/es\/wp-content\/uploads\/sites\/12\/2023\/12\/www-8445279943276-00-copia-e1738056014429-768x556.jpg 768w, https:\/\/graziamagazine.com\/es\/wp-content\/uploads\/sites\/12\/2023\/12\/www-8445279943276-00-copia-e1738056014429-400x289.jpg 400w, https:\/\/graziamagazine.com\/es\/wp-content\/uploads\/sites\/12\/2023\/12\/www-8445279943276-00-copia-e1738056014429-155x112.jpg 155w\" sizes=\"(max-width: 912px) 100vw, 912px\" \/><\/p>\n<p><b>Pasamonta\u00f1asa en tejido antidesgarros de alta resistencia de punto, de The North Face <a href=\"https:\/\/www.thenorthface.es\/es-es\/p\/hombre-211701\/pasamontanas-para-hombre-NF0A8A80?color=1IW\" target=\"_blank\">(48 euros<\/a>)<\/b><\/p>\n<p><img loading=\"lazy\" decoding=\"async\" class=\"aligncenter size-full wp-image-182055\" src=\"https:\/\/graziamagazine.com\/es\/wp-content\/uploads\/sites\/12\/2023\/12\/Mens-Balaclava-copia.jpg\" alt=\"\" width=\"924\" height=\"924\" srcset=\"https:\/\/graziamagazine.com\/es\/wp-content\/uploads\/sites\/12\/2023\/12\/Mens-Balaclava-copia.jpg 924w, https:\/\/graziamagazine.com\/es\/wp-content\/uploads\/sites\/12\/2023\/12\/Mens-Balaclava-copia-300x300.jpg 300w, https:\/\/graziamagazine.com\/es\/wp-content\/uploads\/sites\/12\/2023\/12\/Mens-Balaclava-copia-150x150.jpg 150w, https:\/\/graziamagazine.com\/es\/wp-content\/uploads\/sites\/12\/2023\/12\/Mens-Balaclava-copia-768x768.jpg 768w, https:\/\/graziamagazine.com\/es\/wp-content\/uploads\/sites\/12\/2023\/12\/Mens-Balaclava-copia-400x400.jpg 400w, https:\/\/graziamagazine.com\/es\/wp-content\/uploads\/sites\/12\/2023\/12\/Mens-Balaclava-copia-155x155.jpg 155w\" sizes=\"(max-width: 924px) 100vw, 924px\" \/><\/p>\n<p><strong>Pasamonta\u00f1as en punto efecto pelo, de H&amp;M (<a href=\"https:\/\/www2.hm.com\/es_es\/productpage.1264635003.html\" target=\"_blank\">15,99 euros<\/a>)<\/strong><\/p>\n<p><img loading=\"lazy\" decoding=\"async\" class=\"aligncenter size-full wp-image-182050\" src=\"https:\/\/graziamagazine.com\/es\/wp-content\/uploads\/sites\/12\/2023\/12\/2d714935da4e0239bc593058eb762776bacd40d5-copia.jpg\" alt=\"\" width=\"1536\" height=\"2304\" srcset=\"https:\/\/graziamagazine.com\/es\/wp-content\/uploads\/sites\/12\/2023\/12\/2d714935da4e0239bc593058eb762776bacd40d5-copia.jpg 1536w, https:\/\/graziamagazine.com\/es\/wp-content\/uploads\/sites\/12\/2023\/12\/2d714935da4e0239bc593058eb762776bacd40d5-copia-200x300.jpg 200w, https:\/\/graziamagazine.com\/es\/wp-content\/uploads\/sites\/12\/2023\/12\/2d714935da4e0239bc593058eb762776bacd40d5-copia-683x1024.jpg 683w, https:\/\/graziamagazine.com\/es\/wp-content\/uploads\/sites\/12\/2023\/12\/2d714935da4e0239bc593058eb762776bacd40d5-copia-768x1152.jpg 768w, https:\/\/graziamagazine.com\/es\/wp-content\/uploads\/sites\/12\/2023\/12\/2d714935da4e0239bc593058eb762776bacd40d5-copia-1024x1536.jpg 1024w, https:\/\/graziamagazine.com\/es\/wp-content\/uploads\/sites\/12\/2023\/12\/2d714935da4e0239bc593058eb762776bacd40d5-copia-1365x2048.jpg 1365w, https:\/\/graziamagazine.com\/es\/wp-content\/uploads\/sites\/12\/2023\/12\/2d714935da4e0239bc593058eb762776bacd40d5-copia-400x600.jpg 400w, https:\/\/graziamagazine.com\/es\/wp-content\/uploads\/sites\/12\/2023\/12\/2d714935da4e0239bc593058eb762776bacd40d5-copia-143x215.jpg 143w\" sizes=\"(max-width: 1536px) 100vw, 1536px\" \/><\/p>\n<p id=\"title\" class=\"a-size-large a-spacing-none\"><strong><span id=\"productTitle\" class=\"a-size-large product-title-word-break\">Pasamonta\u00f1as de punto Beanie Skull Cap con cord\u00f3n, de Amazon Fashion (<a href=\"https:\/\/www.amazon.es\/dp\/B0CBRZ1MGH?th=1&amp;psc=1\" target=\"_blank\">21,99 euros en Amazon<\/a>)<\/span><\/strong><\/p>\n<\/div>\n<\/div>\n<\/div>\n<\/div>\n<p dir=\"ltr\"><img loading=\"lazy\" decoding=\"async\" class=\"aligncenter size-full wp-image-182054\" src=\"https:\/\/graziamagazine.com\/es\/wp-content\/uploads\/sites\/12\/2023\/12\/61vmXrZWl1L._AC_SX679_.jpg\" alt=\"\" width=\"679\" height=\"679\" srcset=\"https:\/\/graziamagazine.com\/es\/wp-content\/uploads\/sites\/12\/2023\/12\/61vmXrZWl1L._AC_SX679_.jpg 679w, https:\/\/graziamagazine.com\/es\/wp-content\/uploads\/sites\/12\/2023\/12\/61vmXrZWl1L._AC_SX679_-300x300.jpg 300w, https:\/\/graziamagazine.com\/es\/wp-content\/uploads\/sites\/12\/2023\/12\/61vmXrZWl1L._AC_SX679_-150x150.jpg 150w, https:\/\/graziamagazine.com\/es\/wp-content\/uploads\/sites\/12\/2023\/12\/61vmXrZWl1L._AC_SX679_-400x400.jpg 400w, https:\/\/graziamagazine.com\/es\/wp-content\/uploads\/sites\/12\/2023\/12\/61vmXrZWl1L._AC_SX679_-155x155.jpg 155w\" sizes=\"(max-width: 679px) 100vw, 679px\" \/><\/p>\n<p dir=\"ltr\"><em>*Im\u00e1genes: Instagram y cortes\u00eda<\/em><\/p>\n","protected":false},"author":11653,"featured_media":182053,"template":"","format":"standard","categories":[1],"acf":[],"yoast_head":"<!-- This site is optimized with the Yoast SEO Premium plugin v18.5 (Yoast SEO v20.4) - https:\/\/yoast.com\/wordpress\/plugins\/seo\/ -->\n<title>Balaclava, el accesorio que llevar\u00e1s este invierno contra el fr\u00edo<\/title>\n<meta name=\"description\" content=\"Hay una tendencia presente en alfombras rojas, street style y, sobre todo, en redes sociales: la capucha o balaclava.\" \/>\n<meta name=\"robots\" content=\"index, follow, max-snippet:-1, max-image-preview:large, max-video-preview:-1\" \/>\n<link rel=\"canonical\" href=\"https:\/\/graziamagazine.com\/es\/articles\/balaclava-el-accesorio-que-llevaras-este-invierno\/\" \/>\n<meta property=\"og:locale\" content=\"es_ES\" \/>\n<meta property=\"og:type\" content=\"article\" \/>\n<meta property=\"og:title\" content=\"Balaclava, el accesorio que llevar\u00e1s este invierno\" \/>\n<meta property=\"og:description\" content=\"Hay una tendencia presente en alfombras rojas, street style y, sobre todo, en redes sociales: la capucha o balaclava.\" \/>\n<meta property=\"og:url\" content=\"https:\/\/graziamagazine.com\/es\/articles\/balaclava-el-accesorio-que-llevaras-este-invierno\/\" \/>\n<meta property=\"og:site_name\" content=\"Grazia\" \/>\n<meta property=\"article:modified_time\" content=\"2025-01-30T12:51:51+00:00\" \/>\n<meta property=\"og:image\" content=\"https:\/\/graziamagazine.com\/es\/wp-content\/uploads\/sites\/12\/2023\/12\/317114733_1199380920649260_3577539780666106880_n201-copia.jpeg\" \/>\n\t<meta property=\"og:image:width\" content=\"1295\" \/>\n\t<meta property=\"og:image:height\" content=\"728\" \/>\n\t<meta property=\"og:image:type\" content=\"image\/jpeg\" \/>\n<meta name=\"twitter:card\" content=\"summary_large_image\" \/>\n<meta name=\"twitter:label1\" content=\"Est. reading time\" \/>\n\t<meta name=\"twitter:data1\" content=\"3 minutos\" \/>\n<script type=\"application\/ld+json\" class=\"yoast-schema-graph\">{\"@context\":\"https:\/\/schema.org\",\"@graph\":[{\"@type\":\"WebPage\",\"@id\":\"https:\/\/graziamagazine.com\/es\/articles\/balaclava-el-accesorio-que-llevaras-este-invierno\/\",\"url\":\"https:\/\/graziamagazine.com\/es\/articles\/balaclava-el-accesorio-que-llevaras-este-invierno\/\",\"name\":\"Balaclava, el accesorio que llevar\u00e1s este invierno contra el fr\u00edo\",\"isPartOf\":{\"@id\":\"https:\/\/graziamagazine.com\/es\/#website\"},\"datePublished\":\"2025-01-28T08:00:57+00:00\",\"dateModified\":\"2025-01-30T12:51:51+00:00\",\"description\":\"Hay una tendencia presente en alfombras rojas, street style y, sobre todo, en redes sociales: la capucha o balaclava.\",\"breadcrumb\":{\"@id\":\"https:\/\/graziamagazine.com\/es\/articles\/balaclava-el-accesorio-que-llevaras-este-invierno\/#breadcrumb\"},\"inLanguage\":\"es\",\"potentialAction\":[{\"@type\":\"ReadAction\",\"target\":[\"https:\/\/graziamagazine.com\/es\/articles\/balaclava-el-accesorio-que-llevaras-este-invierno\/\"]}]},{\"@type\":\"BreadcrumbList\",\"@id\":\"https:\/\/graziamagazine.com\/es\/articles\/balaclava-el-accesorio-que-llevaras-este-invierno\/#breadcrumb\",\"itemListElement\":[{\"@type\":\"ListItem\",\"position\":1,\"name\":\"Portada\",\"item\":\"https:\/\/graziamagazine.com\/es\/\"},{\"@type\":\"ListItem\",\"position\":2,\"name\":\"Balaclava, el accesorio que llevar\u00e1s este invierno\"}]},{\"@type\":\"WebSite\",\"@id\":\"https:\/\/graziamagazine.com\/es\/#website\",\"url\":\"https:\/\/graziamagazine.com\/es\/\",\"name\":\"Grazia\",\"description\":\"Moda, belleza, celebrities, estilo de vida...\",\"potentialAction\":[{\"@type\":\"SearchAction\",\"target\":{\"@type\":\"EntryPoint\",\"urlTemplate\":\"https:\/\/graziamagazine.com\/es\/?s={search_term_string}\"},\"query-input\":\"required name=search_term_string\"}],\"inLanguage\":\"es\"}]}<\/script>\n<!-- \/ Yoast SEO Premium plugin. -->","yoast_head_json":{"title":"Balaclava, el accesorio que llevar\u00e1s este invierno contra el fr\u00edo","description":"Hay una tendencia presente en alfombras rojas, street style y, sobre todo, en redes sociales: la capucha o balaclava.","robots":{"index":"index","follow":"follow","max-snippet":"max-snippet:-1","max-image-preview":"max-image-preview:large","max-video-preview":"max-video-preview:-1"},"canonical":"https:\/\/graziamagazine.com\/es\/articles\/balaclava-el-accesorio-que-llevaras-este-invierno\/","og_locale":"es_ES","og_type":"article","og_title":"Balaclava, el accesorio que llevar\u00e1s este invierno","og_description":"Hay una tendencia presente en alfombras rojas, street style y, sobre todo, en redes sociales: la capucha o balaclava.","og_url":"https:\/\/graziamagazine.com\/es\/articles\/balaclava-el-accesorio-que-llevaras-este-invierno\/","og_site_name":"Grazia","article_modified_time":"2025-01-30T12:51:51+00:00","og_image":[{"width":1295,"height":728,"url":"https:\/\/graziamagazine.com\/es\/wp-content\/uploads\/sites\/12\/2023\/12\/317114733_1199380920649260_3577539780666106880_n201-copia.jpeg","type":"image\/jpeg"}],"twitter_card":"summary_large_image","twitter_misc":{"Est. reading time":"3 minutos"},"schema":{"@context":"https:\/\/schema.org","@graph":[{"@type":"WebPage","@id":"https:\/\/graziamagazine.com\/es\/articles\/balaclava-el-accesorio-que-llevaras-este-invierno\/","url":"https:\/\/graziamagazine.com\/es\/articles\/balaclava-el-accesorio-que-llevaras-este-invierno\/","name":"Balaclava, el accesorio que llevar\u00e1s este invierno contra el fr\u00edo","isPartOf":{"@id":"https:\/\/graziamagazine.com\/es\/#website"},"datePublished":"2025-01-28T08:00:57+00:00","dateModified":"2025-01-30T12:51:51+00:00","description":"Hay una tendencia presente en alfombras rojas, street style y, sobre todo, en redes sociales: la capucha o balaclava.","breadcrumb":{"@id":"https:\/\/graziamagazine.com\/es\/articles\/balaclava-el-accesorio-que-llevaras-este-invierno\/#breadcrumb"},"inLanguage":"es","potentialAction":[{"@type":"ReadAction","target":["https:\/\/graziamagazine.com\/es\/articles\/balaclava-el-accesorio-que-llevaras-este-invierno\/"]}]},{"@type":"BreadcrumbList","@id":"https:\/\/graziamagazine.com\/es\/articles\/balaclava-el-accesorio-que-llevaras-este-invierno\/#breadcrumb","itemListElement":[{"@type":"ListItem","position":1,"name":"Portada","item":"https:\/\/graziamagazine.com\/es\/"},{"@type":"ListItem","position":2,"name":"Balaclava, el accesorio que llevar\u00e1s este invierno"}]},{"@type":"WebSite","@id":"https:\/\/graziamagazine.com\/es\/#website","url":"https:\/\/graziamagazine.com\/es\/","name":"Grazia","description":"Moda, belleza, celebrities, estilo de vida...","potentialAction":[{"@type":"SearchAction","target":{"@type":"EntryPoint","urlTemplate":"https:\/\/graziamagazine.com\/es\/?s={search_term_string}"},"query-input":"required name=search_term_string"}],"inLanguage":"es"}]}},"jetpack_sharing_enabled":true,"distributor_meta":false,"distributor_terms":false,"distributor_media":false,"distributor_original_site_name":"Grazia","distributor_original_site_url":"https:\/\/graziamagazine.com\/es","push-errors":false,"_links":{"self":[{"href":"https:\/\/graziamagazine.com\/es\/wp-json\/wp\/v2\/articles\/173334"}],"collection":[{"href":"https:\/\/graziamagazine.com\/es\/wp-json\/wp\/v2\/articles"}],"about":[{"href":"https:\/\/graziamagazine.com\/es\/wp-json\/wp\/v2\/types\/articles"}],"author":[{"embeddable":true,"href":"https:\/\/graziamagazine.com\/es\/wp-json\/wp\/v2\/users\/11653"}],"wp:featuredmedia":[{"embeddable":true,"href":"https:\/\/graziamagazine.com\/es\/wp-json\/wp\/v2\/media\/182053"}],"wp:attachment":[{"href":"https:\/\/graziamagazine.com\/es\/wp-json\/wp\/v2\/media?parent=173334"}],"wp:term":[{"taxonomy":"category","embeddable":true,"href":"https:\/\/graziamagazine.com\/es\/wp-json\/wp\/v2\/categories?post=173334"}],"curies":[{"name":"wp","href":"https:\/\/api.w.org\/{rel}","templated":true}]}}