{"id":173296,"date":"2023-11-21T09:00:45","date_gmt":"2023-11-21T08:00:45","guid":{"rendered":"https:\/\/graziamagazine.com\/es\/?post_type=articles&#038;p=173296"},"modified":"2023-11-21T06:51:52","modified_gmt":"2023-11-21T05:51:52","slug":"long-layer-el-estilo-favorito-de-miley-cyrus-para-lucir-pelazo","status":"publish","type":"articles","link":"https:\/\/graziamagazine.com\/es\/articles\/long-layer-el-estilo-favorito-de-miley-cyrus-para-lucir-pelazo\/","title":{"rendered":"&#8216;Long layer&#8217;, el estilo favorito de Miley Cyrus para lucir pelazo"},"content":{"rendered":"<p dir=\"ltr\">A la hora de presumir de pelazo, hay varios factores a tener en cuenta, desde un buen color de pelo y\/o coloraci\u00f3n, hasta un corte no solo que nos favorezca, tambi\u00e9n que nos siente bien a nuestro tipo de rostro y color de piel. Es ah\u00ed donde entra en juego la palabra y la opini\u00f3n de los expertos en belleza que sabr\u00e1n ayudarnos en todo lo que puedan. Y es que solo ellos saben c\u00f3mo adaptar a cada tipo de cabello un look de <em>celebrity<\/em> como los que se suelen pedir en los salones de belleza.<\/p>\n<h3 dir=\"ltr\">SOBRE EL ESTILO \u2018LONG LAYER\u2019<\/h3>\n<p dir=\"ltr\">Una de las melenas m\u00e1s pedidas en las peluquer\u00edas es la de la polifac\u00e9tica Miley Cyrus con su \u00faltimo peinado. Se trata de un<em> long layer<\/em> que ha ganado popularidad gracias a su capacidad para realzar la belleza natural del cabello. Alberto Sanguino, Education Manager de Llongueras, describe el <em>long layer<\/em> como un estilo con capas desiguales que enmarcan el rostro, ofreciendo volumen y textura. \u201cEsta t\u00e9cnica combina capas m\u00e1s cortas al frente para enmarcar el rostro, y capas m\u00e1s largas en el resto del cabello, logrando un efecto voluminoso y lleno de movimiento.<\/p>\n<p dir=\"ltr\">Lo que hace que el <em>long layer <\/em>sea tan atractivo es su versatilidad. Miley, al adoptar este estilo, muestra una textura desenfadada y ligeramente ondulada, como si se tratara de sus rizos naturales. Este aspecto <em>messy<\/em> o desordenado deliberado que aporta un encanto despreocupado y a la vez elegante, ideal para diversas ocasiones, ya sea una alfombra roja o un d\u00eda normal.<\/p>\n<p dir=\"ltr\"><img decoding=\"async\" src=\"https:\/\/mailrelay.fabracomunicacion.com\/data\/086a7ede5bab0502f4e6cb63de9443071c2b9748\/media_files\/14614\/original\/NdP_IMAGEN_INTERIOR_%2827%29.jpg\" alt=\"NdP_IMAGEN_INTERIOR_(27).jpg\" \/><\/p>\n<h3 dir=\"ltr\"><strong id=\"x_docs-internal-guid-56c6ef86-7fff-6c0c-1843-ec616d940ac3\"><strong>LAS CLAVES DEL ESTILO<\/strong><\/strong><\/h3>\n<p dir=\"ltr\">Uno de los puntos clave es su capacidad para generar vol\u00famenes estrat\u00e9gicos. Seg\u00fan Sanguino, este estilo crea vol\u00famenes m\u00e1s suaves en la zona del cr\u00e1neo, proporcionando equilibrio al rostro, mientras que en el resto del cabello, la textura generada es la que aporta ese volumen que tanto llama la atenci\u00f3n.<\/p>\n<p dir=\"ltr\">Este estilo se adapta perfectamente a diferentes tipos de cabello, desde lisos hasta ligeramente ondulados. Para conseguirlo es crucial contar con un estilista especializado que pueda personalizar el &#8216;long layer&#8217; seg\u00fan la forma del rostro y la textura del cabello de cada una para obtener los mejores resultados. Un corte que a\u00f1ade movimiento y que se debe cuidar con productos espec\u00edficos para mantener la textura y el volumen deseados.<\/p>\n<p dir=\"ltr\">El <em>long layer<\/em> no solo es el estilo favorito de Miley Cyrus, sino que tambi\u00e9n se ha convertido en una tendencia. Su versatilidad y su capacidad para a\u00f1adir volumen estrat\u00e9gico lo convierten en una elecci\u00f3n perfecta para quienes buscan un cambio de imagen impactante y a la vez sutil.<\/p>\n<p dir=\"ltr\"><em>*Im\u00e1genes: Instagram<\/em><\/p>\n","protected":false},"author":11653,"featured_media":173297,"template":"","format":"standard","categories":[7],"acf":[],"yoast_head":"<!-- This site is optimized with the Yoast SEO Premium plugin v18.5 (Yoast SEO v20.4) - https:\/\/yoast.com\/wordpress\/plugins\/seo\/ -->\n<title>&#039;Long layer&#039;, el estilo favorito de Miley Cyrus para lucir pelazo<\/title>\n<meta name=\"description\" content=\"As\u00ed es el corte de pelo con el que marcar\u00e1s tendencia porque se adapta a todo tipo de cabello y es perfecto para terminar el a\u00f1o.\" \/>\n<meta name=\"robots\" content=\"index, follow, max-snippet:-1, max-image-preview:large, max-video-preview:-1\" \/>\n<link rel=\"canonical\" href=\"https:\/\/graziamagazine.com\/es\/articles\/long-layer-el-estilo-favorito-de-miley-cyrus-para-lucir-pelazo\/\" \/>\n<meta property=\"og:locale\" content=\"es_ES\" \/>\n<meta property=\"og:type\" content=\"article\" \/>\n<meta property=\"og:title\" content=\"&#039;Long layer&#039;, el estilo favorito de Miley Cyrus para lucir pelazo\" \/>\n<meta property=\"og:description\" content=\"As\u00ed es el corte de pelo con el que marcar\u00e1s tendencia porque se adapta a todo tipo de cabello y es perfecto para terminar el a\u00f1o.\" \/>\n<meta property=\"og:url\" content=\"https:\/\/graziamagazine.com\/es\/articles\/long-layer-el-estilo-favorito-de-miley-cyrus-para-lucir-pelazo\/\" \/>\n<meta property=\"og:site_name\" content=\"Grazia\" \/>\n<meta property=\"article:modified_time\" content=\"2023-11-21T05:51:52+00:00\" \/>\n<meta property=\"og:image\" content=\"https:\/\/graziamagazine.com\/es\/wp-content\/uploads\/sites\/12\/2023\/11\/NdP_IMAGEN_PORTADA_6-1.png?fit=1500%2C1000\" \/>\n\t<meta property=\"og:image:width\" content=\"1500\" \/>\n\t<meta property=\"og:image:height\" content=\"1000\" \/>\n\t<meta property=\"og:image:type\" content=\"image\/png\" \/>\n<meta name=\"twitter:card\" content=\"summary_large_image\" \/>\n<meta name=\"twitter:label1\" content=\"Est. reading time\" \/>\n\t<meta name=\"twitter:data1\" content=\"3 minutos\" \/>\n<script type=\"application\/ld+json\" class=\"yoast-schema-graph\">{\"@context\":\"https:\/\/schema.org\",\"@graph\":[{\"@type\":\"WebPage\",\"@id\":\"https:\/\/graziamagazine.com\/es\/articles\/long-layer-el-estilo-favorito-de-miley-cyrus-para-lucir-pelazo\/\",\"url\":\"https:\/\/graziamagazine.com\/es\/articles\/long-layer-el-estilo-favorito-de-miley-cyrus-para-lucir-pelazo\/\",\"name\":\"'Long layer', el estilo favorito de Miley Cyrus para lucir pelazo\",\"isPartOf\":{\"@id\":\"https:\/\/graziamagazine.com\/es\/#website\"},\"datePublished\":\"2023-11-21T08:00:45+00:00\",\"dateModified\":\"2023-11-21T05:51:52+00:00\",\"description\":\"As\u00ed es el corte de pelo con el que marcar\u00e1s tendencia porque se adapta a todo tipo de cabello y es perfecto para terminar el a\u00f1o.\",\"breadcrumb\":{\"@id\":\"https:\/\/graziamagazine.com\/es\/articles\/long-layer-el-estilo-favorito-de-miley-cyrus-para-lucir-pelazo\/#breadcrumb\"},\"inLanguage\":\"es\",\"potentialAction\":[{\"@type\":\"ReadAction\",\"target\":[\"https:\/\/graziamagazine.com\/es\/articles\/long-layer-el-estilo-favorito-de-miley-cyrus-para-lucir-pelazo\/\"]}]},{\"@type\":\"BreadcrumbList\",\"@id\":\"https:\/\/graziamagazine.com\/es\/articles\/long-layer-el-estilo-favorito-de-miley-cyrus-para-lucir-pelazo\/#breadcrumb\",\"itemListElement\":[{\"@type\":\"ListItem\",\"position\":1,\"name\":\"Portada\",\"item\":\"https:\/\/graziamagazine.com\/es\/\"},{\"@type\":\"ListItem\",\"position\":2,\"name\":\"&#8216;Long layer&#8217;, el estilo favorito de Miley Cyrus para lucir pelazo\"}]},{\"@type\":\"WebSite\",\"@id\":\"https:\/\/graziamagazine.com\/es\/#website\",\"url\":\"https:\/\/graziamagazine.com\/es\/\",\"name\":\"Grazia\",\"description\":\"Moda, belleza, celebrities, estilo de vida...\",\"potentialAction\":[{\"@type\":\"SearchAction\",\"target\":{\"@type\":\"EntryPoint\",\"urlTemplate\":\"https:\/\/graziamagazine.com\/es\/?s={search_term_string}\"},\"query-input\":\"required name=search_term_string\"}],\"inLanguage\":\"es\"}]}<\/script>\n<!-- \/ Yoast SEO Premium plugin. -->","yoast_head_json":{"title":"'Long layer', el estilo favorito de Miley Cyrus para lucir pelazo","description":"As\u00ed es el corte de pelo con el que marcar\u00e1s tendencia porque se adapta a todo tipo de cabello y es perfecto para terminar el a\u00f1o.","robots":{"index":"index","follow":"follow","max-snippet":"max-snippet:-1","max-image-preview":"max-image-preview:large","max-video-preview":"max-video-preview:-1"},"canonical":"https:\/\/graziamagazine.com\/es\/articles\/long-layer-el-estilo-favorito-de-miley-cyrus-para-lucir-pelazo\/","og_locale":"es_ES","og_type":"article","og_title":"'Long layer', el estilo favorito de Miley Cyrus para lucir pelazo","og_description":"As\u00ed es el corte de pelo con el que marcar\u00e1s tendencia porque se adapta a todo tipo de cabello y es perfecto para terminar el a\u00f1o.","og_url":"https:\/\/graziamagazine.com\/es\/articles\/long-layer-el-estilo-favorito-de-miley-cyrus-para-lucir-pelazo\/","og_site_name":"Grazia","article_modified_time":"2023-11-21T05:51:52+00:00","og_image":[{"width":1500,"height":1000,"url":"https:\/\/graziamagazine.com\/es\/wp-content\/uploads\/sites\/12\/2023\/11\/NdP_IMAGEN_PORTADA_6-1.png?fit=1500%2C1000","type":"image\/png"}],"twitter_card":"summary_large_image","twitter_misc":{"Est. reading time":"3 minutos"},"schema":{"@context":"https:\/\/schema.org","@graph":[{"@type":"WebPage","@id":"https:\/\/graziamagazine.com\/es\/articles\/long-layer-el-estilo-favorito-de-miley-cyrus-para-lucir-pelazo\/","url":"https:\/\/graziamagazine.com\/es\/articles\/long-layer-el-estilo-favorito-de-miley-cyrus-para-lucir-pelazo\/","name":"'Long layer', el estilo favorito de Miley Cyrus para lucir pelazo","isPartOf":{"@id":"https:\/\/graziamagazine.com\/es\/#website"},"datePublished":"2023-11-21T08:00:45+00:00","dateModified":"2023-11-21T05:51:52+00:00","description":"As\u00ed es el corte de pelo con el que marcar\u00e1s tendencia porque se adapta a todo tipo de cabello y es perfecto para terminar el a\u00f1o.","breadcrumb":{"@id":"https:\/\/graziamagazine.com\/es\/articles\/long-layer-el-estilo-favorito-de-miley-cyrus-para-lucir-pelazo\/#breadcrumb"},"inLanguage":"es","potentialAction":[{"@type":"ReadAction","target":["https:\/\/graziamagazine.com\/es\/articles\/long-layer-el-estilo-favorito-de-miley-cyrus-para-lucir-pelazo\/"]}]},{"@type":"BreadcrumbList","@id":"https:\/\/graziamagazine.com\/es\/articles\/long-layer-el-estilo-favorito-de-miley-cyrus-para-lucir-pelazo\/#breadcrumb","itemListElement":[{"@type":"ListItem","position":1,"name":"Portada","item":"https:\/\/graziamagazine.com\/es\/"},{"@type":"ListItem","position":2,"name":"&#8216;Long layer&#8217;, el estilo favorito de Miley Cyrus para lucir pelazo"}]},{"@type":"WebSite","@id":"https:\/\/graziamagazine.com\/es\/#website","url":"https:\/\/graziamagazine.com\/es\/","name":"Grazia","description":"Moda, belleza, celebrities, estilo de vida...","potentialAction":[{"@type":"SearchAction","target":{"@type":"EntryPoint","urlTemplate":"https:\/\/graziamagazine.com\/es\/?s={search_term_string}"},"query-input":"required name=search_term_string"}],"inLanguage":"es"}]}},"jetpack_sharing_enabled":true,"distributor_meta":false,"distributor_terms":false,"distributor_media":false,"distributor_original_site_name":"Grazia","distributor_original_site_url":"https:\/\/graziamagazine.com\/es","push-errors":false,"_links":{"self":[{"href":"https:\/\/graziamagazine.com\/es\/wp-json\/wp\/v2\/articles\/173296"}],"collection":[{"href":"https:\/\/graziamagazine.com\/es\/wp-json\/wp\/v2\/articles"}],"about":[{"href":"https:\/\/graziamagazine.com\/es\/wp-json\/wp\/v2\/types\/articles"}],"author":[{"embeddable":true,"href":"https:\/\/graziamagazine.com\/es\/wp-json\/wp\/v2\/users\/11653"}],"wp:featuredmedia":[{"embeddable":true,"href":"https:\/\/graziamagazine.com\/es\/wp-json\/wp\/v2\/media\/173297"}],"wp:attachment":[{"href":"https:\/\/graziamagazine.com\/es\/wp-json\/wp\/v2\/media?parent=173296"}],"wp:term":[{"taxonomy":"category","embeddable":true,"href":"https:\/\/graziamagazine.com\/es\/wp-json\/wp\/v2\/categories?post=173296"}],"curies":[{"name":"wp","href":"https:\/\/api.w.org\/{rel}","templated":true}]}}