{"id":173249,"date":"2023-11-20T09:33:14","date_gmt":"2023-11-20T08:33:14","guid":{"rendered":"https:\/\/graziamagazine.com\/es\/?post_type=articles&#038;p=173249"},"modified":"2023-11-20T09:33:14","modified_gmt":"2023-11-20T08:33:14","slug":"asi-es-la-colaboracion-entre-crocs-y-mcdonalds","status":"publish","type":"articles","link":"https:\/\/graziamagazine.com\/es\/articles\/asi-es-la-colaboracion-entre-crocs-y-mcdonalds\/","title":{"rendered":"As\u00ed es la colaboraci\u00f3n entre Crocs y McDonald\u2019s"},"content":{"rendered":"<p>En el emocionante mundo de la moda, las colaboraciones sorprendentes pueden dar vida a piezas \u00fanicas que fusionan estilo y originalidad.<\/p>\n<p>Una de las uniones m\u00e1s inesperadas y divertidas ha sido la colaboraci\u00f3n entre la ic\u00f3nica marca de calzado <strong>Crocs <\/strong>y la gigante de la comida r\u00e1pida <strong>McDonald\u2019s.<\/strong><\/p>\n<figure id=\"attachment_131452\" class=\"wp-caption alignnone\" style=\"width: 1024px\" aria-describedby=\"caption-attachment-131452\"><img loading=\"lazy\" decoding=\"async\" class=\"size-large wp-image-131452\" src=\"https:\/\/graziamagazine.com\/mx\/wp-content\/uploads\/sites\/13\/2023\/11\/Captura-de-Pantalla-2023-11-17-a-las-11.44.44.png?w=1024&amp;resize=1024%2C689\" alt=\"As\u00ed es la colaboraci\u00f3n entre Crocs y McDonald's\" width=\"1024\" height=\"689\" data-recalc-dims=\"1\" \/><\/figure>\n<p>Esta alianza \u00fanica ha dado lugar a una colecci\u00f3n de calzado que no solo es c\u00f3moda sino tambi\u00e9n un homenaje delicioso al amor compartido por Crocs y la cl\u00e1sica cadena de comida r\u00e1pida.<\/p>\n<p>Juguet\u00f3n y original, La colaboraci\u00f3n conserva la forma cl\u00e1sica de los Crocs pero agrega elementos \u00fanicos que capturan la esencia vibrante de McDonald\u2019s.<\/p>\n<figure id=\"attachment_131453\" class=\"wp-caption alignnone\" style=\"width: 1024px\" aria-describedby=\"caption-attachment-131453\"><img loading=\"lazy\" decoding=\"async\" class=\"size-large wp-image-131453\" src=\"https:\/\/graziamagazine.com\/mx\/wp-content\/uploads\/sites\/13\/2023\/11\/Captura-de-Pantalla-2023-11-17-a-las-11.44.53.png?w=1024&amp;resize=1024%2C687\" alt=\"As\u00ed es la colaboraci\u00f3n entre Crocs y McDonald's\" width=\"1024\" height=\"687\" data-recalc-dims=\"1\" \/><\/figure>\n<p>Adem\u00e1s uno de los aspectos m\u00e1s llamativos de la colecci\u00f3n es la inclusi\u00f3n de un accesorio en forma de<strong> hamburguesa<\/strong> que se coloca en los orificios caracter\u00edsticos de los Crocs.<\/p>\n<p>La paleta de colores representada por los ic\u00f3nicos colores del gigante de la comida r\u00e1pida refleja la identidad visual de McDonald\u2019s, con tonos de <strong>rojo y amarillo<\/strong> que rinden homenaje al famoso logotipo de la marca.<\/p>\n<p>La combinaci\u00f3n de colores alegres y vibrantes agrega un toque de diversi\u00f3n a cada paso, convirtiendo los Crocs en una declaraci\u00f3n de estilo audaz.<\/p>\n<figure id=\"attachment_131454\" class=\"wp-caption alignnone\" style=\"width: 1024px\" aria-describedby=\"caption-attachment-131454\"><img loading=\"lazy\" decoding=\"async\" class=\"size-large wp-image-131454\" src=\"https:\/\/graziamagazine.com\/mx\/wp-content\/uploads\/sites\/13\/2023\/11\/Captura-de-Pantalla-2023-11-17-a-las-11.45.02.png?w=1024&amp;resize=1024%2C678\" alt=\"As\u00ed es la colaboraci\u00f3n entre Crocs y McDonald's\" width=\"1024\" height=\"678\" data-recalc-dims=\"1\" \/><\/figure>\n<p>El ic\u00f3nico logo dorado del arco de McDonald\u2019s se presenta de manera prominente en algunos modelos, convirtiendo cada par en una pieza de cultura pop.<\/p>\n<p>Dentro de esta divertida colaboraci\u00f3n, existen elementos de la <strong>Cajita Feliz<\/strong>, como<strong> juguetes y personajes<\/strong>, se incorporan de manera l\u00fadica en el dise\u00f1o de algunos Crocs, a\u00f1adiendo un toque nost\u00e1lgico.<\/p>\n<figure id=\"attachment_131455\" class=\"wp-caption alignnone\" style=\"width: 1024px\" aria-describedby=\"caption-attachment-131455\"><img loading=\"lazy\" decoding=\"async\" class=\"size-large wp-image-131455\" src=\"https:\/\/graziamagazine.com\/mx\/wp-content\/uploads\/sites\/13\/2023\/11\/Captura-de-Pantalla-2023-11-17-a-las-11.45.09.png?w=1024&amp;resize=1024%2C642\" alt=\"As\u00ed es la colaboraci\u00f3n entre Crocs y McDonald's\" width=\"1024\" height=\"642\" data-recalc-dims=\"1\" \/><\/figure>\n<p>Tambi\u00e9n podr\u00e1s encontrar accesorios especiales como<strong> pins y jibbitz tem\u00e1ticos de McDonald\u2019s<\/strong> que permiten a los usuarios personalizar a\u00fan m\u00e1s sus Crocs, creando combinaciones \u00fanicas y personalizadas.<\/p>\n<p>La colaboraci\u00f3n entre Crocs y McDonald\u2019s es un testimonio de que la moda puede ser divertida, inesperada y accesible para todos. M\u00e1s all\u00e1 de la comodidad inherente de los Crocs, esta colecci\u00f3n ofrece una oportunidad para que los amantes de la moda expresen su <strong>personalidad y amor por la cultura pop<\/strong> en cada paso.<\/p>\n<p><em>*Im\u00e1genes: cortes\u00eda<\/em><\/p>\n<p>&nbsp;<\/p>\n","protected":false},"author":16349,"featured_media":173250,"template":"","format":"standard","categories":[1],"acf":[],"yoast_head":"<!-- This site is optimized with the Yoast SEO Premium plugin v18.5 (Yoast SEO v20.4) - https:\/\/yoast.com\/wordpress\/plugins\/seo\/ -->\n<title>As\u00ed es la colaboraci\u00f3n entre Crocs y McDonald&#039;s<\/title>\n<meta name=\"description\" content=\"\u00a1McCrocs ya est\u00e1n aqu\u00ed! La Sorprendente Colaboraci\u00f3n Entre Crocs y McDonald&#039;s que Conquista el Estilo y el Sabor\" \/>\n<meta name=\"robots\" content=\"index, follow, max-snippet:-1, max-image-preview:large, max-video-preview:-1\" \/>\n<link rel=\"canonical\" href=\"https:\/\/graziamagazine.com\/es\/articles\/asi-es-la-colaboracion-entre-crocs-y-mcdonalds\/\" \/>\n<meta property=\"og:locale\" content=\"es_ES\" \/>\n<meta property=\"og:type\" content=\"article\" \/>\n<meta property=\"og:title\" content=\"As\u00ed es la colaboraci\u00f3n entre Crocs y McDonald\u2019s\" \/>\n<meta property=\"og:description\" content=\"\u00a1McCrocs ya est\u00e1n aqu\u00ed! La Sorprendente Colaboraci\u00f3n Entre Crocs y McDonald&#039;s que Conquista el Estilo y el Sabor\" \/>\n<meta property=\"og:url\" content=\"https:\/\/graziamagazine.com\/es\/articles\/asi-es-la-colaboracion-entre-crocs-y-mcdonalds\/\" \/>\n<meta property=\"og:site_name\" content=\"Grazia\" \/>\n<meta property=\"og:image\" content=\"https:\/\/graziamagazine.com\/es\/wp-content\/uploads\/sites\/12\/2023\/11\/Captura-de-Pantalla-2023-11-17-a-las-11.44.12.png\" \/>\n\t<meta property=\"og:image:width\" content=\"1024\" \/>\n\t<meta property=\"og:image:height\" content=\"762\" \/>\n\t<meta property=\"og:image:type\" content=\"image\/png\" \/>\n<meta name=\"twitter:card\" content=\"summary_large_image\" \/>\n<meta name=\"twitter:label1\" content=\"Est. reading time\" \/>\n\t<meta name=\"twitter:data1\" content=\"3 minutos\" \/>\n<script type=\"application\/ld+json\" class=\"yoast-schema-graph\">{\"@context\":\"https:\/\/schema.org\",\"@graph\":[{\"@type\":\"WebPage\",\"@id\":\"https:\/\/graziamagazine.com\/es\/articles\/asi-es-la-colaboracion-entre-crocs-y-mcdonalds\/\",\"url\":\"https:\/\/graziamagazine.com\/es\/articles\/asi-es-la-colaboracion-entre-crocs-y-mcdonalds\/\",\"name\":\"As\u00ed es la colaboraci\u00f3n entre Crocs y McDonald's\",\"isPartOf\":{\"@id\":\"https:\/\/graziamagazine.com\/es\/#website\"},\"datePublished\":\"2023-11-20T08:33:14+00:00\",\"dateModified\":\"2023-11-20T08:33:14+00:00\",\"description\":\"\u00a1McCrocs ya est\u00e1n aqu\u00ed! La Sorprendente Colaboraci\u00f3n Entre Crocs y McDonald's que Conquista el Estilo y el Sabor\",\"breadcrumb\":{\"@id\":\"https:\/\/graziamagazine.com\/es\/articles\/asi-es-la-colaboracion-entre-crocs-y-mcdonalds\/#breadcrumb\"},\"inLanguage\":\"es\",\"potentialAction\":[{\"@type\":\"ReadAction\",\"target\":[\"https:\/\/graziamagazine.com\/es\/articles\/asi-es-la-colaboracion-entre-crocs-y-mcdonalds\/\"]}]},{\"@type\":\"BreadcrumbList\",\"@id\":\"https:\/\/graziamagazine.com\/es\/articles\/asi-es-la-colaboracion-entre-crocs-y-mcdonalds\/#breadcrumb\",\"itemListElement\":[{\"@type\":\"ListItem\",\"position\":1,\"name\":\"Portada\",\"item\":\"https:\/\/graziamagazine.com\/es\/\"},{\"@type\":\"ListItem\",\"position\":2,\"name\":\"As\u00ed es la colaboraci\u00f3n entre Crocs y McDonald\u2019s\"}]},{\"@type\":\"WebSite\",\"@id\":\"https:\/\/graziamagazine.com\/es\/#website\",\"url\":\"https:\/\/graziamagazine.com\/es\/\",\"name\":\"Grazia\",\"description\":\"Moda, belleza, celebrities, estilo de vida...\",\"potentialAction\":[{\"@type\":\"SearchAction\",\"target\":{\"@type\":\"EntryPoint\",\"urlTemplate\":\"https:\/\/graziamagazine.com\/es\/?s={search_term_string}\"},\"query-input\":\"required name=search_term_string\"}],\"inLanguage\":\"es\"}]}<\/script>\n<!-- \/ Yoast SEO Premium plugin. -->","yoast_head_json":{"title":"As\u00ed es la colaboraci\u00f3n entre Crocs y McDonald's","description":"\u00a1McCrocs ya est\u00e1n aqu\u00ed! La Sorprendente Colaboraci\u00f3n Entre Crocs y McDonald's que Conquista el Estilo y el Sabor","robots":{"index":"index","follow":"follow","max-snippet":"max-snippet:-1","max-image-preview":"max-image-preview:large","max-video-preview":"max-video-preview:-1"},"canonical":"https:\/\/graziamagazine.com\/es\/articles\/asi-es-la-colaboracion-entre-crocs-y-mcdonalds\/","og_locale":"es_ES","og_type":"article","og_title":"As\u00ed es la colaboraci\u00f3n entre Crocs y McDonald\u2019s","og_description":"\u00a1McCrocs ya est\u00e1n aqu\u00ed! La Sorprendente Colaboraci\u00f3n Entre Crocs y McDonald's que Conquista el Estilo y el Sabor","og_url":"https:\/\/graziamagazine.com\/es\/articles\/asi-es-la-colaboracion-entre-crocs-y-mcdonalds\/","og_site_name":"Grazia","og_image":[{"url":"https:\/\/graziamagazine.com\/es\/wp-content\/uploads\/sites\/12\/2023\/11\/Captura-de-Pantalla-2023-11-17-a-las-11.44.12.png","width":1024,"height":762,"type":"image\/png"}],"twitter_card":"summary_large_image","twitter_misc":{"Est. reading time":"3 minutos"},"schema":{"@context":"https:\/\/schema.org","@graph":[{"@type":"WebPage","@id":"https:\/\/graziamagazine.com\/es\/articles\/asi-es-la-colaboracion-entre-crocs-y-mcdonalds\/","url":"https:\/\/graziamagazine.com\/es\/articles\/asi-es-la-colaboracion-entre-crocs-y-mcdonalds\/","name":"As\u00ed es la colaboraci\u00f3n entre Crocs y McDonald's","isPartOf":{"@id":"https:\/\/graziamagazine.com\/es\/#website"},"datePublished":"2023-11-20T08:33:14+00:00","dateModified":"2023-11-20T08:33:14+00:00","description":"\u00a1McCrocs ya est\u00e1n aqu\u00ed! La Sorprendente Colaboraci\u00f3n Entre Crocs y McDonald's que Conquista el Estilo y el Sabor","breadcrumb":{"@id":"https:\/\/graziamagazine.com\/es\/articles\/asi-es-la-colaboracion-entre-crocs-y-mcdonalds\/#breadcrumb"},"inLanguage":"es","potentialAction":[{"@type":"ReadAction","target":["https:\/\/graziamagazine.com\/es\/articles\/asi-es-la-colaboracion-entre-crocs-y-mcdonalds\/"]}]},{"@type":"BreadcrumbList","@id":"https:\/\/graziamagazine.com\/es\/articles\/asi-es-la-colaboracion-entre-crocs-y-mcdonalds\/#breadcrumb","itemListElement":[{"@type":"ListItem","position":1,"name":"Portada","item":"https:\/\/graziamagazine.com\/es\/"},{"@type":"ListItem","position":2,"name":"As\u00ed es la colaboraci\u00f3n entre Crocs y McDonald\u2019s"}]},{"@type":"WebSite","@id":"https:\/\/graziamagazine.com\/es\/#website","url":"https:\/\/graziamagazine.com\/es\/","name":"Grazia","description":"Moda, belleza, celebrities, estilo de vida...","potentialAction":[{"@type":"SearchAction","target":{"@type":"EntryPoint","urlTemplate":"https:\/\/graziamagazine.com\/es\/?s={search_term_string}"},"query-input":"required name=search_term_string"}],"inLanguage":"es"}]}},"jetpack_sharing_enabled":true,"distributor_meta":false,"distributor_terms":false,"distributor_media":false,"distributor_original_site_name":"Grazia","distributor_original_site_url":"https:\/\/graziamagazine.com\/es","push-errors":false,"_links":{"self":[{"href":"https:\/\/graziamagazine.com\/es\/wp-json\/wp\/v2\/articles\/173249"}],"collection":[{"href":"https:\/\/graziamagazine.com\/es\/wp-json\/wp\/v2\/articles"}],"about":[{"href":"https:\/\/graziamagazine.com\/es\/wp-json\/wp\/v2\/types\/articles"}],"author":[{"embeddable":true,"href":"https:\/\/graziamagazine.com\/es\/wp-json\/wp\/v2\/users\/16349"}],"wp:featuredmedia":[{"embeddable":true,"href":"https:\/\/graziamagazine.com\/es\/wp-json\/wp\/v2\/media\/173250"}],"wp:attachment":[{"href":"https:\/\/graziamagazine.com\/es\/wp-json\/wp\/v2\/media?parent=173249"}],"wp:term":[{"taxonomy":"category","embeddable":true,"href":"https:\/\/graziamagazine.com\/es\/wp-json\/wp\/v2\/categories?post=173249"}],"curies":[{"name":"wp","href":"https:\/\/api.w.org\/{rel}","templated":true}]}}