{"id":173182,"date":"2023-11-14T09:00:35","date_gmt":"2023-11-14T08:00:35","guid":{"rendered":"https:\/\/graziamagazine.com\/es\/?post_type=articles&#038;p=173182"},"modified":"2023-11-14T07:15:01","modified_gmt":"2023-11-14T06:15:01","slug":"medias-de-invierno-5-tendencias-que-llevaras-esta-temporada","status":"publish","type":"articles","link":"https:\/\/graziamagazine.com\/es\/articles\/medias-de-invierno-5-tendencias-que-llevaras-esta-temporada\/","title":{"rendered":"Medias de invierno: 5 tendencias que llevar\u00e1s esta temporada"},"content":{"rendered":"<p>Est\u00e1n por llegar los meses m\u00e1s fr\u00edos del a\u00f1o y no por eso vamos a sacrificar estilo. Hemos visto en las pasarelas de este a\u00f1o de oto\u00f1o e invierno repletas de opciones de mallas para elevar tu look de durante esta temporada. Desde <strong>Victoria Beckham<\/strong> pasando por <strong>Hailey Biber<\/strong> hasta <strong>Kylie Jenner<\/strong> estas son las propuestas m\u00e1s chic para olvidarte del invierno.<\/p>\n<h3>Medias de encaje<\/h3>\n<p>Sin duda la apuesta m\u00e1s atrevida de la temporada. Combinan bien con una chaqueta y un <em>look <\/em>\u201csin pantalones\u201d. Ese fue el atuendo que eligi\u00f3 Victoria Beckham para el lanzamiento de la colecci\u00f3n inaugural de perfumes de Victoria Beckham Beauty.<\/p>\n<figure id=\"attachment_131220\" class=\"wp-caption alignnone\" style=\"width: 640px\" aria-describedby=\"caption-attachment-131220\"><img loading=\"lazy\" decoding=\"async\" class=\"wp-image-131220 size-large\" src=\"https:\/\/graziamagazine.com\/mx\/wp-content\/uploads\/sites\/13\/2023\/11\/WhatsApp-Image-2023-11-09-at-18.50.46.jpeg?w=640&amp;resize=640%2C799\" alt=\"\" width=\"640\" height=\"799\" data-recalc-dims=\"1\" \/><\/figure>\n<h3>Medias brillantes<\/h3>\n<p>Otro cl\u00e1sico que vuelve. No, las mallas super gruesas quedaron atr\u00e1s, a pesar de que algunas celebridades las usaron durante los eventos de moda alrededor del mundo. Ahora se trata de mostrar un poco de piel, lo cual, eleva el <em>look<\/em> haci\u00e9ndolo m\u00e1s elegante y <em>chic<\/em>.<\/p>\n<figure id=\"attachment_131224\" class=\"wp-caption alignnone\" style=\"width: 442px\" aria-describedby=\"caption-attachment-131224\"><img loading=\"lazy\" decoding=\"async\" class=\"wp-image-131224 size-large\" src=\"https:\/\/graziamagazine.com\/mx\/wp-content\/uploads\/sites\/13\/2023\/11\/WhatsApp-Image-2023-11-09-at-18.42.01.jpeg?w=442&amp;resize=442%2C539\" alt=\"\" width=\"442\" height=\"539\" data-recalc-dims=\"1\" \/><\/figure>\n<h3>en rojo intenso<\/h3>\n<p>En definitiva, es una tendencia aceptada rotundamente este a\u00f1o por las famosas, y tambi\u00e9n en las pasarelas como en el desfile de Dolce &amp; Gabbana de Oto\u00f1o-Invierno 2023 . Continuar\u00e1 durante el invierno y est\u00e1 acompa\u00f1ado con un total <em>look.<\/em><\/p>\n<figure id=\"attachment_131221\" class=\"wp-caption alignnone\" style=\"width: 682px\" aria-describedby=\"caption-attachment-131221\"><img loading=\"lazy\" decoding=\"async\" class=\"wp-image-131221 size-large\" src=\"https:\/\/graziamagazine.com\/mx\/wp-content\/uploads\/sites\/13\/2023\/11\/WhatsApp-Image-2023-11-09-at-18.50.36.jpeg?w=682&amp;resize=682%2C1024\" alt=\"\" width=\"682\" height=\"1024\" data-recalc-dims=\"1\" \/><\/figure>\n<h3>Medias de colores pastel<\/h3>\n<p>Esta tendencia fue la protagonista de las pasarelas de moda durante este a\u00f1o. La tendencia continuar\u00e1 y sin duda dejar\u00e1s el fr\u00edo de lado con ellas.<\/p>\n<figure id=\"attachment_131222\" class=\"wp-caption alignnone\" style=\"width: 413px\" aria-describedby=\"caption-attachment-131222\"><img loading=\"lazy\" decoding=\"async\" class=\"aligncenter size-full wp-image-173204\" src=\"https:\/\/graziamagazine.com\/es\/wp-content\/uploads\/sites\/12\/2023\/11\/kyliecosmetics.jpg\" alt=\"\" width=\"1024\" height=\"1280\" \/><\/figure>\n<h3>Medias de rejilla<\/h3>\n<p>Aunque estas medias no te proteger\u00e1n del todo del fr\u00edo, si que te har\u00e1n lucir a la moda y muy estilizada. Es la opci\u00f3n para noches de fiesta y cenas de navidad.<\/p>\n<figure id=\"attachment_131225\" class=\"wp-caption alignnone\" style=\"width: 402px\" aria-describedby=\"caption-attachment-131225\"><img loading=\"lazy\" decoding=\"async\" class=\"aligncenter size-full wp-image-173205\" src=\"https:\/\/graziamagazine.com\/es\/wp-content\/uploads\/sites\/12\/2023\/11\/victoriabeckham.jpg\" alt=\"\" width=\"1024\" height=\"1276\" \/><\/figure>\n<p>Esta es nuestra apuesta, pero sobre todo, es tiempo de que hagas lugar en tu armario para las medias o mallas que te salvar\u00e1n durante la temporada de fr\u00edo. \u00bfQui\u00e9n dijo que debes sufrir o no usar faldas o vestidos? Las propuestas est\u00e1n y solo falta que les des una oportunidad.<\/p>\n","protected":false},"author":16349,"featured_media":173206,"template":"","format":"standard","categories":[1],"acf":[],"yoast_head":"<!-- This site is optimized with the Yoast SEO Premium plugin v18.5 (Yoast SEO v20.4) - https:\/\/yoast.com\/wordpress\/plugins\/seo\/ -->\n<title>Medias de invierno: 5 tendencias que llevar\u00e1s esta temporada<\/title>\n<meta name=\"description\" content=\"Los especialistas en moda saben que todo look de invierno debe llevar unas medias perfectas y aqu\u00ed est\u00e1n 5 tendencias imperdibles.\" \/>\n<meta name=\"robots\" content=\"index, follow, max-snippet:-1, max-image-preview:large, max-video-preview:-1\" \/>\n<link rel=\"canonical\" href=\"https:\/\/graziamagazine.com\/es\/articles\/medias-de-invierno-5-tendencias-que-llevaras-esta-temporada\/\" \/>\n<meta property=\"og:locale\" content=\"es_ES\" \/>\n<meta property=\"og:type\" content=\"article\" \/>\n<meta property=\"og:title\" content=\"Medias de invierno: 5 tendencias que llevar\u00e1s esta temporada\" \/>\n<meta property=\"og:description\" content=\"Los especialistas en moda saben que todo look de invierno debe llevar unas medias perfectas y aqu\u00ed est\u00e1n 5 tendencias imperdibles.\" \/>\n<meta property=\"og:url\" content=\"https:\/\/graziamagazine.com\/es\/articles\/medias-de-invierno-5-tendencias-que-llevaras-esta-temporada\/\" \/>\n<meta property=\"og:site_name\" content=\"Grazia\" \/>\n<meta property=\"article:modified_time\" content=\"2023-11-14T06:15:01+00:00\" \/>\n<meta property=\"og:image\" content=\"https:\/\/graziamagazine.com\/es\/wp-content\/uploads\/sites\/12\/2023\/11\/medias23-copia.jpg?fit=3000%2C2002\" \/>\n\t<meta property=\"og:image:width\" content=\"3000\" \/>\n\t<meta property=\"og:image:height\" content=\"2002\" \/>\n\t<meta property=\"og:image:type\" content=\"image\/jpeg\" \/>\n<meta name=\"twitter:card\" content=\"summary_large_image\" \/>\n<meta name=\"twitter:label1\" content=\"Est. reading time\" \/>\n\t<meta name=\"twitter:data1\" content=\"3 minutos\" \/>\n<script type=\"application\/ld+json\" class=\"yoast-schema-graph\">{\"@context\":\"https:\/\/schema.org\",\"@graph\":[{\"@type\":\"WebPage\",\"@id\":\"https:\/\/graziamagazine.com\/es\/articles\/medias-de-invierno-5-tendencias-que-llevaras-esta-temporada\/\",\"url\":\"https:\/\/graziamagazine.com\/es\/articles\/medias-de-invierno-5-tendencias-que-llevaras-esta-temporada\/\",\"name\":\"Medias de invierno: 5 tendencias que llevar\u00e1s esta temporada\",\"isPartOf\":{\"@id\":\"https:\/\/graziamagazine.com\/es\/#website\"},\"datePublished\":\"2023-11-14T08:00:35+00:00\",\"dateModified\":\"2023-11-14T06:15:01+00:00\",\"description\":\"Los especialistas en moda saben que todo look de invierno debe llevar unas medias perfectas y aqu\u00ed est\u00e1n 5 tendencias imperdibles.\",\"breadcrumb\":{\"@id\":\"https:\/\/graziamagazine.com\/es\/articles\/medias-de-invierno-5-tendencias-que-llevaras-esta-temporada\/#breadcrumb\"},\"inLanguage\":\"es\",\"potentialAction\":[{\"@type\":\"ReadAction\",\"target\":[\"https:\/\/graziamagazine.com\/es\/articles\/medias-de-invierno-5-tendencias-que-llevaras-esta-temporada\/\"]}]},{\"@type\":\"BreadcrumbList\",\"@id\":\"https:\/\/graziamagazine.com\/es\/articles\/medias-de-invierno-5-tendencias-que-llevaras-esta-temporada\/#breadcrumb\",\"itemListElement\":[{\"@type\":\"ListItem\",\"position\":1,\"name\":\"Portada\",\"item\":\"https:\/\/graziamagazine.com\/es\/\"},{\"@type\":\"ListItem\",\"position\":2,\"name\":\"Medias de invierno: 5 tendencias que llevar\u00e1s esta temporada\"}]},{\"@type\":\"WebSite\",\"@id\":\"https:\/\/graziamagazine.com\/es\/#website\",\"url\":\"https:\/\/graziamagazine.com\/es\/\",\"name\":\"Grazia\",\"description\":\"Moda, belleza, celebrities, estilo de vida...\",\"potentialAction\":[{\"@type\":\"SearchAction\",\"target\":{\"@type\":\"EntryPoint\",\"urlTemplate\":\"https:\/\/graziamagazine.com\/es\/?s={search_term_string}\"},\"query-input\":\"required name=search_term_string\"}],\"inLanguage\":\"es\"}]}<\/script>\n<!-- \/ Yoast SEO Premium plugin. -->","yoast_head_json":{"title":"Medias de invierno: 5 tendencias que llevar\u00e1s esta temporada","description":"Los especialistas en moda saben que todo look de invierno debe llevar unas medias perfectas y aqu\u00ed est\u00e1n 5 tendencias imperdibles.","robots":{"index":"index","follow":"follow","max-snippet":"max-snippet:-1","max-image-preview":"max-image-preview:large","max-video-preview":"max-video-preview:-1"},"canonical":"https:\/\/graziamagazine.com\/es\/articles\/medias-de-invierno-5-tendencias-que-llevaras-esta-temporada\/","og_locale":"es_ES","og_type":"article","og_title":"Medias de invierno: 5 tendencias que llevar\u00e1s esta temporada","og_description":"Los especialistas en moda saben que todo look de invierno debe llevar unas medias perfectas y aqu\u00ed est\u00e1n 5 tendencias imperdibles.","og_url":"https:\/\/graziamagazine.com\/es\/articles\/medias-de-invierno-5-tendencias-que-llevaras-esta-temporada\/","og_site_name":"Grazia","article_modified_time":"2023-11-14T06:15:01+00:00","og_image":[{"width":3000,"height":2002,"url":"https:\/\/graziamagazine.com\/es\/wp-content\/uploads\/sites\/12\/2023\/11\/medias23-copia.jpg?fit=3000%2C2002","type":"image\/jpeg"}],"twitter_card":"summary_large_image","twitter_misc":{"Est. reading time":"3 minutos"},"schema":{"@context":"https:\/\/schema.org","@graph":[{"@type":"WebPage","@id":"https:\/\/graziamagazine.com\/es\/articles\/medias-de-invierno-5-tendencias-que-llevaras-esta-temporada\/","url":"https:\/\/graziamagazine.com\/es\/articles\/medias-de-invierno-5-tendencias-que-llevaras-esta-temporada\/","name":"Medias de invierno: 5 tendencias que llevar\u00e1s esta temporada","isPartOf":{"@id":"https:\/\/graziamagazine.com\/es\/#website"},"datePublished":"2023-11-14T08:00:35+00:00","dateModified":"2023-11-14T06:15:01+00:00","description":"Los especialistas en moda saben que todo look de invierno debe llevar unas medias perfectas y aqu\u00ed est\u00e1n 5 tendencias imperdibles.","breadcrumb":{"@id":"https:\/\/graziamagazine.com\/es\/articles\/medias-de-invierno-5-tendencias-que-llevaras-esta-temporada\/#breadcrumb"},"inLanguage":"es","potentialAction":[{"@type":"ReadAction","target":["https:\/\/graziamagazine.com\/es\/articles\/medias-de-invierno-5-tendencias-que-llevaras-esta-temporada\/"]}]},{"@type":"BreadcrumbList","@id":"https:\/\/graziamagazine.com\/es\/articles\/medias-de-invierno-5-tendencias-que-llevaras-esta-temporada\/#breadcrumb","itemListElement":[{"@type":"ListItem","position":1,"name":"Portada","item":"https:\/\/graziamagazine.com\/es\/"},{"@type":"ListItem","position":2,"name":"Medias de invierno: 5 tendencias que llevar\u00e1s esta temporada"}]},{"@type":"WebSite","@id":"https:\/\/graziamagazine.com\/es\/#website","url":"https:\/\/graziamagazine.com\/es\/","name":"Grazia","description":"Moda, belleza, celebrities, estilo de vida...","potentialAction":[{"@type":"SearchAction","target":{"@type":"EntryPoint","urlTemplate":"https:\/\/graziamagazine.com\/es\/?s={search_term_string}"},"query-input":"required name=search_term_string"}],"inLanguage":"es"}]}},"jetpack_sharing_enabled":true,"distributor_meta":false,"distributor_terms":false,"distributor_media":false,"distributor_original_site_name":"Grazia","distributor_original_site_url":"https:\/\/graziamagazine.com\/es","push-errors":false,"_links":{"self":[{"href":"https:\/\/graziamagazine.com\/es\/wp-json\/wp\/v2\/articles\/173182"}],"collection":[{"href":"https:\/\/graziamagazine.com\/es\/wp-json\/wp\/v2\/articles"}],"about":[{"href":"https:\/\/graziamagazine.com\/es\/wp-json\/wp\/v2\/types\/articles"}],"author":[{"embeddable":true,"href":"https:\/\/graziamagazine.com\/es\/wp-json\/wp\/v2\/users\/16349"}],"wp:featuredmedia":[{"embeddable":true,"href":"https:\/\/graziamagazine.com\/es\/wp-json\/wp\/v2\/media\/173206"}],"wp:attachment":[{"href":"https:\/\/graziamagazine.com\/es\/wp-json\/wp\/v2\/media?parent=173182"}],"wp:term":[{"taxonomy":"category","embeddable":true,"href":"https:\/\/graziamagazine.com\/es\/wp-json\/wp\/v2\/categories?post=173182"}],"curies":[{"name":"wp","href":"https:\/\/api.w.org\/{rel}","templated":true}]}}