{"id":173125,"date":"2023-11-08T09:00:30","date_gmt":"2023-11-08T08:00:30","guid":{"rendered":"https:\/\/graziamagazine.com\/es\/?post_type=articles&#038;p=173125"},"modified":"2023-11-08T08:30:27","modified_gmt":"2023-11-08T07:30:27","slug":"asi-puedes-copiar-el-abrigo-bata-de-la-reina-letizia-en-dinamarca","status":"publish","type":"articles","link":"https:\/\/graziamagazine.com\/es\/articles\/asi-puedes-copiar-el-abrigo-bata-de-la-reina-letizia-en-dinamarca\/","title":{"rendered":"As\u00ed puedes copiar el abrigo bata de la reina Letizia en Dinamarca"},"content":{"rendered":"<p>El viaje de Estado de SSMM los Reyes Felipe y Letizia a Dinamarca nos est\u00e1 dejando grandes looks de la reina. Las bajas temperaturas danesas han hecho que do\u00f1a Letizia haya metido en la maleta una peque\u00f1a colecci\u00f3n de abrigos perfectos para la temporada.<\/p>\n<p>Aunque en los meses m\u00e1s estivales estamos acostumbrados a ver a la reina con sus vestidos a brazo descubierto, en invierno do\u00f1a Letizia suele lucir abrigos y en este viaje se ha sumado a una de las grandes tendencias de la temporada: el abrigo bata.<\/p>\n<div class=\"content-gallery\"><div class=\"gallery-placeholder\"><div class=\"spinner\"><\/div><\/div><span class=\"gallery-pagination\"><\/span><div id=\"gallery-1\" class=\"gallery galleryid-173125 gallery-columns- gallery-size-medium\"><figure class=\"gallery-item\"><div class=\"gallery-icon landscape\"><img loading=\"lazy\" decoding=\"async\" width=\"1263\" height=\"1920\" src=\"https:\/\/graziamagazine.com\/es\/wp-content\/uploads\/sites\/12\/2023\/11\/16992814617599.jpg\" class=\"lazy\" alt=\"\" \/><\/div><\/figure><figure class=\"gallery-item\"><div class=\"gallery-icon landscape\"><img loading=\"lazy\" decoding=\"async\" width=\"828\" height=\"1242\" src=\"https:\/\/graziamagazine.com\/es\/wp-content\/uploads\/sites\/12\/2023\/11\/16993573791546-copia.jpg\" class=\"lazy\" alt=\"\" \/><\/div><\/figure><figure class=\"gallery-item\"><div class=\"gallery-icon landscape\"><img loading=\"lazy\" decoding=\"async\" width=\"533\" height=\"800\" src=\"https:\/\/graziamagazine.com\/es\/wp-content\/uploads\/sites\/12\/2023\/11\/reyes8-gtres-a.jpg-copia.jpg\" class=\"lazy\" alt=\"\" \/><\/div><\/figure><\/div><\/div>\n<p>El primero, al llegar a Dinamarca, fue un <strong>abrigo bat\u00edn oversize en blanco roto<\/strong> de &amp; Other Stories, y en la segunda jornada se ha decant\u00f3 por otro cl\u00e1sico de fondo de armario: una prenda de <strong>Carolina Herrera<\/strong>\u00a0en\u00a0<strong>camel con cintur\u00f3n. <\/strong>En la noche, do\u00f1a Letizia apost\u00f3 por un total look negro, con un abrigo <em>oversize<\/em> por encima de un vestido dan\u00e9s de lentejuelas.<\/p>\n<h3>6 abrigos de Zara y Mango para copiar el estilo<\/h3>\n<p>Navegando en la web hemos encontrado varios modelos <em>low cost<\/em> que puedes sumar a tu armario de invierno.<\/p>\n<p><img decoding=\"async\" src=\"https:\/\/e00-elmundo.uecdn.es\/assets\/multimedia\/imagenes\/2023\/11\/07\/16993535246104.jpg\" alt=\"Abrigo bata con capucha de Zara, el modelo de la reina Letizia que arrasa esta temporada.\" \/><\/p>\n<p>Para tus looks m\u00e1s casuales, este abrigo bata con capucha es perfecto para conseguir looks relajados y urbanos (39,95 euros).<\/p>\n<p><img decoding=\"async\" src=\"https:\/\/e00-elmundo.uecdn.es\/assets\/multimedia\/imagenes\/2023\/11\/07\/16993535282112.jpg\" alt=\"Abrigo bata marr\u00f3n de Zara, el modelo de la reina Letizia que arrasa esta temporada.\" \/><\/p>\n<p>Abrigo de Zara en tonos tierra de doble faz en lana (169 euros)<\/p>\n<p><img decoding=\"async\" src=\"https:\/\/e00-elmundo.uecdn.es\/assets\/multimedia\/imagenes\/2023\/11\/07\/16993535295452.jpg\" alt=\"Abrigo bata marr\u00f3n de Mango, el modelo de la reina Letizia que arrasa esta temporada.\" \/><\/p>\n<p>Tambi\u00e9n en marr\u00f3n est\u00e1 este abrigo de Mango oversize que se ajusta con cintur\u00f3n (149,99 euros)<\/p>\n<p><img decoding=\"async\" src=\"https:\/\/e00-elmundo.uecdn.es\/assets\/multimedia\/imagenes\/2023\/11\/07\/16993535387349.jpg\" alt=\"Abrigo bata negro de Zara, el modelo de la reina Letizia que arrasa esta temporada.\" \/><\/p>\n<p>Una abrigo negro siempre es una gran inversi\u00f3n que nunca pasa de moda, como este de Zara de grandes bolsillos (129 euros).<\/p>\n<p><img decoding=\"async\" src=\"https:\/\/e00-elmundo.uecdn.es\/assets\/multimedia\/imagenes\/2023\/11\/07\/16993535215087.jpg\" alt=\"Abrigo bata gris de Mango, el modelo de la reina Letizia que arrasa esta temporada.\" \/><\/p>\n<p>El gris es otra apuesta segura, sobre todo para conseguir looks workings de invierno, como este de Mango con bolsillos laterales (119,99 euros).<\/p>\n<p><img decoding=\"async\" src=\"https:\/\/e00-elmundo.uecdn.es\/assets\/multimedia\/imagenes\/2023\/11\/07\/16993535215523.jpg\" alt=\"Abrigo bata de espiga de Zara, el modelo de la reina Letizia que arrasa esta temporada.\" \/><\/p>\n<p>Si quieres salir de la rutina de los colores de siempre, esta opci\u00f3n de Zara con tejido de espiga es una buena opci\u00f3n tanto para looks m\u00e1s relajados como m\u00e1s formales (99,95 euros).<\/p>\n<p><em>*Im\u00e1genes: Getty Images y cortes\u00eda<\/em><\/p>\n<p>&nbsp;<\/p>\n<p class=\"p1\">\n<p>&nbsp;<\/p>\n<p>&nbsp;<\/p>\n","protected":false},"author":11653,"featured_media":173126,"template":"","format":"standard","categories":[1],"acf":[],"yoast_head":"<!-- This site is optimized with the Yoast SEO Premium plugin v18.5 (Yoast SEO v20.4) - https:\/\/yoast.com\/wordpress\/plugins\/seo\/ -->\n<title>As\u00ed puedes copiar el abrigo bata de la reina Letizia en Dinamarca<\/title>\n<meta name=\"description\" content=\"La reina Letizia ha metido en su maleta rumbo a Dinamarca varios abrigos y hemos encontrado varias opciones que pueden hacerte el invierno.\" \/>\n<meta name=\"robots\" content=\"index, follow, max-snippet:-1, max-image-preview:large, max-video-preview:-1\" \/>\n<link rel=\"canonical\" href=\"https:\/\/graziamagazine.com\/es\/articles\/asi-puedes-copiar-el-abrigo-bata-de-la-reina-letizia-en-dinamarca\/\" \/>\n<meta property=\"og:locale\" content=\"es_ES\" \/>\n<meta property=\"og:type\" content=\"article\" \/>\n<meta property=\"og:title\" content=\"As\u00ed puedes copiar el abrigo bata de la reina Letizia en Dinamarca\" \/>\n<meta property=\"og:description\" content=\"La reina Letizia ha metido en su maleta rumbo a Dinamarca varios abrigos y hemos encontrado varias opciones que pueden hacerte el invierno.\" \/>\n<meta property=\"og:url\" content=\"https:\/\/graziamagazine.com\/es\/articles\/asi-puedes-copiar-el-abrigo-bata-de-la-reina-letizia-en-dinamarca\/\" \/>\n<meta property=\"og:site_name\" content=\"Grazia\" \/>\n<meta property=\"article:modified_time\" content=\"2023-11-08T07:30:27+00:00\" \/>\n<meta property=\"og:image\" content=\"https:\/\/graziamagazine.com\/es\/wp-content\/uploads\/sites\/12\/2023\/11\/f.elconfidencial.com_original_052_3ef_81b_0523ef81b27404552b6e70b143e39d59.jpg?fit=1200%2C900\" \/>\n\t<meta property=\"og:image:width\" content=\"1200\" \/>\n\t<meta property=\"og:image:height\" content=\"900\" \/>\n\t<meta property=\"og:image:type\" content=\"image\/jpeg\" \/>\n<meta name=\"twitter:card\" content=\"summary_large_image\" \/>\n<meta name=\"twitter:label1\" content=\"Est. reading time\" \/>\n\t<meta name=\"twitter:data1\" content=\"3 minutos\" \/>\n<script type=\"application\/ld+json\" class=\"yoast-schema-graph\">{\"@context\":\"https:\/\/schema.org\",\"@graph\":[{\"@type\":\"WebPage\",\"@id\":\"https:\/\/graziamagazine.com\/es\/articles\/asi-puedes-copiar-el-abrigo-bata-de-la-reina-letizia-en-dinamarca\/\",\"url\":\"https:\/\/graziamagazine.com\/es\/articles\/asi-puedes-copiar-el-abrigo-bata-de-la-reina-letizia-en-dinamarca\/\",\"name\":\"As\u00ed puedes copiar el abrigo bata de la reina Letizia en Dinamarca\",\"isPartOf\":{\"@id\":\"https:\/\/graziamagazine.com\/es\/#website\"},\"datePublished\":\"2023-11-08T08:00:30+00:00\",\"dateModified\":\"2023-11-08T07:30:27+00:00\",\"description\":\"La reina Letizia ha metido en su maleta rumbo a Dinamarca varios abrigos y hemos encontrado varias opciones que pueden hacerte el invierno.\",\"breadcrumb\":{\"@id\":\"https:\/\/graziamagazine.com\/es\/articles\/asi-puedes-copiar-el-abrigo-bata-de-la-reina-letizia-en-dinamarca\/#breadcrumb\"},\"inLanguage\":\"es\",\"potentialAction\":[{\"@type\":\"ReadAction\",\"target\":[\"https:\/\/graziamagazine.com\/es\/articles\/asi-puedes-copiar-el-abrigo-bata-de-la-reina-letizia-en-dinamarca\/\"]}]},{\"@type\":\"BreadcrumbList\",\"@id\":\"https:\/\/graziamagazine.com\/es\/articles\/asi-puedes-copiar-el-abrigo-bata-de-la-reina-letizia-en-dinamarca\/#breadcrumb\",\"itemListElement\":[{\"@type\":\"ListItem\",\"position\":1,\"name\":\"Portada\",\"item\":\"https:\/\/graziamagazine.com\/es\/\"},{\"@type\":\"ListItem\",\"position\":2,\"name\":\"As\u00ed puedes copiar el abrigo bata de la reina Letizia en Dinamarca\"}]},{\"@type\":\"WebSite\",\"@id\":\"https:\/\/graziamagazine.com\/es\/#website\",\"url\":\"https:\/\/graziamagazine.com\/es\/\",\"name\":\"Grazia\",\"description\":\"Moda, belleza, celebrities, estilo de vida...\",\"potentialAction\":[{\"@type\":\"SearchAction\",\"target\":{\"@type\":\"EntryPoint\",\"urlTemplate\":\"https:\/\/graziamagazine.com\/es\/?s={search_term_string}\"},\"query-input\":\"required name=search_term_string\"}],\"inLanguage\":\"es\"}]}<\/script>\n<!-- \/ Yoast SEO Premium plugin. -->","yoast_head_json":{"title":"As\u00ed puedes copiar el abrigo bata de la reina Letizia en Dinamarca","description":"La reina Letizia ha metido en su maleta rumbo a Dinamarca varios abrigos y hemos encontrado varias opciones que pueden hacerte el invierno.","robots":{"index":"index","follow":"follow","max-snippet":"max-snippet:-1","max-image-preview":"max-image-preview:large","max-video-preview":"max-video-preview:-1"},"canonical":"https:\/\/graziamagazine.com\/es\/articles\/asi-puedes-copiar-el-abrigo-bata-de-la-reina-letizia-en-dinamarca\/","og_locale":"es_ES","og_type":"article","og_title":"As\u00ed puedes copiar el abrigo bata de la reina Letizia en Dinamarca","og_description":"La reina Letizia ha metido en su maleta rumbo a Dinamarca varios abrigos y hemos encontrado varias opciones que pueden hacerte el invierno.","og_url":"https:\/\/graziamagazine.com\/es\/articles\/asi-puedes-copiar-el-abrigo-bata-de-la-reina-letizia-en-dinamarca\/","og_site_name":"Grazia","article_modified_time":"2023-11-08T07:30:27+00:00","og_image":[{"width":1200,"height":900,"url":"https:\/\/graziamagazine.com\/es\/wp-content\/uploads\/sites\/12\/2023\/11\/f.elconfidencial.com_original_052_3ef_81b_0523ef81b27404552b6e70b143e39d59.jpg?fit=1200%2C900","type":"image\/jpeg"}],"twitter_card":"summary_large_image","twitter_misc":{"Est. reading time":"3 minutos"},"schema":{"@context":"https:\/\/schema.org","@graph":[{"@type":"WebPage","@id":"https:\/\/graziamagazine.com\/es\/articles\/asi-puedes-copiar-el-abrigo-bata-de-la-reina-letizia-en-dinamarca\/","url":"https:\/\/graziamagazine.com\/es\/articles\/asi-puedes-copiar-el-abrigo-bata-de-la-reina-letizia-en-dinamarca\/","name":"As\u00ed puedes copiar el abrigo bata de la reina Letizia en Dinamarca","isPartOf":{"@id":"https:\/\/graziamagazine.com\/es\/#website"},"datePublished":"2023-11-08T08:00:30+00:00","dateModified":"2023-11-08T07:30:27+00:00","description":"La reina Letizia ha metido en su maleta rumbo a Dinamarca varios abrigos y hemos encontrado varias opciones que pueden hacerte el invierno.","breadcrumb":{"@id":"https:\/\/graziamagazine.com\/es\/articles\/asi-puedes-copiar-el-abrigo-bata-de-la-reina-letizia-en-dinamarca\/#breadcrumb"},"inLanguage":"es","potentialAction":[{"@type":"ReadAction","target":["https:\/\/graziamagazine.com\/es\/articles\/asi-puedes-copiar-el-abrigo-bata-de-la-reina-letizia-en-dinamarca\/"]}]},{"@type":"BreadcrumbList","@id":"https:\/\/graziamagazine.com\/es\/articles\/asi-puedes-copiar-el-abrigo-bata-de-la-reina-letizia-en-dinamarca\/#breadcrumb","itemListElement":[{"@type":"ListItem","position":1,"name":"Portada","item":"https:\/\/graziamagazine.com\/es\/"},{"@type":"ListItem","position":2,"name":"As\u00ed puedes copiar el abrigo bata de la reina Letizia en Dinamarca"}]},{"@type":"WebSite","@id":"https:\/\/graziamagazine.com\/es\/#website","url":"https:\/\/graziamagazine.com\/es\/","name":"Grazia","description":"Moda, belleza, celebrities, estilo de vida...","potentialAction":[{"@type":"SearchAction","target":{"@type":"EntryPoint","urlTemplate":"https:\/\/graziamagazine.com\/es\/?s={search_term_string}"},"query-input":"required name=search_term_string"}],"inLanguage":"es"}]}},"jetpack_sharing_enabled":true,"distributor_meta":false,"distributor_terms":false,"distributor_media":false,"distributor_original_site_name":"Grazia","distributor_original_site_url":"https:\/\/graziamagazine.com\/es","push-errors":false,"_links":{"self":[{"href":"https:\/\/graziamagazine.com\/es\/wp-json\/wp\/v2\/articles\/173125"}],"collection":[{"href":"https:\/\/graziamagazine.com\/es\/wp-json\/wp\/v2\/articles"}],"about":[{"href":"https:\/\/graziamagazine.com\/es\/wp-json\/wp\/v2\/types\/articles"}],"author":[{"embeddable":true,"href":"https:\/\/graziamagazine.com\/es\/wp-json\/wp\/v2\/users\/11653"}],"wp:featuredmedia":[{"embeddable":true,"href":"https:\/\/graziamagazine.com\/es\/wp-json\/wp\/v2\/media\/173126"}],"wp:attachment":[{"href":"https:\/\/graziamagazine.com\/es\/wp-json\/wp\/v2\/media?parent=173125"}],"wp:term":[{"taxonomy":"category","embeddable":true,"href":"https:\/\/graziamagazine.com\/es\/wp-json\/wp\/v2\/categories?post=173125"}],"curies":[{"name":"wp","href":"https:\/\/api.w.org\/{rel}","templated":true}]}}