{"id":173114,"date":"2023-11-10T09:00:27","date_gmt":"2023-11-10T08:00:27","guid":{"rendered":"https:\/\/graziamagazine.com\/es\/?post_type=articles&#038;p=173114"},"modified":"2023-11-10T05:10:17","modified_gmt":"2023-11-10T04:10:17","slug":"asi-se-lleva-el-pelo-cobrizo-esta-temporada","status":"publish","type":"articles","link":"https:\/\/graziamagazine.com\/es\/articles\/asi-se-lleva-el-pelo-cobrizo-esta-temporada\/","title":{"rendered":"As\u00ed se lleva el pelo cobrizo esta temporada"},"content":{"rendered":"<p>El <strong>pelo cobrizo<\/strong> ha sido un s\u00edmbolo de belleza y distinci\u00f3n a lo largo de la historia. Desde la famosa reina<strong> Elizabeth I<\/strong> hasta celebridades modernas como<strong> Julianne Moore y Emma Stone<\/strong>, las pelirrojas siempre han destacado por su cabello distintivo. Esta temporada, el pelo cobrizo est\u00e1 m\u00e1s de moda que nunca.<\/p>\n<p>El cabello rojo, en todas sus variaciones, est\u00e1 experimentando un resurgimiento en la moda en la actualidad. Las pasarelas y las alfombras rojas est\u00e1n llenas de celebridades luciendo hermosos tonos cobrizos, desde los rojos intensos hasta los tonos m\u00e1s sutiles de cobre.<\/p>\n<figure id=\"attachment_131098\" class=\"wp-caption alignnone\" style=\"width: 853px\" aria-describedby=\"caption-attachment-131098\"><img loading=\"lazy\" decoding=\"async\" class=\"size-large wp-image-131098\" src=\"https:\/\/graziamagazine.com\/mx\/wp-content\/uploads\/sites\/13\/2023\/11\/16466787525812.jpg?w=853&amp;resize=853%2C1024\" alt=\"Las pelirrojas est\u00e1n de moda: As\u00ed se lleva el pelo cobrizo esta temporada\" width=\"853\" height=\"1024\" data-recalc-dims=\"1\" \/><\/figure>\n<p>Las razones detr\u00e1s de este renacimiento son diversas, pero una de las principales es la apreciaci\u00f3n de la singularidad y la individualidad en el mundo de la belleza.<\/p>\n<ol>\n<li><strong>Rojo Intenso:<\/strong> El rojo intenso es una de las opciones m\u00e1s audaces y llamativas. Este tono encantador es perfecto para quienes desean destacar y crear un impacto duradero.<\/li>\n<li><strong>Cobre Suave:<\/strong> Si prefieres un enfoque m\u00e1s discreto, el cobre suave es una excelente opci\u00f3n. Este tono sutil agrega calidez y brillo a tu cabello sin ser demasiado llamativo.<\/li>\n<li><strong>Mezcla de Rubios y Rojos:<\/strong> Una tendencia popular es combinar tonos rubios con tonos rojos. Esto crea un aspecto \u00fanico y moderno que es ideal para las amantes de la moda.<\/li>\n<li><strong>Cabello Rojizo en Flequillo:<\/strong> Si deseas incorporar el cobrizo de manera m\u00e1s sutil, considera te\u00f1ir solo tu flequillo. Esto a\u00f1ade un toque de color sin comprometer todo tu look.<\/li>\n<\/ol>\n<figure id=\"attachment_131100\" class=\"wp-caption alignnone\" style=\"width: 852px\" aria-describedby=\"caption-attachment-131100\"><img loading=\"lazy\" decoding=\"async\" class=\"size-large wp-image-131100\" src=\"https:\/\/graziamagazine.com\/mx\/wp-content\/uploads\/sites\/13\/2023\/11\/Captura-de-Pantalla-2023-11-07-a-las-13.09.13.png?w=852&amp;resize=852%2C1024\" alt=\"Las pelirrojas est\u00e1n de moda: As\u00ed se lleva el pelo cobrizo esta temporada\" width=\"852\" height=\"1024\" data-recalc-dims=\"1\" \/><\/figure>\n<p>El cabello cobrizo puede ser delicado y requiere un cuidado especial para mantener su brillo y vitalidad. Aseg\u00farate de utilizar productos dise\u00f1ados para cabello te\u00f1ido y evitar el exceso de calor en la forma de secadores y planchas.<\/p>\n<p>Tambi\u00e9n, utiliza un champ\u00fa y acondicionador espec\u00edficos para cabello rojo para prolongar la intensidad del color.<\/p>\n<figure id=\"attachment_131101\" class=\"wp-caption alignnone\" style=\"width: 813px\" aria-describedby=\"caption-attachment-131101\"><img loading=\"lazy\" decoding=\"async\" class=\"size-large wp-image-131101\" src=\"https:\/\/graziamagazine.com\/mx\/wp-content\/uploads\/sites\/13\/2023\/11\/Captura-de-Pantalla-2023-11-07-a-las-13.09.49.png?w=813&amp;resize=813%2C1024\" alt=\"Las pelirrojas est\u00e1n de moda: As\u00ed se lleva el pelo cobrizo esta temporada\" width=\"813\" height=\"1024\" data-recalc-dims=\"1\" \/><\/figure>\n<p>El pelo cobrizo est\u00e1 tomando el mundo de la moda por asalto en esta temporada. Ya sea que elijas un rojo intenso, un cobre suave o una mezcla de colores, este look te har\u00e1 destacar en cualquier lugar.<\/p>\n<p>No temas explorar con este tono atrevido y abrazar la individualidad que representa. \u00a1Este es el momento perfecto para unirse a la tendencia de las pelirrojas!<\/p>\n<p><em><strong>*IMAGEN: Google Images<\/strong><\/em><\/p>\n","protected":false},"author":16349,"featured_media":173115,"template":"","format":"standard","categories":[7],"acf":[],"yoast_head":"<!-- This site is optimized with the Yoast SEO Premium plugin v18.5 (Yoast SEO v20.4) - https:\/\/yoast.com\/wordpress\/plugins\/seo\/ -->\n<title>As\u00ed se lleva el pelo cobrizo esta temporada<\/title>\n<meta name=\"description\" content=\"Te contamos como lucir un cabello cobrizo durante esta temporada y como cuidar de el sin fallar en el intento\" \/>\n<meta name=\"robots\" content=\"index, follow, max-snippet:-1, max-image-preview:large, max-video-preview:-1\" \/>\n<link rel=\"canonical\" href=\"https:\/\/graziamagazine.com\/es\/articles\/asi-se-lleva-el-pelo-cobrizo-esta-temporada\/\" \/>\n<meta property=\"og:locale\" content=\"es_ES\" \/>\n<meta property=\"og:type\" content=\"article\" \/>\n<meta property=\"og:title\" content=\"As\u00ed se lleva el pelo cobrizo esta temporada\" \/>\n<meta property=\"og:description\" content=\"Te contamos como lucir un cabello cobrizo durante esta temporada y como cuidar de el sin fallar en el intento\" \/>\n<meta property=\"og:url\" content=\"https:\/\/graziamagazine.com\/es\/articles\/asi-se-lleva-el-pelo-cobrizo-esta-temporada\/\" \/>\n<meta property=\"og:site_name\" content=\"Grazia\" \/>\n<meta property=\"article:modified_time\" content=\"2023-11-10T04:10:17+00:00\" \/>\n<meta property=\"og:image\" content=\"https:\/\/graziamagazine.com\/es\/wp-content\/uploads\/sites\/12\/2023\/11\/Blorange-color-hibrido-pelirrojo-encima_1617748284_145023413_1200x675.png?fit=1200%2C675\" \/>\n\t<meta property=\"og:image:width\" content=\"1200\" \/>\n\t<meta property=\"og:image:height\" content=\"675\" \/>\n\t<meta property=\"og:image:type\" content=\"image\/png\" \/>\n<meta name=\"twitter:card\" content=\"summary_large_image\" \/>\n<meta name=\"twitter:label1\" content=\"Est. reading time\" \/>\n\t<meta name=\"twitter:data1\" content=\"3 minutos\" \/>\n<script type=\"application\/ld+json\" class=\"yoast-schema-graph\">{\"@context\":\"https:\/\/schema.org\",\"@graph\":[{\"@type\":\"WebPage\",\"@id\":\"https:\/\/graziamagazine.com\/es\/articles\/asi-se-lleva-el-pelo-cobrizo-esta-temporada\/\",\"url\":\"https:\/\/graziamagazine.com\/es\/articles\/asi-se-lleva-el-pelo-cobrizo-esta-temporada\/\",\"name\":\"As\u00ed se lleva el pelo cobrizo esta temporada\",\"isPartOf\":{\"@id\":\"https:\/\/graziamagazine.com\/es\/#website\"},\"datePublished\":\"2023-11-10T08:00:27+00:00\",\"dateModified\":\"2023-11-10T04:10:17+00:00\",\"description\":\"Te contamos como lucir un cabello cobrizo durante esta temporada y como cuidar de el sin fallar en el intento\",\"breadcrumb\":{\"@id\":\"https:\/\/graziamagazine.com\/es\/articles\/asi-se-lleva-el-pelo-cobrizo-esta-temporada\/#breadcrumb\"},\"inLanguage\":\"es\",\"potentialAction\":[{\"@type\":\"ReadAction\",\"target\":[\"https:\/\/graziamagazine.com\/es\/articles\/asi-se-lleva-el-pelo-cobrizo-esta-temporada\/\"]}]},{\"@type\":\"BreadcrumbList\",\"@id\":\"https:\/\/graziamagazine.com\/es\/articles\/asi-se-lleva-el-pelo-cobrizo-esta-temporada\/#breadcrumb\",\"itemListElement\":[{\"@type\":\"ListItem\",\"position\":1,\"name\":\"Portada\",\"item\":\"https:\/\/graziamagazine.com\/es\/\"},{\"@type\":\"ListItem\",\"position\":2,\"name\":\"As\u00ed se lleva el pelo cobrizo esta temporada\"}]},{\"@type\":\"WebSite\",\"@id\":\"https:\/\/graziamagazine.com\/es\/#website\",\"url\":\"https:\/\/graziamagazine.com\/es\/\",\"name\":\"Grazia\",\"description\":\"Moda, belleza, celebrities, estilo de vida...\",\"potentialAction\":[{\"@type\":\"SearchAction\",\"target\":{\"@type\":\"EntryPoint\",\"urlTemplate\":\"https:\/\/graziamagazine.com\/es\/?s={search_term_string}\"},\"query-input\":\"required name=search_term_string\"}],\"inLanguage\":\"es\"}]}<\/script>\n<!-- \/ Yoast SEO Premium plugin. -->","yoast_head_json":{"title":"As\u00ed se lleva el pelo cobrizo esta temporada","description":"Te contamos como lucir un cabello cobrizo durante esta temporada y como cuidar de el sin fallar en el intento","robots":{"index":"index","follow":"follow","max-snippet":"max-snippet:-1","max-image-preview":"max-image-preview:large","max-video-preview":"max-video-preview:-1"},"canonical":"https:\/\/graziamagazine.com\/es\/articles\/asi-se-lleva-el-pelo-cobrizo-esta-temporada\/","og_locale":"es_ES","og_type":"article","og_title":"As\u00ed se lleva el pelo cobrizo esta temporada","og_description":"Te contamos como lucir un cabello cobrizo durante esta temporada y como cuidar de el sin fallar en el intento","og_url":"https:\/\/graziamagazine.com\/es\/articles\/asi-se-lleva-el-pelo-cobrizo-esta-temporada\/","og_site_name":"Grazia","article_modified_time":"2023-11-10T04:10:17+00:00","og_image":[{"width":1200,"height":675,"url":"https:\/\/graziamagazine.com\/es\/wp-content\/uploads\/sites\/12\/2023\/11\/Blorange-color-hibrido-pelirrojo-encima_1617748284_145023413_1200x675.png?fit=1200%2C675","type":"image\/png"}],"twitter_card":"summary_large_image","twitter_misc":{"Est. reading time":"3 minutos"},"schema":{"@context":"https:\/\/schema.org","@graph":[{"@type":"WebPage","@id":"https:\/\/graziamagazine.com\/es\/articles\/asi-se-lleva-el-pelo-cobrizo-esta-temporada\/","url":"https:\/\/graziamagazine.com\/es\/articles\/asi-se-lleva-el-pelo-cobrizo-esta-temporada\/","name":"As\u00ed se lleva el pelo cobrizo esta temporada","isPartOf":{"@id":"https:\/\/graziamagazine.com\/es\/#website"},"datePublished":"2023-11-10T08:00:27+00:00","dateModified":"2023-11-10T04:10:17+00:00","description":"Te contamos como lucir un cabello cobrizo durante esta temporada y como cuidar de el sin fallar en el intento","breadcrumb":{"@id":"https:\/\/graziamagazine.com\/es\/articles\/asi-se-lleva-el-pelo-cobrizo-esta-temporada\/#breadcrumb"},"inLanguage":"es","potentialAction":[{"@type":"ReadAction","target":["https:\/\/graziamagazine.com\/es\/articles\/asi-se-lleva-el-pelo-cobrizo-esta-temporada\/"]}]},{"@type":"BreadcrumbList","@id":"https:\/\/graziamagazine.com\/es\/articles\/asi-se-lleva-el-pelo-cobrizo-esta-temporada\/#breadcrumb","itemListElement":[{"@type":"ListItem","position":1,"name":"Portada","item":"https:\/\/graziamagazine.com\/es\/"},{"@type":"ListItem","position":2,"name":"As\u00ed se lleva el pelo cobrizo esta temporada"}]},{"@type":"WebSite","@id":"https:\/\/graziamagazine.com\/es\/#website","url":"https:\/\/graziamagazine.com\/es\/","name":"Grazia","description":"Moda, belleza, celebrities, estilo de vida...","potentialAction":[{"@type":"SearchAction","target":{"@type":"EntryPoint","urlTemplate":"https:\/\/graziamagazine.com\/es\/?s={search_term_string}"},"query-input":"required name=search_term_string"}],"inLanguage":"es"}]}},"jetpack_sharing_enabled":true,"distributor_meta":false,"distributor_terms":false,"distributor_media":false,"distributor_original_site_name":"Grazia","distributor_original_site_url":"https:\/\/graziamagazine.com\/es","push-errors":false,"_links":{"self":[{"href":"https:\/\/graziamagazine.com\/es\/wp-json\/wp\/v2\/articles\/173114"}],"collection":[{"href":"https:\/\/graziamagazine.com\/es\/wp-json\/wp\/v2\/articles"}],"about":[{"href":"https:\/\/graziamagazine.com\/es\/wp-json\/wp\/v2\/types\/articles"}],"author":[{"embeddable":true,"href":"https:\/\/graziamagazine.com\/es\/wp-json\/wp\/v2\/users\/16349"}],"wp:featuredmedia":[{"embeddable":true,"href":"https:\/\/graziamagazine.com\/es\/wp-json\/wp\/v2\/media\/173115"}],"wp:attachment":[{"href":"https:\/\/graziamagazine.com\/es\/wp-json\/wp\/v2\/media?parent=173114"}],"wp:term":[{"taxonomy":"category","embeddable":true,"href":"https:\/\/graziamagazine.com\/es\/wp-json\/wp\/v2\/categories?post=173114"}],"curies":[{"name":"wp","href":"https:\/\/api.w.org\/{rel}","templated":true}]}}