{"id":172997,"date":"2023-11-02T09:44:14","date_gmt":"2023-11-02T08:44:14","guid":{"rendered":"https:\/\/graziamagazine.com\/es\/?post_type=articles&#038;p=172997"},"modified":"2023-11-02T09:44:14","modified_gmt":"2023-11-02T08:44:14","slug":"la-luna-influye-en-el-cabello-las-expertas-responden","status":"publish","type":"articles","link":"https:\/\/graziamagazine.com\/es\/articles\/la-luna-influye-en-el-cabello-las-expertas-responden\/","title":{"rendered":"\u00bfLa luna influye en el cabello? \u00a1Las expertas responden!"},"content":{"rendered":"<div class=\"HeaderRenderer_renderer__dpgga\">\n<section class=\"prezly-slate-document\" data-version=\"0.50\">\n<p class=\"Subtitle_subtitle__fvSfR\">A pesar de que no existe evidencia cient\u00edfica al respecto, la creencia de que el calendario lunar influye en el crecimiento del cabello est\u00e1 ampliamente extendida. Las expertas nos cuentan qu\u00e9 hay de cierto y tips expertos para ganar cent\u00edmetros con m\u00e1s rapidez.<\/p>\n<h3 class=\"styles_headingTwo__ZQS6u\">\u00bfDe d\u00f3nde surge esta creencia?<\/h3>\n<p class=\"styles_paragraph__GiKq6\"><em>\u00abSeg\u00fan esta creencia popular, si cortas el cabello mientras la luna se encuentra en cuarto menguante, este crecer\u00e1 m\u00e1s lentamente; en cambio, si lo cortas durante la luna creciente, el crecimiento ser\u00e1 m\u00e1s r\u00e1pido. Quienes lo defienden\u00a0<\/em><em><strong>se basan en la atracci\u00f3n gravitacional que ejerce la luna sobre la Tierra<\/strong><\/em><em>\u00a0y que crea ciclos de mareas m\u00e1s altas y m\u00e1s bajas, pero realmente\u00a0<\/em><em><strong>no hay ning\u00fan estudio cient\u00edfico<\/strong><\/em><em>\u00a0que lo avale\u00bb<\/em>, se\u00f1ala\u00a0<a href=\"https:\/\/www.instagram.com\/camposcurlyhair\/?hl=es\"class=\"styles_link__gwrpq\"  target=\"_self\" rel=\"noopener noreferrer\" target=\"_blank\"><strong>Conchi Arias<\/strong><\/a>, fundadora de\u00a0<a href=\"https:\/\/www.camposcurlyhair.com\/\"class=\"styles_link__gwrpq\"  target=\"_self\" rel=\"noopener noreferrer\" target=\"_blank\"><strong>Campos Curlyhair<\/strong><\/a>\u00a0(Granada).<\/p>\n<p class=\"styles_paragraph__GiKq6\">Por su parte,<em>\u00a0<\/em><a href=\"https:\/\/www.instagram.com\/llatacarrerapeluqueria\/?hl=es\"class=\"styles_link__gwrpq\"  target=\"_self\" rel=\"noopener noreferrer\" target=\"_blank\"><strong>M\u00aa Jos\u00e9 Llata<\/strong><\/a><strong>,<\/strong>\u00a0directora de<strong>\u00a0<\/strong><a href=\"https:\/\/www.llatacarrera.com\/\"class=\"styles_link__gwrpq\"  target=\"_self\" rel=\"noopener noreferrer\" target=\"_blank\"><strong>Peluquer\u00eda Llata Carrera<\/strong><\/a>, en Santa Cruz de Bezana (Cantabria), explica:<em>\u00a0\u00abAunque el efecto no sea muy notable, s\u00ed puede existir tal influencia. Al fin y al cabo,\u00a0<\/em><em><strong>nuestro cuerpo est\u00e1 compuesto principalmente de agua,\u00a0<\/strong><\/em><em>por lo que la misma gravedad de la luna que atrae las mareas puede tener una influencia sobre nosotros. Por otra parte,<\/em><em><strong>\u00a0tambi\u00e9n hay que tener en cuenta las condiciones de humedad y luz.\u00a0<\/strong><\/em><em>Aqu\u00ed en Santander, por ejemplo, se percibe claramente c\u00f3mo el cabello crece m\u00e1s en primavera, que suele tener much\u00edsima luz y ser muy lluviosa.\u00bb<\/em><\/p>\n<h3 class=\"styles_headingTwo__ZQS6u\">Consejos PRO que debes tener en cuenta<\/h3>\n<p class=\"styles_paragraph__GiKq6\"><em>\u00abPara decidir cu\u00e1ndo cortar el cabello, debemos tener en cuenta aspectos como<\/em><em><strong>\u00a0las puntas, si est\u00e1n estropeadas o no, o el propio corte,<\/strong><\/em><em>\u00a0ya que puede que queramos mantenerlo igual y que no se descontrole al crecer. En estos casos, lo ideal es cortar, en cabello liso, cada mes y medio, y en cabello rizado cada 3 meses, aproximadamente. Si lo que queremos es dejar nuestra melena larga, podemos cortar 1 cent\u00edmetro cada 3 o 4 meses, en cabello liso, y unos 2 cent\u00edmetros cada 5 o 6 meses, en cabello rizado. Asimismo, realizar masajes nocturnos a diario sobre el cuero cabelludo tambi\u00e9n puede ayudar a estimular el riego sangu\u00edneo y que el cabello crezca m\u00e1s r\u00e1pido\u00bb<\/em>, recomienda\u00a0<a href=\"https:\/\/www.instagram.com\/camposcurlyhair\/?hl=es\"class=\"styles_link__gwrpq\"  target=\"_self\" rel=\"noopener noreferrer\" target=\"_blank\"><strong>Conchi Arias<\/strong><\/a>.<\/p>\n<p class=\"styles_paragraph__GiKq6\"><em>\u00abSi queremos que nuestro cabello crezca m\u00e1s r\u00e1pido, es sumamente importante\u00a0<\/em><em><strong>tener un cuero cabelludo saneado<\/strong><\/em><em>, para que haya un correcto suministro de nutrientes a los fol\u00edculos pilosos. Esto significa que debe estar limpio, permeable y con nutrientes, y los fol\u00edculos pilosos abiertos y no inflamados, que permitan una hidrataci\u00f3n \u00f3ptima y la recepci\u00f3n de estos nutrientes. En este sentido, otro aspecto clave es seguir una\u00a0<\/em><em><strong>correcta alimentaci\u00f3n<\/strong><\/em><em>\u00a0e incluso complementarla con suplementos alimenticios de vitaminas y minerales\u00bb,<\/em>\u00a0cuenta\u00a0<a href=\"https:\/\/www.instagram.com\/llatacarrerapeluqueria\/?hl=es\"class=\"styles_link__gwrpq\"  target=\"_self\" rel=\"noopener noreferrer\" target=\"_blank\"><strong>M\u00aa Jos\u00e9 Llata<\/strong><\/a><strong>.<\/strong><\/p>\n<p><em>*Imagen: cortes\u00eda<\/em><\/p>\n<\/section>\n<\/div>\n","protected":false},"author":11653,"featured_media":172998,"template":"","format":"standard","categories":[3054],"acf":[],"yoast_head":"<!-- This site is optimized with the Yoast SEO Premium plugin v18.5 (Yoast SEO v20.4) - https:\/\/yoast.com\/wordpress\/plugins\/seo\/ -->\n<title>\u00bfLa luna influye en el cabello? \u00a1Las expertas responden!<\/title>\n<meta name=\"description\" content=\"Aunque no existe evidencia cient\u00edfica, la creencia de que el calendario lunar influye en el crecimiento del cabello est\u00e1 muy extendida.\" \/>\n<meta name=\"robots\" content=\"index, follow, max-snippet:-1, max-image-preview:large, max-video-preview:-1\" \/>\n<link rel=\"canonical\" href=\"https:\/\/graziamagazine.com\/es\/articles\/la-luna-influye-en-el-cabello-las-expertas-responden\/\" \/>\n<meta property=\"og:locale\" content=\"es_ES\" \/>\n<meta property=\"og:type\" content=\"article\" \/>\n<meta property=\"og:title\" content=\"\u00bfLa luna influye en el cabello? \u00a1Las expertas responden!\" \/>\n<meta property=\"og:description\" content=\"Aunque no existe evidencia cient\u00edfica, la creencia de que el calendario lunar influye en el crecimiento del cabello est\u00e1 muy extendida.\" \/>\n<meta property=\"og:url\" content=\"https:\/\/graziamagazine.com\/es\/articles\/la-luna-influye-en-el-cabello-las-expertas-responden\/\" \/>\n<meta property=\"og:site_name\" content=\"Grazia\" \/>\n<meta property=\"og:image\" content=\"https:\/\/graziamagazine.com\/es\/wp-content\/uploads\/sites\/12\/2023\/11\/pexels-vitaliy-mitrofanenko-9248296.jpg\" \/>\n\t<meta property=\"og:image:width\" content=\"2400\" \/>\n\t<meta property=\"og:image:height\" content=\"1500\" \/>\n\t<meta property=\"og:image:type\" content=\"image\/jpeg\" \/>\n<meta name=\"twitter:card\" content=\"summary_large_image\" \/>\n<meta name=\"twitter:label1\" content=\"Est. reading time\" \/>\n\t<meta name=\"twitter:data1\" content=\"3 minutos\" \/>\n<script type=\"application\/ld+json\" class=\"yoast-schema-graph\">{\"@context\":\"https:\/\/schema.org\",\"@graph\":[{\"@type\":\"WebPage\",\"@id\":\"https:\/\/graziamagazine.com\/es\/articles\/la-luna-influye-en-el-cabello-las-expertas-responden\/\",\"url\":\"https:\/\/graziamagazine.com\/es\/articles\/la-luna-influye-en-el-cabello-las-expertas-responden\/\",\"name\":\"\u00bfLa luna influye en el cabello? \u00a1Las expertas responden!\",\"isPartOf\":{\"@id\":\"https:\/\/graziamagazine.com\/es\/#website\"},\"datePublished\":\"2023-11-02T08:44:14+00:00\",\"dateModified\":\"2023-11-02T08:44:14+00:00\",\"description\":\"Aunque no existe evidencia cient\u00edfica, la creencia de que el calendario lunar influye en el crecimiento del cabello est\u00e1 muy extendida.\",\"breadcrumb\":{\"@id\":\"https:\/\/graziamagazine.com\/es\/articles\/la-luna-influye-en-el-cabello-las-expertas-responden\/#breadcrumb\"},\"inLanguage\":\"es\",\"potentialAction\":[{\"@type\":\"ReadAction\",\"target\":[\"https:\/\/graziamagazine.com\/es\/articles\/la-luna-influye-en-el-cabello-las-expertas-responden\/\"]}]},{\"@type\":\"BreadcrumbList\",\"@id\":\"https:\/\/graziamagazine.com\/es\/articles\/la-luna-influye-en-el-cabello-las-expertas-responden\/#breadcrumb\",\"itemListElement\":[{\"@type\":\"ListItem\",\"position\":1,\"name\":\"Portada\",\"item\":\"https:\/\/graziamagazine.com\/es\/\"},{\"@type\":\"ListItem\",\"position\":2,\"name\":\"\u00bfLa luna influye en el cabello? \u00a1Las expertas responden!\"}]},{\"@type\":\"WebSite\",\"@id\":\"https:\/\/graziamagazine.com\/es\/#website\",\"url\":\"https:\/\/graziamagazine.com\/es\/\",\"name\":\"Grazia\",\"description\":\"Moda, belleza, celebrities, estilo de vida...\",\"potentialAction\":[{\"@type\":\"SearchAction\",\"target\":{\"@type\":\"EntryPoint\",\"urlTemplate\":\"https:\/\/graziamagazine.com\/es\/?s={search_term_string}\"},\"query-input\":\"required name=search_term_string\"}],\"inLanguage\":\"es\"}]}<\/script>\n<!-- \/ Yoast SEO Premium plugin. -->","yoast_head_json":{"title":"\u00bfLa luna influye en el cabello? \u00a1Las expertas responden!","description":"Aunque no existe evidencia cient\u00edfica, la creencia de que el calendario lunar influye en el crecimiento del cabello est\u00e1 muy extendida.","robots":{"index":"index","follow":"follow","max-snippet":"max-snippet:-1","max-image-preview":"max-image-preview:large","max-video-preview":"max-video-preview:-1"},"canonical":"https:\/\/graziamagazine.com\/es\/articles\/la-luna-influye-en-el-cabello-las-expertas-responden\/","og_locale":"es_ES","og_type":"article","og_title":"\u00bfLa luna influye en el cabello? \u00a1Las expertas responden!","og_description":"Aunque no existe evidencia cient\u00edfica, la creencia de que el calendario lunar influye en el crecimiento del cabello est\u00e1 muy extendida.","og_url":"https:\/\/graziamagazine.com\/es\/articles\/la-luna-influye-en-el-cabello-las-expertas-responden\/","og_site_name":"Grazia","og_image":[{"width":2400,"height":1500,"url":"https:\/\/graziamagazine.com\/es\/wp-content\/uploads\/sites\/12\/2023\/11\/pexels-vitaliy-mitrofanenko-9248296.jpg","type":"image\/jpeg"}],"twitter_card":"summary_large_image","twitter_misc":{"Est. reading time":"3 minutos"},"schema":{"@context":"https:\/\/schema.org","@graph":[{"@type":"WebPage","@id":"https:\/\/graziamagazine.com\/es\/articles\/la-luna-influye-en-el-cabello-las-expertas-responden\/","url":"https:\/\/graziamagazine.com\/es\/articles\/la-luna-influye-en-el-cabello-las-expertas-responden\/","name":"\u00bfLa luna influye en el cabello? \u00a1Las expertas responden!","isPartOf":{"@id":"https:\/\/graziamagazine.com\/es\/#website"},"datePublished":"2023-11-02T08:44:14+00:00","dateModified":"2023-11-02T08:44:14+00:00","description":"Aunque no existe evidencia cient\u00edfica, la creencia de que el calendario lunar influye en el crecimiento del cabello est\u00e1 muy extendida.","breadcrumb":{"@id":"https:\/\/graziamagazine.com\/es\/articles\/la-luna-influye-en-el-cabello-las-expertas-responden\/#breadcrumb"},"inLanguage":"es","potentialAction":[{"@type":"ReadAction","target":["https:\/\/graziamagazine.com\/es\/articles\/la-luna-influye-en-el-cabello-las-expertas-responden\/"]}]},{"@type":"BreadcrumbList","@id":"https:\/\/graziamagazine.com\/es\/articles\/la-luna-influye-en-el-cabello-las-expertas-responden\/#breadcrumb","itemListElement":[{"@type":"ListItem","position":1,"name":"Portada","item":"https:\/\/graziamagazine.com\/es\/"},{"@type":"ListItem","position":2,"name":"\u00bfLa luna influye en el cabello? \u00a1Las expertas responden!"}]},{"@type":"WebSite","@id":"https:\/\/graziamagazine.com\/es\/#website","url":"https:\/\/graziamagazine.com\/es\/","name":"Grazia","description":"Moda, belleza, celebrities, estilo de vida...","potentialAction":[{"@type":"SearchAction","target":{"@type":"EntryPoint","urlTemplate":"https:\/\/graziamagazine.com\/es\/?s={search_term_string}"},"query-input":"required name=search_term_string"}],"inLanguage":"es"}]}},"jetpack_sharing_enabled":true,"distributor_meta":false,"distributor_terms":false,"distributor_media":false,"distributor_original_site_name":"Grazia","distributor_original_site_url":"https:\/\/graziamagazine.com\/es","push-errors":false,"_links":{"self":[{"href":"https:\/\/graziamagazine.com\/es\/wp-json\/wp\/v2\/articles\/172997"}],"collection":[{"href":"https:\/\/graziamagazine.com\/es\/wp-json\/wp\/v2\/articles"}],"about":[{"href":"https:\/\/graziamagazine.com\/es\/wp-json\/wp\/v2\/types\/articles"}],"author":[{"embeddable":true,"href":"https:\/\/graziamagazine.com\/es\/wp-json\/wp\/v2\/users\/11653"}],"wp:featuredmedia":[{"embeddable":true,"href":"https:\/\/graziamagazine.com\/es\/wp-json\/wp\/v2\/media\/172998"}],"wp:attachment":[{"href":"https:\/\/graziamagazine.com\/es\/wp-json\/wp\/v2\/media?parent=172997"}],"wp:term":[{"taxonomy":"category","embeddable":true,"href":"https:\/\/graziamagazine.com\/es\/wp-json\/wp\/v2\/categories?post=172997"}],"curies":[{"name":"wp","href":"https:\/\/api.w.org\/{rel}","templated":true}]}}