{"id":172900,"date":"2023-10-26T16:47:06","date_gmt":"2023-10-26T14:47:06","guid":{"rendered":"https:\/\/graziamagazine.com\/es\/?post_type=articles&#038;p=172900"},"modified":"2023-10-26T16:47:06","modified_gmt":"2023-10-26T14:47:06","slug":"alba-carrillo-tiene-el-vestido-fairy-tale-perfecto-de-noche","status":"publish","type":"articles","link":"https:\/\/graziamagazine.com\/es\/articles\/alba-carrillo-tiene-el-vestido-fairy-tale-perfecto-de-noche\/","title":{"rendered":"Alba Carrillo tiene el vestido &#8216;fairy tale&#8217; perfecto de noche"},"content":{"rendered":"<p dir=\"ltr\">Las redes sociales son una de las mayores herramientas a la hora de encontrar inspiraci\u00f3n para nuestro d\u00eda a d\u00eda, nuestros looks o incluso para descubrir firmas nuevas. Es ah\u00ed donde las prescriptoras de moda, influencers, celebrities y creadoras de contenido dan rienda suelta a su imaginaci\u00f3n y comparten sus estilismos tanto diarios como los que llevan en ocasiones m\u00e1s especiales como fiestas. Alba Carillo ha sido la \u00faltima en compartirlo ayer mismo.<\/p>\n<p dir=\"ltr\"><span id=\"x_docs-internal-guid-5782481c-7fff-7261-bab8-780a25f9ee96\">La presentadora, que triunfa en televisi\u00f3n y redes sociales gracias a su naturalidad y espont\u00e1neidad, t<\/span>ambi\u00e9n es una apasionada de la moda y aprovecha cada ocasi\u00f3n que puede para compartir con todos sus seguidores sus \u00faltimos estilismos. Tal es as\u00ed que, <a href=\"https:\/\/celiab.com\/\" target=\"_blank\"><strong>pudimos ver a Alba luciendo un dise\u00f1o de la firma espa\u00f1ola<\/strong> <strong>Celia B<\/strong><\/a> en uno de los \u00faltimos eventos a los que acudi\u00f3, rode\u00e1ndose de amigas y compa\u00f1eras del sector. \u00c9sta no es la primera vez que Alba opta por un<em> look <\/em>de la dise\u00f1adora asturiana, y es que ya confi\u00f3 en su talento para vertir de la firma en la presentaci\u00f3n de su \u00faltimo <em>Lista para la vida.<\/em><\/p>\n<p dir=\"ltr\"><img loading=\"lazy\" decoding=\"async\" class=\"aligncenter size-full wp-image-172903\" src=\"https:\/\/graziamagazine.com\/es\/wp-content\/uploads\/sites\/12\/2023\/10\/DSC4687.jpg_baja.jpg\" alt=\"\" width=\"1024\" height=\"1534\" \/><\/p>\n<p dir=\"ltr\">Para su \u00faltimo evento, la madrile\u00f1a no quiso perder la oportunidad de acudir vestida con un colorido y original look al m\u00e1s puro estilo <em>&#8216;fairy tale&#8217;<\/em> de la firma. El vestido en cuesti\u00f3n es un dise\u00f1o blanco, de largo midi, silueta evas\u00e9 y mangas abullonadas. Estampado con corazones multicolor, adornado con dos volantes al cuello y alrededor de un prominente escote, este divertido y rom\u00e1ntico dise\u00f1o hizo deslumbrar a Alba.<\/p>\n<p dir=\"ltr\"><img loading=\"lazy\" decoding=\"async\" class=\"aligncenter size-full wp-image-172901\" src=\"https:\/\/graziamagazine.com\/es\/wp-content\/uploads\/sites\/12\/2023\/10\/CELIA_B_DAIQUIRI_DRESS_394E_1.jpg_baja.jpg\" alt=\"\" width=\"1024\" height=\"1536\" \/><\/p>\n<p dir=\"ltr\">El dise\u00f1o escogido por Carrillo forma parte de <em>Party after midnight,<\/em> una colecci\u00f3n de la firma Celia B que re\u00fane el glamour y la versatilidad de las piezas m\u00e1s especiales de la firma, tanto para las celebraciones que est\u00e1n por llegar como para cualquier ocasi\u00f3n especial, como una noche de fiesta con amigas. Un dise\u00f1o \u00fanico para vivir en una eterna fiesta donde los brillos y destellos de las lentejuelas son los encargados de poner luz a los d\u00edas m\u00e1s fr\u00edos de invierno.<\/p>\n<p dir=\"ltr\"><em>*Im\u00e1genes: cortes\u00eda<\/em><\/p>\n<p dir=\"ltr\">\n","protected":false},"author":11653,"featured_media":172902,"template":"","format":"standard","categories":[13],"acf":[],"yoast_head":"<!-- This site is optimized with the Yoast SEO Premium plugin v18.5 (Yoast SEO v20.4) - https:\/\/yoast.com\/wordpress\/plugins\/seo\/ -->\n<title>Alba Carrillo tiene el vestido &#039;fairy tale&#039; perfecto de noche | Grazia<\/title>\n<meta name=\"description\" content=\"Con cuello &#039;Peter pan&#039;, mangas ligeramente abullonadas y detalles dorados, la modelo sorprende con un look no apto para chicas discretas.\" \/>\n<meta name=\"robots\" content=\"index, follow, max-snippet:-1, max-image-preview:large, max-video-preview:-1\" \/>\n<link rel=\"canonical\" href=\"https:\/\/graziamagazine.com\/es\/articles\/alba-carrillo-tiene-el-vestido-fairy-tale-perfecto-de-noche\/\" \/>\n<meta property=\"og:locale\" content=\"es_ES\" \/>\n<meta property=\"og:type\" content=\"article\" \/>\n<meta property=\"og:title\" content=\"Alba Carrillo tiene el vestido &#039;fairy tale&#039; perfecto de noche\" \/>\n<meta property=\"og:description\" content=\"Con cuello &#039;Peter pan&#039;, mangas ligeramente abullonadas y detalles dorados, la modelo sorprende con un look no apto para chicas discretas.\" \/>\n<meta property=\"og:url\" content=\"https:\/\/graziamagazine.com\/es\/articles\/alba-carrillo-tiene-el-vestido-fairy-tale-perfecto-de-noche\/\" \/>\n<meta property=\"og:site_name\" content=\"Grazia\" \/>\n<meta property=\"og:image\" content=\"https:\/\/graziamagazine.com\/es\/wp-content\/uploads\/sites\/12\/2023\/10\/PORTADA_SeV_DESFILE_NY__16.jpg\" \/>\n\t<meta property=\"og:image:width\" content=\"2000\" \/>\n\t<meta property=\"og:image:height\" content=\"1125\" \/>\n\t<meta property=\"og:image:type\" content=\"image\/jpeg\" \/>\n<meta name=\"twitter:card\" content=\"summary_large_image\" \/>\n<meta name=\"twitter:label1\" content=\"Est. reading time\" \/>\n\t<meta name=\"twitter:data1\" content=\"2 minutos\" \/>\n<script type=\"application\/ld+json\" class=\"yoast-schema-graph\">{\"@context\":\"https:\/\/schema.org\",\"@graph\":[{\"@type\":\"WebPage\",\"@id\":\"https:\/\/graziamagazine.com\/es\/articles\/alba-carrillo-tiene-el-vestido-fairy-tale-perfecto-de-noche\/\",\"url\":\"https:\/\/graziamagazine.com\/es\/articles\/alba-carrillo-tiene-el-vestido-fairy-tale-perfecto-de-noche\/\",\"name\":\"Alba Carrillo tiene el vestido 'fairy tale' perfecto de noche | Grazia\",\"isPartOf\":{\"@id\":\"https:\/\/graziamagazine.com\/es\/#website\"},\"datePublished\":\"2023-10-26T14:47:06+00:00\",\"dateModified\":\"2023-10-26T14:47:06+00:00\",\"description\":\"Con cuello 'Peter pan', mangas ligeramente abullonadas y detalles dorados, la modelo sorprende con un look no apto para chicas discretas.\",\"breadcrumb\":{\"@id\":\"https:\/\/graziamagazine.com\/es\/articles\/alba-carrillo-tiene-el-vestido-fairy-tale-perfecto-de-noche\/#breadcrumb\"},\"inLanguage\":\"es\",\"potentialAction\":[{\"@type\":\"ReadAction\",\"target\":[\"https:\/\/graziamagazine.com\/es\/articles\/alba-carrillo-tiene-el-vestido-fairy-tale-perfecto-de-noche\/\"]}]},{\"@type\":\"BreadcrumbList\",\"@id\":\"https:\/\/graziamagazine.com\/es\/articles\/alba-carrillo-tiene-el-vestido-fairy-tale-perfecto-de-noche\/#breadcrumb\",\"itemListElement\":[{\"@type\":\"ListItem\",\"position\":1,\"name\":\"Portada\",\"item\":\"https:\/\/graziamagazine.com\/es\/\"},{\"@type\":\"ListItem\",\"position\":2,\"name\":\"Alba Carrillo tiene el vestido &#8216;fairy tale&#8217; perfecto de noche\"}]},{\"@type\":\"WebSite\",\"@id\":\"https:\/\/graziamagazine.com\/es\/#website\",\"url\":\"https:\/\/graziamagazine.com\/es\/\",\"name\":\"Grazia\",\"description\":\"Moda, belleza, celebrities, estilo de vida...\",\"potentialAction\":[{\"@type\":\"SearchAction\",\"target\":{\"@type\":\"EntryPoint\",\"urlTemplate\":\"https:\/\/graziamagazine.com\/es\/?s={search_term_string}\"},\"query-input\":\"required name=search_term_string\"}],\"inLanguage\":\"es\"}]}<\/script>\n<!-- \/ Yoast SEO Premium plugin. -->","yoast_head_json":{"title":"Alba Carrillo tiene el vestido 'fairy tale' perfecto de noche | Grazia","description":"Con cuello 'Peter pan', mangas ligeramente abullonadas y detalles dorados, la modelo sorprende con un look no apto para chicas discretas.","robots":{"index":"index","follow":"follow","max-snippet":"max-snippet:-1","max-image-preview":"max-image-preview:large","max-video-preview":"max-video-preview:-1"},"canonical":"https:\/\/graziamagazine.com\/es\/articles\/alba-carrillo-tiene-el-vestido-fairy-tale-perfecto-de-noche\/","og_locale":"es_ES","og_type":"article","og_title":"Alba Carrillo tiene el vestido 'fairy tale' perfecto de noche","og_description":"Con cuello 'Peter pan', mangas ligeramente abullonadas y detalles dorados, la modelo sorprende con un look no apto para chicas discretas.","og_url":"https:\/\/graziamagazine.com\/es\/articles\/alba-carrillo-tiene-el-vestido-fairy-tale-perfecto-de-noche\/","og_site_name":"Grazia","og_image":[{"width":2000,"height":1125,"url":"https:\/\/graziamagazine.com\/es\/wp-content\/uploads\/sites\/12\/2023\/10\/PORTADA_SeV_DESFILE_NY__16.jpg","type":"image\/jpeg"}],"twitter_card":"summary_large_image","twitter_misc":{"Est. reading time":"2 minutos"},"schema":{"@context":"https:\/\/schema.org","@graph":[{"@type":"WebPage","@id":"https:\/\/graziamagazine.com\/es\/articles\/alba-carrillo-tiene-el-vestido-fairy-tale-perfecto-de-noche\/","url":"https:\/\/graziamagazine.com\/es\/articles\/alba-carrillo-tiene-el-vestido-fairy-tale-perfecto-de-noche\/","name":"Alba Carrillo tiene el vestido 'fairy tale' perfecto de noche | Grazia","isPartOf":{"@id":"https:\/\/graziamagazine.com\/es\/#website"},"datePublished":"2023-10-26T14:47:06+00:00","dateModified":"2023-10-26T14:47:06+00:00","description":"Con cuello 'Peter pan', mangas ligeramente abullonadas y detalles dorados, la modelo sorprende con un look no apto para chicas discretas.","breadcrumb":{"@id":"https:\/\/graziamagazine.com\/es\/articles\/alba-carrillo-tiene-el-vestido-fairy-tale-perfecto-de-noche\/#breadcrumb"},"inLanguage":"es","potentialAction":[{"@type":"ReadAction","target":["https:\/\/graziamagazine.com\/es\/articles\/alba-carrillo-tiene-el-vestido-fairy-tale-perfecto-de-noche\/"]}]},{"@type":"BreadcrumbList","@id":"https:\/\/graziamagazine.com\/es\/articles\/alba-carrillo-tiene-el-vestido-fairy-tale-perfecto-de-noche\/#breadcrumb","itemListElement":[{"@type":"ListItem","position":1,"name":"Portada","item":"https:\/\/graziamagazine.com\/es\/"},{"@type":"ListItem","position":2,"name":"Alba Carrillo tiene el vestido &#8216;fairy tale&#8217; perfecto de noche"}]},{"@type":"WebSite","@id":"https:\/\/graziamagazine.com\/es\/#website","url":"https:\/\/graziamagazine.com\/es\/","name":"Grazia","description":"Moda, belleza, celebrities, estilo de vida...","potentialAction":[{"@type":"SearchAction","target":{"@type":"EntryPoint","urlTemplate":"https:\/\/graziamagazine.com\/es\/?s={search_term_string}"},"query-input":"required name=search_term_string"}],"inLanguage":"es"}]}},"jetpack_sharing_enabled":true,"distributor_meta":false,"distributor_terms":false,"distributor_media":false,"distributor_original_site_name":"Grazia","distributor_original_site_url":"https:\/\/graziamagazine.com\/es","push-errors":false,"_links":{"self":[{"href":"https:\/\/graziamagazine.com\/es\/wp-json\/wp\/v2\/articles\/172900"}],"collection":[{"href":"https:\/\/graziamagazine.com\/es\/wp-json\/wp\/v2\/articles"}],"about":[{"href":"https:\/\/graziamagazine.com\/es\/wp-json\/wp\/v2\/types\/articles"}],"author":[{"embeddable":true,"href":"https:\/\/graziamagazine.com\/es\/wp-json\/wp\/v2\/users\/11653"}],"wp:featuredmedia":[{"embeddable":true,"href":"https:\/\/graziamagazine.com\/es\/wp-json\/wp\/v2\/media\/172902"}],"wp:attachment":[{"href":"https:\/\/graziamagazine.com\/es\/wp-json\/wp\/v2\/media?parent=172900"}],"wp:term":[{"taxonomy":"category","embeddable":true,"href":"https:\/\/graziamagazine.com\/es\/wp-json\/wp\/v2\/categories?post=172900"}],"curies":[{"name":"wp","href":"https:\/\/api.w.org\/{rel}","templated":true}]}}