{"id":172848,"date":"2023-10-23T08:30:22","date_gmt":"2023-10-23T06:30:22","guid":{"rendered":"https:\/\/graziamagazine.com\/es\/?post_type=articles&#038;p=172848"},"modified":"2023-10-24T17:45:54","modified_gmt":"2023-10-24T15:45:54","slug":"cloudtilt-la-segunda-colaboracion-de-loewe-x-on-running","status":"publish","type":"articles","link":"https:\/\/graziamagazine.com\/es\/articles\/cloudtilt-la-segunda-colaboracion-de-loewe-x-on-running\/","title":{"rendered":"Cloudtilt, la segunda colaboraci\u00f3n de LOEWE x ON Running"},"content":{"rendered":"<p>Esta temporada est\u00e1 m\u00e1s fuerte que nunca en cuanto a colaboraciones se refiere. Las marcas de moda no dejan de sorprendernos, y tambi\u00e9n de generarnos nuevas necesidades y objetos de deseo para sumar a nuestro armario. La \u00faltima en anunciar una colaboraci\u00f3n que ya no es nueva, si no que se repite, es <strong>LOEWE<\/strong> quien se suma a <strong>On<\/strong> para crear\u00a0<strong>las Cloudtilt<\/strong>, una zapatilla para un estilo de vida din\u00e1mico que combina un dise\u00f1o meticuloso con ingenier\u00eda suiza, continuando la exploraci\u00f3n com\u00fan de las marcas de la artesan\u00eda y la tecnolog\u00eda. La nueva silueta de la zapatilla presenta Clouds que se pliegan secuencialmente y se adaptan al movimiento del usuario para transferir el peso del tal\u00f3n a la punta del pie.<\/p>\n<p>Se convierte en la primera zapatilla de la gama Lifestyle de On en incorporar CloudTec\u00ae Phase: una tecnolog\u00eda de entresuela generada por ordenador que ofrece amortiguaci\u00f3n con menos componentes para una pisada suave y ultraligera. La Cloudtilt, que se ha ajustado mediante el software de Finite Element Analysis que simula la tensi\u00f3n que sufren las piernas y los pies al caminar, se ha fabricado con precisi\u00f3n para proporcionar una amortiguaci\u00f3n superior durante largos d\u00edas en pie.<\/p>\n<p><img loading=\"lazy\" decoding=\"async\" class=\"aligncenter size-full wp-image-172850\" src=\"https:\/\/graziamagazine.com\/es\/wp-content\/uploads\/sites\/12\/2023\/10\/LOEWE_FW23_ON_D4_SL_RGB_CROPPED_2250X3000_1.jpg\" alt=\"\" width=\"1000\" height=\"1333\" \/><\/p>\n<p>Con una <strong>estructura de calcet\u00edn de punto<\/strong>, cordones r\u00e1pidos y la marca colaborativa <a href=\"https:\/\/www.loewe.com\/eur\/es\/stories-collection\/loewe-on-running.html\" target=\"_blank\">LOEWE \u00d7 On,<\/a> las Cloudtilt resultan en un dise\u00f1o aerodin\u00e1mico. Con una <strong>suela exterior de espuma EVA<\/strong> para proporcionar una pisada suave y minimizar el uso de caucho (que s\u00f3lo aparece en puntos de contacto espec\u00edficos) y una <strong>parte superior de malla fabricada con un 99% de poli\u00e9ster reciclado<\/strong>, las Cloudtilt marcan el \u00faltimo cap\u00edtulo en el compromiso de LOEWE \u00d7 On con el rendimiento y la sostenibilidad. Todo el embalaje est\u00e1 fabricado con materiales industriales 100% reciclados.<\/p>\n<p><img loading=\"lazy\" decoding=\"async\" class=\"aligncenter size-full wp-image-172849\" src=\"https:\/\/graziamagazine.com\/es\/wp-content\/uploads\/sites\/12\/2023\/10\/loewe-fw23-on-d4-sl-rgb-cropped-5x4-20-652428742acc8.jpg\" alt=\"\" width=\"980\" height=\"784\" \/><\/p>\n<p><strong>Las Cloudtilt estar\u00e1n disponibles en dos versiones<\/strong>, cada una con su propia paleta de colores. Las drop 1 para <strong>hombre<\/strong>, que est\u00e1n a la venta desde el 12 de octubre, estar\u00e1n disponibles en <strong>blanco, negro, verde lima, verde caqui y azul marino<\/strong>, mientras que las drop 1 para <strong>mujer<\/strong> estar\u00e1n disponibles en <strong>blanco, negro, verde lima, rosa p\u00farpura y azul marino<\/strong>. Las drop 2 de hombre, disponibles en enero de 2024, incluyen tonos arena, rosa salvaje y gris pizarra, mientras que las drop 2 de mujer incluyen arena, rosa salvaje y rojo remolacha.<\/p>\n<p><img loading=\"lazy\" decoding=\"async\" class=\"aligncenter size-full wp-image-172853\" src=\"https:\/\/graziamagazine.com\/es\/wp-content\/uploads\/sites\/12\/2023\/10\/LOEWE_FW23_ON_D4_RTW_RGB_CROPPED_2250X3000_1-1-copia.jpg\" alt=\"\" width=\"1024\" height=\"1365\" \/><\/p>\n<p>La campa\u00f1a de lanzamiento, fotografiada por Thibaut Grevet, celebra la artesan\u00eda del movimiento y el enfoque tecnol\u00f3gico de la colaboraci\u00f3n. Ya puedes hacerte con la colecci\u00f3n en loewe.com, en tiendas selectas en on.com y su precio es de <strong><a href=\"https:\/\/www.loewe.com\/eur\/es\/mujer\/zapatos\/sneakers\" target=\"_blank\">400 euros<\/a><\/strong>.<\/p>\n<p><em>*Im\u00e1genes: cortes\u00eda<\/em><\/p>\n","protected":false},"author":11653,"featured_media":172852,"template":"","format":"standard","categories":[1],"acf":[],"yoast_head":"<!-- This site is optimized with the Yoast SEO Premium plugin v18.5 (Yoast SEO v20.4) - https:\/\/yoast.com\/wordpress\/plugins\/seo\/ -->\n<title>Cloudtilt, la segunda colaboraci\u00f3n de LOEWE x ON Running<\/title>\n<meta name=\"description\" content=\"La tecnolog\u00eda suiza y el dise\u00f1o espa\u00f1ol combinan a la perfecci\u00f3n en esta nueva zapatilla para los amantes de los sneakers.\" \/>\n<meta name=\"robots\" content=\"index, follow, max-snippet:-1, max-image-preview:large, max-video-preview:-1\" \/>\n<link rel=\"canonical\" href=\"https:\/\/graziamagazine.com\/es\/articles\/cloudtilt-la-segunda-colaboracion-de-loewe-x-on-running\/\" \/>\n<meta property=\"og:locale\" content=\"es_ES\" \/>\n<meta property=\"og:type\" content=\"article\" \/>\n<meta property=\"og:title\" content=\"Cloudtilt, la segunda colaboraci\u00f3n de LOEWE x ON Running\" \/>\n<meta property=\"og:description\" content=\"La tecnolog\u00eda suiza y el dise\u00f1o espa\u00f1ol combinan a la perfecci\u00f3n en esta nueva zapatilla para los amantes de los sneakers.\" \/>\n<meta property=\"og:url\" content=\"https:\/\/graziamagazine.com\/es\/articles\/cloudtilt-la-segunda-colaboracion-de-loewe-x-on-running\/\" \/>\n<meta property=\"og:site_name\" content=\"Grazia\" \/>\n<meta property=\"article:modified_time\" content=\"2023-10-24T15:45:54+00:00\" \/>\n<meta property=\"og:image\" content=\"https:\/\/graziamagazine.com\/es\/wp-content\/uploads\/sites\/12\/2023\/10\/LOEWE_FW23_ON_D4_SL_RGB_CROPPED_2880X1620_16-copia.jpg\" \/>\n\t<meta property=\"og:image:width\" content=\"1600\" \/>\n\t<meta property=\"og:image:height\" content=\"900\" \/>\n\t<meta property=\"og:image:type\" content=\"image\/jpeg\" \/>\n<meta name=\"twitter:card\" content=\"summary_large_image\" \/>\n<meta name=\"twitter:label1\" content=\"Est. reading time\" \/>\n\t<meta name=\"twitter:data1\" content=\"3 minutos\" \/>\n<script type=\"application\/ld+json\" class=\"yoast-schema-graph\">{\"@context\":\"https:\/\/schema.org\",\"@graph\":[{\"@type\":\"WebPage\",\"@id\":\"https:\/\/graziamagazine.com\/es\/articles\/cloudtilt-la-segunda-colaboracion-de-loewe-x-on-running\/\",\"url\":\"https:\/\/graziamagazine.com\/es\/articles\/cloudtilt-la-segunda-colaboracion-de-loewe-x-on-running\/\",\"name\":\"Cloudtilt, la segunda colaboraci\u00f3n de LOEWE x ON Running\",\"isPartOf\":{\"@id\":\"https:\/\/graziamagazine.com\/es\/#website\"},\"datePublished\":\"2023-10-23T06:30:22+00:00\",\"dateModified\":\"2023-10-24T15:45:54+00:00\",\"description\":\"La tecnolog\u00eda suiza y el dise\u00f1o espa\u00f1ol combinan a la perfecci\u00f3n en esta nueva zapatilla para los amantes de los sneakers.\",\"breadcrumb\":{\"@id\":\"https:\/\/graziamagazine.com\/es\/articles\/cloudtilt-la-segunda-colaboracion-de-loewe-x-on-running\/#breadcrumb\"},\"inLanguage\":\"es\",\"potentialAction\":[{\"@type\":\"ReadAction\",\"target\":[\"https:\/\/graziamagazine.com\/es\/articles\/cloudtilt-la-segunda-colaboracion-de-loewe-x-on-running\/\"]}]},{\"@type\":\"BreadcrumbList\",\"@id\":\"https:\/\/graziamagazine.com\/es\/articles\/cloudtilt-la-segunda-colaboracion-de-loewe-x-on-running\/#breadcrumb\",\"itemListElement\":[{\"@type\":\"ListItem\",\"position\":1,\"name\":\"Portada\",\"item\":\"https:\/\/graziamagazine.com\/es\/\"},{\"@type\":\"ListItem\",\"position\":2,\"name\":\"Cloudtilt, la segunda colaboraci\u00f3n de LOEWE x ON Running\"}]},{\"@type\":\"WebSite\",\"@id\":\"https:\/\/graziamagazine.com\/es\/#website\",\"url\":\"https:\/\/graziamagazine.com\/es\/\",\"name\":\"Grazia\",\"description\":\"Moda, belleza, celebrities, estilo de vida...\",\"potentialAction\":[{\"@type\":\"SearchAction\",\"target\":{\"@type\":\"EntryPoint\",\"urlTemplate\":\"https:\/\/graziamagazine.com\/es\/?s={search_term_string}\"},\"query-input\":\"required name=search_term_string\"}],\"inLanguage\":\"es\"}]}<\/script>\n<!-- \/ Yoast SEO Premium plugin. -->","yoast_head_json":{"title":"Cloudtilt, la segunda colaboraci\u00f3n de LOEWE x ON Running","description":"La tecnolog\u00eda suiza y el dise\u00f1o espa\u00f1ol combinan a la perfecci\u00f3n en esta nueva zapatilla para los amantes de los sneakers.","robots":{"index":"index","follow":"follow","max-snippet":"max-snippet:-1","max-image-preview":"max-image-preview:large","max-video-preview":"max-video-preview:-1"},"canonical":"https:\/\/graziamagazine.com\/es\/articles\/cloudtilt-la-segunda-colaboracion-de-loewe-x-on-running\/","og_locale":"es_ES","og_type":"article","og_title":"Cloudtilt, la segunda colaboraci\u00f3n de LOEWE x ON Running","og_description":"La tecnolog\u00eda suiza y el dise\u00f1o espa\u00f1ol combinan a la perfecci\u00f3n en esta nueva zapatilla para los amantes de los sneakers.","og_url":"https:\/\/graziamagazine.com\/es\/articles\/cloudtilt-la-segunda-colaboracion-de-loewe-x-on-running\/","og_site_name":"Grazia","article_modified_time":"2023-10-24T15:45:54+00:00","og_image":[{"width":1600,"height":900,"url":"https:\/\/graziamagazine.com\/es\/wp-content\/uploads\/sites\/12\/2023\/10\/LOEWE_FW23_ON_D4_SL_RGB_CROPPED_2880X1620_16-copia.jpg","type":"image\/jpeg"}],"twitter_card":"summary_large_image","twitter_misc":{"Est. reading time":"3 minutos"},"schema":{"@context":"https:\/\/schema.org","@graph":[{"@type":"WebPage","@id":"https:\/\/graziamagazine.com\/es\/articles\/cloudtilt-la-segunda-colaboracion-de-loewe-x-on-running\/","url":"https:\/\/graziamagazine.com\/es\/articles\/cloudtilt-la-segunda-colaboracion-de-loewe-x-on-running\/","name":"Cloudtilt, la segunda colaboraci\u00f3n de LOEWE x ON Running","isPartOf":{"@id":"https:\/\/graziamagazine.com\/es\/#website"},"datePublished":"2023-10-23T06:30:22+00:00","dateModified":"2023-10-24T15:45:54+00:00","description":"La tecnolog\u00eda suiza y el dise\u00f1o espa\u00f1ol combinan a la perfecci\u00f3n en esta nueva zapatilla para los amantes de los sneakers.","breadcrumb":{"@id":"https:\/\/graziamagazine.com\/es\/articles\/cloudtilt-la-segunda-colaboracion-de-loewe-x-on-running\/#breadcrumb"},"inLanguage":"es","potentialAction":[{"@type":"ReadAction","target":["https:\/\/graziamagazine.com\/es\/articles\/cloudtilt-la-segunda-colaboracion-de-loewe-x-on-running\/"]}]},{"@type":"BreadcrumbList","@id":"https:\/\/graziamagazine.com\/es\/articles\/cloudtilt-la-segunda-colaboracion-de-loewe-x-on-running\/#breadcrumb","itemListElement":[{"@type":"ListItem","position":1,"name":"Portada","item":"https:\/\/graziamagazine.com\/es\/"},{"@type":"ListItem","position":2,"name":"Cloudtilt, la segunda colaboraci\u00f3n de LOEWE x ON Running"}]},{"@type":"WebSite","@id":"https:\/\/graziamagazine.com\/es\/#website","url":"https:\/\/graziamagazine.com\/es\/","name":"Grazia","description":"Moda, belleza, celebrities, estilo de vida...","potentialAction":[{"@type":"SearchAction","target":{"@type":"EntryPoint","urlTemplate":"https:\/\/graziamagazine.com\/es\/?s={search_term_string}"},"query-input":"required name=search_term_string"}],"inLanguage":"es"}]}},"jetpack_sharing_enabled":true,"distributor_meta":false,"distributor_terms":false,"distributor_media":false,"distributor_original_site_name":"Grazia","distributor_original_site_url":"https:\/\/graziamagazine.com\/es","push-errors":false,"_links":{"self":[{"href":"https:\/\/graziamagazine.com\/es\/wp-json\/wp\/v2\/articles\/172848"}],"collection":[{"href":"https:\/\/graziamagazine.com\/es\/wp-json\/wp\/v2\/articles"}],"about":[{"href":"https:\/\/graziamagazine.com\/es\/wp-json\/wp\/v2\/types\/articles"}],"author":[{"embeddable":true,"href":"https:\/\/graziamagazine.com\/es\/wp-json\/wp\/v2\/users\/11653"}],"wp:featuredmedia":[{"embeddable":true,"href":"https:\/\/graziamagazine.com\/es\/wp-json\/wp\/v2\/media\/172852"}],"wp:attachment":[{"href":"https:\/\/graziamagazine.com\/es\/wp-json\/wp\/v2\/media?parent=172848"}],"wp:term":[{"taxonomy":"category","embeddable":true,"href":"https:\/\/graziamagazine.com\/es\/wp-json\/wp\/v2\/categories?post=172848"}],"curies":[{"name":"wp","href":"https:\/\/api.w.org\/{rel}","templated":true}]}}