{"id":172701,"date":"2023-10-13T09:00:12","date_gmt":"2023-10-13T07:00:12","guid":{"rendered":"https:\/\/graziamagazine.com\/es\/?post_type=articles&#038;p=172701"},"modified":"2023-10-12T21:59:44","modified_gmt":"2023-10-12T19:59:44","slug":"el-nutricosmetico-definitivo-para-el-cuidado-holistico","status":"publish","type":"articles","link":"https:\/\/graziamagazine.com\/es\/articles\/el-nutricosmetico-definitivo-para-el-cuidado-holistico\/","title":{"rendered":"El nutricosm\u00e9tico definitivo para el cuidado hol\u00edstico"},"content":{"rendered":"<p>La forma en que vivimos tiene un impacto significativo en c\u00f3mo nos vemos. El estr\u00e9s que experimentamos afecta tanto a nuestro cuerpo como a nuestra mente, manifest\u00e1ndose en s\u00edntomas f\u00edsicos y mentales como nerviosismo, dificultades para dormir, falta de concentraci\u00f3n, envejecimiento prematuro de la piel, ca\u00edda del cabello y cambios de peso.<br aria-hidden=\"true\" \/>\u00a0<br aria-hidden=\"true\" \/>Para cuidar tanto el\u00a0<strong>bienestar a nivel F\u00cdSICO como MENTAL,<\/strong>\u00a0<strong>Eiralabs, el laboratorio de referencia espa\u00f1ol de nutricosm\u00e9tica de alta calidad,\u00a0<\/strong>propone un\u00a0<strong>nutricosm\u00e9tico clave<\/strong>:\u00a0<strong>BE WISE INNER booster,\u00a0<\/strong>con una f\u00f3rmula completa con activos naturales PREMIUM en las dosis adecuadas. El nutricosm\u00e9tico definitivo para el bienestar que se ve y se siente.<\/p>\n<h3>\u00bfQu\u00e9 efectos consigue?<\/h3>\n<ol start=\"1\" type=\"1\">\n<li class=\"x_MsoNormal\">Fortalece el cabello, la piel y las u\u00f1as.<\/li>\n<li class=\"x_MsoNormal\">Promueve la relajaci\u00f3n y reduce el estr\u00e9s.<\/li>\n<li class=\"x_MsoNormal\">Mejora la salud inmunol\u00f3gica y reduce la inflamaci\u00f3n.<\/li>\n<li class=\"x_MsoNormal\">Estimula la producci\u00f3n de col\u00e1geno para una piel radiante.<\/li>\n<li class=\"x_MsoNormal\">Aumenta la energ\u00eda y la vitalidad.<\/li>\n<\/ol>\n<h3>\u00bfCu\u00e1les son sus ingredientes activos?<\/h3>\n<p class=\"x_MsoNormal\">Eiralabs\u00a0<strong>BE WISE INNER booster<\/strong>\u00a0aporta queratina\u00a0<strong>Cynatine<sup>\u00ae<\/sup>\u00a0HNS,<\/strong> una queratina bioactiva natural biodisponible, es decir, que el organismo puede utilizar cuando la tomamos por v\u00eda oral, aportando todas sus propiedades naturales. De hecho, su capacidad de asimilaci\u00f3n por parte del organismo es del 96%. Este ingrediente esencial fortalece el cabello y las u\u00f1as, devolvi\u00e9ndoles su brillo y vitalidad, lo que es especialmente beneficioso despu\u00e9s de la exposici\u00f3n al sol y al agua del verano.<\/p>\n<p><img loading=\"lazy\" decoding=\"async\" class=\"aligncenter wp-image-172702 size-full\" src=\"https:\/\/graziamagazine.com\/es\/wp-content\/uploads\/sites\/12\/2023\/10\/1481be1a-2a86-9ab0-a2de-9b80eb17b412-e1697140324403.jpg\" alt=\"\" width=\"859\" height=\"702\" \/><\/p>\n<p class=\"x_MsoNormal\">La <strong><u>SENSORI<\/u><\/strong><strong><u>L\u2122<\/u><\/strong> (extracto de <strong>ashwagandha)<\/strong> es conocida por sus propiedades de reducci\u00f3n del estr\u00e9s, ayudando a equilibrar la mente y el cuerpo mientras te enfrentas a las demandas de la rutina diaria. <strong><u>HYDROCURC\u00ae (extracto de c\u00farcuma),<\/u><\/strong> poderoso antioxidante y antiinflamatorio que contribuye a una piel m\u00e1s sana y a la reducci\u00f3n de la inflamaci\u00f3n.\u00a0<strong><u>PYCNOGENOL<sup>\u00ae<\/sup> (Extracto de pino mar\u00edtimo franc\u00e9s) <\/u><\/strong>que apoya la producci\u00f3n de col\u00e1geno, ayudando a mantener una piel radiante y joven <strong><u>(BIOPERINE<sup>\u00ae<\/sup>) extracto seco de pimienta <\/u><\/strong>que mejora la absorci\u00f3n de los nutrientes clave de Be Wise, asegurando que obtengas el m\u00e1ximo beneficio de cada c\u00e1psula. Tambi\u00e9n vitaminas <strong>B5, vitamina D y Biotin<\/strong>a, que desempe\u00f1an un papel crucial en la salud de la piel, el cabello y las u\u00f1as, y en el mantenimiento de una energ\u00eda \u00f3ptima.<\/p>\n<p>De venta en farmacias, parafarmacias y en <a href=\"https:\/\/www.eiralabs.es\/\" target=\"_blank\">https:\/\/www.eiralabs.es\/<\/a>, su precio recomendado es de 79,90 euros (30 tomas)<\/p>\n<p><em>*Im\u00e1genes: cortes\u00eda<\/em><\/p>\n","protected":false},"author":11653,"featured_media":172703,"template":"","format":"standard","categories":[7],"acf":[],"yoast_head":"<!-- This site is optimized with the Yoast SEO Premium plugin v18.5 (Yoast SEO v20.4) - https:\/\/yoast.com\/wordpress\/plugins\/seo\/ -->\n<title>El nutricosm\u00e9tico definitivo para el cuidado hol\u00edstico | Grazia<\/title>\n<meta name=\"description\" content=\"La forma en que vivimos tiene un impacto significativo en c\u00f3mo nos vemos. El estr\u00e9s que experimentamos afecta tanto a nuestro cuerpo como a nuestra mente,\" \/>\n<meta name=\"robots\" content=\"index, follow, max-snippet:-1, max-image-preview:large, max-video-preview:-1\" \/>\n<link rel=\"canonical\" href=\"https:\/\/graziamagazine.com\/es\/articles\/el-nutricosmetico-definitivo-para-el-cuidado-holistico\/\" \/>\n<meta property=\"og:locale\" content=\"es_ES\" \/>\n<meta property=\"og:type\" content=\"article\" \/>\n<meta property=\"og:title\" content=\"El nutricosm\u00e9tico definitivo para el cuidado hol\u00edstico\" \/>\n<meta property=\"og:description\" content=\"La forma en que vivimos tiene un impacto significativo en c\u00f3mo nos vemos. El estr\u00e9s que experimentamos afecta tanto a nuestro cuerpo como a nuestra mente,\" \/>\n<meta property=\"og:url\" content=\"https:\/\/graziamagazine.com\/es\/articles\/el-nutricosmetico-definitivo-para-el-cuidado-holistico\/\" \/>\n<meta property=\"og:site_name\" content=\"Grazia\" \/>\n<meta property=\"article:modified_time\" content=\"2023-10-12T19:59:44+00:00\" \/>\n<meta property=\"og:image\" content=\"https:\/\/graziamagazine.com\/es\/wp-content\/uploads\/sites\/12\/2023\/10\/4110865.jpeg?fit=875%2C500\" \/>\n\t<meta property=\"og:image:width\" content=\"875\" \/>\n\t<meta property=\"og:image:height\" content=\"500\" \/>\n\t<meta property=\"og:image:type\" content=\"image\/jpeg\" \/>\n<meta name=\"twitter:card\" content=\"summary_large_image\" \/>\n<meta name=\"twitter:label1\" content=\"Est. reading time\" \/>\n\t<meta name=\"twitter:data1\" content=\"2 minutos\" \/>\n<script type=\"application\/ld+json\" class=\"yoast-schema-graph\">{\"@context\":\"https:\/\/schema.org\",\"@graph\":[{\"@type\":\"WebPage\",\"@id\":\"https:\/\/graziamagazine.com\/es\/articles\/el-nutricosmetico-definitivo-para-el-cuidado-holistico\/\",\"url\":\"https:\/\/graziamagazine.com\/es\/articles\/el-nutricosmetico-definitivo-para-el-cuidado-holistico\/\",\"name\":\"El nutricosm\u00e9tico definitivo para el cuidado hol\u00edstico | Grazia\",\"isPartOf\":{\"@id\":\"https:\/\/graziamagazine.com\/es\/#website\"},\"datePublished\":\"2023-10-13T07:00:12+00:00\",\"dateModified\":\"2023-10-12T19:59:44+00:00\",\"description\":\"La forma en que vivimos tiene un impacto significativo en c\u00f3mo nos vemos. El estr\u00e9s que experimentamos afecta tanto a nuestro cuerpo como a nuestra mente,\",\"breadcrumb\":{\"@id\":\"https:\/\/graziamagazine.com\/es\/articles\/el-nutricosmetico-definitivo-para-el-cuidado-holistico\/#breadcrumb\"},\"inLanguage\":\"es\",\"potentialAction\":[{\"@type\":\"ReadAction\",\"target\":[\"https:\/\/graziamagazine.com\/es\/articles\/el-nutricosmetico-definitivo-para-el-cuidado-holistico\/\"]}]},{\"@type\":\"BreadcrumbList\",\"@id\":\"https:\/\/graziamagazine.com\/es\/articles\/el-nutricosmetico-definitivo-para-el-cuidado-holistico\/#breadcrumb\",\"itemListElement\":[{\"@type\":\"ListItem\",\"position\":1,\"name\":\"Portada\",\"item\":\"https:\/\/graziamagazine.com\/es\/\"},{\"@type\":\"ListItem\",\"position\":2,\"name\":\"El nutricosm\u00e9tico definitivo para el cuidado hol\u00edstico\"}]},{\"@type\":\"WebSite\",\"@id\":\"https:\/\/graziamagazine.com\/es\/#website\",\"url\":\"https:\/\/graziamagazine.com\/es\/\",\"name\":\"Grazia\",\"description\":\"Moda, belleza, celebrities, estilo de vida...\",\"potentialAction\":[{\"@type\":\"SearchAction\",\"target\":{\"@type\":\"EntryPoint\",\"urlTemplate\":\"https:\/\/graziamagazine.com\/es\/?s={search_term_string}\"},\"query-input\":\"required name=search_term_string\"}],\"inLanguage\":\"es\"}]}<\/script>\n<!-- \/ Yoast SEO Premium plugin. -->","yoast_head_json":{"title":"El nutricosm\u00e9tico definitivo para el cuidado hol\u00edstico | Grazia","description":"La forma en que vivimos tiene un impacto significativo en c\u00f3mo nos vemos. El estr\u00e9s que experimentamos afecta tanto a nuestro cuerpo como a nuestra mente,","robots":{"index":"index","follow":"follow","max-snippet":"max-snippet:-1","max-image-preview":"max-image-preview:large","max-video-preview":"max-video-preview:-1"},"canonical":"https:\/\/graziamagazine.com\/es\/articles\/el-nutricosmetico-definitivo-para-el-cuidado-holistico\/","og_locale":"es_ES","og_type":"article","og_title":"El nutricosm\u00e9tico definitivo para el cuidado hol\u00edstico","og_description":"La forma en que vivimos tiene un impacto significativo en c\u00f3mo nos vemos. El estr\u00e9s que experimentamos afecta tanto a nuestro cuerpo como a nuestra mente,","og_url":"https:\/\/graziamagazine.com\/es\/articles\/el-nutricosmetico-definitivo-para-el-cuidado-holistico\/","og_site_name":"Grazia","article_modified_time":"2023-10-12T19:59:44+00:00","og_image":[{"width":875,"height":500,"url":"https:\/\/graziamagazine.com\/es\/wp-content\/uploads\/sites\/12\/2023\/10\/4110865.jpeg?fit=875%2C500","type":"image\/jpeg"}],"twitter_card":"summary_large_image","twitter_misc":{"Est. reading time":"2 minutos"},"schema":{"@context":"https:\/\/schema.org","@graph":[{"@type":"WebPage","@id":"https:\/\/graziamagazine.com\/es\/articles\/el-nutricosmetico-definitivo-para-el-cuidado-holistico\/","url":"https:\/\/graziamagazine.com\/es\/articles\/el-nutricosmetico-definitivo-para-el-cuidado-holistico\/","name":"El nutricosm\u00e9tico definitivo para el cuidado hol\u00edstico | Grazia","isPartOf":{"@id":"https:\/\/graziamagazine.com\/es\/#website"},"datePublished":"2023-10-13T07:00:12+00:00","dateModified":"2023-10-12T19:59:44+00:00","description":"La forma en que vivimos tiene un impacto significativo en c\u00f3mo nos vemos. El estr\u00e9s que experimentamos afecta tanto a nuestro cuerpo como a nuestra mente,","breadcrumb":{"@id":"https:\/\/graziamagazine.com\/es\/articles\/el-nutricosmetico-definitivo-para-el-cuidado-holistico\/#breadcrumb"},"inLanguage":"es","potentialAction":[{"@type":"ReadAction","target":["https:\/\/graziamagazine.com\/es\/articles\/el-nutricosmetico-definitivo-para-el-cuidado-holistico\/"]}]},{"@type":"BreadcrumbList","@id":"https:\/\/graziamagazine.com\/es\/articles\/el-nutricosmetico-definitivo-para-el-cuidado-holistico\/#breadcrumb","itemListElement":[{"@type":"ListItem","position":1,"name":"Portada","item":"https:\/\/graziamagazine.com\/es\/"},{"@type":"ListItem","position":2,"name":"El nutricosm\u00e9tico definitivo para el cuidado hol\u00edstico"}]},{"@type":"WebSite","@id":"https:\/\/graziamagazine.com\/es\/#website","url":"https:\/\/graziamagazine.com\/es\/","name":"Grazia","description":"Moda, belleza, celebrities, estilo de vida...","potentialAction":[{"@type":"SearchAction","target":{"@type":"EntryPoint","urlTemplate":"https:\/\/graziamagazine.com\/es\/?s={search_term_string}"},"query-input":"required name=search_term_string"}],"inLanguage":"es"}]}},"jetpack_sharing_enabled":true,"distributor_meta":false,"distributor_terms":false,"distributor_media":false,"distributor_original_site_name":"Grazia","distributor_original_site_url":"https:\/\/graziamagazine.com\/es","push-errors":false,"_links":{"self":[{"href":"https:\/\/graziamagazine.com\/es\/wp-json\/wp\/v2\/articles\/172701"}],"collection":[{"href":"https:\/\/graziamagazine.com\/es\/wp-json\/wp\/v2\/articles"}],"about":[{"href":"https:\/\/graziamagazine.com\/es\/wp-json\/wp\/v2\/types\/articles"}],"author":[{"embeddable":true,"href":"https:\/\/graziamagazine.com\/es\/wp-json\/wp\/v2\/users\/11653"}],"wp:featuredmedia":[{"embeddable":true,"href":"https:\/\/graziamagazine.com\/es\/wp-json\/wp\/v2\/media\/172703"}],"wp:attachment":[{"href":"https:\/\/graziamagazine.com\/es\/wp-json\/wp\/v2\/media?parent=172701"}],"wp:term":[{"taxonomy":"category","embeddable":true,"href":"https:\/\/graziamagazine.com\/es\/wp-json\/wp\/v2\/categories?post=172701"}],"curies":[{"name":"wp","href":"https:\/\/api.w.org\/{rel}","templated":true}]}}