{"id":172517,"date":"2023-10-16T09:00:19","date_gmt":"2023-10-16T07:00:19","guid":{"rendered":"https:\/\/graziamagazine.com\/es\/?post_type=articles&#038;p=172517"},"modified":"2023-10-15T21:42:52","modified_gmt":"2023-10-15T19:42:52","slug":"5-bombers-para-que-sigas-la-tendencia-de-la-temporada","status":"publish","type":"articles","link":"https:\/\/graziamagazine.com\/es\/articles\/5-bombers-para-que-sigas-la-tendencia-de-la-temporada\/","title":{"rendered":"5 bombers para que sigas la tendencia de la temporada"},"content":{"rendered":"<p>Cada temporada hay algunas prendas que despuntan como tendencia o que regresan con fuerza. Esta temporada oto\u00f1al, y tambi\u00e9n infernal, una de las prendas que ha regresado con m\u00e1s fuerza que nunca es la bomber, De piel, oversize, impermeable, son muchos los estilos, por eso te damos varias razones por las que debes poner un bomber (si no la tienes) en tu armario.<\/p>\n<h3>5 razones para sumarte a la tendencia<\/h3>\n<p><strong>1. Estilo atemporal:<\/strong> La chaqueta bomber es una prenda cl\u00e1sica que ha perdurado a lo largo de las d\u00e9cadas, lo que la convierte en una elecci\u00f3n de moda atemporal. Su dise\u00f1o vers\u00e1til y su capacidad para combinar con una variedad de estilos hacen que sea una adici\u00f3n valiosa a tu guardarropa.<\/p>\n<p><strong>2. Versatilidad:<\/strong> La chaqueta bomber es incre\u00edblemente vers\u00e1til. Puedes usarla en una amplia gama de ocasiones, desde looks informales hasta m\u00e1s formales. Comb\u00ednala con jeans y zapatillas para un estilo relajado o ponte una camisa y pantalones chinos para un aspecto m\u00e1s sofisticado. Sea cual sea tu estilo, la bomber puede adaptarse.<\/p>\n<p><strong>3. Comodidad y funcionalidad:<\/strong> Estas chaquetas est\u00e1n dise\u00f1adas para brindar comodidad y funcionalidad. Su ajuste holgado y sus pu\u00f1os el\u00e1sticos garantizan un uso c\u00f3modo en todas las estaciones. Adem\u00e1s, muchos modelos incluyen bolsillos pr\u00e1cticos para llevar tus objetos personales de manera segura.<\/p>\n<p><strong>4. Protecci\u00f3n contra el clima:<\/strong> Las chaquetas bomber suelen estar confeccionadas con materiales resistentes al viento y a la lluvia, lo que las convierte en una excelente opci\u00f3n para protegerte de las inclemencias del tiempo. Son ideales para los d\u00edas fr\u00edos o ventosos, manteni\u00e9ndote abrigado y c\u00f3modo.<\/p>\n<p><strong>5. Variedad de dise\u00f1os:<\/strong> En la actualidad, las chaquetas bomber est\u00e1n disponibles en una amplia variedad de dise\u00f1os, colores y patrones. Esto significa que puedes encontrar una que se adapte perfectamente a tu estilo personal. Ya sea que prefieras un aspecto cl\u00e1sico en negro o azul marino, o desees algo m\u00e1s llamativo con estampados y colores vibrantes, hay una chaqueta bomber para cada gusto.<\/p>\n<h3>5 ideas para sumar a tu armario<\/h3>\n<p>Bomber acolchada de cuello redondo y aplicaciones joya. <strong><a href=\"https:\/\/www.zara.com\/es\/es\/bomber-acolchada-joyas-p04770637.html?v1=292393005\" target=\"_blank\">35,95 euros en Zara<\/a><\/strong><\/p>\n<p><img loading=\"lazy\" decoding=\"async\" class=\"aligncenter wp-image-172727 size-full\" src=\"https:\/\/graziamagazine.com\/es\/wp-content\/uploads\/sites\/12\/2023\/10\/4770637712_6_1_1-e1697397247739.jpg\" alt=\"\" width=\"1960\" height=\"1838\" \/><\/p>\n<p>Bomber con cuello entrecruzado en\u00a0<span class=\"multiline-text Titles_subtitle__ogb7i product-titles-subtitle Titles_subtitle--couture__1AXUl\">Jacquard de tafet\u00e1n t\u00e9cnico azul y crudo con motivo Dior Oblique.<strong> <a href=\"https:\/\/www.dior.com\/es_es\/fashion\/products\/357C63A2970_X5803-bomber-con-cuello-entrecruzado-jacquard-de-tafetan-tecnico-azul-y-crudo-con-motivo-dior-oblique\" target=\"_blank\">3.300 euros en Dior<\/a><\/strong><\/span><\/p>\n<p><img loading=\"lazy\" decoding=\"async\" class=\"aligncenter size-full wp-image-172729\" src=\"https:\/\/graziamagazine.com\/es\/wp-content\/uploads\/sites\/12\/2023\/10\/1690801225_357C63A2970_X5803_E01_ZHC-copia.jpg\" alt=\"\" width=\"1024\" height=\"683\" \/><\/p>\n<p>Bomber confeccionada en lana color gris antracita con cuello perkins. <strong><a href=\"https:\/\/www.massimodutti.com\/es\/chaqueta-bomber-mezcla-lana-l06744820?cS=807&amp;gclid=Cj0KCQjwm66pBhDQARIsALIR2zBiy5bkploZui71ZIHmT-6Q1P3fU-Y4obLzzMHqhAGZcIciOEdtqU4aAjyYEALw_wcB\" target=\"_blank\">129 euros en Mango<\/a><\/strong><\/p>\n<p><img loading=\"lazy\" decoding=\"async\" class=\"aligncenter wp-image-172730 size-full\" src=\"https:\/\/graziamagazine.com\/es\/wp-content\/uploads\/sites\/12\/2023\/10\/6744820807_1_1_16-e1697398111397.jpg\" alt=\"\" width=\"1823\" height=\"1756\" \/><\/p>\n<p class=\"product-title\" data-qa-anchor=\"productDetailName\">Cazadora bomber cropped efecto piel desgastada. <strong><a href=\"https:\/\/www.bershka.com\/es\/cazadora-bomber-efecto-piel-desgastada-c0p136602814.html?colorId=810&amp;srsltid=AfmBOor0GnMQF61U8viu3v1HblbHS5epAcfoC3gkAIuO3cosPys9hKZXG8I\" target=\"_blank\">35,99 euros en Bershka<\/a><\/strong><\/p>\n<p data-qa-anchor=\"productDetailName\"><img loading=\"lazy\" decoding=\"async\" class=\"aligncenter wp-image-172731 size-full\" src=\"https:\/\/graziamagazine.com\/es\/wp-content\/uploads\/sites\/12\/2023\/10\/13f0bd09ff056ca234f8d772921d3a65-6528730810_2_4_0-e1697398426311.jpg\" alt=\"\" width=\"1850\" height=\"1468\" \/><\/p>\n<p data-qa-anchor=\"productDetailName\">Cazadora sobredimensionada y satinada con cuello redondo acanalado y bolsillos con solapa. <strong><a href=\"https:\/\/es.sandro-paris.com\/es\/mujer\/cazadoras-et-chaquetas\/cazadora-bomber-sobredimensionada\/SFPBL00872.html?dwvar_SFPBL00872_color=20#q=bomber&amp;universe=Femme&amp;start=1\" target=\"_blank\">375 euros en Sandro<\/a><\/strong><\/p>\n<p data-qa-anchor=\"productDetailName\"><img loading=\"lazy\" decoding=\"async\" class=\"aligncenter wp-image-172732 size-full\" src=\"https:\/\/graziamagazine.com\/es\/wp-content\/uploads\/sites\/12\/2023\/10\/Sandro_SFPBL00872-20_V_P-copia-e1697398555447.jpg\" alt=\"\" width=\"795\" height=\"734\" \/><\/p>\n<p data-qa-anchor=\"productDetailName\"><em>*Im\u00e1genes: Getty Images y cortes\u00eda<\/em><\/p>\n<p>&nbsp;<\/p>\n<p>&nbsp;<\/p>\n<p>&nbsp;<\/p>\n<p>&nbsp;<\/p>\n","protected":false},"author":11653,"featured_media":172725,"template":"","format":"standard","categories":[1],"acf":[],"yoast_head":"<!-- This site is optimized with the Yoast SEO Premium plugin v18.5 (Yoast SEO v20.4) - https:\/\/yoast.com\/wordpress\/plugins\/seo\/ -->\n<title>5 bombers para que sigas la tendencia de la temporada | Grazia<\/title>\n<meta name=\"description\" content=\"Es sin duda ubna de las prendas de la temporada y ha regresado con fuerza despu\u00e9s de varias d\u00e9cadas. Tenemos varias razones para darle un s\u00ed.\" \/>\n<meta name=\"robots\" content=\"index, follow, max-snippet:-1, max-image-preview:large, max-video-preview:-1\" \/>\n<link rel=\"canonical\" href=\"https:\/\/graziamagazine.com\/es\/articles\/5-bombers-para-que-sigas-la-tendencia-de-la-temporada\/\" \/>\n<meta property=\"og:locale\" content=\"es_ES\" \/>\n<meta property=\"og:type\" content=\"article\" \/>\n<meta property=\"og:title\" content=\"5 bombers para que sigas la tendencia de la temporada\" \/>\n<meta property=\"og:description\" content=\"Es sin duda ubna de las prendas de la temporada y ha regresado con fuerza despu\u00e9s de varias d\u00e9cadas. Tenemos varias razones para darle un s\u00ed.\" \/>\n<meta property=\"og:url\" content=\"https:\/\/graziamagazine.com\/es\/articles\/5-bombers-para-que-sigas-la-tendencia-de-la-temporada\/\" \/>\n<meta property=\"og:site_name\" content=\"Grazia\" \/>\n<meta property=\"article:modified_time\" content=\"2023-10-15T19:42:52+00:00\" \/>\n<meta property=\"og:image\" content=\"https:\/\/graziamagazine.com\/es\/wp-content\/uploads\/sites\/12\/2023\/10\/Captura-de-Pantalla-2023-03-20-a-las-10.33.01-copia.jpg?fit=1018%2C1018\" \/>\n\t<meta property=\"og:image:width\" content=\"1018\" \/>\n\t<meta property=\"og:image:height\" content=\"1018\" \/>\n\t<meta property=\"og:image:type\" content=\"image\/jpeg\" \/>\n<meta name=\"twitter:card\" content=\"summary_large_image\" \/>\n<meta name=\"twitter:label1\" content=\"Est. reading time\" \/>\n\t<meta name=\"twitter:data1\" content=\"3 minutos\" \/>\n<script type=\"application\/ld+json\" class=\"yoast-schema-graph\">{\"@context\":\"https:\/\/schema.org\",\"@graph\":[{\"@type\":\"WebPage\",\"@id\":\"https:\/\/graziamagazine.com\/es\/articles\/5-bombers-para-que-sigas-la-tendencia-de-la-temporada\/\",\"url\":\"https:\/\/graziamagazine.com\/es\/articles\/5-bombers-para-que-sigas-la-tendencia-de-la-temporada\/\",\"name\":\"5 bombers para que sigas la tendencia de la temporada | Grazia\",\"isPartOf\":{\"@id\":\"https:\/\/graziamagazine.com\/es\/#website\"},\"datePublished\":\"2023-10-16T07:00:19+00:00\",\"dateModified\":\"2023-10-15T19:42:52+00:00\",\"description\":\"Es sin duda ubna de las prendas de la temporada y ha regresado con fuerza despu\u00e9s de varias d\u00e9cadas. Tenemos varias razones para darle un s\u00ed.\",\"breadcrumb\":{\"@id\":\"https:\/\/graziamagazine.com\/es\/articles\/5-bombers-para-que-sigas-la-tendencia-de-la-temporada\/#breadcrumb\"},\"inLanguage\":\"es\",\"potentialAction\":[{\"@type\":\"ReadAction\",\"target\":[\"https:\/\/graziamagazine.com\/es\/articles\/5-bombers-para-que-sigas-la-tendencia-de-la-temporada\/\"]}]},{\"@type\":\"BreadcrumbList\",\"@id\":\"https:\/\/graziamagazine.com\/es\/articles\/5-bombers-para-que-sigas-la-tendencia-de-la-temporada\/#breadcrumb\",\"itemListElement\":[{\"@type\":\"ListItem\",\"position\":1,\"name\":\"Portada\",\"item\":\"https:\/\/graziamagazine.com\/es\/\"},{\"@type\":\"ListItem\",\"position\":2,\"name\":\"5 bombers para que sigas la tendencia de la temporada\"}]},{\"@type\":\"WebSite\",\"@id\":\"https:\/\/graziamagazine.com\/es\/#website\",\"url\":\"https:\/\/graziamagazine.com\/es\/\",\"name\":\"Grazia\",\"description\":\"Moda, belleza, celebrities, estilo de vida...\",\"potentialAction\":[{\"@type\":\"SearchAction\",\"target\":{\"@type\":\"EntryPoint\",\"urlTemplate\":\"https:\/\/graziamagazine.com\/es\/?s={search_term_string}\"},\"query-input\":\"required name=search_term_string\"}],\"inLanguage\":\"es\"}]}<\/script>\n<!-- \/ Yoast SEO Premium plugin. -->","yoast_head_json":{"title":"5 bombers para que sigas la tendencia de la temporada | Grazia","description":"Es sin duda ubna de las prendas de la temporada y ha regresado con fuerza despu\u00e9s de varias d\u00e9cadas. Tenemos varias razones para darle un s\u00ed.","robots":{"index":"index","follow":"follow","max-snippet":"max-snippet:-1","max-image-preview":"max-image-preview:large","max-video-preview":"max-video-preview:-1"},"canonical":"https:\/\/graziamagazine.com\/es\/articles\/5-bombers-para-que-sigas-la-tendencia-de-la-temporada\/","og_locale":"es_ES","og_type":"article","og_title":"5 bombers para que sigas la tendencia de la temporada","og_description":"Es sin duda ubna de las prendas de la temporada y ha regresado con fuerza despu\u00e9s de varias d\u00e9cadas. Tenemos varias razones para darle un s\u00ed.","og_url":"https:\/\/graziamagazine.com\/es\/articles\/5-bombers-para-que-sigas-la-tendencia-de-la-temporada\/","og_site_name":"Grazia","article_modified_time":"2023-10-15T19:42:52+00:00","og_image":[{"width":1018,"height":1018,"url":"https:\/\/graziamagazine.com\/es\/wp-content\/uploads\/sites\/12\/2023\/10\/Captura-de-Pantalla-2023-03-20-a-las-10.33.01-copia.jpg?fit=1018%2C1018","type":"image\/jpeg"}],"twitter_card":"summary_large_image","twitter_misc":{"Est. reading time":"3 minutos"},"schema":{"@context":"https:\/\/schema.org","@graph":[{"@type":"WebPage","@id":"https:\/\/graziamagazine.com\/es\/articles\/5-bombers-para-que-sigas-la-tendencia-de-la-temporada\/","url":"https:\/\/graziamagazine.com\/es\/articles\/5-bombers-para-que-sigas-la-tendencia-de-la-temporada\/","name":"5 bombers para que sigas la tendencia de la temporada | Grazia","isPartOf":{"@id":"https:\/\/graziamagazine.com\/es\/#website"},"datePublished":"2023-10-16T07:00:19+00:00","dateModified":"2023-10-15T19:42:52+00:00","description":"Es sin duda ubna de las prendas de la temporada y ha regresado con fuerza despu\u00e9s de varias d\u00e9cadas. Tenemos varias razones para darle un s\u00ed.","breadcrumb":{"@id":"https:\/\/graziamagazine.com\/es\/articles\/5-bombers-para-que-sigas-la-tendencia-de-la-temporada\/#breadcrumb"},"inLanguage":"es","potentialAction":[{"@type":"ReadAction","target":["https:\/\/graziamagazine.com\/es\/articles\/5-bombers-para-que-sigas-la-tendencia-de-la-temporada\/"]}]},{"@type":"BreadcrumbList","@id":"https:\/\/graziamagazine.com\/es\/articles\/5-bombers-para-que-sigas-la-tendencia-de-la-temporada\/#breadcrumb","itemListElement":[{"@type":"ListItem","position":1,"name":"Portada","item":"https:\/\/graziamagazine.com\/es\/"},{"@type":"ListItem","position":2,"name":"5 bombers para que sigas la tendencia de la temporada"}]},{"@type":"WebSite","@id":"https:\/\/graziamagazine.com\/es\/#website","url":"https:\/\/graziamagazine.com\/es\/","name":"Grazia","description":"Moda, belleza, celebrities, estilo de vida...","potentialAction":[{"@type":"SearchAction","target":{"@type":"EntryPoint","urlTemplate":"https:\/\/graziamagazine.com\/es\/?s={search_term_string}"},"query-input":"required name=search_term_string"}],"inLanguage":"es"}]}},"jetpack_sharing_enabled":true,"distributor_meta":false,"distributor_terms":false,"distributor_media":false,"distributor_original_site_name":"Grazia","distributor_original_site_url":"https:\/\/graziamagazine.com\/es","push-errors":false,"_links":{"self":[{"href":"https:\/\/graziamagazine.com\/es\/wp-json\/wp\/v2\/articles\/172517"}],"collection":[{"href":"https:\/\/graziamagazine.com\/es\/wp-json\/wp\/v2\/articles"}],"about":[{"href":"https:\/\/graziamagazine.com\/es\/wp-json\/wp\/v2\/types\/articles"}],"author":[{"embeddable":true,"href":"https:\/\/graziamagazine.com\/es\/wp-json\/wp\/v2\/users\/11653"}],"wp:featuredmedia":[{"embeddable":true,"href":"https:\/\/graziamagazine.com\/es\/wp-json\/wp\/v2\/media\/172725"}],"wp:attachment":[{"href":"https:\/\/graziamagazine.com\/es\/wp-json\/wp\/v2\/media?parent=172517"}],"wp:term":[{"taxonomy":"category","embeddable":true,"href":"https:\/\/graziamagazine.com\/es\/wp-json\/wp\/v2\/categories?post=172517"}],"curies":[{"name":"wp","href":"https:\/\/api.w.org\/{rel}","templated":true}]}}