{"id":172496,"date":"2023-10-02T13:13:08","date_gmt":"2023-10-02T11:13:08","guid":{"rendered":"https:\/\/graziamagazine.com\/es\/?post_type=articles&#038;p=172496"},"modified":"2023-10-04T16:21:29","modified_gmt":"2023-10-04T14:21:29","slug":"la-union-europea-prohibe-la-purpurina-y-las-microperlas","status":"publish","type":"articles","link":"https:\/\/graziamagazine.com\/es\/articles\/la-union-europea-prohibe-la-purpurina-y-las-microperlas\/","title":{"rendered":"La Uni\u00f3n Europea proh\u00edbe la purpurina y las microperlas"},"content":{"rendered":"<p>Sin duda la purpurina, el strass y las microperlas se han convertido en una de las tendencias de maquillaje de las \u00faltimas temporadas. Aunque este maquillaje de fiesta lo llev\u00e1bamos viendo tiempo en los festivales de m\u00fasica, la serie <em>Euphoria<\/em> lo elev\u00f3 e hizo que diera el salto el d\u00eda a d\u00eda m\u00e1s all\u00e1 de una noche de fiesta.<\/p>\n<p>Ya sabemos lo que pasa con las tendencias que se convierten en virales, que tienen otra cara que no siempre se ve, y quiz\u00e1 por ello, por el abuso m\u00e1s que el uso, la Uni\u00f3n Europea ha tomado una decisi\u00f3n que nos deja un poco at\u00f3nitos:\u00a0la prohibici\u00f3n de la purpurina y las microperlas con el fin de prevenir la liberaci\u00f3n de aproximadamente medio mill\u00f3n de toneladas de micropl\u00e1sticos en el entorno natural.<\/p>\n<p>En virtud del Reglamento de registro, evaluaci\u00f3n, autorizaci\u00f3n y restricci\u00f3n de sustancias qu\u00edmicas (REACH), establecido por la Uni\u00f3n Europea (UE), se vedar\u00e1 la comercializaci\u00f3n de micropl\u00e1sticos en su forma pura, as\u00ed como de productos que deliberadamente los contengan y los liberen durante su uso.<\/p>\n<p>En caso de que haya razones justificadas, se aplicar\u00e1n excepciones y plazos de transici\u00f3n para permitir que aquellos afectados se adapten a las nuevas normativas, tal como ha comunicado Bruselas.<\/p>\n<p>La restricci\u00f3n adoptada emplea una definici\u00f3n amplia de micropl\u00e1sticos, abarcando todas las part\u00edculas de pol\u00edmeros sint\u00e9ticos con dimensiones inferiores a cinco mil\u00edmetros, que sean org\u00e1nicas, insolubles y resistentes a la degradaci\u00f3n.<\/p>\n<p><img loading=\"lazy\" decoding=\"async\" class=\"aligncenter size-full wp-image-172498\" src=\"https:\/\/graziamagazine.com\/es\/wp-content\/uploads\/sites\/12\/2023\/10\/1366_2000-1-e1696243988955.jpeg\" alt=\"\" width=\"1024\" height=\"746\" \/><\/p>\n<p>El prop\u00f3sito de estas medidas es reducir al m\u00e1ximo las emisiones deliberadas de micropl\u00e1sticos en una amplia gama de productos, con un enfoque particular en cosm\u00e9ticos que contienen microperlas o fragancias, detergentes, purpurina suelta, juguetes, medicamentos, entre otros.<\/p>\n<p>Las primeras restricciones, como la prohibici\u00f3n de la purpurina suelta y las microperlas, entrar\u00e1n en vigor en un plazo de 20 d\u00edas, mientras que en otros casos se implementar\u00e1n gradualmente para permitir que las partes afectadas tengan tiempo de desarrollar y adoptar alternativas adecuadas.<\/p>\n<p>Ya en mayo de 2021, la Comisi\u00f3n adopt\u00f3 el Plan de Acci\u00f3n de Contaminaci\u00f3n Cero, cuyo objetivo desde entonces es reducir la contaminaci\u00f3n por micropl\u00e1sticos en<strong>\u00a0un 30% para 2030<\/strong>.<\/p>\n<p>*Im\u00e1genes: cortes\u00eda<\/p>\n","protected":false},"author":11653,"featured_media":172499,"template":"","format":"standard","categories":[2971,7],"acf":{"banner":null},"yoast_head":"<!-- This site is optimized with the Yoast SEO Premium plugin v18.5 (Yoast SEO v20.4) - https:\/\/yoast.com\/wordpress\/plugins\/seo\/ -->\n<title>La Uni\u00f3n Europea proh\u00edbe la purpurina y las microperlas | Grazia<\/title>\n<meta name=\"description\" content=\"La prohibici\u00f3n entrar\u00e1 en vigor a partir de este mes de octubre y el objetivo es reducir la emisi\u00f3n de micropl\u00e1sticos.\" \/>\n<meta name=\"robots\" content=\"index, follow, max-snippet:-1, max-image-preview:large, max-video-preview:-1\" \/>\n<link rel=\"canonical\" href=\"https:\/\/graziamagazine.com\/es\/articles\/la-union-europea-prohibe-la-purpurina-y-las-microperlas\/\" \/>\n<meta property=\"og:locale\" content=\"es_ES\" \/>\n<meta property=\"og:type\" content=\"article\" \/>\n<meta property=\"og:title\" content=\"La Uni\u00f3n Europea proh\u00edbe la purpurina y las microperlas\" \/>\n<meta property=\"og:description\" content=\"La prohibici\u00f3n entrar\u00e1 en vigor a partir de este mes de octubre y el objetivo es reducir la emisi\u00f3n de micropl\u00e1sticos.\" \/>\n<meta property=\"og:url\" content=\"https:\/\/graziamagazine.com\/es\/articles\/la-union-europea-prohibe-la-purpurina-y-las-microperlas\/\" \/>\n<meta property=\"og:site_name\" content=\"Grazia\" \/>\n<meta property=\"article:modified_time\" content=\"2023-10-04T14:21:29+00:00\" \/>\n<meta property=\"og:image\" content=\"https:\/\/graziamagazine.com\/es\/wp-content\/uploads\/sites\/12\/2023\/10\/15798549989747.jpg\" \/>\n\t<meta property=\"og:image:width\" content=\"1920\" \/>\n\t<meta property=\"og:image:height\" content=\"1280\" \/>\n\t<meta property=\"og:image:type\" content=\"image\/jpeg\" \/>\n<meta name=\"twitter:card\" content=\"summary_large_image\" \/>\n<meta name=\"twitter:label1\" content=\"Est. reading time\" \/>\n\t<meta name=\"twitter:data1\" content=\"2 minutos\" \/>\n<script type=\"application\/ld+json\" class=\"yoast-schema-graph\">{\"@context\":\"https:\/\/schema.org\",\"@graph\":[{\"@type\":\"WebPage\",\"@id\":\"https:\/\/graziamagazine.com\/es\/articles\/la-union-europea-prohibe-la-purpurina-y-las-microperlas\/\",\"url\":\"https:\/\/graziamagazine.com\/es\/articles\/la-union-europea-prohibe-la-purpurina-y-las-microperlas\/\",\"name\":\"La Uni\u00f3n Europea proh\u00edbe la purpurina y las microperlas | Grazia\",\"isPartOf\":{\"@id\":\"https:\/\/graziamagazine.com\/es\/#website\"},\"datePublished\":\"2023-10-02T11:13:08+00:00\",\"dateModified\":\"2023-10-04T14:21:29+00:00\",\"description\":\"La prohibici\u00f3n entrar\u00e1 en vigor a partir de este mes de octubre y el objetivo es reducir la emisi\u00f3n de micropl\u00e1sticos.\",\"breadcrumb\":{\"@id\":\"https:\/\/graziamagazine.com\/es\/articles\/la-union-europea-prohibe-la-purpurina-y-las-microperlas\/#breadcrumb\"},\"inLanguage\":\"es\",\"potentialAction\":[{\"@type\":\"ReadAction\",\"target\":[\"https:\/\/graziamagazine.com\/es\/articles\/la-union-europea-prohibe-la-purpurina-y-las-microperlas\/\"]}]},{\"@type\":\"BreadcrumbList\",\"@id\":\"https:\/\/graziamagazine.com\/es\/articles\/la-union-europea-prohibe-la-purpurina-y-las-microperlas\/#breadcrumb\",\"itemListElement\":[{\"@type\":\"ListItem\",\"position\":1,\"name\":\"Portada\",\"item\":\"https:\/\/graziamagazine.com\/es\/\"},{\"@type\":\"ListItem\",\"position\":2,\"name\":\"La Uni\u00f3n Europea proh\u00edbe la purpurina y las microperlas\"}]},{\"@type\":\"WebSite\",\"@id\":\"https:\/\/graziamagazine.com\/es\/#website\",\"url\":\"https:\/\/graziamagazine.com\/es\/\",\"name\":\"Grazia\",\"description\":\"Moda, belleza, celebrities, estilo de vida...\",\"potentialAction\":[{\"@type\":\"SearchAction\",\"target\":{\"@type\":\"EntryPoint\",\"urlTemplate\":\"https:\/\/graziamagazine.com\/es\/?s={search_term_string}\"},\"query-input\":\"required name=search_term_string\"}],\"inLanguage\":\"es\"}]}<\/script>\n<!-- \/ Yoast SEO Premium plugin. -->","yoast_head_json":{"title":"La Uni\u00f3n Europea proh\u00edbe la purpurina y las microperlas | Grazia","description":"La prohibici\u00f3n entrar\u00e1 en vigor a partir de este mes de octubre y el objetivo es reducir la emisi\u00f3n de micropl\u00e1sticos.","robots":{"index":"index","follow":"follow","max-snippet":"max-snippet:-1","max-image-preview":"max-image-preview:large","max-video-preview":"max-video-preview:-1"},"canonical":"https:\/\/graziamagazine.com\/es\/articles\/la-union-europea-prohibe-la-purpurina-y-las-microperlas\/","og_locale":"es_ES","og_type":"article","og_title":"La Uni\u00f3n Europea proh\u00edbe la purpurina y las microperlas","og_description":"La prohibici\u00f3n entrar\u00e1 en vigor a partir de este mes de octubre y el objetivo es reducir la emisi\u00f3n de micropl\u00e1sticos.","og_url":"https:\/\/graziamagazine.com\/es\/articles\/la-union-europea-prohibe-la-purpurina-y-las-microperlas\/","og_site_name":"Grazia","article_modified_time":"2023-10-04T14:21:29+00:00","og_image":[{"width":1920,"height":1280,"url":"https:\/\/graziamagazine.com\/es\/wp-content\/uploads\/sites\/12\/2023\/10\/15798549989747.jpg","type":"image\/jpeg"}],"twitter_card":"summary_large_image","twitter_misc":{"Est. reading time":"2 minutos"},"schema":{"@context":"https:\/\/schema.org","@graph":[{"@type":"WebPage","@id":"https:\/\/graziamagazine.com\/es\/articles\/la-union-europea-prohibe-la-purpurina-y-las-microperlas\/","url":"https:\/\/graziamagazine.com\/es\/articles\/la-union-europea-prohibe-la-purpurina-y-las-microperlas\/","name":"La Uni\u00f3n Europea proh\u00edbe la purpurina y las microperlas | Grazia","isPartOf":{"@id":"https:\/\/graziamagazine.com\/es\/#website"},"datePublished":"2023-10-02T11:13:08+00:00","dateModified":"2023-10-04T14:21:29+00:00","description":"La prohibici\u00f3n entrar\u00e1 en vigor a partir de este mes de octubre y el objetivo es reducir la emisi\u00f3n de micropl\u00e1sticos.","breadcrumb":{"@id":"https:\/\/graziamagazine.com\/es\/articles\/la-union-europea-prohibe-la-purpurina-y-las-microperlas\/#breadcrumb"},"inLanguage":"es","potentialAction":[{"@type":"ReadAction","target":["https:\/\/graziamagazine.com\/es\/articles\/la-union-europea-prohibe-la-purpurina-y-las-microperlas\/"]}]},{"@type":"BreadcrumbList","@id":"https:\/\/graziamagazine.com\/es\/articles\/la-union-europea-prohibe-la-purpurina-y-las-microperlas\/#breadcrumb","itemListElement":[{"@type":"ListItem","position":1,"name":"Portada","item":"https:\/\/graziamagazine.com\/es\/"},{"@type":"ListItem","position":2,"name":"La Uni\u00f3n Europea proh\u00edbe la purpurina y las microperlas"}]},{"@type":"WebSite","@id":"https:\/\/graziamagazine.com\/es\/#website","url":"https:\/\/graziamagazine.com\/es\/","name":"Grazia","description":"Moda, belleza, celebrities, estilo de vida...","potentialAction":[{"@type":"SearchAction","target":{"@type":"EntryPoint","urlTemplate":"https:\/\/graziamagazine.com\/es\/?s={search_term_string}"},"query-input":"required name=search_term_string"}],"inLanguage":"es"}]}},"jetpack_sharing_enabled":true,"distributor_meta":false,"distributor_terms":false,"distributor_media":false,"distributor_original_site_name":"Grazia","distributor_original_site_url":"https:\/\/graziamagazine.com\/es","push-errors":false,"_links":{"self":[{"href":"https:\/\/graziamagazine.com\/es\/wp-json\/wp\/v2\/articles\/172496"}],"collection":[{"href":"https:\/\/graziamagazine.com\/es\/wp-json\/wp\/v2\/articles"}],"about":[{"href":"https:\/\/graziamagazine.com\/es\/wp-json\/wp\/v2\/types\/articles"}],"author":[{"embeddable":true,"href":"https:\/\/graziamagazine.com\/es\/wp-json\/wp\/v2\/users\/11653"}],"wp:featuredmedia":[{"embeddable":true,"href":"https:\/\/graziamagazine.com\/es\/wp-json\/wp\/v2\/media\/172499"}],"wp:attachment":[{"href":"https:\/\/graziamagazine.com\/es\/wp-json\/wp\/v2\/media?parent=172496"}],"wp:term":[{"taxonomy":"category","embeddable":true,"href":"https:\/\/graziamagazine.com\/es\/wp-json\/wp\/v2\/categories?post=172496"}],"curies":[{"name":"wp","href":"https:\/\/api.w.org\/{rel}","templated":true}]}}